{"id":24369,"date":"2018-06-19T12:00:54","date_gmt":"2018-06-19T12:00:54","guid":{"rendered":"https:\/\/puntdereferencia.org\/punt-de-referencia-recoge-el-premi-solidaritat\/"},"modified":"2024-07-31T11:58:05","modified_gmt":"2024-07-31T11:58:05","slug":"punt-de-referencia-recoge-el-premi-solidaritat","status":"publish","type":"post","link":"https:\/\/puntdereferencia.org\/es\/punt-de-referencia-recoge-el-premi-solidaritat\/","title":{"rendered":"Punt de Refer\u00e8ncia recoge el Premi Solidaritat"},"content":{"rendered":"<p style=\"text-align: justify;\">El pasado 11 de junio fue un d\u00eda que recordaremos siempre. Aquel lunes por la tarde, nos encontramos ante el Parlamento de Catalu\u00f1a, un mont\u00f3n de voluntariado, j\u00f3venes y trabajadoras de Punt para recoger el Premio Solidaridad 2017 otorgado por el Institut de Drets Humans de Catalunya. Un reconocimiento a aquellas organizaciones que defienden el cumplimiento de los derechos humanos. En esta edici\u00f3n, el jurado decidi\u00f3 premiar la Asociaci\u00f3n Punt de Refer\u00e8ncia por su lucha por los derechos de la juventud extutelado, y una menci\u00f3n especial a Ana Isabel Bernal-Trivi\u00f1o, por su periodismo comprometido con la igualdad de g\u00e9nero.<\/p>\n<p style=\"text-align: justify;\">Previamente al inicio del acto, los j\u00f3venes y voluntariado de Punt (Max, Marga, F\u00e1tima y Juanjo) se reunieron en audiencia privada con el Presidente del Parlamento, M. H. Sr. Roger Torrent. Estas eran las personas que har\u00edan el discurso de agradecimiento por el premio recibido, durante el acto de entrega. Mientras tanto, un mont\u00f3n de personas de nuestra red, en el sentido m\u00e1s amplio (j\u00f3venes, voluntariado, profesionales, educadores, representantes de la Administraci\u00f3n, de la Mesa del Tercer Sector, del \u00c1rea de Apoyo a los J\u00f3venes Tutelados y Extutelados y un largo etc\u00e9tera &#8230;), fueron encontr\u00e1ndose y tomando su lugar en el auditorio del Parlamento.<\/p>\n<p style=\"text-align: center;\"><img loading=\"lazy\" decoding=\"async\" class=\"alignnone size-full wp-image-3140\" src=\"https:\/\/puntdereferencia.org\/wp-content\/uploads\/2024\/07\/imatgeweb-1-scaled.jpg\" alt=\"imatgeweb\" width=\"4724\" height=\"3150\" \/><\/p>\n<h5 style=\"text-align: center;\"><em>Audi\u00e8ncia privada\u00a0 con el Presidente del Parlamento.\u00a0<\/em><\/h5>\n<p>El acto\u00a0de entrega\u00a0del Premio\u00a0Solidaridad\u00a0tuvo un\u00a0tono solemne. Lo abrieron las palabras del\u00a0M.\u00a0H.\u00a0Sr.\u00a0Roger\u00a0Torrent, seguido\u00a0de David\u00a0Bondia, presidente\u00a0del Institut de\u00a0Drets\u00a0Humans\u00a0de Catalunya, que explic\u00f3\u00a0el objetivo\u00a0del Instituto\u00a0y del Premio.\u00a0Al terminar su parlamento, pas\u00f3\u00a0la palabra a los\u00a0testigos\u00a0de\u00a0Punt de Refer\u00e8ncia: Juanjo\u00a0Ortega\u00a0(Presidente de\u00a0Punt\u00a0de Refer\u00e8ncia),\u00a0F\u00e1tima\u00a0(joven que hab\u00eda\u00a0participado en el proyecto\u00a0Referentes),\u00a0Max\u00a0(actual\u00a0joven\u00a0participante\u00a0en el proyecto\u00a0Pisos\u00a0Asistidos y\u00a0Referentes)\u00a0y Marga\u00a0(mentora,\u00a0voluntaria\u00a0de la entidad).<\/p>\n<p style=\"text-align: center;\"><img loading=\"lazy\" decoding=\"async\" class=\" size-full wp-image-3143 aligncenter\" src=\"https:\/\/puntdereferencia.org\/wp-content\/uploads\/2024\/07\/dsc_0136-1-scaled.jpg\" alt=\"DSC_0136\" width=\"3872\" height=\"2592\" \/><\/p>\n<h5 style=\"text-align: center;\"><em>Sr. David Bondia, M. H. Sr.Roger Torrent y Sra. Rosa Ma Cend\u00f3n,<br \/>\ny a la derecha los testimonios Max, Marga, F\u00e0tima i Juanjo.\u00a0<\/em><\/h5>\n<p style=\"text-align: justify;\">Sus palabras agradecieron el premio recibido, recordando que el camino a recorrer por la juventud tutelado y extutelado no es f\u00e1cil, y que hay que luchar mucho desde las administraciones y en nuestros actos diarios para conseguir que se conviertan en personas de pleno derecho<em>.\u00a0<\/em>Destacamos parte del discurso del Presidente de la Asociaci\u00f3n Punt de Refer\u00e8ncia:<\/p>\n<p style=\"text-align: justify; padding-left: 30px;\"><em>Los y las j\u00f3venes extutelados son tambi\u00e9n nuestros vecinos y vecinas y la comunidad los ha de acoger con generosidad. La persona referente, protagonista de una parte de nuestros proyectos, es la persona voluntaria que se ofrece, en una relaci\u00f3n de confianza, para compartir caminos, para luchar juntos, para celebrar juntos los \u00e9xitos y tambi\u00e9n para reponerse juntos los fracasos. Hoy celebramos esta solidaridad y celebramos recibir el premio que lleva este nombre, por parte del Institut de Drets Humans. Recibir un premio para cumplir lo que consideramos una obligaci\u00f3n se nos hace extra\u00f1o ya que la solidaridad es un derecho y al mismo tiempo un deber. Un derecho para el receptor y un deber \u00e9tico para quien tiene capacidad para ejercerla.<\/em><\/p>\n<p style=\"text-align: justify;\">Tras el agradecimiento de nuestros protagonistas, escuchamos las palabras de Ana Bernal, la periodista premiada en esta edici\u00f3n. Unas palabras para reivindicar el feminismo en el mundo period\u00edstico y en todos los \u00e1mbitos.<\/p>\n<p style=\"text-align: justify;\">El acto finaliz\u00f3 con la actuaci\u00f3n musical de Orpheus XXI (formaci\u00f3n impulsada por el maestro Jordi Savall y en la que canta la Shahd, joven participante del proyecto Acoge). Por \u00faltimo, y como no pod\u00eda ser de otro modo, una foto de familia.<\/p>\n<p style=\"text-align: center;\"><img loading=\"lazy\" decoding=\"async\" class=\"alignnone size-full wp-image-3144 aligncenter\" src=\"https:\/\/puntdereferencia.org\/wp-content\/uploads\/2024\/07\/dsc_0147-1-scaled.jpg\" alt=\"DSC_0147\" width=\"3872\" height=\"2592\" \/><\/p>\n<h5 style=\"text-align: center;\"><em>Actuaci\u00f3n musical de Orpheus XXI, grupo del Taller de M\u00fasics<\/em><\/h5>\n<p style=\"text-align: center;\"><img loading=\"lazy\" decoding=\"async\" class=\"alignnone size-full wp-image-3139\" src=\"https:\/\/puntdereferencia.org\/wp-content\/uploads\/2024\/07\/foto-de-grup-retallada-e1529409177224-1-scaled.jpg\" alt=\"foto-de-grup-retallada.jpg\" width=\"4207\" height=\"2420\" \/><\/p>\n<h5 style=\"text-align: center;\"><em>Foto de fam\u00edlia con el President del Parlament, despu\u00e9s de haber recogido el Premi Solidaritat<\/em><\/h5>\n<p>&nbsp;<\/p>\n<p><span style=\"text-decoration: underline;\"><strong>M\u00e1s publicaciones sobre la entrega del Premi Solidaritat<\/strong><\/span><\/p>\n<p><a href=\"https:\/\/www.parlament.cat\/web\/canal-parlament\/videos\/index.html?p_cp1=8144562\">V\u00eddeo del acto de entrega del Premi Solidaritat 2017<\/a><br \/>\n<a href=\"https:\/\/www.facebook.com\/PuntdeReferencia\/posts\/858847087646678\" target=\"_blank\" rel=\"noopener\">Galer\u00eda de im\u00e1genes de la entrega del Premi Solidaritat 2017<\/a><br \/>\n<a href=\"http:\/\/catalunyaplural.cat\/ca\/linstitut-de-drets-humans-de-catalunya-entrega-el-premi-solidaritat-a-lassociacio-punt-de-referencia-i-a-la-periodista-ana-i-bernal-trivino\/\" target=\"_blank\" rel=\"noopener\">Catalunya Plural<\/a><br \/>\n<a href=\"http:\/\/www.lavanguardia.com\/politica\/20180611\/4540027496\/punt-de-referencia-y-ana-isabel-bernal-trivino-ganan-el-premio-solidaridad.html\" target=\"_blank\" rel=\"noopener\">La Vanguardia<\/a><br \/>\n<a href=\"http:\/\/agencias.abc.es\/agencias\/noticia.asp?noticia=2841238\" target=\"_blank\" rel=\"noopener\">ABC<\/a><\/p>\n","protected":false},"excerpt":{"rendered":"<p>El pasado 11 de junio fue un d\u00eda que recordaremos siempre. Aquel lunes por la tarde, nos encontramos ante el Parlamento de Catalu\u00f1a, un mont\u00f3n de voluntariado, j\u00f3venes y trabajadoras de Punt para recoger el Premio Solidaridad 2017 otorgado por el Institut de Drets Humans de Catalunya. Un reconocimiento a aquellas organizaciones que defienden el [&hellip;]<\/p>\n","protected":false},"author":1,"featured_media":19335,"comment_status":"open","ping_status":"open","sticky":false,"template":"","format":"standard","meta":{"footnotes":""},"categories":[913],"tags":[],"class_list":["post-24369","post","type-post","status-publish","format-standard","has-post-thumbnail","hentry","category-noticias-es"],"yoast_head":"<!-- This site is optimized with the Yoast SEO plugin v27.1.1 - https:\/\/yoast.com\/product\/yoast-seo-wordpress\/ -->\n<title>Punt de Refer\u00e8ncia recoge el Premi Solidaritat - Punt de Referencia<\/title>\n<meta name=\"robots\" content=\"index, follow, max-snippet:-1, max-image-preview:large, max-video-preview:-1\" \/>\n<link rel=\"canonical\" href=\"https:\/\/puntdereferencia.org\/es\/punt-de-referencia-recoge-el-premi-solidaritat\/\" \/>\n<meta property=\"og:locale\" content=\"es_ES\" \/>\n<meta property=\"og:type\" content=\"article\" \/>\n<meta property=\"og:title\" content=\"Punt de Refer\u00e8ncia recoge el Premi Solidaritat - Punt de Referencia\" \/>\n<meta property=\"og:description\" content=\"El pasado 11 de junio fue un d\u00eda que recordaremos siempre. Aquel lunes por la tarde, nos encontramos ante el Parlamento de Catalu\u00f1a, un mont\u00f3n de voluntariado, j\u00f3venes y trabajadoras de Punt para recoger el Premio Solidaridad 2017 otorgado por el Institut de Drets Humans de Catalunya. Un reconocimiento a aquellas organizaciones que defienden el [&hellip;]\" \/>\n<meta property=\"og:url\" content=\"https:\/\/puntdereferencia.org\/es\/punt-de-referencia-recoge-el-premi-solidaritat\/\" \/>\n<meta property=\"og:site_name\" content=\"Punt de Referencia\" \/>\n<meta property=\"article:published_time\" content=\"2018-06-19T12:00:54+00:00\" \/>\n<meta property=\"article:modified_time\" content=\"2024-07-31T11:58:05+00:00\" \/>\n<meta property=\"og:image\" content=\"https:\/\/puntdereferencia.org\/wp-content\/uploads\/2024\/07\/slider-collabora-scaled-1.jpg\" \/>\n\t<meta property=\"og:image:width\" content=\"2560\" \/>\n\t<meta property=\"og:image:height\" content=\"1580\" \/>\n\t<meta property=\"og:image:type\" content=\"image\/jpeg\" \/>\n<meta name=\"author\" content=\"admin\" \/>\n<meta name=\"twitter:card\" content=\"summary_large_image\" \/>\n<meta name=\"twitter:label1\" content=\"Escrito por\" \/>\n\t<meta name=\"twitter:data1\" content=\"admin\" \/>\n<script type=\"application\/ld+json\" class=\"yoast-schema-graph\">{\"@context\":\"https:\/\/schema.org\",\"@graph\":[{\"@type\":\"Article\",\"@id\":\"https:\/\/puntdereferencia.org\/es\/punt-de-referencia-recoge-el-premi-solidaritat\/#article\",\"isPartOf\":{\"@id\":\"https:\/\/puntdereferencia.org\/es\/punt-de-referencia-recoge-el-premi-solidaritat\/\"},\"author\":{\"name\":\"admin\",\"@id\":\"https:\/\/puntdereferencia.org\/es\/#\/schema\/person\/c475209bcc857303ec6ed0259d3cf078\"},\"headline\":\"Punt de Refer\u00e8ncia recoge el Premi Solidaritat\",\"datePublished\":\"2018-06-19T12:00:54+00:00\",\"dateModified\":\"2024-07-31T11:58:05+00:00\",\"mainEntityOfPage\":{\"@id\":\"https:\/\/puntdereferencia.org\/es\/punt-de-referencia-recoge-el-premi-solidaritat\/\"},\"wordCount\":689,\"commentCount\":3,\"image\":{\"@id\":\"https:\/\/puntdereferencia.org\/es\/punt-de-referencia-recoge-el-premi-solidaritat\/#primaryimage\"},\"thumbnailUrl\":\"https:\/\/puntdereferencia.org\/wp-content\/uploads\/2024\/07\/slider-collabora-scaled-1.jpg\",\"articleSection\":[\"NOTICIAS\"],\"inLanguage\":\"es\",\"potentialAction\":[{\"@type\":\"CommentAction\",\"name\":\"Comment\",\"target\":[\"https:\/\/puntdereferencia.org\/es\/punt-de-referencia-recoge-el-premi-solidaritat\/#respond\"]}]},{\"@type\":\"WebPage\",\"@id\":\"https:\/\/puntdereferencia.org\/es\/punt-de-referencia-recoge-el-premi-solidaritat\/\",\"url\":\"https:\/\/puntdereferencia.org\/es\/punt-de-referencia-recoge-el-premi-solidaritat\/\",\"name\":\"Punt de Refer\u00e8ncia recoge el Premi Solidaritat - Punt de Referencia\",\"isPartOf\":{\"@id\":\"https:\/\/puntdereferencia.org\/es\/#website\"},\"primaryImageOfPage\":{\"@id\":\"https:\/\/puntdereferencia.org\/es\/punt-de-referencia-recoge-el-premi-solidaritat\/#primaryimage\"},\"image\":{\"@id\":\"https:\/\/puntdereferencia.org\/es\/punt-de-referencia-recoge-el-premi-solidaritat\/#primaryimage\"},\"thumbnailUrl\":\"https:\/\/puntdereferencia.org\/wp-content\/uploads\/2024\/07\/slider-collabora-scaled-1.jpg\",\"datePublished\":\"2018-06-19T12:00:54+00:00\",\"dateModified\":\"2024-07-31T11:58:05+00:00\",\"author\":{\"@id\":\"https:\/\/puntdereferencia.org\/es\/#\/schema\/person\/c475209bcc857303ec6ed0259d3cf078\"},\"breadcrumb\":{\"@id\":\"https:\/\/puntdereferencia.org\/es\/punt-de-referencia-recoge-el-premi-solidaritat\/#breadcrumb\"},\"inLanguage\":\"es\",\"potentialAction\":[{\"@type\":\"ReadAction\",\"target\":[\"https:\/\/puntdereferencia.org\/es\/punt-de-referencia-recoge-el-premi-solidaritat\/\"]}]},{\"@type\":\"ImageObject\",\"inLanguage\":\"es\",\"@id\":\"https:\/\/puntdereferencia.org\/es\/punt-de-referencia-recoge-el-premi-solidaritat\/#primaryimage\",\"url\":\"https:\/\/puntdereferencia.org\/wp-content\/uploads\/2024\/07\/slider-collabora-scaled-1.jpg\",\"contentUrl\":\"https:\/\/puntdereferencia.org\/wp-content\/uploads\/2024\/07\/slider-collabora-scaled-1.jpg\",\"width\":2560,\"height\":1580},{\"@type\":\"BreadcrumbList\",\"@id\":\"https:\/\/puntdereferencia.org\/es\/punt-de-referencia-recoge-el-premi-solidaritat\/#breadcrumb\",\"itemListElement\":[{\"@type\":\"ListItem\",\"position\":1,\"name\":\"Inici\",\"item\":\"https:\/\/puntdereferencia.org\/es\/inicio\/\"},{\"@type\":\"ListItem\",\"position\":2,\"name\":\"Punt de Refer\u00e8ncia recoge el Premi Solidaritat\"}]},{\"@type\":\"WebSite\",\"@id\":\"https:\/\/puntdereferencia.org\/es\/#website\",\"url\":\"https:\/\/puntdereferencia.org\/es\/\",\"name\":\"Punt de Referencia\",\"description\":\"\",\"potentialAction\":[{\"@type\":\"SearchAction\",\"target\":{\"@type\":\"EntryPoint\",\"urlTemplate\":\"https:\/\/puntdereferencia.org\/es\/?s={search_term_string}\"},\"query-input\":{\"@type\":\"PropertyValueSpecification\",\"valueRequired\":true,\"valueName\":\"search_term_string\"}}],\"inLanguage\":\"es\"},{\"@type\":\"Person\",\"@id\":\"https:\/\/puntdereferencia.org\/es\/#\/schema\/person\/c475209bcc857303ec6ed0259d3cf078\",\"name\":\"admin\",\"image\":{\"@type\":\"ImageObject\",\"inLanguage\":\"es\",\"@id\":\"https:\/\/puntdereferencia.org\/es\/#\/schema\/person\/image\/\",\"url\":\"https:\/\/secure.gravatar.com\/avatar\/ff306d55f6aedb51a29e838506fafaa76a30bce9f5db9aca2e28921b903aaad2?s=96&d=mm&r=g\",\"contentUrl\":\"https:\/\/secure.gravatar.com\/avatar\/ff306d55f6aedb51a29e838506fafaa76a30bce9f5db9aca2e28921b903aaad2?s=96&d=mm&r=g\",\"caption\":\"admin\"},\"sameAs\":[\"http:\/\/\/home\/puntref\/webapps\/web2024\"],\"url\":\"https:\/\/puntdereferencia.org\/es\/author\/admin\/\"}]}<\/script>\n<!-- \/ Yoast SEO plugin. -->","yoast_head_json":{"title":"Punt de Refer\u00e8ncia recoge el Premi Solidaritat - Punt de Referencia","robots":{"index":"index","follow":"follow","max-snippet":"max-snippet:-1","max-image-preview":"max-image-preview:large","max-video-preview":"max-video-preview:-1"},"canonical":"https:\/\/puntdereferencia.org\/es\/punt-de-referencia-recoge-el-premi-solidaritat\/","og_locale":"es_ES","og_type":"article","og_title":"Punt de Refer\u00e8ncia recoge el Premi Solidaritat - Punt de Referencia","og_description":"El pasado 11 de junio fue un d\u00eda que recordaremos siempre. Aquel lunes por la tarde, nos encontramos ante el Parlamento de Catalu\u00f1a, un mont\u00f3n de voluntariado, j\u00f3venes y trabajadoras de Punt para recoger el Premio Solidaridad 2017 otorgado por el Institut de Drets Humans de Catalunya. Un reconocimiento a aquellas organizaciones que defienden el [&hellip;]","og_url":"https:\/\/puntdereferencia.org\/es\/punt-de-referencia-recoge-el-premi-solidaritat\/","og_site_name":"Punt de Referencia","article_published_time":"2018-06-19T12:00:54+00:00","article_modified_time":"2024-07-31T11:58:05+00:00","og_image":[{"width":2560,"height":1580,"url":"https:\/\/puntdereferencia.org\/wp-content\/uploads\/2024\/07\/slider-collabora-scaled-1.jpg","type":"image\/jpeg"}],"author":"admin","twitter_card":"summary_large_image","twitter_misc":{"Escrito por":"admin"},"schema":{"@context":"https:\/\/schema.org","@graph":[{"@type":"Article","@id":"https:\/\/puntdereferencia.org\/es\/punt-de-referencia-recoge-el-premi-solidaritat\/#article","isPartOf":{"@id":"https:\/\/puntdereferencia.org\/es\/punt-de-referencia-recoge-el-premi-solidaritat\/"},"author":{"name":"admin","@id":"https:\/\/puntdereferencia.org\/es\/#\/schema\/person\/c475209bcc857303ec6ed0259d3cf078"},"headline":"Punt de Refer\u00e8ncia recoge el Premi Solidaritat","datePublished":"2018-06-19T12:00:54+00:00","dateModified":"2024-07-31T11:58:05+00:00","mainEntityOfPage":{"@id":"https:\/\/puntdereferencia.org\/es\/punt-de-referencia-recoge-el-premi-solidaritat\/"},"wordCount":689,"commentCount":3,"image":{"@id":"https:\/\/puntdereferencia.org\/es\/punt-de-referencia-recoge-el-premi-solidaritat\/#primaryimage"},"thumbnailUrl":"https:\/\/puntdereferencia.org\/wp-content\/uploads\/2024\/07\/slider-collabora-scaled-1.jpg","articleSection":["NOTICIAS"],"inLanguage":"es","potentialAction":[{"@type":"CommentAction","name":"Comment","target":["https:\/\/puntdereferencia.org\/es\/punt-de-referencia-recoge-el-premi-solidaritat\/#respond"]}]},{"@type":"WebPage","@id":"https:\/\/puntdereferencia.org\/es\/punt-de-referencia-recoge-el-premi-solidaritat\/","url":"https:\/\/puntdereferencia.org\/es\/punt-de-referencia-recoge-el-premi-solidaritat\/","name":"Punt de Refer\u00e8ncia recoge el Premi Solidaritat - Punt de Referencia","isPartOf":{"@id":"https:\/\/puntdereferencia.org\/es\/#website"},"primaryImageOfPage":{"@id":"https:\/\/puntdereferencia.org\/es\/punt-de-referencia-recoge-el-premi-solidaritat\/#primaryimage"},"image":{"@id":"https:\/\/puntdereferencia.org\/es\/punt-de-referencia-recoge-el-premi-solidaritat\/#primaryimage"},"thumbnailUrl":"https:\/\/puntdereferencia.org\/wp-content\/uploads\/2024\/07\/slider-collabora-scaled-1.jpg","datePublished":"2018-06-19T12:00:54+00:00","dateModified":"2024-07-31T11:58:05+00:00","author":{"@id":"https:\/\/puntdereferencia.org\/es\/#\/schema\/person\/c475209bcc857303ec6ed0259d3cf078"},"breadcrumb":{"@id":"https:\/\/puntdereferencia.org\/es\/punt-de-referencia-recoge-el-premi-solidaritat\/#breadcrumb"},"inLanguage":"es","potentialAction":[{"@type":"ReadAction","target":["https:\/\/puntdereferencia.org\/es\/punt-de-referencia-recoge-el-premi-solidaritat\/"]}]},{"@type":"ImageObject","inLanguage":"es","@id":"https:\/\/puntdereferencia.org\/es\/punt-de-referencia-recoge-el-premi-solidaritat\/#primaryimage","url":"https:\/\/puntdereferencia.org\/wp-content\/uploads\/2024\/07\/slider-collabora-scaled-1.jpg","contentUrl":"https:\/\/puntdereferencia.org\/wp-content\/uploads\/2024\/07\/slider-collabora-scaled-1.jpg","width":2560,"height":1580},{"@type":"BreadcrumbList","@id":"https:\/\/puntdereferencia.org\/es\/punt-de-referencia-recoge-el-premi-solidaritat\/#breadcrumb","itemListElement":[{"@type":"ListItem","position":1,"name":"Inici","item":"https:\/\/puntdereferencia.org\/es\/inicio\/"},{"@type":"ListItem","position":2,"name":"Punt de Refer\u00e8ncia recoge el Premi Solidaritat"}]},{"@type":"WebSite","@id":"https:\/\/puntdereferencia.org\/es\/#website","url":"https:\/\/puntdereferencia.org\/es\/","name":"Punt de Referencia","description":"","potentialAction":[{"@type":"SearchAction","target":{"@type":"EntryPoint","urlTemplate":"https:\/\/puntdereferencia.org\/es\/?s={search_term_string}"},"query-input":{"@type":"PropertyValueSpecification","valueRequired":true,"valueName":"search_term_string"}}],"inLanguage":"es"},{"@type":"Person","@id":"https:\/\/puntdereferencia.org\/es\/#\/schema\/person\/c475209bcc857303ec6ed0259d3cf078","name":"admin","image":{"@type":"ImageObject","inLanguage":"es","@id":"https:\/\/puntdereferencia.org\/es\/#\/schema\/person\/image\/","url":"https:\/\/secure.gravatar.com\/avatar\/ff306d55f6aedb51a29e838506fafaa76a30bce9f5db9aca2e28921b903aaad2?s=96&d=mm&r=g","contentUrl":"https:\/\/secure.gravatar.com\/avatar\/ff306d55f6aedb51a29e838506fafaa76a30bce9f5db9aca2e28921b903aaad2?s=96&d=mm&r=g","caption":"admin"},"sameAs":["http:\/\/\/home\/puntref\/webapps\/web2024"],"url":"https:\/\/puntdereferencia.org\/es\/author\/admin\/"}]}},"_links":{"self":[{"href":"https:\/\/puntdereferencia.org\/es\/wp-json\/wp\/v2\/posts\/24369","targetHints":{"allow":["GET"]}}],"collection":[{"href":"https:\/\/puntdereferencia.org\/es\/wp-json\/wp\/v2\/posts"}],"about":[{"href":"https:\/\/puntdereferencia.org\/es\/wp-json\/wp\/v2\/types\/post"}],"author":[{"embeddable":true,"href":"https:\/\/puntdereferencia.org\/es\/wp-json\/wp\/v2\/users\/1"}],"replies":[{"embeddable":true,"href":"https:\/\/puntdereferencia.org\/es\/wp-json\/wp\/v2\/comments?post=24369"}],"version-history":[{"count":4,"href":"https:\/\/puntdereferencia.org\/es\/wp-json\/wp\/v2\/posts\/24369\/revisions"}],"predecessor-version":[{"id":26746,"href":"https:\/\/puntdereferencia.org\/es\/wp-json\/wp\/v2\/posts\/24369\/revisions\/26746"}],"wp:featuredmedia":[{"embeddable":true,"href":"https:\/\/puntdereferencia.org\/es\/wp-json\/wp\/v2\/media\/19335"}],"wp:attachment":[{"href":"https:\/\/puntdereferencia.org\/es\/wp-json\/wp\/v2\/media?parent=24369"}],"wp:term":[{"taxonomy":"category","embeddable":true,"href":"https:\/\/puntdereferencia.org\/es\/wp-json\/wp\/v2\/categories?post=24369"},{"taxonomy":"post_tag","embeddable":true,"href":"https:\/\/puntdereferencia.org\/es\/wp-json\/wp\/v2\/tags?post=24369"}],"curies":[{"name":"wp","href":"https:\/\/api.w.org\/{rel}","templated":true}]}}