{"id":24371,"date":"2018-06-25T13:26:05","date_gmt":"2018-06-25T13:26:05","guid":{"rendered":"https:\/\/puntdereferencia.org\/una-trobada-per-a-tots-els-ritmes\/"},"modified":"2024-07-31T11:57:29","modified_gmt":"2024-07-31T11:57:29","slug":"una-trobada-per-a-tots-els-ritmes","status":"publish","type":"post","link":"https:\/\/puntdereferencia.org\/es\/una-trobada-per-a-tots-els-ritmes\/","title":{"rendered":"\u00a1Un encuentro al ritmo de todos!"},"content":{"rendered":"<p style=\"text-align: justify;\"><strong>El Encuentro Anual es la cita que re\u00fane j\u00f3venes, voluntariado y t\u00e9cnicas de ahora y de antes para celebrar que tenemos mucho en com\u00fan<\/strong>. Esta vez, el encuentro ha tenido lugar en el Espai Jove La Fontana el d\u00eda 21 de junio por la tarde.<\/p>\n<p style=\"text-align: justify;\">A las 18h han empezado a llegar los primeros invitados y hemos tenido un rato para saludar y reencontrar a personas que nos hace mucha ilusi\u00f3n de ver. Reencontrar j\u00f3venes y mentores y saber c\u00f3mo les va la vida, si han encontrado trabajo, si se siguen viendo&#8230; Todo el mundo que llegaba pod\u00eda ponerse el d\u00eda y tambi\u00e9n escribir en el mural de bienvenida que conten\u00eda el lema &#8216;so\u00f1amos el futuro&#8217;, una manera de construir conjuntamente lo que deseamos para la entidad.<\/p>\n<p>&nbsp;<\/p>\n\n\t\t<style type=\"text\/css\">\n\t\t\t#gallery-1 {\n\t\t\t\tmargin: auto;\n\t\t\t}\n\t\t\t#gallery-1 .gallery-item {\n\t\t\t\tfloat: left;\n\t\t\t\tmargin-top: 10px;\n\t\t\t\ttext-align: center;\n\t\t\t\twidth: 50%;\n\t\t\t}\n\t\t\t#gallery-1 img {\n\t\t\t\tborder: 2px solid #cfcfcf;\n\t\t\t}\n\t\t\t#gallery-1 .gallery-caption {\n\t\t\t\tmargin-left: 0;\n\t\t\t}\n\t\t\t\/* see gallery_shortcode() in wp-includes\/media.php *\/\n\t\t<\/style>\n\t\t<div id='gallery-1' class='gallery galleryid-24371 gallery-columns-2 gallery-size-full'><dl class='gallery-item'>\n\t\t\t<dt class='gallery-icon landscape'>\n\t\t\t\t<a href='https:\/\/puntdereferencia.org\/wp-content\/uploads\/2024\/07\/dsc_0002.jpg'><img loading=\"lazy\" decoding=\"async\" width=\"296\" height=\"296\" src=\"https:\/\/puntdereferencia.org\/wp-content\/uploads\/2024\/07\/dsc_0002.jpg\" class=\"attachment-full size-full\" alt=\"\" srcset=\"https:\/\/puntdereferencia.org\/wp-content\/uploads\/2024\/07\/dsc_0002.jpg 296w, https:\/\/puntdereferencia.org\/wp-content\/uploads\/2024\/07\/dsc_0002-80x80.jpg 80w, https:\/\/puntdereferencia.org\/wp-content\/uploads\/2024\/07\/dsc_0002-36x36.jpg 36w, https:\/\/puntdereferencia.org\/wp-content\/uploads\/2024\/07\/dsc_0002-180x180.jpg 180w\" sizes=\"auto, (max-width: 296px) 100vw, 296px\" \/><\/a>\n\t\t\t<\/dt><\/dl><dl class='gallery-item'>\n\t\t\t<dt class='gallery-icon landscape'>\n\t\t\t\t<a href='https:\/\/puntdereferencia.org\/wp-content\/uploads\/2024\/07\/dsc_0024.jpg'><img loading=\"lazy\" decoding=\"async\" width=\"296\" height=\"296\" src=\"https:\/\/puntdereferencia.org\/wp-content\/uploads\/2024\/07\/dsc_0024.jpg\" class=\"attachment-full size-full\" alt=\"\" srcset=\"https:\/\/puntdereferencia.org\/wp-content\/uploads\/2024\/07\/dsc_0024.jpg 296w, https:\/\/puntdereferencia.org\/wp-content\/uploads\/2024\/07\/dsc_0024-80x80.jpg 80w, https:\/\/puntdereferencia.org\/wp-content\/uploads\/2024\/07\/dsc_0024-36x36.jpg 36w, https:\/\/puntdereferencia.org\/wp-content\/uploads\/2024\/07\/dsc_0024-180x180.jpg 180w\" sizes=\"auto, (max-width: 296px) 100vw, 296px\" \/><\/a>\n\t\t\t<\/dt><\/dl><br style=\"clear: both\" \/>\n\t\t<\/div>\n\n<p style=\"text-align: justify;\">Una vez todos saludados, participamos en el juego del Kahoot, una din\u00e1mica guiada por Tere y N\u00faria que nos dividi\u00f3 en grupos seg\u00fan los meses de nacimiento de cada persona y nos hizo responder, mediante un tel\u00e9fono m\u00f3vil por grupo, todas las preguntas que se hab\u00edan planteado. El grupo que acertaba m\u00e1s respuestas, ganaba el concurso.<\/p>\n<p>&nbsp;<\/p>\n\n\t\t<style type=\"text\/css\">\n\t\t\t#gallery-2 {\n\t\t\t\tmargin: auto;\n\t\t\t}\n\t\t\t#gallery-2 .gallery-item {\n\t\t\t\tfloat: left;\n\t\t\t\tmargin-top: 10px;\n\t\t\t\ttext-align: center;\n\t\t\t\twidth: 50%;\n\t\t\t}\n\t\t\t#gallery-2 img {\n\t\t\t\tborder: 2px solid #cfcfcf;\n\t\t\t}\n\t\t\t#gallery-2 .gallery-caption {\n\t\t\t\tmargin-left: 0;\n\t\t\t}\n\t\t\t\/* see gallery_shortcode() in wp-includes\/media.php *\/\n\t\t<\/style>\n\t\t<div id='gallery-2' class='gallery galleryid-24371 gallery-columns-2 gallery-size-full'><dl class='gallery-item'>\n\t\t\t<dt class='gallery-icon landscape'>\n\t\t\t\t<a href='https:\/\/puntdereferencia.org\/wp-content\/uploads\/2024\/07\/dsc_0407.jpg'><img loading=\"lazy\" decoding=\"async\" width=\"296\" height=\"296\" src=\"https:\/\/puntdereferencia.org\/wp-content\/uploads\/2024\/07\/dsc_0407.jpg\" class=\"attachment-full size-full\" alt=\"\" srcset=\"https:\/\/puntdereferencia.org\/wp-content\/uploads\/2024\/07\/dsc_0407.jpg 296w, https:\/\/puntdereferencia.org\/wp-content\/uploads\/2024\/07\/dsc_0407-80x80.jpg 80w, https:\/\/puntdereferencia.org\/wp-content\/uploads\/2024\/07\/dsc_0407-36x36.jpg 36w, https:\/\/puntdereferencia.org\/wp-content\/uploads\/2024\/07\/dsc_0407-180x180.jpg 180w\" sizes=\"auto, (max-width: 296px) 100vw, 296px\" \/><\/a>\n\t\t\t<\/dt><\/dl><dl class='gallery-item'>\n\t\t\t<dt class='gallery-icon landscape'>\n\t\t\t\t<a href='https:\/\/puntdereferencia.org\/wp-content\/uploads\/2024\/07\/dsc_0410.jpg'><img loading=\"lazy\" decoding=\"async\" width=\"296\" height=\"296\" src=\"https:\/\/puntdereferencia.org\/wp-content\/uploads\/2024\/07\/dsc_0410.jpg\" class=\"attachment-full size-full\" alt=\"\" srcset=\"https:\/\/puntdereferencia.org\/wp-content\/uploads\/2024\/07\/dsc_0410.jpg 296w, https:\/\/puntdereferencia.org\/wp-content\/uploads\/2024\/07\/dsc_0410-80x80.jpg 80w, https:\/\/puntdereferencia.org\/wp-content\/uploads\/2024\/07\/dsc_0410-36x36.jpg 36w, https:\/\/puntdereferencia.org\/wp-content\/uploads\/2024\/07\/dsc_0410-180x180.jpg 180w\" sizes=\"auto, (max-width: 296px) 100vw, 296px\" \/><\/a>\n\t\t\t<\/dt><\/dl><br style=\"clear: both\" \/>\n\t\t<\/div>\n\n\n\t\t<style type=\"text\/css\">\n\t\t\t#gallery-3 {\n\t\t\t\tmargin: auto;\n\t\t\t}\n\t\t\t#gallery-3 .gallery-item {\n\t\t\t\tfloat: left;\n\t\t\t\tmargin-top: 10px;\n\t\t\t\ttext-align: center;\n\t\t\t\twidth: 50%;\n\t\t\t}\n\t\t\t#gallery-3 img {\n\t\t\t\tborder: 2px solid #cfcfcf;\n\t\t\t}\n\t\t\t#gallery-3 .gallery-caption {\n\t\t\t\tmargin-left: 0;\n\t\t\t}\n\t\t\t\/* see gallery_shortcode() in wp-includes\/media.php *\/\n\t\t<\/style>\n\t\t<div id='gallery-3' class='gallery galleryid-24371 gallery-columns-2 gallery-size-full'><dl class='gallery-item'>\n\t\t\t<dt class='gallery-icon landscape'>\n\t\t\t\t<a href='https:\/\/puntdereferencia.org\/wp-content\/uploads\/2024\/07\/dsc_0409.jpg'><img loading=\"lazy\" decoding=\"async\" width=\"296\" height=\"296\" src=\"https:\/\/puntdereferencia.org\/wp-content\/uploads\/2024\/07\/dsc_0409.jpg\" class=\"attachment-full size-full\" alt=\"\" srcset=\"https:\/\/puntdereferencia.org\/wp-content\/uploads\/2024\/07\/dsc_0409.jpg 296w, https:\/\/puntdereferencia.org\/wp-content\/uploads\/2024\/07\/dsc_0409-80x80.jpg 80w, https:\/\/puntdereferencia.org\/wp-content\/uploads\/2024\/07\/dsc_0409-36x36.jpg 36w, https:\/\/puntdereferencia.org\/wp-content\/uploads\/2024\/07\/dsc_0409-180x180.jpg 180w\" sizes=\"auto, (max-width: 296px) 100vw, 296px\" \/><\/a>\n\t\t\t<\/dt><\/dl><dl class='gallery-item'>\n\t\t\t<dt class='gallery-icon landscape'>\n\t\t\t\t<a href='https:\/\/puntdereferencia.org\/wp-content\/uploads\/2024\/07\/dsc_0051.jpg'><img loading=\"lazy\" decoding=\"async\" width=\"296\" height=\"296\" src=\"https:\/\/puntdereferencia.org\/wp-content\/uploads\/2024\/07\/dsc_0051.jpg\" class=\"attachment-full size-full\" alt=\"\" srcset=\"https:\/\/puntdereferencia.org\/wp-content\/uploads\/2024\/07\/dsc_0051.jpg 296w, https:\/\/puntdereferencia.org\/wp-content\/uploads\/2024\/07\/dsc_0051-80x80.jpg 80w, https:\/\/puntdereferencia.org\/wp-content\/uploads\/2024\/07\/dsc_0051-36x36.jpg 36w, https:\/\/puntdereferencia.org\/wp-content\/uploads\/2024\/07\/dsc_0051-180x180.jpg 180w\" sizes=\"auto, (max-width: 296px) 100vw, 296px\" \/><\/a>\n\t\t\t<\/dt><\/dl><br style=\"clear: both\" \/>\n\t\t<\/div>\n\n<p style=\"text-align: justify;\">Una vez terminado el Kahoot se pas\u00f3 la palabra a la Junta de Punt de Refer\u00e8ncia, que agradeci\u00f3, un a\u00f1o m\u00e1s, la participaci\u00f3n de tanta gente en esta celebraci\u00f3n y record\u00f3 que el Premi Solidaritat del Institut de Drets Humans de Catalunya que hemos recogido en el Parlament de Catalunya apenas hace unos d\u00edas, ha sido resultado del esfuerzo de todos.<br \/>\nDonde s\u00ed se hizo notar la fuerza del grupo fue la \u00faltima actividad, el Drum Circle, dinamizado por Santi Carcasona, que trajo instrumentos de percusi\u00f3n para todos y gui\u00f3 una actividad con mucho ritmo.<\/p>\n<p><img loading=\"lazy\" decoding=\"async\" class=\" wp-image-3157 aligncenter\" src=\"http:\/\/puntdereferencia.org\/wp-content\/uploads\/2024\/07\/dsc_0423-scaled-1.jpg\" alt=\"DSC_0423\" width=\"597\" height=\"397\" \/><\/p>\n<p><img loading=\"lazy\" decoding=\"async\" class=\" wp-image-3186 aligncenter\" src=\"http:\/\/puntdereferencia.org\/wp-content\/uploads\/2024\/07\/dsc_0487-scaled-1.jpg\" alt=\"DSC_0487\" width=\"600\" height=\"399\" \/><\/p>\n<p><img loading=\"lazy\" decoding=\"async\" class=\" wp-image-3158 aligncenter\" src=\"http:\/\/puntdereferencia.org\/wp-content\/uploads\/2024\/07\/dsc_0460-scaled-1.jpg\" alt=\"DSC_0460\" width=\"599\" height=\"398\" \/><\/p>\n<p style=\"text-align: justify;\">Despu\u00e9s de haber sonado como una gran comparsa y agotar todas las fuerzas con las posibilidades de los djamb\u00e9s y los <em>shakers,<\/em> terminamos el encuentro con un picoteo. Aprovechamos para dar las gracias a todo el que llev\u00f3 un pastel, una tarta o un &#8216;empanad\u00f3n&#8217;; nos hicisteis recuperar y terminar el d\u00eda con el mejor sabor de boca.<\/p>\n<p style=\"text-align: justify;\">So\u00f1amos el futuro!<\/p>\n<p><img loading=\"lazy\" decoding=\"async\" class=\" wp-image-3192 aligncenter\" src=\"http:\/\/puntdereferencia.org\/wp-content\/uploads\/2024\/07\/dsc_0006-scaled-1.jpg\" alt=\"DSC_0006\" width=\"579\" height=\"387\" \/><\/p>\n","protected":false},"excerpt":{"rendered":"<p>El Encuentro Anual es la cita que re\u00fane j\u00f3venes, voluntariado y t\u00e9cnicas de ahora y de antes para celebrar que tenemos mucho en com\u00fan. Esta vez, el encuentro ha tenido lugar en el Espai Jove La Fontana el d\u00eda 21 de junio por la tarde. A las 18h han empezado a llegar los primeros invitados [&hellip;]<\/p>\n","protected":false},"author":1,"featured_media":19231,"comment_status":"open","ping_status":"open","sticky":false,"template":"","format":"standard","meta":{"footnotes":""},"categories":[913],"tags":[],"class_list":["post-24371","post","type-post","status-publish","format-standard","has-post-thumbnail","hentry","category-noticias-es"],"yoast_head":"<!-- This site is optimized with the Yoast SEO plugin v27.1.1 - https:\/\/yoast.com\/product\/yoast-seo-wordpress\/ -->\n<title>\u00a1Un encuentro al ritmo de todos! - Punt de Referencia<\/title>\n<meta name=\"robots\" content=\"index, follow, max-snippet:-1, max-image-preview:large, max-video-preview:-1\" \/>\n<link rel=\"canonical\" href=\"https:\/\/puntdereferencia.org\/es\/una-trobada-per-a-tots-els-ritmes\/\" \/>\n<meta property=\"og:locale\" content=\"es_ES\" \/>\n<meta property=\"og:type\" content=\"article\" \/>\n<meta property=\"og:title\" content=\"\u00a1Un encuentro al ritmo de todos! - Punt de Referencia\" \/>\n<meta property=\"og:description\" content=\"El Encuentro Anual es la cita que re\u00fane j\u00f3venes, voluntariado y t\u00e9cnicas de ahora y de antes para celebrar que tenemos mucho en com\u00fan. Esta vez, el encuentro ha tenido lugar en el Espai Jove La Fontana el d\u00eda 21 de junio por la tarde. A las 18h han empezado a llegar los primeros invitados [&hellip;]\" \/>\n<meta property=\"og:url\" content=\"https:\/\/puntdereferencia.org\/es\/una-trobada-per-a-tots-els-ritmes\/\" \/>\n<meta property=\"og:site_name\" content=\"Punt de Referencia\" \/>\n<meta property=\"article:published_time\" content=\"2018-06-25T13:26:05+00:00\" \/>\n<meta property=\"article:modified_time\" content=\"2024-07-31T11:57:29+00:00\" \/>\n<meta property=\"og:image\" content=\"https:\/\/puntdereferencia.org\/wp-content\/uploads\/2024\/07\/dsc_0487-600x399-1.jpg\" \/>\n\t<meta property=\"og:image:width\" content=\"600\" \/>\n\t<meta property=\"og:image:height\" content=\"399\" \/>\n\t<meta property=\"og:image:type\" content=\"image\/jpeg\" \/>\n<meta name=\"author\" content=\"admin\" \/>\n<meta name=\"twitter:card\" content=\"summary_large_image\" \/>\n<meta name=\"twitter:label1\" content=\"Escrito por\" \/>\n\t<meta name=\"twitter:data1\" content=\"admin\" \/>\n\t<meta name=\"twitter:label2\" content=\"Tiempo de lectura\" \/>\n\t<meta name=\"twitter:data2\" content=\"4 minutos\" \/>\n<script type=\"application\/ld+json\" class=\"yoast-schema-graph\">{\"@context\":\"https:\/\/schema.org\",\"@graph\":[{\"@type\":\"Article\",\"@id\":\"https:\/\/puntdereferencia.org\/es\/una-trobada-per-a-tots-els-ritmes\/#article\",\"isPartOf\":{\"@id\":\"https:\/\/puntdereferencia.org\/es\/una-trobada-per-a-tots-els-ritmes\/\"},\"author\":{\"name\":\"admin\",\"@id\":\"https:\/\/puntdereferencia.org\/es\/#\/schema\/person\/c475209bcc857303ec6ed0259d3cf078\"},\"headline\":\"\u00a1Un encuentro al ritmo de todos!\",\"datePublished\":\"2018-06-25T13:26:05+00:00\",\"dateModified\":\"2024-07-31T11:57:29+00:00\",\"mainEntityOfPage\":{\"@id\":\"https:\/\/puntdereferencia.org\/es\/una-trobada-per-a-tots-els-ritmes\/\"},\"wordCount\":405,\"commentCount\":1,\"image\":{\"@id\":\"https:\/\/puntdereferencia.org\/es\/una-trobada-per-a-tots-els-ritmes\/#primaryimage\"},\"thumbnailUrl\":\"https:\/\/puntdereferencia.org\/wp-content\/uploads\/2024\/07\/dsc_0487-600x399-1.jpg\",\"articleSection\":[\"NOTICIAS\"],\"inLanguage\":\"es\",\"potentialAction\":[{\"@type\":\"CommentAction\",\"name\":\"Comment\",\"target\":[\"https:\/\/puntdereferencia.org\/es\/una-trobada-per-a-tots-els-ritmes\/#respond\"]}]},{\"@type\":\"WebPage\",\"@id\":\"https:\/\/puntdereferencia.org\/es\/una-trobada-per-a-tots-els-ritmes\/\",\"url\":\"https:\/\/puntdereferencia.org\/es\/una-trobada-per-a-tots-els-ritmes\/\",\"name\":\"\u00a1Un encuentro al ritmo de todos! - Punt de Referencia\",\"isPartOf\":{\"@id\":\"https:\/\/puntdereferencia.org\/es\/#website\"},\"primaryImageOfPage\":{\"@id\":\"https:\/\/puntdereferencia.org\/es\/una-trobada-per-a-tots-els-ritmes\/#primaryimage\"},\"image\":{\"@id\":\"https:\/\/puntdereferencia.org\/es\/una-trobada-per-a-tots-els-ritmes\/#primaryimage\"},\"thumbnailUrl\":\"https:\/\/puntdereferencia.org\/wp-content\/uploads\/2024\/07\/dsc_0487-600x399-1.jpg\",\"datePublished\":\"2018-06-25T13:26:05+00:00\",\"dateModified\":\"2024-07-31T11:57:29+00:00\",\"author\":{\"@id\":\"https:\/\/puntdereferencia.org\/es\/#\/schema\/person\/c475209bcc857303ec6ed0259d3cf078\"},\"breadcrumb\":{\"@id\":\"https:\/\/puntdereferencia.org\/es\/una-trobada-per-a-tots-els-ritmes\/#breadcrumb\"},\"inLanguage\":\"es\",\"potentialAction\":[{\"@type\":\"ReadAction\",\"target\":[\"https:\/\/puntdereferencia.org\/es\/una-trobada-per-a-tots-els-ritmes\/\"]}]},{\"@type\":\"ImageObject\",\"inLanguage\":\"es\",\"@id\":\"https:\/\/puntdereferencia.org\/es\/una-trobada-per-a-tots-els-ritmes\/#primaryimage\",\"url\":\"https:\/\/puntdereferencia.org\/wp-content\/uploads\/2024\/07\/dsc_0487-600x399-1.jpg\",\"contentUrl\":\"https:\/\/puntdereferencia.org\/wp-content\/uploads\/2024\/07\/dsc_0487-600x399-1.jpg\",\"width\":600,\"height\":399},{\"@type\":\"BreadcrumbList\",\"@id\":\"https:\/\/puntdereferencia.org\/es\/una-trobada-per-a-tots-els-ritmes\/#breadcrumb\",\"itemListElement\":[{\"@type\":\"ListItem\",\"position\":1,\"name\":\"Inici\",\"item\":\"https:\/\/puntdereferencia.org\/es\/inicio\/\"},{\"@type\":\"ListItem\",\"position\":2,\"name\":\"\u00a1Un encuentro al ritmo de todos!\"}]},{\"@type\":\"WebSite\",\"@id\":\"https:\/\/puntdereferencia.org\/es\/#website\",\"url\":\"https:\/\/puntdereferencia.org\/es\/\",\"name\":\"Punt de Referencia\",\"description\":\"\",\"potentialAction\":[{\"@type\":\"SearchAction\",\"target\":{\"@type\":\"EntryPoint\",\"urlTemplate\":\"https:\/\/puntdereferencia.org\/es\/?s={search_term_string}\"},\"query-input\":{\"@type\":\"PropertyValueSpecification\",\"valueRequired\":true,\"valueName\":\"search_term_string\"}}],\"inLanguage\":\"es\"},{\"@type\":\"Person\",\"@id\":\"https:\/\/puntdereferencia.org\/es\/#\/schema\/person\/c475209bcc857303ec6ed0259d3cf078\",\"name\":\"admin\",\"image\":{\"@type\":\"ImageObject\",\"inLanguage\":\"es\",\"@id\":\"https:\/\/puntdereferencia.org\/es\/#\/schema\/person\/image\/\",\"url\":\"https:\/\/secure.gravatar.com\/avatar\/ff306d55f6aedb51a29e838506fafaa76a30bce9f5db9aca2e28921b903aaad2?s=96&d=mm&r=g\",\"contentUrl\":\"https:\/\/secure.gravatar.com\/avatar\/ff306d55f6aedb51a29e838506fafaa76a30bce9f5db9aca2e28921b903aaad2?s=96&d=mm&r=g\",\"caption\":\"admin\"},\"sameAs\":[\"http:\/\/\/home\/puntref\/webapps\/web2024\"],\"url\":\"https:\/\/puntdereferencia.org\/es\/author\/admin\/\"}]}<\/script>\n<!-- \/ Yoast SEO plugin. -->","yoast_head_json":{"title":"\u00a1Un encuentro al ritmo de todos! - Punt de Referencia","robots":{"index":"index","follow":"follow","max-snippet":"max-snippet:-1","max-image-preview":"max-image-preview:large","max-video-preview":"max-video-preview:-1"},"canonical":"https:\/\/puntdereferencia.org\/es\/una-trobada-per-a-tots-els-ritmes\/","og_locale":"es_ES","og_type":"article","og_title":"\u00a1Un encuentro al ritmo de todos! - Punt de Referencia","og_description":"El Encuentro Anual es la cita que re\u00fane j\u00f3venes, voluntariado y t\u00e9cnicas de ahora y de antes para celebrar que tenemos mucho en com\u00fan. Esta vez, el encuentro ha tenido lugar en el Espai Jove La Fontana el d\u00eda 21 de junio por la tarde. A las 18h han empezado a llegar los primeros invitados [&hellip;]","og_url":"https:\/\/puntdereferencia.org\/es\/una-trobada-per-a-tots-els-ritmes\/","og_site_name":"Punt de Referencia","article_published_time":"2018-06-25T13:26:05+00:00","article_modified_time":"2024-07-31T11:57:29+00:00","og_image":[{"width":600,"height":399,"url":"https:\/\/puntdereferencia.org\/wp-content\/uploads\/2024\/07\/dsc_0487-600x399-1.jpg","type":"image\/jpeg"}],"author":"admin","twitter_card":"summary_large_image","twitter_misc":{"Escrito por":"admin","Tiempo de lectura":"4 minutos"},"schema":{"@context":"https:\/\/schema.org","@graph":[{"@type":"Article","@id":"https:\/\/puntdereferencia.org\/es\/una-trobada-per-a-tots-els-ritmes\/#article","isPartOf":{"@id":"https:\/\/puntdereferencia.org\/es\/una-trobada-per-a-tots-els-ritmes\/"},"author":{"name":"admin","@id":"https:\/\/puntdereferencia.org\/es\/#\/schema\/person\/c475209bcc857303ec6ed0259d3cf078"},"headline":"\u00a1Un encuentro al ritmo de todos!","datePublished":"2018-06-25T13:26:05+00:00","dateModified":"2024-07-31T11:57:29+00:00","mainEntityOfPage":{"@id":"https:\/\/puntdereferencia.org\/es\/una-trobada-per-a-tots-els-ritmes\/"},"wordCount":405,"commentCount":1,"image":{"@id":"https:\/\/puntdereferencia.org\/es\/una-trobada-per-a-tots-els-ritmes\/#primaryimage"},"thumbnailUrl":"https:\/\/puntdereferencia.org\/wp-content\/uploads\/2024\/07\/dsc_0487-600x399-1.jpg","articleSection":["NOTICIAS"],"inLanguage":"es","potentialAction":[{"@type":"CommentAction","name":"Comment","target":["https:\/\/puntdereferencia.org\/es\/una-trobada-per-a-tots-els-ritmes\/#respond"]}]},{"@type":"WebPage","@id":"https:\/\/puntdereferencia.org\/es\/una-trobada-per-a-tots-els-ritmes\/","url":"https:\/\/puntdereferencia.org\/es\/una-trobada-per-a-tots-els-ritmes\/","name":"\u00a1Un encuentro al ritmo de todos! - Punt de Referencia","isPartOf":{"@id":"https:\/\/puntdereferencia.org\/es\/#website"},"primaryImageOfPage":{"@id":"https:\/\/puntdereferencia.org\/es\/una-trobada-per-a-tots-els-ritmes\/#primaryimage"},"image":{"@id":"https:\/\/puntdereferencia.org\/es\/una-trobada-per-a-tots-els-ritmes\/#primaryimage"},"thumbnailUrl":"https:\/\/puntdereferencia.org\/wp-content\/uploads\/2024\/07\/dsc_0487-600x399-1.jpg","datePublished":"2018-06-25T13:26:05+00:00","dateModified":"2024-07-31T11:57:29+00:00","author":{"@id":"https:\/\/puntdereferencia.org\/es\/#\/schema\/person\/c475209bcc857303ec6ed0259d3cf078"},"breadcrumb":{"@id":"https:\/\/puntdereferencia.org\/es\/una-trobada-per-a-tots-els-ritmes\/#breadcrumb"},"inLanguage":"es","potentialAction":[{"@type":"ReadAction","target":["https:\/\/puntdereferencia.org\/es\/una-trobada-per-a-tots-els-ritmes\/"]}]},{"@type":"ImageObject","inLanguage":"es","@id":"https:\/\/puntdereferencia.org\/es\/una-trobada-per-a-tots-els-ritmes\/#primaryimage","url":"https:\/\/puntdereferencia.org\/wp-content\/uploads\/2024\/07\/dsc_0487-600x399-1.jpg","contentUrl":"https:\/\/puntdereferencia.org\/wp-content\/uploads\/2024\/07\/dsc_0487-600x399-1.jpg","width":600,"height":399},{"@type":"BreadcrumbList","@id":"https:\/\/puntdereferencia.org\/es\/una-trobada-per-a-tots-els-ritmes\/#breadcrumb","itemListElement":[{"@type":"ListItem","position":1,"name":"Inici","item":"https:\/\/puntdereferencia.org\/es\/inicio\/"},{"@type":"ListItem","position":2,"name":"\u00a1Un encuentro al ritmo de todos!"}]},{"@type":"WebSite","@id":"https:\/\/puntdereferencia.org\/es\/#website","url":"https:\/\/puntdereferencia.org\/es\/","name":"Punt de Referencia","description":"","potentialAction":[{"@type":"SearchAction","target":{"@type":"EntryPoint","urlTemplate":"https:\/\/puntdereferencia.org\/es\/?s={search_term_string}"},"query-input":{"@type":"PropertyValueSpecification","valueRequired":true,"valueName":"search_term_string"}}],"inLanguage":"es"},{"@type":"Person","@id":"https:\/\/puntdereferencia.org\/es\/#\/schema\/person\/c475209bcc857303ec6ed0259d3cf078","name":"admin","image":{"@type":"ImageObject","inLanguage":"es","@id":"https:\/\/puntdereferencia.org\/es\/#\/schema\/person\/image\/","url":"https:\/\/secure.gravatar.com\/avatar\/ff306d55f6aedb51a29e838506fafaa76a30bce9f5db9aca2e28921b903aaad2?s=96&d=mm&r=g","contentUrl":"https:\/\/secure.gravatar.com\/avatar\/ff306d55f6aedb51a29e838506fafaa76a30bce9f5db9aca2e28921b903aaad2?s=96&d=mm&r=g","caption":"admin"},"sameAs":["http:\/\/\/home\/puntref\/webapps\/web2024"],"url":"https:\/\/puntdereferencia.org\/es\/author\/admin\/"}]}},"_links":{"self":[{"href":"https:\/\/puntdereferencia.org\/es\/wp-json\/wp\/v2\/posts\/24371","targetHints":{"allow":["GET"]}}],"collection":[{"href":"https:\/\/puntdereferencia.org\/es\/wp-json\/wp\/v2\/posts"}],"about":[{"href":"https:\/\/puntdereferencia.org\/es\/wp-json\/wp\/v2\/types\/post"}],"author":[{"embeddable":true,"href":"https:\/\/puntdereferencia.org\/es\/wp-json\/wp\/v2\/users\/1"}],"replies":[{"embeddable":true,"href":"https:\/\/puntdereferencia.org\/es\/wp-json\/wp\/v2\/comments?post=24371"}],"version-history":[{"count":5,"href":"https:\/\/puntdereferencia.org\/es\/wp-json\/wp\/v2\/posts\/24371\/revisions"}],"predecessor-version":[{"id":26744,"href":"https:\/\/puntdereferencia.org\/es\/wp-json\/wp\/v2\/posts\/24371\/revisions\/26744"}],"wp:featuredmedia":[{"embeddable":true,"href":"https:\/\/puntdereferencia.org\/es\/wp-json\/wp\/v2\/media\/19231"}],"wp:attachment":[{"href":"https:\/\/puntdereferencia.org\/es\/wp-json\/wp\/v2\/media?parent=24371"}],"wp:term":[{"taxonomy":"category","embeddable":true,"href":"https:\/\/puntdereferencia.org\/es\/wp-json\/wp\/v2\/categories?post=24371"},{"taxonomy":"post_tag","embeddable":true,"href":"https:\/\/puntdereferencia.org\/es\/wp-json\/wp\/v2\/tags?post=24371"}],"curies":[{"name":"wp","href":"https:\/\/api.w.org\/{rel}","templated":true}]}}