{"id":24386,"date":"2018-07-26T10:12:15","date_gmt":"2018-07-26T10:12:15","guid":{"rendered":"https:\/\/puntdereferencia.org\/vuelven-los-campamentos-en-guadalajara\/"},"modified":"2024-07-31T11:53:36","modified_gmt":"2024-07-31T11:53:36","slug":"vuelven-los-campamentos-en-guadalajara","status":"publish","type":"post","link":"https:\/\/puntdereferencia.org\/es\/vuelven-los-campamentos-en-guadalajara\/","title":{"rendered":"Vuelven los campamentos en Guadalajara!"},"content":{"rendered":"<p>Un grupo de j\u00f3venes de Punt de Refer\u00e8ncia se ha apuntado a la segunda edici\u00f3n de esta salida a Guadalajara, donde est\u00e1n de campamentos desde el d\u00eda 30 y volver\u00e1n el 5 de agosto.<\/p>\n<p>La Asociaci\u00f3n Vasija que trabaja con j\u00f3venes en riesgo, y con la que nos conocemos hace a\u00f1os por el hecho de formar parte de la FEPA, nos vuelve a acoger en el Campamento Condemios. El verano de 2017 fue la primera vez que se probaba esta experiencia y el resultado fue muy positivo, ya que permite a los j\u00f3venes conocerse entre ellos en un entorno l\u00fadico en el que tambi\u00e9n se realizan trabajos para hacer servicio para otras personas. Esta es una actividad que les rompe la rutina, que les permite compartir muchos d\u00edas y an\u00e9cdotas que no tienen lugar durante el curso&#8230; un viaje de verano!<\/p>\n<p><img loading=\"lazy\" decoding=\"async\" class=\"aligncenter wp-image-4524\" src=\"https:\/\/puntdereferencia.org\/wp-content\/uploads\/2024\/07\/IMG-20180730-WA0003.jpg\" alt=\"\" width=\"728\" height=\"546\" \/><\/p>\n<p>&nbsp;<\/p>\n<p>Durante la ma\u00f1ana, los j\u00f3venes estar\u00e1n haciendo mantenimiento del entorno, junto con j\u00f3venes de otras entidades y por la tarde se realizar\u00e1n las actividades m\u00e1s esperadas, las de ocio: canoa, escalada, bicicleta, excursiones, y alguna sorpresa que nos podr\u00e1n explicar a la vuelta!<\/p>\n<p>En comparaci\u00f3n al a\u00f1o pasado se duplica el n\u00famero de j\u00f3venes de Punt que va a los campamentos, pasamos de 4 a 10, y Tere continuar\u00e1 siendo la educadora que vivir\u00e1 con ellos esta experiencia. Ya tenemos ganas de que nos cuenten c\u00f3mo les est\u00e1 yendo!<\/p>\n","protected":false},"excerpt":{"rendered":"<p>Un grupo de j\u00f3venes de Punt de Refer\u00e8ncia se ha apuntado a la segunda edici\u00f3n de esta salida a Guadalajara, donde est\u00e1n de campamentos desde el d\u00eda 30 y volver\u00e1n el 5 de agosto. La Asociaci\u00f3n Vasija que trabaja con j\u00f3venes en riesgo, y con la que nos conocemos hace a\u00f1os por el hecho de [&hellip;]<\/p>\n","protected":false},"author":1,"featured_media":19421,"comment_status":"open","ping_status":"open","sticky":false,"template":"","format":"standard","meta":{"footnotes":""},"categories":[913],"tags":[],"class_list":["post-24386","post","type-post","status-publish","format-standard","has-post-thumbnail","hentry","category-noticias-es"],"yoast_head":"<!-- This site is optimized with the Yoast SEO plugin v27.1.1 - https:\/\/yoast.com\/product\/yoast-seo-wordpress\/ -->\n<title>Vuelven los campamentos en Guadalajara! - Punt de Referencia<\/title>\n<meta name=\"robots\" content=\"index, follow, max-snippet:-1, max-image-preview:large, max-video-preview:-1\" \/>\n<link rel=\"canonical\" href=\"https:\/\/puntdereferencia.org\/es\/vuelven-los-campamentos-en-guadalajara\/\" \/>\n<meta property=\"og:locale\" content=\"es_ES\" \/>\n<meta property=\"og:type\" content=\"article\" \/>\n<meta property=\"og:title\" content=\"Vuelven los campamentos en Guadalajara! - Punt de Referencia\" \/>\n<meta property=\"og:description\" content=\"Un grupo de j\u00f3venes de Punt de Refer\u00e8ncia se ha apuntado a la segunda edici\u00f3n de esta salida a Guadalajara, donde est\u00e1n de campamentos desde el d\u00eda 30 y volver\u00e1n el 5 de agosto. La Asociaci\u00f3n Vasija que trabaja con j\u00f3venes en riesgo, y con la que nos conocemos hace a\u00f1os por el hecho de [&hellip;]\" \/>\n<meta property=\"og:url\" content=\"https:\/\/puntdereferencia.org\/es\/vuelven-los-campamentos-en-guadalajara\/\" \/>\n<meta property=\"og:site_name\" content=\"Punt de Referencia\" \/>\n<meta property=\"article:published_time\" content=\"2018-07-26T10:12:15+00:00\" \/>\n<meta property=\"article:modified_time\" content=\"2024-07-31T11:53:36+00:00\" \/>\n<meta property=\"og:image\" content=\"https:\/\/puntdereferencia.org\/wp-content\/uploads\/2024\/07\/article.jpg\" \/>\n\t<meta property=\"og:image:width\" content=\"1600\" \/>\n\t<meta property=\"og:image:height\" content=\"1200\" \/>\n\t<meta property=\"og:image:type\" content=\"image\/jpeg\" \/>\n<meta name=\"author\" content=\"admin\" \/>\n<meta name=\"twitter:card\" content=\"summary_large_image\" \/>\n<meta name=\"twitter:label1\" content=\"Escrito por\" \/>\n\t<meta name=\"twitter:data1\" content=\"admin\" \/>\n\t<meta name=\"twitter:label2\" content=\"Tiempo de lectura\" \/>\n\t<meta name=\"twitter:data2\" content=\"2 minutos\" \/>\n<script type=\"application\/ld+json\" class=\"yoast-schema-graph\">{\"@context\":\"https:\/\/schema.org\",\"@graph\":[{\"@type\":\"Article\",\"@id\":\"https:\/\/puntdereferencia.org\/es\/vuelven-los-campamentos-en-guadalajara\/#article\",\"isPartOf\":{\"@id\":\"https:\/\/puntdereferencia.org\/es\/vuelven-los-campamentos-en-guadalajara\/\"},\"author\":{\"name\":\"admin\",\"@id\":\"https:\/\/puntdereferencia.org\/es\/#\/schema\/person\/c475209bcc857303ec6ed0259d3cf078\"},\"headline\":\"Vuelven los campamentos en Guadalajara!\",\"datePublished\":\"2018-07-26T10:12:15+00:00\",\"dateModified\":\"2024-07-31T11:53:36+00:00\",\"mainEntityOfPage\":{\"@id\":\"https:\/\/puntdereferencia.org\/es\/vuelven-los-campamentos-en-guadalajara\/\"},\"wordCount\":257,\"commentCount\":0,\"image\":{\"@id\":\"https:\/\/puntdereferencia.org\/es\/vuelven-los-campamentos-en-guadalajara\/#primaryimage\"},\"thumbnailUrl\":\"https:\/\/puntdereferencia.org\/wp-content\/uploads\/2024\/07\/article.jpg\",\"articleSection\":[\"NOTICIAS\"],\"inLanguage\":\"es\",\"potentialAction\":[{\"@type\":\"CommentAction\",\"name\":\"Comment\",\"target\":[\"https:\/\/puntdereferencia.org\/es\/vuelven-los-campamentos-en-guadalajara\/#respond\"]}]},{\"@type\":\"WebPage\",\"@id\":\"https:\/\/puntdereferencia.org\/es\/vuelven-los-campamentos-en-guadalajara\/\",\"url\":\"https:\/\/puntdereferencia.org\/es\/vuelven-los-campamentos-en-guadalajara\/\",\"name\":\"Vuelven los campamentos en Guadalajara! - Punt de Referencia\",\"isPartOf\":{\"@id\":\"https:\/\/puntdereferencia.org\/es\/#website\"},\"primaryImageOfPage\":{\"@id\":\"https:\/\/puntdereferencia.org\/es\/vuelven-los-campamentos-en-guadalajara\/#primaryimage\"},\"image\":{\"@id\":\"https:\/\/puntdereferencia.org\/es\/vuelven-los-campamentos-en-guadalajara\/#primaryimage\"},\"thumbnailUrl\":\"https:\/\/puntdereferencia.org\/wp-content\/uploads\/2024\/07\/article.jpg\",\"datePublished\":\"2018-07-26T10:12:15+00:00\",\"dateModified\":\"2024-07-31T11:53:36+00:00\",\"author\":{\"@id\":\"https:\/\/puntdereferencia.org\/es\/#\/schema\/person\/c475209bcc857303ec6ed0259d3cf078\"},\"breadcrumb\":{\"@id\":\"https:\/\/puntdereferencia.org\/es\/vuelven-los-campamentos-en-guadalajara\/#breadcrumb\"},\"inLanguage\":\"es\",\"potentialAction\":[{\"@type\":\"ReadAction\",\"target\":[\"https:\/\/puntdereferencia.org\/es\/vuelven-los-campamentos-en-guadalajara\/\"]}]},{\"@type\":\"ImageObject\",\"inLanguage\":\"es\",\"@id\":\"https:\/\/puntdereferencia.org\/es\/vuelven-los-campamentos-en-guadalajara\/#primaryimage\",\"url\":\"https:\/\/puntdereferencia.org\/wp-content\/uploads\/2024\/07\/article.jpg\",\"contentUrl\":\"https:\/\/puntdereferencia.org\/wp-content\/uploads\/2024\/07\/article.jpg\",\"width\":1600,\"height\":1200},{\"@type\":\"BreadcrumbList\",\"@id\":\"https:\/\/puntdereferencia.org\/es\/vuelven-los-campamentos-en-guadalajara\/#breadcrumb\",\"itemListElement\":[{\"@type\":\"ListItem\",\"position\":1,\"name\":\"Inici\",\"item\":\"https:\/\/puntdereferencia.org\/es\/inicio\/\"},{\"@type\":\"ListItem\",\"position\":2,\"name\":\"Vuelven los campamentos en Guadalajara!\"}]},{\"@type\":\"WebSite\",\"@id\":\"https:\/\/puntdereferencia.org\/es\/#website\",\"url\":\"https:\/\/puntdereferencia.org\/es\/\",\"name\":\"Punt de Referencia\",\"description\":\"\",\"potentialAction\":[{\"@type\":\"SearchAction\",\"target\":{\"@type\":\"EntryPoint\",\"urlTemplate\":\"https:\/\/puntdereferencia.org\/es\/?s={search_term_string}\"},\"query-input\":{\"@type\":\"PropertyValueSpecification\",\"valueRequired\":true,\"valueName\":\"search_term_string\"}}],\"inLanguage\":\"es\"},{\"@type\":\"Person\",\"@id\":\"https:\/\/puntdereferencia.org\/es\/#\/schema\/person\/c475209bcc857303ec6ed0259d3cf078\",\"name\":\"admin\",\"image\":{\"@type\":\"ImageObject\",\"inLanguage\":\"es\",\"@id\":\"https:\/\/puntdereferencia.org\/es\/#\/schema\/person\/image\/\",\"url\":\"https:\/\/secure.gravatar.com\/avatar\/ff306d55f6aedb51a29e838506fafaa76a30bce9f5db9aca2e28921b903aaad2?s=96&d=mm&r=g\",\"contentUrl\":\"https:\/\/secure.gravatar.com\/avatar\/ff306d55f6aedb51a29e838506fafaa76a30bce9f5db9aca2e28921b903aaad2?s=96&d=mm&r=g\",\"caption\":\"admin\"},\"sameAs\":[\"http:\/\/\/home\/puntref\/webapps\/web2024\"],\"url\":\"https:\/\/puntdereferencia.org\/es\/author\/admin\/\"}]}<\/script>\n<!-- \/ Yoast SEO plugin. -->","yoast_head_json":{"title":"Vuelven los campamentos en Guadalajara! - Punt de Referencia","robots":{"index":"index","follow":"follow","max-snippet":"max-snippet:-1","max-image-preview":"max-image-preview:large","max-video-preview":"max-video-preview:-1"},"canonical":"https:\/\/puntdereferencia.org\/es\/vuelven-los-campamentos-en-guadalajara\/","og_locale":"es_ES","og_type":"article","og_title":"Vuelven los campamentos en Guadalajara! - Punt de Referencia","og_description":"Un grupo de j\u00f3venes de Punt de Refer\u00e8ncia se ha apuntado a la segunda edici\u00f3n de esta salida a Guadalajara, donde est\u00e1n de campamentos desde el d\u00eda 30 y volver\u00e1n el 5 de agosto. La Asociaci\u00f3n Vasija que trabaja con j\u00f3venes en riesgo, y con la que nos conocemos hace a\u00f1os por el hecho de [&hellip;]","og_url":"https:\/\/puntdereferencia.org\/es\/vuelven-los-campamentos-en-guadalajara\/","og_site_name":"Punt de Referencia","article_published_time":"2018-07-26T10:12:15+00:00","article_modified_time":"2024-07-31T11:53:36+00:00","og_image":[{"width":1600,"height":1200,"url":"https:\/\/puntdereferencia.org\/wp-content\/uploads\/2024\/07\/article.jpg","type":"image\/jpeg"}],"author":"admin","twitter_card":"summary_large_image","twitter_misc":{"Escrito por":"admin","Tiempo de lectura":"2 minutos"},"schema":{"@context":"https:\/\/schema.org","@graph":[{"@type":"Article","@id":"https:\/\/puntdereferencia.org\/es\/vuelven-los-campamentos-en-guadalajara\/#article","isPartOf":{"@id":"https:\/\/puntdereferencia.org\/es\/vuelven-los-campamentos-en-guadalajara\/"},"author":{"name":"admin","@id":"https:\/\/puntdereferencia.org\/es\/#\/schema\/person\/c475209bcc857303ec6ed0259d3cf078"},"headline":"Vuelven los campamentos en Guadalajara!","datePublished":"2018-07-26T10:12:15+00:00","dateModified":"2024-07-31T11:53:36+00:00","mainEntityOfPage":{"@id":"https:\/\/puntdereferencia.org\/es\/vuelven-los-campamentos-en-guadalajara\/"},"wordCount":257,"commentCount":0,"image":{"@id":"https:\/\/puntdereferencia.org\/es\/vuelven-los-campamentos-en-guadalajara\/#primaryimage"},"thumbnailUrl":"https:\/\/puntdereferencia.org\/wp-content\/uploads\/2024\/07\/article.jpg","articleSection":["NOTICIAS"],"inLanguage":"es","potentialAction":[{"@type":"CommentAction","name":"Comment","target":["https:\/\/puntdereferencia.org\/es\/vuelven-los-campamentos-en-guadalajara\/#respond"]}]},{"@type":"WebPage","@id":"https:\/\/puntdereferencia.org\/es\/vuelven-los-campamentos-en-guadalajara\/","url":"https:\/\/puntdereferencia.org\/es\/vuelven-los-campamentos-en-guadalajara\/","name":"Vuelven los campamentos en Guadalajara! - Punt de Referencia","isPartOf":{"@id":"https:\/\/puntdereferencia.org\/es\/#website"},"primaryImageOfPage":{"@id":"https:\/\/puntdereferencia.org\/es\/vuelven-los-campamentos-en-guadalajara\/#primaryimage"},"image":{"@id":"https:\/\/puntdereferencia.org\/es\/vuelven-los-campamentos-en-guadalajara\/#primaryimage"},"thumbnailUrl":"https:\/\/puntdereferencia.org\/wp-content\/uploads\/2024\/07\/article.jpg","datePublished":"2018-07-26T10:12:15+00:00","dateModified":"2024-07-31T11:53:36+00:00","author":{"@id":"https:\/\/puntdereferencia.org\/es\/#\/schema\/person\/c475209bcc857303ec6ed0259d3cf078"},"breadcrumb":{"@id":"https:\/\/puntdereferencia.org\/es\/vuelven-los-campamentos-en-guadalajara\/#breadcrumb"},"inLanguage":"es","potentialAction":[{"@type":"ReadAction","target":["https:\/\/puntdereferencia.org\/es\/vuelven-los-campamentos-en-guadalajara\/"]}]},{"@type":"ImageObject","inLanguage":"es","@id":"https:\/\/puntdereferencia.org\/es\/vuelven-los-campamentos-en-guadalajara\/#primaryimage","url":"https:\/\/puntdereferencia.org\/wp-content\/uploads\/2024\/07\/article.jpg","contentUrl":"https:\/\/puntdereferencia.org\/wp-content\/uploads\/2024\/07\/article.jpg","width":1600,"height":1200},{"@type":"BreadcrumbList","@id":"https:\/\/puntdereferencia.org\/es\/vuelven-los-campamentos-en-guadalajara\/#breadcrumb","itemListElement":[{"@type":"ListItem","position":1,"name":"Inici","item":"https:\/\/puntdereferencia.org\/es\/inicio\/"},{"@type":"ListItem","position":2,"name":"Vuelven los campamentos en Guadalajara!"}]},{"@type":"WebSite","@id":"https:\/\/puntdereferencia.org\/es\/#website","url":"https:\/\/puntdereferencia.org\/es\/","name":"Punt de Referencia","description":"","potentialAction":[{"@type":"SearchAction","target":{"@type":"EntryPoint","urlTemplate":"https:\/\/puntdereferencia.org\/es\/?s={search_term_string}"},"query-input":{"@type":"PropertyValueSpecification","valueRequired":true,"valueName":"search_term_string"}}],"inLanguage":"es"},{"@type":"Person","@id":"https:\/\/puntdereferencia.org\/es\/#\/schema\/person\/c475209bcc857303ec6ed0259d3cf078","name":"admin","image":{"@type":"ImageObject","inLanguage":"es","@id":"https:\/\/puntdereferencia.org\/es\/#\/schema\/person\/image\/","url":"https:\/\/secure.gravatar.com\/avatar\/ff306d55f6aedb51a29e838506fafaa76a30bce9f5db9aca2e28921b903aaad2?s=96&d=mm&r=g","contentUrl":"https:\/\/secure.gravatar.com\/avatar\/ff306d55f6aedb51a29e838506fafaa76a30bce9f5db9aca2e28921b903aaad2?s=96&d=mm&r=g","caption":"admin"},"sameAs":["http:\/\/\/home\/puntref\/webapps\/web2024"],"url":"https:\/\/puntdereferencia.org\/es\/author\/admin\/"}]}},"_links":{"self":[{"href":"https:\/\/puntdereferencia.org\/es\/wp-json\/wp\/v2\/posts\/24386","targetHints":{"allow":["GET"]}}],"collection":[{"href":"https:\/\/puntdereferencia.org\/es\/wp-json\/wp\/v2\/posts"}],"about":[{"href":"https:\/\/puntdereferencia.org\/es\/wp-json\/wp\/v2\/types\/post"}],"author":[{"embeddable":true,"href":"https:\/\/puntdereferencia.org\/es\/wp-json\/wp\/v2\/users\/1"}],"replies":[{"embeddable":true,"href":"https:\/\/puntdereferencia.org\/es\/wp-json\/wp\/v2\/comments?post=24386"}],"version-history":[{"count":3,"href":"https:\/\/puntdereferencia.org\/es\/wp-json\/wp\/v2\/posts\/24386\/revisions"}],"predecessor-version":[{"id":26729,"href":"https:\/\/puntdereferencia.org\/es\/wp-json\/wp\/v2\/posts\/24386\/revisions\/26729"}],"wp:featuredmedia":[{"embeddable":true,"href":"https:\/\/puntdereferencia.org\/es\/wp-json\/wp\/v2\/media\/19421"}],"wp:attachment":[{"href":"https:\/\/puntdereferencia.org\/es\/wp-json\/wp\/v2\/media?parent=24386"}],"wp:term":[{"taxonomy":"category","embeddable":true,"href":"https:\/\/puntdereferencia.org\/es\/wp-json\/wp\/v2\/categories?post=24386"},{"taxonomy":"post_tag","embeddable":true,"href":"https:\/\/puntdereferencia.org\/es\/wp-json\/wp\/v2\/tags?post=24386"}],"curies":[{"name":"wp","href":"https:\/\/api.w.org\/{rel}","templated":true}]}}