{"id":24398,"date":"2018-09-28T13:06:38","date_gmt":"2018-09-28T13:06:38","guid":{"rendered":"https:\/\/puntdereferencia.org\/davant-larribada-de-menors-no-acompanyats-actuem\/"},"modified":"2024-07-31T11:50:24","modified_gmt":"2024-07-31T11:50:24","slug":"davant-larribada-de-menors-no-acompanyats-actuem","status":"publish","type":"post","link":"https:\/\/puntdereferencia.org\/es\/davant-larribada-de-menors-no-acompanyats-actuem\/","title":{"rendered":"Ante la llegada de menores no acompa\u00f1ados, actuamos"},"content":{"rendered":"<p>Estos \u00faltimos meses habr\u00e9is o\u00eddo hablar en los medios de comunicaci\u00f3n de un incremento notable de <strong>llegadas de menore<\/strong><strong>s e<\/strong><strong>xtranjeros sin<\/strong><strong> referent<\/strong><strong>e<\/strong><strong>s adult<\/strong><strong>os <\/strong>y la situaci\u00f3n de desborde que tanto la administraci\u00f3n como las entidades sociales estamos sufriendo. Entrevistas casi a diario y art\u00edculos en distintos medios de comunicaci\u00f3n ponen los datos a estas llegadas de j\u00f3venes, mayoritariamente procedentes de Marruecos, a quienes cada vez es m\u00e1s complicado atender en condiciones. Aqu\u00ed ten\u00e9is dos ejemplos:<\/p>\n<ul>\n<li>BTV &#8211;\u00a0<a href=\"https:\/\/beteve.cat\/societat\/menors-immigrants-desborda-dgaia\/\">La llegada de menores inmigrantes no acompa\u00f1ados desborda la DGAIA<\/a><\/li>\n<li>Els matins de TV3 &#8211;\u00a0<a href=\"http:\/\/www.ccma.cat\/tv3\/alacarta\/els-matins\/la-gestio-dels-menors-no-acompanyats-arriba-al-parlament\/video\/5788147\/\">La gesti\u00f3n de los menores no acompa\u00f1ados, al Parlament<\/a><\/li>\n<li>Diari Ara &#8211;\u00a0<a href=\"https:\/\/www.ara.cat\/internacional\/Reprimits-Marroc-rifenys-fugen-pasteres_0_2092590918.html\">Reprimidos por Marruecos, los rife\u00f1os huyen en pateras<\/a><\/li>\n<\/ul>\n<p><img loading=\"lazy\" decoding=\"async\" class=\"aligncenter wp-image-4752\" src=\"https:\/\/puntdereferencia.org\/wp-content\/uploads\/2024\/07\/Grafic-dades-arribades-menors-acompanyats_2082401982_56485321_651x759.png\" alt=\"\" width=\"513\" height=\"598\" \/><\/p>\n<p>&nbsp;<\/p>\n<p><strong>Ante esta situaci\u00f3n son necesarias solucione<\/strong><strong>s. <\/strong>En este entorno, ha sido obligatorio para Punt de Refer\u00e8ncia plantearse responder esta demanda <strong>multiplican<\/strong><strong>do la<\/strong><strong>s pla<\/strong><strong>za<\/strong><strong>s d<\/strong><strong>e vivienda <\/strong>para ofrecerlas a estos j\u00f3venes, hecho que ha supuesto doblar en pocos meses los pisos asistidos de la entidad. La Junta y el equipo t\u00e9cnico de Punt de Refer\u00e8ncia hemos sopesado a conciencia de qu\u00e9 manera podemos responder a la emergencia del momento, teniendo en cuenta que estas llegadas de j\u00f3venes se pueden cronificar en el tiempo mientras no haya una estrategia pol\u00edtica a medio y largo plazo.<\/p>\n<p><strong>El modelo de intervenci\u00f3n de Punt de Refer<\/strong><strong>\u00e8<\/strong><strong>ncia. <\/strong><\/p>\n<p>Como explicamos en este bolet\u00edn de setiembre, hemos hecho un gran esfuerzo para ampliar plazas (tanto en los proyectos de vivienda como en los de mentor\u00eda) para poder acompa\u00f1ar a m\u00e1s j\u00f3venes. Sostener econ\u00f3micamente la ampliaci\u00f3n de plazas para los proyectos de mentor\u00eda nos representa un gran reto. No es f\u00e1cil conseguir los recursos econ\u00f3micos necesarios. No somos una entidad con capacidad de atender emergencias o grandes vol\u00famenes.<\/p>\n<p>A la vez, seguimos siendo una entidad peque\u00f1a que trabajamos con un modelo propio basado en la c<strong>alidad por encima<\/strong><strong> de la<\/strong><strong> c<\/strong><strong>anti<\/strong><strong>dad <\/strong>y con la <strong>atenci\u00f3n centrada en la persona. <\/strong><\/p>\n<p>La apuesta de la entidad es para reforzar <strong>la mentor<\/strong><strong>\u00eda <\/strong>como herramienta principal de intervenci\u00f3n social con j\u00f3venes en situaci\u00f3n de riesgo, complement\u00e1ndola con programas de apoyo laboral y de vivienda. Nuestro modelo de mentor\u00eda cuida mucho el <strong>ac<\/strong><strong>ompa<\/strong><strong>\u00f1amiento y la supervisi\u00f3n<\/strong><strong> de l<\/strong><strong>as relaciones de j\u00f3venes con su referente<\/strong><strong> adult<\/strong><strong>o positivo, por parte<\/strong><strong> del<\/strong><strong> equipo t\u00e9<\/strong><strong>cnic<\/strong><strong>o<\/strong>. De esta forma seguiremos aportando nuestra experiencia en mentor\u00eda social a disposici\u00f3n de la administraci\u00f3n y de otras entidades que quieran incorporarla para fortalecer sus programas de atenci\u00f3n a menores y j\u00f3venes en situaci\u00f3n vulnerable, promoviendo que las relaciones tengan un impacto positivo en la vida y la emancipaci\u00f3n de los j\u00f3venes.<\/p>\n","protected":false},"excerpt":{"rendered":"<p>Estos \u00faltimos meses habr\u00e9is o\u00eddo hablar en los medios de comunicaci\u00f3n de un incremento notable de llegadas de menores extranjeros sin referentes adultos y la situaci\u00f3n de desborde que tanto la administraci\u00f3n como las entidades sociales estamos sufriendo. Entrevistas casi a diario y art\u00edculos en distintos medios de comunicaci\u00f3n ponen los datos a estas llegadas [&hellip;]<\/p>\n","protected":false},"author":1,"featured_media":19017,"comment_status":"open","ping_status":"open","sticky":false,"template":"","format":"standard","meta":{"footnotes":""},"categories":[913],"tags":[44,45,42,46,25,47,11],"class_list":["post-24398","post","type-post","status-publish","format-standard","has-post-thumbnail","hentry","category-noticias-es","tag-acompanyament","tag-barcelona","tag-habitatge","tag-immigracio","tag-joves","tag-menors","tag-mentoria"],"yoast_head":"<!-- This site is optimized with the Yoast SEO plugin v27.1.1 - https:\/\/yoast.com\/product\/yoast-seo-wordpress\/ -->\n<title>Ante la llegada de menores no acompa\u00f1ados, actuamos - Punt de Referencia<\/title>\n<meta name=\"robots\" content=\"index, follow, max-snippet:-1, max-image-preview:large, max-video-preview:-1\" \/>\n<link rel=\"canonical\" href=\"https:\/\/puntdereferencia.org\/es\/davant-larribada-de-menors-no-acompanyats-actuem\/\" \/>\n<meta property=\"og:locale\" content=\"es_ES\" \/>\n<meta property=\"og:type\" content=\"article\" \/>\n<meta property=\"og:title\" content=\"Ante la llegada de menores no acompa\u00f1ados, actuamos - Punt de Referencia\" \/>\n<meta property=\"og:description\" content=\"Estos \u00faltimos meses habr\u00e9is o\u00eddo hablar en los medios de comunicaci\u00f3n de un incremento notable de llegadas de menores extranjeros sin referentes adultos y la situaci\u00f3n de desborde que tanto la administraci\u00f3n como las entidades sociales estamos sufriendo. Entrevistas casi a diario y art\u00edculos en distintos medios de comunicaci\u00f3n ponen los datos a estas llegadas [&hellip;]\" \/>\n<meta property=\"og:url\" content=\"https:\/\/puntdereferencia.org\/es\/davant-larribada-de-menors-no-acompanyats-actuem\/\" \/>\n<meta property=\"og:site_name\" content=\"Punt de Referencia\" \/>\n<meta property=\"article:published_time\" content=\"2018-09-28T13:06:38+00:00\" \/>\n<meta property=\"article:modified_time\" content=\"2024-07-31T11:50:24+00:00\" \/>\n<meta property=\"og:image\" content=\"https:\/\/puntdereferencia.org\/wp-content\/uploads\/2024\/07\/bit3213-scaled-1.jpg\" \/>\n\t<meta property=\"og:image:width\" content=\"2560\" \/>\n\t<meta property=\"og:image:height\" content=\"1709\" \/>\n\t<meta property=\"og:image:type\" content=\"image\/jpeg\" \/>\n<meta name=\"author\" content=\"admin\" \/>\n<meta name=\"twitter:card\" content=\"summary_large_image\" \/>\n<meta name=\"twitter:label1\" content=\"Escrito por\" \/>\n\t<meta name=\"twitter:data1\" content=\"admin\" \/>\n\t<meta name=\"twitter:label2\" content=\"Tiempo de lectura\" \/>\n\t<meta name=\"twitter:data2\" content=\"3 minutos\" \/>\n<script type=\"application\/ld+json\" class=\"yoast-schema-graph\">{\"@context\":\"https:\/\/schema.org\",\"@graph\":[{\"@type\":\"Article\",\"@id\":\"https:\/\/puntdereferencia.org\/es\/davant-larribada-de-menors-no-acompanyats-actuem\/#article\",\"isPartOf\":{\"@id\":\"https:\/\/puntdereferencia.org\/es\/davant-larribada-de-menors-no-acompanyats-actuem\/\"},\"author\":{\"name\":\"admin\",\"@id\":\"https:\/\/puntdereferencia.org\/es\/#\/schema\/person\/c475209bcc857303ec6ed0259d3cf078\"},\"headline\":\"Ante la llegada de menores no acompa\u00f1ados, actuamos\",\"datePublished\":\"2018-09-28T13:06:38+00:00\",\"dateModified\":\"2024-07-31T11:50:24+00:00\",\"mainEntityOfPage\":{\"@id\":\"https:\/\/puntdereferencia.org\/es\/davant-larribada-de-menors-no-acompanyats-actuem\/\"},\"wordCount\":502,\"commentCount\":661,\"image\":{\"@id\":\"https:\/\/puntdereferencia.org\/es\/davant-larribada-de-menors-no-acompanyats-actuem\/#primaryimage\"},\"thumbnailUrl\":\"https:\/\/puntdereferencia.org\/wp-content\/uploads\/2024\/07\/bit3213-scaled-1.jpg\",\"keywords\":[\"acompanyament\",\"barcelona\",\"habitatge\",\"immigraci\u00f3\",\"joves\",\"menors\",\"mentoria\"],\"articleSection\":[\"NOTICIAS\"],\"inLanguage\":\"es\",\"potentialAction\":[{\"@type\":\"CommentAction\",\"name\":\"Comment\",\"target\":[\"https:\/\/puntdereferencia.org\/es\/davant-larribada-de-menors-no-acompanyats-actuem\/#respond\"]}]},{\"@type\":\"WebPage\",\"@id\":\"https:\/\/puntdereferencia.org\/es\/davant-larribada-de-menors-no-acompanyats-actuem\/\",\"url\":\"https:\/\/puntdereferencia.org\/es\/davant-larribada-de-menors-no-acompanyats-actuem\/\",\"name\":\"Ante la llegada de menores no acompa\u00f1ados, actuamos - Punt de Referencia\",\"isPartOf\":{\"@id\":\"https:\/\/puntdereferencia.org\/es\/#website\"},\"primaryImageOfPage\":{\"@id\":\"https:\/\/puntdereferencia.org\/es\/davant-larribada-de-menors-no-acompanyats-actuem\/#primaryimage\"},\"image\":{\"@id\":\"https:\/\/puntdereferencia.org\/es\/davant-larribada-de-menors-no-acompanyats-actuem\/#primaryimage\"},\"thumbnailUrl\":\"https:\/\/puntdereferencia.org\/wp-content\/uploads\/2024\/07\/bit3213-scaled-1.jpg\",\"datePublished\":\"2018-09-28T13:06:38+00:00\",\"dateModified\":\"2024-07-31T11:50:24+00:00\",\"author\":{\"@id\":\"https:\/\/puntdereferencia.org\/es\/#\/schema\/person\/c475209bcc857303ec6ed0259d3cf078\"},\"breadcrumb\":{\"@id\":\"https:\/\/puntdereferencia.org\/es\/davant-larribada-de-menors-no-acompanyats-actuem\/#breadcrumb\"},\"inLanguage\":\"es\",\"potentialAction\":[{\"@type\":\"ReadAction\",\"target\":[\"https:\/\/puntdereferencia.org\/es\/davant-larribada-de-menors-no-acompanyats-actuem\/\"]}]},{\"@type\":\"ImageObject\",\"inLanguage\":\"es\",\"@id\":\"https:\/\/puntdereferencia.org\/es\/davant-larribada-de-menors-no-acompanyats-actuem\/#primaryimage\",\"url\":\"https:\/\/puntdereferencia.org\/wp-content\/uploads\/2024\/07\/bit3213-scaled-1.jpg\",\"contentUrl\":\"https:\/\/puntdereferencia.org\/wp-content\/uploads\/2024\/07\/bit3213-scaled-1.jpg\",\"width\":2560,\"height\":1709},{\"@type\":\"BreadcrumbList\",\"@id\":\"https:\/\/puntdereferencia.org\/es\/davant-larribada-de-menors-no-acompanyats-actuem\/#breadcrumb\",\"itemListElement\":[{\"@type\":\"ListItem\",\"position\":1,\"name\":\"Inici\",\"item\":\"https:\/\/puntdereferencia.org\/es\/inicio\/\"},{\"@type\":\"ListItem\",\"position\":2,\"name\":\"Ante la llegada de menores no acompa\u00f1ados, actuamos\"}]},{\"@type\":\"WebSite\",\"@id\":\"https:\/\/puntdereferencia.org\/es\/#website\",\"url\":\"https:\/\/puntdereferencia.org\/es\/\",\"name\":\"Punt de Referencia\",\"description\":\"\",\"potentialAction\":[{\"@type\":\"SearchAction\",\"target\":{\"@type\":\"EntryPoint\",\"urlTemplate\":\"https:\/\/puntdereferencia.org\/es\/?s={search_term_string}\"},\"query-input\":{\"@type\":\"PropertyValueSpecification\",\"valueRequired\":true,\"valueName\":\"search_term_string\"}}],\"inLanguage\":\"es\"},{\"@type\":\"Person\",\"@id\":\"https:\/\/puntdereferencia.org\/es\/#\/schema\/person\/c475209bcc857303ec6ed0259d3cf078\",\"name\":\"admin\",\"image\":{\"@type\":\"ImageObject\",\"inLanguage\":\"es\",\"@id\":\"https:\/\/puntdereferencia.org\/es\/#\/schema\/person\/image\/\",\"url\":\"https:\/\/secure.gravatar.com\/avatar\/ff306d55f6aedb51a29e838506fafaa76a30bce9f5db9aca2e28921b903aaad2?s=96&d=mm&r=g\",\"contentUrl\":\"https:\/\/secure.gravatar.com\/avatar\/ff306d55f6aedb51a29e838506fafaa76a30bce9f5db9aca2e28921b903aaad2?s=96&d=mm&r=g\",\"caption\":\"admin\"},\"sameAs\":[\"http:\/\/\/home\/puntref\/webapps\/web2024\"],\"url\":\"https:\/\/puntdereferencia.org\/es\/author\/admin\/\"}]}<\/script>\n<!-- \/ Yoast SEO plugin. -->","yoast_head_json":{"title":"Ante la llegada de menores no acompa\u00f1ados, actuamos - Punt de Referencia","robots":{"index":"index","follow":"follow","max-snippet":"max-snippet:-1","max-image-preview":"max-image-preview:large","max-video-preview":"max-video-preview:-1"},"canonical":"https:\/\/puntdereferencia.org\/es\/davant-larribada-de-menors-no-acompanyats-actuem\/","og_locale":"es_ES","og_type":"article","og_title":"Ante la llegada de menores no acompa\u00f1ados, actuamos - Punt de Referencia","og_description":"Estos \u00faltimos meses habr\u00e9is o\u00eddo hablar en los medios de comunicaci\u00f3n de un incremento notable de llegadas de menores extranjeros sin referentes adultos y la situaci\u00f3n de desborde que tanto la administraci\u00f3n como las entidades sociales estamos sufriendo. Entrevistas casi a diario y art\u00edculos en distintos medios de comunicaci\u00f3n ponen los datos a estas llegadas [&hellip;]","og_url":"https:\/\/puntdereferencia.org\/es\/davant-larribada-de-menors-no-acompanyats-actuem\/","og_site_name":"Punt de Referencia","article_published_time":"2018-09-28T13:06:38+00:00","article_modified_time":"2024-07-31T11:50:24+00:00","og_image":[{"width":2560,"height":1709,"url":"https:\/\/puntdereferencia.org\/wp-content\/uploads\/2024\/07\/bit3213-scaled-1.jpg","type":"image\/jpeg"}],"author":"admin","twitter_card":"summary_large_image","twitter_misc":{"Escrito por":"admin","Tiempo de lectura":"3 minutos"},"schema":{"@context":"https:\/\/schema.org","@graph":[{"@type":"Article","@id":"https:\/\/puntdereferencia.org\/es\/davant-larribada-de-menors-no-acompanyats-actuem\/#article","isPartOf":{"@id":"https:\/\/puntdereferencia.org\/es\/davant-larribada-de-menors-no-acompanyats-actuem\/"},"author":{"name":"admin","@id":"https:\/\/puntdereferencia.org\/es\/#\/schema\/person\/c475209bcc857303ec6ed0259d3cf078"},"headline":"Ante la llegada de menores no acompa\u00f1ados, actuamos","datePublished":"2018-09-28T13:06:38+00:00","dateModified":"2024-07-31T11:50:24+00:00","mainEntityOfPage":{"@id":"https:\/\/puntdereferencia.org\/es\/davant-larribada-de-menors-no-acompanyats-actuem\/"},"wordCount":502,"commentCount":661,"image":{"@id":"https:\/\/puntdereferencia.org\/es\/davant-larribada-de-menors-no-acompanyats-actuem\/#primaryimage"},"thumbnailUrl":"https:\/\/puntdereferencia.org\/wp-content\/uploads\/2024\/07\/bit3213-scaled-1.jpg","keywords":["acompanyament","barcelona","habitatge","immigraci\u00f3","joves","menors","mentoria"],"articleSection":["NOTICIAS"],"inLanguage":"es","potentialAction":[{"@type":"CommentAction","name":"Comment","target":["https:\/\/puntdereferencia.org\/es\/davant-larribada-de-menors-no-acompanyats-actuem\/#respond"]}]},{"@type":"WebPage","@id":"https:\/\/puntdereferencia.org\/es\/davant-larribada-de-menors-no-acompanyats-actuem\/","url":"https:\/\/puntdereferencia.org\/es\/davant-larribada-de-menors-no-acompanyats-actuem\/","name":"Ante la llegada de menores no acompa\u00f1ados, actuamos - Punt de Referencia","isPartOf":{"@id":"https:\/\/puntdereferencia.org\/es\/#website"},"primaryImageOfPage":{"@id":"https:\/\/puntdereferencia.org\/es\/davant-larribada-de-menors-no-acompanyats-actuem\/#primaryimage"},"image":{"@id":"https:\/\/puntdereferencia.org\/es\/davant-larribada-de-menors-no-acompanyats-actuem\/#primaryimage"},"thumbnailUrl":"https:\/\/puntdereferencia.org\/wp-content\/uploads\/2024\/07\/bit3213-scaled-1.jpg","datePublished":"2018-09-28T13:06:38+00:00","dateModified":"2024-07-31T11:50:24+00:00","author":{"@id":"https:\/\/puntdereferencia.org\/es\/#\/schema\/person\/c475209bcc857303ec6ed0259d3cf078"},"breadcrumb":{"@id":"https:\/\/puntdereferencia.org\/es\/davant-larribada-de-menors-no-acompanyats-actuem\/#breadcrumb"},"inLanguage":"es","potentialAction":[{"@type":"ReadAction","target":["https:\/\/puntdereferencia.org\/es\/davant-larribada-de-menors-no-acompanyats-actuem\/"]}]},{"@type":"ImageObject","inLanguage":"es","@id":"https:\/\/puntdereferencia.org\/es\/davant-larribada-de-menors-no-acompanyats-actuem\/#primaryimage","url":"https:\/\/puntdereferencia.org\/wp-content\/uploads\/2024\/07\/bit3213-scaled-1.jpg","contentUrl":"https:\/\/puntdereferencia.org\/wp-content\/uploads\/2024\/07\/bit3213-scaled-1.jpg","width":2560,"height":1709},{"@type":"BreadcrumbList","@id":"https:\/\/puntdereferencia.org\/es\/davant-larribada-de-menors-no-acompanyats-actuem\/#breadcrumb","itemListElement":[{"@type":"ListItem","position":1,"name":"Inici","item":"https:\/\/puntdereferencia.org\/es\/inicio\/"},{"@type":"ListItem","position":2,"name":"Ante la llegada de menores no acompa\u00f1ados, actuamos"}]},{"@type":"WebSite","@id":"https:\/\/puntdereferencia.org\/es\/#website","url":"https:\/\/puntdereferencia.org\/es\/","name":"Punt de Referencia","description":"","potentialAction":[{"@type":"SearchAction","target":{"@type":"EntryPoint","urlTemplate":"https:\/\/puntdereferencia.org\/es\/?s={search_term_string}"},"query-input":{"@type":"PropertyValueSpecification","valueRequired":true,"valueName":"search_term_string"}}],"inLanguage":"es"},{"@type":"Person","@id":"https:\/\/puntdereferencia.org\/es\/#\/schema\/person\/c475209bcc857303ec6ed0259d3cf078","name":"admin","image":{"@type":"ImageObject","inLanguage":"es","@id":"https:\/\/puntdereferencia.org\/es\/#\/schema\/person\/image\/","url":"https:\/\/secure.gravatar.com\/avatar\/ff306d55f6aedb51a29e838506fafaa76a30bce9f5db9aca2e28921b903aaad2?s=96&d=mm&r=g","contentUrl":"https:\/\/secure.gravatar.com\/avatar\/ff306d55f6aedb51a29e838506fafaa76a30bce9f5db9aca2e28921b903aaad2?s=96&d=mm&r=g","caption":"admin"},"sameAs":["http:\/\/\/home\/puntref\/webapps\/web2024"],"url":"https:\/\/puntdereferencia.org\/es\/author\/admin\/"}]}},"_links":{"self":[{"href":"https:\/\/puntdereferencia.org\/es\/wp-json\/wp\/v2\/posts\/24398","targetHints":{"allow":["GET"]}}],"collection":[{"href":"https:\/\/puntdereferencia.org\/es\/wp-json\/wp\/v2\/posts"}],"about":[{"href":"https:\/\/puntdereferencia.org\/es\/wp-json\/wp\/v2\/types\/post"}],"author":[{"embeddable":true,"href":"https:\/\/puntdereferencia.org\/es\/wp-json\/wp\/v2\/users\/1"}],"replies":[{"embeddable":true,"href":"https:\/\/puntdereferencia.org\/es\/wp-json\/wp\/v2\/comments?post=24398"}],"version-history":[{"count":3,"href":"https:\/\/puntdereferencia.org\/es\/wp-json\/wp\/v2\/posts\/24398\/revisions"}],"predecessor-version":[{"id":26719,"href":"https:\/\/puntdereferencia.org\/es\/wp-json\/wp\/v2\/posts\/24398\/revisions\/26719"}],"wp:featuredmedia":[{"embeddable":true,"href":"https:\/\/puntdereferencia.org\/es\/wp-json\/wp\/v2\/media\/19017"}],"wp:attachment":[{"href":"https:\/\/puntdereferencia.org\/es\/wp-json\/wp\/v2\/media?parent=24398"}],"wp:term":[{"taxonomy":"category","embeddable":true,"href":"https:\/\/puntdereferencia.org\/es\/wp-json\/wp\/v2\/categories?post=24398"},{"taxonomy":"post_tag","embeddable":true,"href":"https:\/\/puntdereferencia.org\/es\/wp-json\/wp\/v2\/tags?post=24398"}],"curies":[{"name":"wp","href":"https:\/\/api.w.org\/{rel}","templated":true}]}}