{"id":24404,"date":"2018-10-30T14:04:41","date_gmt":"2018-10-30T14:04:41","guid":{"rendered":"https:\/\/puntdereferencia.org\/un-equip-de-joves-simplica-en-la-millora-dels-pisos-de-barcelona\/"},"modified":"2024-07-31T11:48:22","modified_gmt":"2024-07-31T11:48:22","slug":"un-equip-de-joves-simplica-en-la-millora-dels-pisos-de-barcelona","status":"publish","type":"post","link":"https:\/\/puntdereferencia.org\/es\/un-equip-de-joves-simplica-en-la-millora-dels-pisos-de-barcelona\/","title":{"rendered":"Un equipo de j\u00f3venes se implica en la mejora del piso asistido"},"content":{"rendered":"<p>De los cuatro pisos asistidos que Punt de Refer\u00e8ncia ofrece a los j\u00f3venes extutelados, hay 2 situados en Barcelona ciudad. Estas semanas estamos haciendo cambios en estos pisos. Empezaremos hablando del piso \u201cEl Pas\u201d, en el barrio del Poblenou. Necesitaba obras de mejora, una limpieza a fondo y unas manos que lo convirtieran en un hogar amable y donde los j\u00f3venes vivieran a gusto.<\/p>\n<p>&nbsp;<\/p>\n<p><strong>La cara <\/strong><strong>nueva <\/strong><strong>del pis<\/strong><strong>o<\/strong><strong> de Poblenou: <\/strong><\/p>\n<p>Primero, empezamos con las obras: ventanas de aluminio nuevas en el comedor, en el dormitorio exterior y en el ba\u00f1o; revisi\u00f3n de toda la instalaci\u00f3n el\u00e9ctrica, luces nuevas de bajo consumo, revisi\u00f3n de la carpinter\u00eda interior (puertas y ventanas), cocina nueva y campana extractora de humos tambi\u00e9n nueva, lavabo peque\u00f1o nuevo,&#8230; Una gran inversi\u00f3n que ha sido posible gracias a la ayuda econ\u00f3mica de <em>n<\/em><em>ue<\/em><em>stra <\/em>oficina de \u201cla Caixa\u201d, la 1195, y a la bonificaci\u00f3n en el alquiler que nos ha aplicado la Fundaci\u00f3n Pere Relats.<\/p>\n<p>Una vez conseguidas las ayudas econ\u00f3micas necesarias, era necesario, tambi\u00e9n, sumar la implicaci\u00f3n de las personas j\u00f3venes que viven en \u00e9l. Desde hac\u00eda unos d\u00edas que los j\u00f3venes del piso de Poblenou y su educadora (la Marta) se hab\u00edan reservado el fin de semana del 27 y 28 de octubre para conseguir el cambio que quer\u00edan dar a su piso. Se organizaron para comprar pintura, brochas y todo el material que necesitaban para dejar las paredes y las puertas blancas y renovadas.<\/p>\n<p><img loading=\"lazy\" decoding=\"async\" class=\"alignnone wp-image-5148\" src=\"http:\/\/puntdereferencia.org\/wp-content\/uploads\/2024\/07\/DSC_0020-scaled-1.jpg\" alt=\"\" width=\"481\" height=\"322\" \/><\/p>\n<p>El equipo trabaj\u00f3 a gusto y a fondo y, tal como hab\u00edan previsto, el domingo ten\u00edan toda la casa pintada (y limpia!). Solamente faltaba ultimar algunos detalles.<br \/>\nEl domingo, adem\u00e1s, esperaban la visita de Noem\u00ed y Ari, dos colaboradoras que iban a grabar un v\u00eddeo para hacer difusi\u00f3n de la tarea de la entidad desde su canal de Youtube \u2018Bon dia M\u00f3n\u2019. Los chicos ense\u00f1aron el piso y colaboraron en la grabaci\u00f3n del <a href=\"https:\/\/www.youtube.com\/watch?v=aUny8V0VfC8\">v\u00eddeo, \u00e9s te es el resultado<\/a>!<\/p>\n<p><img loading=\"lazy\" decoding=\"async\" class=\"wp-image-5133 alignleft\" src=\"http:\/\/puntdereferencia.org\/wp-content\/uploads\/2024\/07\/DSC_0009-scaled-1.jpg\" alt=\"\" width=\"480\" height=\"321\" \/><\/p>\n<p><img loading=\"lazy\" decoding=\"async\" class=\"alignnone wp-image-5130\" src=\"http:\/\/puntdereferencia.org\/wp-content\/uploads\/2024\/07\/DSC_0048-scaled-1.jpg\" alt=\"\" width=\"481\" height=\"322\" \/><\/p>\n<p>Despu\u00e9s del fin de semana de intenso trabajo, terminaron con una merienda compartida y, como no pod\u00eda faltar, un poco de ocio viendo el Bar\u00e7a \u2013 Madrid de f\u00fatbol!<\/p>\n<p>&nbsp;<\/p>\n<p><strong>El piso<\/strong><strong> \u2018<\/strong><strong>El Trampol<\/strong><strong>\u00ed\u2019 <\/strong><strong>s<\/strong><strong>e traslada<br \/>\n<\/strong>El mes de noviembre traer\u00e1 novedades al piso \u201cEl Trampol\u00ed\u201d. Lo explicaremos en el pr\u00f3ximo bolet\u00edn!<\/p>\n<p>&nbsp;<\/p>\n<p>&nbsp;<\/p>\n<p>&nbsp;<\/p>\n","protected":false},"excerpt":{"rendered":"<p>De los cuatro pisos asistidos que Punt de Refer\u00e8ncia ofrece a los j\u00f3venes extutelados, hay 2 situados en Barcelona ciudad. Estas semanas estamos haciendo cambios en estos pisos. Empezaremos hablando del piso \u201cEl Pas\u201d, en el barrio del Poblenou. Necesitaba obras de mejora, una limpieza a fondo y unas manos que lo convirtieran en un [&hellip;]<\/p>\n","protected":false},"author":1,"featured_media":19630,"comment_status":"open","ping_status":"open","sticky":false,"template":"","format":"standard","meta":{"footnotes":""},"categories":[913],"tags":[42,85],"class_list":["post-24404","post","type-post","status-publish","format-standard","has-post-thumbnail","hentry","category-noticias-es","tag-habitatge","tag-youtube"],"yoast_head":"<!-- This site is optimized with the Yoast SEO plugin v27.1.1 - https:\/\/yoast.com\/product\/yoast-seo-wordpress\/ -->\n<title>Un equipo de j\u00f3venes se implica en la mejora del piso asistido - Punt de Referencia<\/title>\n<meta name=\"robots\" content=\"index, follow, max-snippet:-1, max-image-preview:large, max-video-preview:-1\" \/>\n<link rel=\"canonical\" href=\"https:\/\/puntdereferencia.org\/es\/un-equip-de-joves-simplica-en-la-millora-dels-pisos-de-barcelona\/\" \/>\n<meta property=\"og:locale\" content=\"es_ES\" \/>\n<meta property=\"og:type\" content=\"article\" \/>\n<meta property=\"og:title\" content=\"Un equipo de j\u00f3venes se implica en la mejora del piso asistido - Punt de Referencia\" \/>\n<meta property=\"og:description\" content=\"De los cuatro pisos asistidos que Punt de Refer\u00e8ncia ofrece a los j\u00f3venes extutelados, hay 2 situados en Barcelona ciudad. Estas semanas estamos haciendo cambios en estos pisos. Empezaremos hablando del piso \u201cEl Pas\u201d, en el barrio del Poblenou. Necesitaba obras de mejora, una limpieza a fondo y unas manos que lo convirtieran en un [&hellip;]\" \/>\n<meta property=\"og:url\" content=\"https:\/\/puntdereferencia.org\/es\/un-equip-de-joves-simplica-en-la-millora-dels-pisos-de-barcelona\/\" \/>\n<meta property=\"og:site_name\" content=\"Punt de Referencia\" \/>\n<meta property=\"article:published_time\" content=\"2018-10-30T14:04:41+00:00\" \/>\n<meta property=\"article:modified_time\" content=\"2024-07-31T11:48:22+00:00\" \/>\n<meta property=\"og:image\" content=\"https:\/\/puntdereferencia.org\/wp-content\/uploads\/2024\/07\/DSC_0021-scaled-1.jpg\" \/>\n\t<meta property=\"og:image:width\" content=\"2560\" \/>\n\t<meta property=\"og:image:height\" content=\"1714\" \/>\n\t<meta property=\"og:image:type\" content=\"image\/jpeg\" \/>\n<meta name=\"author\" content=\"admin\" \/>\n<meta name=\"twitter:card\" content=\"summary_large_image\" \/>\n<meta name=\"twitter:label1\" content=\"Escrito por\" \/>\n\t<meta name=\"twitter:data1\" content=\"admin\" \/>\n\t<meta name=\"twitter:label2\" content=\"Tiempo de lectura\" \/>\n\t<meta name=\"twitter:data2\" content=\"3 minutos\" \/>\n<script type=\"application\/ld+json\" class=\"yoast-schema-graph\">{\"@context\":\"https:\/\/schema.org\",\"@graph\":[{\"@type\":\"Article\",\"@id\":\"https:\/\/puntdereferencia.org\/es\/un-equip-de-joves-simplica-en-la-millora-dels-pisos-de-barcelona\/#article\",\"isPartOf\":{\"@id\":\"https:\/\/puntdereferencia.org\/es\/un-equip-de-joves-simplica-en-la-millora-dels-pisos-de-barcelona\/\"},\"author\":{\"name\":\"admin\",\"@id\":\"https:\/\/puntdereferencia.org\/es\/#\/schema\/person\/c475209bcc857303ec6ed0259d3cf078\"},\"headline\":\"Un equipo de j\u00f3venes se implica en la mejora del piso asistido\",\"datePublished\":\"2018-10-30T14:04:41+00:00\",\"dateModified\":\"2024-07-31T11:48:22+00:00\",\"mainEntityOfPage\":{\"@id\":\"https:\/\/puntdereferencia.org\/es\/un-equip-de-joves-simplica-en-la-millora-dels-pisos-de-barcelona\/\"},\"wordCount\":425,\"commentCount\":0,\"image\":{\"@id\":\"https:\/\/puntdereferencia.org\/es\/un-equip-de-joves-simplica-en-la-millora-dels-pisos-de-barcelona\/#primaryimage\"},\"thumbnailUrl\":\"https:\/\/puntdereferencia.org\/wp-content\/uploads\/2024\/07\/DSC_0021-scaled-1.jpg\",\"keywords\":[\"habitatge\",\"youtube\"],\"articleSection\":[\"NOTICIAS\"],\"inLanguage\":\"es\",\"potentialAction\":[{\"@type\":\"CommentAction\",\"name\":\"Comment\",\"target\":[\"https:\/\/puntdereferencia.org\/es\/un-equip-de-joves-simplica-en-la-millora-dels-pisos-de-barcelona\/#respond\"]}]},{\"@type\":\"WebPage\",\"@id\":\"https:\/\/puntdereferencia.org\/es\/un-equip-de-joves-simplica-en-la-millora-dels-pisos-de-barcelona\/\",\"url\":\"https:\/\/puntdereferencia.org\/es\/un-equip-de-joves-simplica-en-la-millora-dels-pisos-de-barcelona\/\",\"name\":\"Un equipo de j\u00f3venes se implica en la mejora del piso asistido - Punt de Referencia\",\"isPartOf\":{\"@id\":\"https:\/\/puntdereferencia.org\/es\/#website\"},\"primaryImageOfPage\":{\"@id\":\"https:\/\/puntdereferencia.org\/es\/un-equip-de-joves-simplica-en-la-millora-dels-pisos-de-barcelona\/#primaryimage\"},\"image\":{\"@id\":\"https:\/\/puntdereferencia.org\/es\/un-equip-de-joves-simplica-en-la-millora-dels-pisos-de-barcelona\/#primaryimage\"},\"thumbnailUrl\":\"https:\/\/puntdereferencia.org\/wp-content\/uploads\/2024\/07\/DSC_0021-scaled-1.jpg\",\"datePublished\":\"2018-10-30T14:04:41+00:00\",\"dateModified\":\"2024-07-31T11:48:22+00:00\",\"author\":{\"@id\":\"https:\/\/puntdereferencia.org\/es\/#\/schema\/person\/c475209bcc857303ec6ed0259d3cf078\"},\"breadcrumb\":{\"@id\":\"https:\/\/puntdereferencia.org\/es\/un-equip-de-joves-simplica-en-la-millora-dels-pisos-de-barcelona\/#breadcrumb\"},\"inLanguage\":\"es\",\"potentialAction\":[{\"@type\":\"ReadAction\",\"target\":[\"https:\/\/puntdereferencia.org\/es\/un-equip-de-joves-simplica-en-la-millora-dels-pisos-de-barcelona\/\"]}]},{\"@type\":\"ImageObject\",\"inLanguage\":\"es\",\"@id\":\"https:\/\/puntdereferencia.org\/es\/un-equip-de-joves-simplica-en-la-millora-dels-pisos-de-barcelona\/#primaryimage\",\"url\":\"https:\/\/puntdereferencia.org\/wp-content\/uploads\/2024\/07\/DSC_0021-scaled-1.jpg\",\"contentUrl\":\"https:\/\/puntdereferencia.org\/wp-content\/uploads\/2024\/07\/DSC_0021-scaled-1.jpg\",\"width\":2560,\"height\":1714},{\"@type\":\"BreadcrumbList\",\"@id\":\"https:\/\/puntdereferencia.org\/es\/un-equip-de-joves-simplica-en-la-millora-dels-pisos-de-barcelona\/#breadcrumb\",\"itemListElement\":[{\"@type\":\"ListItem\",\"position\":1,\"name\":\"Inici\",\"item\":\"https:\/\/puntdereferencia.org\/es\/inicio\/\"},{\"@type\":\"ListItem\",\"position\":2,\"name\":\"Un equipo de j\u00f3venes se implica en la mejora del piso asistido\"}]},{\"@type\":\"WebSite\",\"@id\":\"https:\/\/puntdereferencia.org\/es\/#website\",\"url\":\"https:\/\/puntdereferencia.org\/es\/\",\"name\":\"Punt de Referencia\",\"description\":\"\",\"potentialAction\":[{\"@type\":\"SearchAction\",\"target\":{\"@type\":\"EntryPoint\",\"urlTemplate\":\"https:\/\/puntdereferencia.org\/es\/?s={search_term_string}\"},\"query-input\":{\"@type\":\"PropertyValueSpecification\",\"valueRequired\":true,\"valueName\":\"search_term_string\"}}],\"inLanguage\":\"es\"},{\"@type\":\"Person\",\"@id\":\"https:\/\/puntdereferencia.org\/es\/#\/schema\/person\/c475209bcc857303ec6ed0259d3cf078\",\"name\":\"admin\",\"image\":{\"@type\":\"ImageObject\",\"inLanguage\":\"es\",\"@id\":\"https:\/\/puntdereferencia.org\/es\/#\/schema\/person\/image\/\",\"url\":\"https:\/\/secure.gravatar.com\/avatar\/ff306d55f6aedb51a29e838506fafaa76a30bce9f5db9aca2e28921b903aaad2?s=96&d=mm&r=g\",\"contentUrl\":\"https:\/\/secure.gravatar.com\/avatar\/ff306d55f6aedb51a29e838506fafaa76a30bce9f5db9aca2e28921b903aaad2?s=96&d=mm&r=g\",\"caption\":\"admin\"},\"sameAs\":[\"http:\/\/\/home\/puntref\/webapps\/web2024\"],\"url\":\"https:\/\/puntdereferencia.org\/es\/author\/admin\/\"}]}<\/script>\n<!-- \/ Yoast SEO plugin. -->","yoast_head_json":{"title":"Un equipo de j\u00f3venes se implica en la mejora del piso asistido - Punt de Referencia","robots":{"index":"index","follow":"follow","max-snippet":"max-snippet:-1","max-image-preview":"max-image-preview:large","max-video-preview":"max-video-preview:-1"},"canonical":"https:\/\/puntdereferencia.org\/es\/un-equip-de-joves-simplica-en-la-millora-dels-pisos-de-barcelona\/","og_locale":"es_ES","og_type":"article","og_title":"Un equipo de j\u00f3venes se implica en la mejora del piso asistido - Punt de Referencia","og_description":"De los cuatro pisos asistidos que Punt de Refer\u00e8ncia ofrece a los j\u00f3venes extutelados, hay 2 situados en Barcelona ciudad. Estas semanas estamos haciendo cambios en estos pisos. Empezaremos hablando del piso \u201cEl Pas\u201d, en el barrio del Poblenou. Necesitaba obras de mejora, una limpieza a fondo y unas manos que lo convirtieran en un [&hellip;]","og_url":"https:\/\/puntdereferencia.org\/es\/un-equip-de-joves-simplica-en-la-millora-dels-pisos-de-barcelona\/","og_site_name":"Punt de Referencia","article_published_time":"2018-10-30T14:04:41+00:00","article_modified_time":"2024-07-31T11:48:22+00:00","og_image":[{"width":2560,"height":1714,"url":"https:\/\/puntdereferencia.org\/wp-content\/uploads\/2024\/07\/DSC_0021-scaled-1.jpg","type":"image\/jpeg"}],"author":"admin","twitter_card":"summary_large_image","twitter_misc":{"Escrito por":"admin","Tiempo de lectura":"3 minutos"},"schema":{"@context":"https:\/\/schema.org","@graph":[{"@type":"Article","@id":"https:\/\/puntdereferencia.org\/es\/un-equip-de-joves-simplica-en-la-millora-dels-pisos-de-barcelona\/#article","isPartOf":{"@id":"https:\/\/puntdereferencia.org\/es\/un-equip-de-joves-simplica-en-la-millora-dels-pisos-de-barcelona\/"},"author":{"name":"admin","@id":"https:\/\/puntdereferencia.org\/es\/#\/schema\/person\/c475209bcc857303ec6ed0259d3cf078"},"headline":"Un equipo de j\u00f3venes se implica en la mejora del piso asistido","datePublished":"2018-10-30T14:04:41+00:00","dateModified":"2024-07-31T11:48:22+00:00","mainEntityOfPage":{"@id":"https:\/\/puntdereferencia.org\/es\/un-equip-de-joves-simplica-en-la-millora-dels-pisos-de-barcelona\/"},"wordCount":425,"commentCount":0,"image":{"@id":"https:\/\/puntdereferencia.org\/es\/un-equip-de-joves-simplica-en-la-millora-dels-pisos-de-barcelona\/#primaryimage"},"thumbnailUrl":"https:\/\/puntdereferencia.org\/wp-content\/uploads\/2024\/07\/DSC_0021-scaled-1.jpg","keywords":["habitatge","youtube"],"articleSection":["NOTICIAS"],"inLanguage":"es","potentialAction":[{"@type":"CommentAction","name":"Comment","target":["https:\/\/puntdereferencia.org\/es\/un-equip-de-joves-simplica-en-la-millora-dels-pisos-de-barcelona\/#respond"]}]},{"@type":"WebPage","@id":"https:\/\/puntdereferencia.org\/es\/un-equip-de-joves-simplica-en-la-millora-dels-pisos-de-barcelona\/","url":"https:\/\/puntdereferencia.org\/es\/un-equip-de-joves-simplica-en-la-millora-dels-pisos-de-barcelona\/","name":"Un equipo de j\u00f3venes se implica en la mejora del piso asistido - Punt de Referencia","isPartOf":{"@id":"https:\/\/puntdereferencia.org\/es\/#website"},"primaryImageOfPage":{"@id":"https:\/\/puntdereferencia.org\/es\/un-equip-de-joves-simplica-en-la-millora-dels-pisos-de-barcelona\/#primaryimage"},"image":{"@id":"https:\/\/puntdereferencia.org\/es\/un-equip-de-joves-simplica-en-la-millora-dels-pisos-de-barcelona\/#primaryimage"},"thumbnailUrl":"https:\/\/puntdereferencia.org\/wp-content\/uploads\/2024\/07\/DSC_0021-scaled-1.jpg","datePublished":"2018-10-30T14:04:41+00:00","dateModified":"2024-07-31T11:48:22+00:00","author":{"@id":"https:\/\/puntdereferencia.org\/es\/#\/schema\/person\/c475209bcc857303ec6ed0259d3cf078"},"breadcrumb":{"@id":"https:\/\/puntdereferencia.org\/es\/un-equip-de-joves-simplica-en-la-millora-dels-pisos-de-barcelona\/#breadcrumb"},"inLanguage":"es","potentialAction":[{"@type":"ReadAction","target":["https:\/\/puntdereferencia.org\/es\/un-equip-de-joves-simplica-en-la-millora-dels-pisos-de-barcelona\/"]}]},{"@type":"ImageObject","inLanguage":"es","@id":"https:\/\/puntdereferencia.org\/es\/un-equip-de-joves-simplica-en-la-millora-dels-pisos-de-barcelona\/#primaryimage","url":"https:\/\/puntdereferencia.org\/wp-content\/uploads\/2024\/07\/DSC_0021-scaled-1.jpg","contentUrl":"https:\/\/puntdereferencia.org\/wp-content\/uploads\/2024\/07\/DSC_0021-scaled-1.jpg","width":2560,"height":1714},{"@type":"BreadcrumbList","@id":"https:\/\/puntdereferencia.org\/es\/un-equip-de-joves-simplica-en-la-millora-dels-pisos-de-barcelona\/#breadcrumb","itemListElement":[{"@type":"ListItem","position":1,"name":"Inici","item":"https:\/\/puntdereferencia.org\/es\/inicio\/"},{"@type":"ListItem","position":2,"name":"Un equipo de j\u00f3venes se implica en la mejora del piso asistido"}]},{"@type":"WebSite","@id":"https:\/\/puntdereferencia.org\/es\/#website","url":"https:\/\/puntdereferencia.org\/es\/","name":"Punt de Referencia","description":"","potentialAction":[{"@type":"SearchAction","target":{"@type":"EntryPoint","urlTemplate":"https:\/\/puntdereferencia.org\/es\/?s={search_term_string}"},"query-input":{"@type":"PropertyValueSpecification","valueRequired":true,"valueName":"search_term_string"}}],"inLanguage":"es"},{"@type":"Person","@id":"https:\/\/puntdereferencia.org\/es\/#\/schema\/person\/c475209bcc857303ec6ed0259d3cf078","name":"admin","image":{"@type":"ImageObject","inLanguage":"es","@id":"https:\/\/puntdereferencia.org\/es\/#\/schema\/person\/image\/","url":"https:\/\/secure.gravatar.com\/avatar\/ff306d55f6aedb51a29e838506fafaa76a30bce9f5db9aca2e28921b903aaad2?s=96&d=mm&r=g","contentUrl":"https:\/\/secure.gravatar.com\/avatar\/ff306d55f6aedb51a29e838506fafaa76a30bce9f5db9aca2e28921b903aaad2?s=96&d=mm&r=g","caption":"admin"},"sameAs":["http:\/\/\/home\/puntref\/webapps\/web2024"],"url":"https:\/\/puntdereferencia.org\/es\/author\/admin\/"}]}},"_links":{"self":[{"href":"https:\/\/puntdereferencia.org\/es\/wp-json\/wp\/v2\/posts\/24404","targetHints":{"allow":["GET"]}}],"collection":[{"href":"https:\/\/puntdereferencia.org\/es\/wp-json\/wp\/v2\/posts"}],"about":[{"href":"https:\/\/puntdereferencia.org\/es\/wp-json\/wp\/v2\/types\/post"}],"author":[{"embeddable":true,"href":"https:\/\/puntdereferencia.org\/es\/wp-json\/wp\/v2\/users\/1"}],"replies":[{"embeddable":true,"href":"https:\/\/puntdereferencia.org\/es\/wp-json\/wp\/v2\/comments?post=24404"}],"version-history":[{"count":3,"href":"https:\/\/puntdereferencia.org\/es\/wp-json\/wp\/v2\/posts\/24404\/revisions"}],"predecessor-version":[{"id":26714,"href":"https:\/\/puntdereferencia.org\/es\/wp-json\/wp\/v2\/posts\/24404\/revisions\/26714"}],"wp:featuredmedia":[{"embeddable":true,"href":"https:\/\/puntdereferencia.org\/es\/wp-json\/wp\/v2\/media\/19630"}],"wp:attachment":[{"href":"https:\/\/puntdereferencia.org\/es\/wp-json\/wp\/v2\/media?parent=24404"}],"wp:term":[{"taxonomy":"category","embeddable":true,"href":"https:\/\/puntdereferencia.org\/es\/wp-json\/wp\/v2\/categories?post=24404"},{"taxonomy":"post_tag","embeddable":true,"href":"https:\/\/puntdereferencia.org\/es\/wp-json\/wp\/v2\/tags?post=24404"}],"curies":[{"name":"wp","href":"https:\/\/api.w.org\/{rel}","templated":true}]}}