{"id":24406,"date":"2018-10-30T14:08:32","date_gmt":"2018-10-30T14:08:32","guid":{"rendered":"https:\/\/puntdereferencia.org\/casanova-fotografia-i-panasonic-interessades-en-el-gr16-18\/"},"modified":"2024-07-31T11:47:45","modified_gmt":"2024-07-31T11:47:45","slug":"casanova-fotografia-i-panasonic-interessades-en-el-gr16-18","status":"publish","type":"post","link":"https:\/\/puntdereferencia.org\/es\/casanova-fotografia-i-panasonic-interessades-en-el-gr16-18\/","title":{"rendered":"Fujifilm, Panasonic y Casanova Fotografia, interesadas en el GR16-18"},"content":{"rendered":"<p>El proyecto de fotograf\u00eda y mentor\u00eda para j\u00f3venes en la \u00faltima fase de tutela ha empezado recientemente su tercera edici\u00f3n, alcanzando m\u00e1s madurez y consistencia. Este curso contamos con 14 j\u00f3venes y 7 voluntarios y voluntarias con mucha energ\u00eda. Aqu\u00ed est\u00e1n!<\/p>\n<p>&nbsp;<\/p>\n<p><img loading=\"lazy\" decoding=\"async\" class=\"wp-image-5116 alignleft\" src=\"https:\/\/puntdereferencia.org\/wp-content\/uploads\/2024\/07\/DSCF4415.jpg\" alt=\"\" width=\"559\" height=\"419\" \/><\/p>\n<p><strong>L<\/strong><strong>a<\/strong><strong>s alian<\/strong><strong>zas empresarials <\/strong><\/p>\n<p>La sensibilizaci\u00f3n que se ha generado hasta el d\u00eda de hoy ha llegado f\u00e1cilmente a j\u00f3venes interesados en participar, a educadores, al nuevo voluntariado y ahora tambi\u00e9n a las empresas. En las tres ediciones hemos tenido el apoyo de <a href=\"https:\/\/www.fujifilm.eu\/es\/\">Fujifilm<\/a>, la empresa fotogr\u00e1fica que nos cede c\u00e1maras para que se puedan realizar los ejercicios propuestos, y nos ha dado la posibilidad de imprimir\u00a0 las fotograf\u00edas (a un precio reducido) para la creaci\u00f3n de la exposici\u00f3n final.<\/p>\n<p>Este curso que empieza el grupo de j\u00f3venes participantes se ampl\u00eda (14 j\u00f3venes + 7 personas mentoras), hecho que nos ha motivado a sumar m\u00e1s apoyos. En este sentido <a href=\"https:\/\/www.casanovafoto.com\/\">Casanova Fotografia<\/a>, la emblem\u00e1tica tienda de fotograf\u00eda del centro de la ciudad se ha mostrado sensible a les necesidades de las personas j\u00f3venes y que est\u00e1n muy interesadas por el trabajo que el GR16-18 realiza con ellas. Les c\u00e1maras <a href=\"https:\/\/www.panasonic.com\/es\/\">Panasonic<\/a> que nos dejan para este curso permiten que, junto con las de Fujifilm, todos los j\u00f3venes puedan tener una c\u00e1mara a su disposici\u00f3n. Casanova Fotografia tambi\u00e9n nos ha ofrecido imprimir las fotograf\u00edas para decorar los pisos asistidos y las aulas de Punt de Refer\u00e8ncia, as\u00ed como impartir una formaci\u00f3n por parte de un fot\u00f3grafo de la casa para explicar el uso de la c\u00e1mara a los j\u00f3venes.<\/p>\n<p>Siendo el GR16-18 el proyecto con m\u00e1s dificultad de financiaci\u00f3n, el apoyo de estas empresas suponen una gran ayuda. La alianza permite hacer frente a gastos inferiores intr\u00ednsecos en un proyecto de fotograf\u00eda y permiten su continuidad en el tiempo.<\/p>\n<p>Desde Punt de Refer\u00e8ncia valoramos muy positivamente el trabajo en red, la suma de esfuerzos hace que las personas j\u00f3venes puedan llegar m\u00e1s lejos.<\/p>\n","protected":false},"excerpt":{"rendered":"<p>El proyecto de fotograf\u00eda y mentor\u00eda para j\u00f3venes en la \u00faltima fase de tutela ha empezado recientemente su tercera edici\u00f3n, alcanzando m\u00e1s madurez y consistencia. Este curso contamos con 14 j\u00f3venes y 7 voluntarios y voluntarias con mucha energ\u00eda. Aqu\u00ed est\u00e1n! &nbsp; Las alianzas empresarials La sensibilizaci\u00f3n que se ha generado hasta el d\u00eda de [&hellip;]<\/p>\n","protected":false},"author":1,"featured_media":19613,"comment_status":"open","ping_status":"open","sticky":false,"template":"","format":"standard","meta":{"footnotes":""},"categories":[913],"tags":[86,87,11,13],"class_list":["post-24406","post","type-post","status-publish","format-standard","has-post-thumbnail","hentry","category-noticias-es","tag-alianca","tag-empresa","tag-mentoria","tag-voluntariat"],"yoast_head":"<!-- This site is optimized with the Yoast SEO plugin v27.1.1 - https:\/\/yoast.com\/product\/yoast-seo-wordpress\/ -->\n<title>Fujifilm, Panasonic y Casanova Fotografia, interesadas en el GR16-18 - Punt de Referencia<\/title>\n<meta name=\"robots\" content=\"index, follow, max-snippet:-1, max-image-preview:large, max-video-preview:-1\" \/>\n<link rel=\"canonical\" href=\"https:\/\/puntdereferencia.org\/es\/casanova-fotografia-i-panasonic-interessades-en-el-gr16-18\/\" \/>\n<meta property=\"og:locale\" content=\"es_ES\" \/>\n<meta property=\"og:type\" content=\"article\" \/>\n<meta property=\"og:title\" content=\"Fujifilm, Panasonic y Casanova Fotografia, interesadas en el GR16-18 - Punt de Referencia\" \/>\n<meta property=\"og:description\" content=\"El proyecto de fotograf\u00eda y mentor\u00eda para j\u00f3venes en la \u00faltima fase de tutela ha empezado recientemente su tercera edici\u00f3n, alcanzando m\u00e1s madurez y consistencia. Este curso contamos con 14 j\u00f3venes y 7 voluntarios y voluntarias con mucha energ\u00eda. Aqu\u00ed est\u00e1n! &nbsp; Las alianzas empresarials La sensibilizaci\u00f3n que se ha generado hasta el d\u00eda de [&hellip;]\" \/>\n<meta property=\"og:url\" content=\"https:\/\/puntdereferencia.org\/es\/casanova-fotografia-i-panasonic-interessades-en-el-gr16-18\/\" \/>\n<meta property=\"og:site_name\" content=\"Punt de Referencia\" \/>\n<meta property=\"article:published_time\" content=\"2018-10-30T14:08:32+00:00\" \/>\n<meta property=\"article:modified_time\" content=\"2024-07-31T11:47:45+00:00\" \/>\n<meta property=\"og:image\" content=\"https:\/\/puntdereferencia.org\/wp-content\/uploads\/2024\/07\/DSC_2862-scaled-1.jpg\" \/>\n\t<meta property=\"og:image:width\" content=\"2560\" \/>\n\t<meta property=\"og:image:height\" content=\"1702\" \/>\n\t<meta property=\"og:image:type\" content=\"image\/jpeg\" \/>\n<meta name=\"author\" content=\"admin\" \/>\n<meta name=\"twitter:card\" content=\"summary_large_image\" \/>\n<meta name=\"twitter:label1\" content=\"Escrito por\" \/>\n\t<meta name=\"twitter:data1\" content=\"admin\" \/>\n\t<meta name=\"twitter:label2\" content=\"Tiempo de lectura\" \/>\n\t<meta name=\"twitter:data2\" content=\"2 minutos\" \/>\n<script type=\"application\/ld+json\" class=\"yoast-schema-graph\">{\"@context\":\"https:\/\/schema.org\",\"@graph\":[{\"@type\":\"Article\",\"@id\":\"https:\/\/puntdereferencia.org\/es\/casanova-fotografia-i-panasonic-interessades-en-el-gr16-18\/#article\",\"isPartOf\":{\"@id\":\"https:\/\/puntdereferencia.org\/es\/casanova-fotografia-i-panasonic-interessades-en-el-gr16-18\/\"},\"author\":{\"name\":\"admin\",\"@id\":\"https:\/\/puntdereferencia.org\/es\/#\/schema\/person\/c475209bcc857303ec6ed0259d3cf078\"},\"headline\":\"Fujifilm, Panasonic y Casanova Fotografia, interesadas en el GR16-18\",\"datePublished\":\"2018-10-30T14:08:32+00:00\",\"dateModified\":\"2024-07-31T11:47:45+00:00\",\"mainEntityOfPage\":{\"@id\":\"https:\/\/puntdereferencia.org\/es\/casanova-fotografia-i-panasonic-interessades-en-el-gr16-18\/\"},\"wordCount\":375,\"commentCount\":0,\"image\":{\"@id\":\"https:\/\/puntdereferencia.org\/es\/casanova-fotografia-i-panasonic-interessades-en-el-gr16-18\/#primaryimage\"},\"thumbnailUrl\":\"https:\/\/puntdereferencia.org\/wp-content\/uploads\/2024\/07\/DSC_2862-scaled-1.jpg\",\"keywords\":[\"alian\u00e7a\",\"empresa\",\"mentoria\",\"voluntariat\"],\"articleSection\":[\"NOTICIAS\"],\"inLanguage\":\"es\",\"potentialAction\":[{\"@type\":\"CommentAction\",\"name\":\"Comment\",\"target\":[\"https:\/\/puntdereferencia.org\/es\/casanova-fotografia-i-panasonic-interessades-en-el-gr16-18\/#respond\"]}]},{\"@type\":\"WebPage\",\"@id\":\"https:\/\/puntdereferencia.org\/es\/casanova-fotografia-i-panasonic-interessades-en-el-gr16-18\/\",\"url\":\"https:\/\/puntdereferencia.org\/es\/casanova-fotografia-i-panasonic-interessades-en-el-gr16-18\/\",\"name\":\"Fujifilm, Panasonic y Casanova Fotografia, interesadas en el GR16-18 - Punt de Referencia\",\"isPartOf\":{\"@id\":\"https:\/\/puntdereferencia.org\/es\/#website\"},\"primaryImageOfPage\":{\"@id\":\"https:\/\/puntdereferencia.org\/es\/casanova-fotografia-i-panasonic-interessades-en-el-gr16-18\/#primaryimage\"},\"image\":{\"@id\":\"https:\/\/puntdereferencia.org\/es\/casanova-fotografia-i-panasonic-interessades-en-el-gr16-18\/#primaryimage\"},\"thumbnailUrl\":\"https:\/\/puntdereferencia.org\/wp-content\/uploads\/2024\/07\/DSC_2862-scaled-1.jpg\",\"datePublished\":\"2018-10-30T14:08:32+00:00\",\"dateModified\":\"2024-07-31T11:47:45+00:00\",\"author\":{\"@id\":\"https:\/\/puntdereferencia.org\/es\/#\/schema\/person\/c475209bcc857303ec6ed0259d3cf078\"},\"breadcrumb\":{\"@id\":\"https:\/\/puntdereferencia.org\/es\/casanova-fotografia-i-panasonic-interessades-en-el-gr16-18\/#breadcrumb\"},\"inLanguage\":\"es\",\"potentialAction\":[{\"@type\":\"ReadAction\",\"target\":[\"https:\/\/puntdereferencia.org\/es\/casanova-fotografia-i-panasonic-interessades-en-el-gr16-18\/\"]}]},{\"@type\":\"ImageObject\",\"inLanguage\":\"es\",\"@id\":\"https:\/\/puntdereferencia.org\/es\/casanova-fotografia-i-panasonic-interessades-en-el-gr16-18\/#primaryimage\",\"url\":\"https:\/\/puntdereferencia.org\/wp-content\/uploads\/2024\/07\/DSC_2862-scaled-1.jpg\",\"contentUrl\":\"https:\/\/puntdereferencia.org\/wp-content\/uploads\/2024\/07\/DSC_2862-scaled-1.jpg\",\"width\":2560,\"height\":1702},{\"@type\":\"BreadcrumbList\",\"@id\":\"https:\/\/puntdereferencia.org\/es\/casanova-fotografia-i-panasonic-interessades-en-el-gr16-18\/#breadcrumb\",\"itemListElement\":[{\"@type\":\"ListItem\",\"position\":1,\"name\":\"Inici\",\"item\":\"https:\/\/puntdereferencia.org\/es\/inicio\/\"},{\"@type\":\"ListItem\",\"position\":2,\"name\":\"Fujifilm, Panasonic y Casanova Fotografia, interesadas en el GR16-18\"}]},{\"@type\":\"WebSite\",\"@id\":\"https:\/\/puntdereferencia.org\/es\/#website\",\"url\":\"https:\/\/puntdereferencia.org\/es\/\",\"name\":\"Punt de Referencia\",\"description\":\"\",\"potentialAction\":[{\"@type\":\"SearchAction\",\"target\":{\"@type\":\"EntryPoint\",\"urlTemplate\":\"https:\/\/puntdereferencia.org\/es\/?s={search_term_string}\"},\"query-input\":{\"@type\":\"PropertyValueSpecification\",\"valueRequired\":true,\"valueName\":\"search_term_string\"}}],\"inLanguage\":\"es\"},{\"@type\":\"Person\",\"@id\":\"https:\/\/puntdereferencia.org\/es\/#\/schema\/person\/c475209bcc857303ec6ed0259d3cf078\",\"name\":\"admin\",\"image\":{\"@type\":\"ImageObject\",\"inLanguage\":\"es\",\"@id\":\"https:\/\/puntdereferencia.org\/es\/#\/schema\/person\/image\/\",\"url\":\"https:\/\/secure.gravatar.com\/avatar\/ff306d55f6aedb51a29e838506fafaa76a30bce9f5db9aca2e28921b903aaad2?s=96&d=mm&r=g\",\"contentUrl\":\"https:\/\/secure.gravatar.com\/avatar\/ff306d55f6aedb51a29e838506fafaa76a30bce9f5db9aca2e28921b903aaad2?s=96&d=mm&r=g\",\"caption\":\"admin\"},\"sameAs\":[\"http:\/\/\/home\/puntref\/webapps\/web2024\"],\"url\":\"https:\/\/puntdereferencia.org\/es\/author\/admin\/\"}]}<\/script>\n<!-- \/ Yoast SEO plugin. -->","yoast_head_json":{"title":"Fujifilm, Panasonic y Casanova Fotografia, interesadas en el GR16-18 - Punt de Referencia","robots":{"index":"index","follow":"follow","max-snippet":"max-snippet:-1","max-image-preview":"max-image-preview:large","max-video-preview":"max-video-preview:-1"},"canonical":"https:\/\/puntdereferencia.org\/es\/casanova-fotografia-i-panasonic-interessades-en-el-gr16-18\/","og_locale":"es_ES","og_type":"article","og_title":"Fujifilm, Panasonic y Casanova Fotografia, interesadas en el GR16-18 - Punt de Referencia","og_description":"El proyecto de fotograf\u00eda y mentor\u00eda para j\u00f3venes en la \u00faltima fase de tutela ha empezado recientemente su tercera edici\u00f3n, alcanzando m\u00e1s madurez y consistencia. Este curso contamos con 14 j\u00f3venes y 7 voluntarios y voluntarias con mucha energ\u00eda. Aqu\u00ed est\u00e1n! &nbsp; Las alianzas empresarials La sensibilizaci\u00f3n que se ha generado hasta el d\u00eda de [&hellip;]","og_url":"https:\/\/puntdereferencia.org\/es\/casanova-fotografia-i-panasonic-interessades-en-el-gr16-18\/","og_site_name":"Punt de Referencia","article_published_time":"2018-10-30T14:08:32+00:00","article_modified_time":"2024-07-31T11:47:45+00:00","og_image":[{"width":2560,"height":1702,"url":"https:\/\/puntdereferencia.org\/wp-content\/uploads\/2024\/07\/DSC_2862-scaled-1.jpg","type":"image\/jpeg"}],"author":"admin","twitter_card":"summary_large_image","twitter_misc":{"Escrito por":"admin","Tiempo de lectura":"2 minutos"},"schema":{"@context":"https:\/\/schema.org","@graph":[{"@type":"Article","@id":"https:\/\/puntdereferencia.org\/es\/casanova-fotografia-i-panasonic-interessades-en-el-gr16-18\/#article","isPartOf":{"@id":"https:\/\/puntdereferencia.org\/es\/casanova-fotografia-i-panasonic-interessades-en-el-gr16-18\/"},"author":{"name":"admin","@id":"https:\/\/puntdereferencia.org\/es\/#\/schema\/person\/c475209bcc857303ec6ed0259d3cf078"},"headline":"Fujifilm, Panasonic y Casanova Fotografia, interesadas en el GR16-18","datePublished":"2018-10-30T14:08:32+00:00","dateModified":"2024-07-31T11:47:45+00:00","mainEntityOfPage":{"@id":"https:\/\/puntdereferencia.org\/es\/casanova-fotografia-i-panasonic-interessades-en-el-gr16-18\/"},"wordCount":375,"commentCount":0,"image":{"@id":"https:\/\/puntdereferencia.org\/es\/casanova-fotografia-i-panasonic-interessades-en-el-gr16-18\/#primaryimage"},"thumbnailUrl":"https:\/\/puntdereferencia.org\/wp-content\/uploads\/2024\/07\/DSC_2862-scaled-1.jpg","keywords":["alian\u00e7a","empresa","mentoria","voluntariat"],"articleSection":["NOTICIAS"],"inLanguage":"es","potentialAction":[{"@type":"CommentAction","name":"Comment","target":["https:\/\/puntdereferencia.org\/es\/casanova-fotografia-i-panasonic-interessades-en-el-gr16-18\/#respond"]}]},{"@type":"WebPage","@id":"https:\/\/puntdereferencia.org\/es\/casanova-fotografia-i-panasonic-interessades-en-el-gr16-18\/","url":"https:\/\/puntdereferencia.org\/es\/casanova-fotografia-i-panasonic-interessades-en-el-gr16-18\/","name":"Fujifilm, Panasonic y Casanova Fotografia, interesadas en el GR16-18 - Punt de Referencia","isPartOf":{"@id":"https:\/\/puntdereferencia.org\/es\/#website"},"primaryImageOfPage":{"@id":"https:\/\/puntdereferencia.org\/es\/casanova-fotografia-i-panasonic-interessades-en-el-gr16-18\/#primaryimage"},"image":{"@id":"https:\/\/puntdereferencia.org\/es\/casanova-fotografia-i-panasonic-interessades-en-el-gr16-18\/#primaryimage"},"thumbnailUrl":"https:\/\/puntdereferencia.org\/wp-content\/uploads\/2024\/07\/DSC_2862-scaled-1.jpg","datePublished":"2018-10-30T14:08:32+00:00","dateModified":"2024-07-31T11:47:45+00:00","author":{"@id":"https:\/\/puntdereferencia.org\/es\/#\/schema\/person\/c475209bcc857303ec6ed0259d3cf078"},"breadcrumb":{"@id":"https:\/\/puntdereferencia.org\/es\/casanova-fotografia-i-panasonic-interessades-en-el-gr16-18\/#breadcrumb"},"inLanguage":"es","potentialAction":[{"@type":"ReadAction","target":["https:\/\/puntdereferencia.org\/es\/casanova-fotografia-i-panasonic-interessades-en-el-gr16-18\/"]}]},{"@type":"ImageObject","inLanguage":"es","@id":"https:\/\/puntdereferencia.org\/es\/casanova-fotografia-i-panasonic-interessades-en-el-gr16-18\/#primaryimage","url":"https:\/\/puntdereferencia.org\/wp-content\/uploads\/2024\/07\/DSC_2862-scaled-1.jpg","contentUrl":"https:\/\/puntdereferencia.org\/wp-content\/uploads\/2024\/07\/DSC_2862-scaled-1.jpg","width":2560,"height":1702},{"@type":"BreadcrumbList","@id":"https:\/\/puntdereferencia.org\/es\/casanova-fotografia-i-panasonic-interessades-en-el-gr16-18\/#breadcrumb","itemListElement":[{"@type":"ListItem","position":1,"name":"Inici","item":"https:\/\/puntdereferencia.org\/es\/inicio\/"},{"@type":"ListItem","position":2,"name":"Fujifilm, Panasonic y Casanova Fotografia, interesadas en el GR16-18"}]},{"@type":"WebSite","@id":"https:\/\/puntdereferencia.org\/es\/#website","url":"https:\/\/puntdereferencia.org\/es\/","name":"Punt de Referencia","description":"","potentialAction":[{"@type":"SearchAction","target":{"@type":"EntryPoint","urlTemplate":"https:\/\/puntdereferencia.org\/es\/?s={search_term_string}"},"query-input":{"@type":"PropertyValueSpecification","valueRequired":true,"valueName":"search_term_string"}}],"inLanguage":"es"},{"@type":"Person","@id":"https:\/\/puntdereferencia.org\/es\/#\/schema\/person\/c475209bcc857303ec6ed0259d3cf078","name":"admin","image":{"@type":"ImageObject","inLanguage":"es","@id":"https:\/\/puntdereferencia.org\/es\/#\/schema\/person\/image\/","url":"https:\/\/secure.gravatar.com\/avatar\/ff306d55f6aedb51a29e838506fafaa76a30bce9f5db9aca2e28921b903aaad2?s=96&d=mm&r=g","contentUrl":"https:\/\/secure.gravatar.com\/avatar\/ff306d55f6aedb51a29e838506fafaa76a30bce9f5db9aca2e28921b903aaad2?s=96&d=mm&r=g","caption":"admin"},"sameAs":["http:\/\/\/home\/puntref\/webapps\/web2024"],"url":"https:\/\/puntdereferencia.org\/es\/author\/admin\/"}]}},"_links":{"self":[{"href":"https:\/\/puntdereferencia.org\/es\/wp-json\/wp\/v2\/posts\/24406","targetHints":{"allow":["GET"]}}],"collection":[{"href":"https:\/\/puntdereferencia.org\/es\/wp-json\/wp\/v2\/posts"}],"about":[{"href":"https:\/\/puntdereferencia.org\/es\/wp-json\/wp\/v2\/types\/post"}],"author":[{"embeddable":true,"href":"https:\/\/puntdereferencia.org\/es\/wp-json\/wp\/v2\/users\/1"}],"replies":[{"embeddable":true,"href":"https:\/\/puntdereferencia.org\/es\/wp-json\/wp\/v2\/comments?post=24406"}],"version-history":[{"count":3,"href":"https:\/\/puntdereferencia.org\/es\/wp-json\/wp\/v2\/posts\/24406\/revisions"}],"predecessor-version":[{"id":26712,"href":"https:\/\/puntdereferencia.org\/es\/wp-json\/wp\/v2\/posts\/24406\/revisions\/26712"}],"wp:featuredmedia":[{"embeddable":true,"href":"https:\/\/puntdereferencia.org\/es\/wp-json\/wp\/v2\/media\/19613"}],"wp:attachment":[{"href":"https:\/\/puntdereferencia.org\/es\/wp-json\/wp\/v2\/media?parent=24406"}],"wp:term":[{"taxonomy":"category","embeddable":true,"href":"https:\/\/puntdereferencia.org\/es\/wp-json\/wp\/v2\/categories?post=24406"},{"taxonomy":"post_tag","embeddable":true,"href":"https:\/\/puntdereferencia.org\/es\/wp-json\/wp\/v2\/tags?post=24406"}],"curies":[{"name":"wp","href":"https:\/\/api.w.org\/{rel}","templated":true}]}}