{"id":24410,"date":"2018-11-27T09:37:29","date_gmt":"2018-11-27T09:37:29","guid":{"rendered":"https:\/\/puntdereferencia.org\/la-fundacio-agbar-nova-collaboradora-estrategica-de-mentorhabilitats\/"},"modified":"2024-07-31T11:46:47","modified_gmt":"2024-07-31T11:46:47","slug":"la-fundacio-agbar-nova-collaboradora-estrategica-de-mentorhabilitats","status":"publish","type":"post","link":"https:\/\/puntdereferencia.org\/es\/la-fundacio-agbar-nova-collaboradora-estrategica-de-mentorhabilitats\/","title":{"rendered":"La Fundaci\u00f3n Agbar, nueva colaboradora estrat\u00e9gica del Proyecto MentorHabilidades"},"content":{"rendered":"<p>La Fundaci\u00f3n privada Agbar, fiel a su compromiso estrat\u00e9gico con la cohesi\u00f3n social, apuesta por propuestas transformadoras\u00a0que fomenten la equidad social, entre otras l\u00edneas de desarrollo sostenible. Uno de los campos que prioriza es la lucha contra el abandono escolar. \u00c9ste es uno de los impactos positivos que hemos observado en las relaciones de mentor\u00eda de los proyectos de Punt de Refer\u00e8ncia.<\/p>\n<p>Valorando muy positivamente los resultados de \u00e9xito\u00a0del proyecto MentorHabilidades en el \u00faltimo curso 2017-2018, proyecto que busca la mejora en la formaci\u00f3n y el nivel educativo de los j\u00f3venes extutelados, mediante las relaciones de mentor\u00eda, la Fundaci\u00f3n ha querido darnos apoyo, sum\u00e1ndose como colaborador estrat\u00e9gico de este proyecto.<\/p>\n<p>En Principio, el acuerdo se ha concretado en una aportaci\u00f3n econ\u00f3mica que mejora la sostenibilidad del proyecto, y confiamos que en breve tambi\u00e9n se traduzca en la participaci\u00f3n de algunos de sus trabajadores y trabajadoras como mentores y mentoras en \u00e9ste (o en alg\u00fan otro) proyecto.<\/p>\n<p>&nbsp;<\/p>\n<p>Bienvenida, Fundaci\u00f3n Agbar, al equipo de Punt de Refer\u00e8ncia.<\/p>\n","protected":false},"excerpt":{"rendered":"<p>La Fundaci\u00f3n privada Agbar, fiel a su compromiso estrat\u00e9gico con la cohesi\u00f3n social, apuesta por propuestas transformadoras\u00a0que fomenten la equidad social, entre otras l\u00edneas de desarrollo sostenible. Uno de los campos que prioriza es la lucha contra el abandono escolar. \u00c9ste es uno de los impactos positivos que hemos observado en las relaciones de mentor\u00eda [&hellip;]<\/p>\n","protected":false},"author":1,"featured_media":19686,"comment_status":"open","ping_status":"open","sticky":false,"template":"","format":"standard","meta":{"footnotes":""},"categories":[913],"tags":[],"class_list":["post-24410","post","type-post","status-publish","format-standard","has-post-thumbnail","hentry","category-noticias-es"],"yoast_head":"<!-- This site is optimized with the Yoast SEO plugin v27.1.1 - https:\/\/yoast.com\/product\/yoast-seo-wordpress\/ -->\n<title>La Fundaci\u00f3n Agbar, nueva colaboradora estrat\u00e9gica del Proyecto MentorHabilidades - Punt de Referencia<\/title>\n<meta name=\"robots\" content=\"index, follow, max-snippet:-1, max-image-preview:large, max-video-preview:-1\" \/>\n<link rel=\"canonical\" href=\"https:\/\/puntdereferencia.org\/es\/la-fundacio-agbar-nova-collaboradora-estrategica-de-mentorhabilitats\/\" \/>\n<meta property=\"og:locale\" content=\"es_ES\" \/>\n<meta property=\"og:type\" content=\"article\" \/>\n<meta property=\"og:title\" content=\"La Fundaci\u00f3n Agbar, nueva colaboradora estrat\u00e9gica del Proyecto MentorHabilidades - Punt de Referencia\" \/>\n<meta property=\"og:description\" content=\"La Fundaci\u00f3n privada Agbar, fiel a su compromiso estrat\u00e9gico con la cohesi\u00f3n social, apuesta por propuestas transformadoras\u00a0que fomenten la equidad social, entre otras l\u00edneas de desarrollo sostenible. Uno de los campos que prioriza es la lucha contra el abandono escolar. \u00c9ste es uno de los impactos positivos que hemos observado en las relaciones de mentor\u00eda [&hellip;]\" \/>\n<meta property=\"og:url\" content=\"https:\/\/puntdereferencia.org\/es\/la-fundacio-agbar-nova-collaboradora-estrategica-de-mentorhabilitats\/\" \/>\n<meta property=\"og:site_name\" content=\"Punt de Referencia\" \/>\n<meta property=\"article:published_time\" content=\"2018-11-27T09:37:29+00:00\" \/>\n<meta property=\"article:modified_time\" content=\"2024-07-31T11:46:47+00:00\" \/>\n<meta property=\"og:image\" content=\"https:\/\/puntdereferencia.org\/wp-content\/uploads\/2024\/07\/DSC_0005-scaled-2.jpg\" \/>\n\t<meta property=\"og:image:width\" content=\"2560\" \/>\n\t<meta property=\"og:image:height\" content=\"1714\" \/>\n\t<meta property=\"og:image:type\" content=\"image\/jpeg\" \/>\n<meta name=\"author\" content=\"admin\" \/>\n<meta name=\"twitter:card\" content=\"summary_large_image\" \/>\n<meta name=\"twitter:label1\" content=\"Escrito por\" \/>\n\t<meta name=\"twitter:data1\" content=\"admin\" \/>\n\t<meta name=\"twitter:label2\" content=\"Tiempo de lectura\" \/>\n\t<meta name=\"twitter:data2\" content=\"1 minuto\" \/>\n<script type=\"application\/ld+json\" class=\"yoast-schema-graph\">{\"@context\":\"https:\/\/schema.org\",\"@graph\":[{\"@type\":\"Article\",\"@id\":\"https:\/\/puntdereferencia.org\/es\/la-fundacio-agbar-nova-collaboradora-estrategica-de-mentorhabilitats\/#article\",\"isPartOf\":{\"@id\":\"https:\/\/puntdereferencia.org\/es\/la-fundacio-agbar-nova-collaboradora-estrategica-de-mentorhabilitats\/\"},\"author\":{\"name\":\"admin\",\"@id\":\"https:\/\/puntdereferencia.org\/es\/#\/schema\/person\/c475209bcc857303ec6ed0259d3cf078\"},\"headline\":\"La Fundaci\u00f3n Agbar, nueva colaboradora estrat\u00e9gica del Proyecto MentorHabilidades\",\"datePublished\":\"2018-11-27T09:37:29+00:00\",\"dateModified\":\"2024-07-31T11:46:47+00:00\",\"mainEntityOfPage\":{\"@id\":\"https:\/\/puntdereferencia.org\/es\/la-fundacio-agbar-nova-collaboradora-estrategica-de-mentorhabilitats\/\"},\"wordCount\":198,\"commentCount\":649,\"image\":{\"@id\":\"https:\/\/puntdereferencia.org\/es\/la-fundacio-agbar-nova-collaboradora-estrategica-de-mentorhabilitats\/#primaryimage\"},\"thumbnailUrl\":\"https:\/\/puntdereferencia.org\/wp-content\/uploads\/2024\/07\/DSC_0005-scaled-2.jpg\",\"articleSection\":[\"NOTICIAS\"],\"inLanguage\":\"es\",\"potentialAction\":[{\"@type\":\"CommentAction\",\"name\":\"Comment\",\"target\":[\"https:\/\/puntdereferencia.org\/es\/la-fundacio-agbar-nova-collaboradora-estrategica-de-mentorhabilitats\/#respond\"]}]},{\"@type\":\"WebPage\",\"@id\":\"https:\/\/puntdereferencia.org\/es\/la-fundacio-agbar-nova-collaboradora-estrategica-de-mentorhabilitats\/\",\"url\":\"https:\/\/puntdereferencia.org\/es\/la-fundacio-agbar-nova-collaboradora-estrategica-de-mentorhabilitats\/\",\"name\":\"La Fundaci\u00f3n Agbar, nueva colaboradora estrat\u00e9gica del Proyecto MentorHabilidades - Punt de Referencia\",\"isPartOf\":{\"@id\":\"https:\/\/puntdereferencia.org\/es\/#website\"},\"primaryImageOfPage\":{\"@id\":\"https:\/\/puntdereferencia.org\/es\/la-fundacio-agbar-nova-collaboradora-estrategica-de-mentorhabilitats\/#primaryimage\"},\"image\":{\"@id\":\"https:\/\/puntdereferencia.org\/es\/la-fundacio-agbar-nova-collaboradora-estrategica-de-mentorhabilitats\/#primaryimage\"},\"thumbnailUrl\":\"https:\/\/puntdereferencia.org\/wp-content\/uploads\/2024\/07\/DSC_0005-scaled-2.jpg\",\"datePublished\":\"2018-11-27T09:37:29+00:00\",\"dateModified\":\"2024-07-31T11:46:47+00:00\",\"author\":{\"@id\":\"https:\/\/puntdereferencia.org\/es\/#\/schema\/person\/c475209bcc857303ec6ed0259d3cf078\"},\"breadcrumb\":{\"@id\":\"https:\/\/puntdereferencia.org\/es\/la-fundacio-agbar-nova-collaboradora-estrategica-de-mentorhabilitats\/#breadcrumb\"},\"inLanguage\":\"es\",\"potentialAction\":[{\"@type\":\"ReadAction\",\"target\":[\"https:\/\/puntdereferencia.org\/es\/la-fundacio-agbar-nova-collaboradora-estrategica-de-mentorhabilitats\/\"]}]},{\"@type\":\"ImageObject\",\"inLanguage\":\"es\",\"@id\":\"https:\/\/puntdereferencia.org\/es\/la-fundacio-agbar-nova-collaboradora-estrategica-de-mentorhabilitats\/#primaryimage\",\"url\":\"https:\/\/puntdereferencia.org\/wp-content\/uploads\/2024\/07\/DSC_0005-scaled-2.jpg\",\"contentUrl\":\"https:\/\/puntdereferencia.org\/wp-content\/uploads\/2024\/07\/DSC_0005-scaled-2.jpg\",\"width\":2560,\"height\":1714},{\"@type\":\"BreadcrumbList\",\"@id\":\"https:\/\/puntdereferencia.org\/es\/la-fundacio-agbar-nova-collaboradora-estrategica-de-mentorhabilitats\/#breadcrumb\",\"itemListElement\":[{\"@type\":\"ListItem\",\"position\":1,\"name\":\"Inici\",\"item\":\"https:\/\/puntdereferencia.org\/es\/inicio\/\"},{\"@type\":\"ListItem\",\"position\":2,\"name\":\"La Fundaci\u00f3n Agbar, nueva colaboradora estrat\u00e9gica del Proyecto MentorHabilidades\"}]},{\"@type\":\"WebSite\",\"@id\":\"https:\/\/puntdereferencia.org\/es\/#website\",\"url\":\"https:\/\/puntdereferencia.org\/es\/\",\"name\":\"Punt de Referencia\",\"description\":\"\",\"potentialAction\":[{\"@type\":\"SearchAction\",\"target\":{\"@type\":\"EntryPoint\",\"urlTemplate\":\"https:\/\/puntdereferencia.org\/es\/?s={search_term_string}\"},\"query-input\":{\"@type\":\"PropertyValueSpecification\",\"valueRequired\":true,\"valueName\":\"search_term_string\"}}],\"inLanguage\":\"es\"},{\"@type\":\"Person\",\"@id\":\"https:\/\/puntdereferencia.org\/es\/#\/schema\/person\/c475209bcc857303ec6ed0259d3cf078\",\"name\":\"admin\",\"image\":{\"@type\":\"ImageObject\",\"inLanguage\":\"es\",\"@id\":\"https:\/\/puntdereferencia.org\/es\/#\/schema\/person\/image\/\",\"url\":\"https:\/\/secure.gravatar.com\/avatar\/ff306d55f6aedb51a29e838506fafaa76a30bce9f5db9aca2e28921b903aaad2?s=96&d=mm&r=g\",\"contentUrl\":\"https:\/\/secure.gravatar.com\/avatar\/ff306d55f6aedb51a29e838506fafaa76a30bce9f5db9aca2e28921b903aaad2?s=96&d=mm&r=g\",\"caption\":\"admin\"},\"sameAs\":[\"http:\/\/\/home\/puntref\/webapps\/web2024\"],\"url\":\"https:\/\/puntdereferencia.org\/es\/author\/admin\/\"}]}<\/script>\n<!-- \/ Yoast SEO plugin. -->","yoast_head_json":{"title":"La Fundaci\u00f3n Agbar, nueva colaboradora estrat\u00e9gica del Proyecto MentorHabilidades - Punt de Referencia","robots":{"index":"index","follow":"follow","max-snippet":"max-snippet:-1","max-image-preview":"max-image-preview:large","max-video-preview":"max-video-preview:-1"},"canonical":"https:\/\/puntdereferencia.org\/es\/la-fundacio-agbar-nova-collaboradora-estrategica-de-mentorhabilitats\/","og_locale":"es_ES","og_type":"article","og_title":"La Fundaci\u00f3n Agbar, nueva colaboradora estrat\u00e9gica del Proyecto MentorHabilidades - Punt de Referencia","og_description":"La Fundaci\u00f3n privada Agbar, fiel a su compromiso estrat\u00e9gico con la cohesi\u00f3n social, apuesta por propuestas transformadoras\u00a0que fomenten la equidad social, entre otras l\u00edneas de desarrollo sostenible. Uno de los campos que prioriza es la lucha contra el abandono escolar. \u00c9ste es uno de los impactos positivos que hemos observado en las relaciones de mentor\u00eda [&hellip;]","og_url":"https:\/\/puntdereferencia.org\/es\/la-fundacio-agbar-nova-collaboradora-estrategica-de-mentorhabilitats\/","og_site_name":"Punt de Referencia","article_published_time":"2018-11-27T09:37:29+00:00","article_modified_time":"2024-07-31T11:46:47+00:00","og_image":[{"width":2560,"height":1714,"url":"https:\/\/puntdereferencia.org\/wp-content\/uploads\/2024\/07\/DSC_0005-scaled-2.jpg","type":"image\/jpeg"}],"author":"admin","twitter_card":"summary_large_image","twitter_misc":{"Escrito por":"admin","Tiempo de lectura":"1 minuto"},"schema":{"@context":"https:\/\/schema.org","@graph":[{"@type":"Article","@id":"https:\/\/puntdereferencia.org\/es\/la-fundacio-agbar-nova-collaboradora-estrategica-de-mentorhabilitats\/#article","isPartOf":{"@id":"https:\/\/puntdereferencia.org\/es\/la-fundacio-agbar-nova-collaboradora-estrategica-de-mentorhabilitats\/"},"author":{"name":"admin","@id":"https:\/\/puntdereferencia.org\/es\/#\/schema\/person\/c475209bcc857303ec6ed0259d3cf078"},"headline":"La Fundaci\u00f3n Agbar, nueva colaboradora estrat\u00e9gica del Proyecto MentorHabilidades","datePublished":"2018-11-27T09:37:29+00:00","dateModified":"2024-07-31T11:46:47+00:00","mainEntityOfPage":{"@id":"https:\/\/puntdereferencia.org\/es\/la-fundacio-agbar-nova-collaboradora-estrategica-de-mentorhabilitats\/"},"wordCount":198,"commentCount":649,"image":{"@id":"https:\/\/puntdereferencia.org\/es\/la-fundacio-agbar-nova-collaboradora-estrategica-de-mentorhabilitats\/#primaryimage"},"thumbnailUrl":"https:\/\/puntdereferencia.org\/wp-content\/uploads\/2024\/07\/DSC_0005-scaled-2.jpg","articleSection":["NOTICIAS"],"inLanguage":"es","potentialAction":[{"@type":"CommentAction","name":"Comment","target":["https:\/\/puntdereferencia.org\/es\/la-fundacio-agbar-nova-collaboradora-estrategica-de-mentorhabilitats\/#respond"]}]},{"@type":"WebPage","@id":"https:\/\/puntdereferencia.org\/es\/la-fundacio-agbar-nova-collaboradora-estrategica-de-mentorhabilitats\/","url":"https:\/\/puntdereferencia.org\/es\/la-fundacio-agbar-nova-collaboradora-estrategica-de-mentorhabilitats\/","name":"La Fundaci\u00f3n Agbar, nueva colaboradora estrat\u00e9gica del Proyecto MentorHabilidades - Punt de Referencia","isPartOf":{"@id":"https:\/\/puntdereferencia.org\/es\/#website"},"primaryImageOfPage":{"@id":"https:\/\/puntdereferencia.org\/es\/la-fundacio-agbar-nova-collaboradora-estrategica-de-mentorhabilitats\/#primaryimage"},"image":{"@id":"https:\/\/puntdereferencia.org\/es\/la-fundacio-agbar-nova-collaboradora-estrategica-de-mentorhabilitats\/#primaryimage"},"thumbnailUrl":"https:\/\/puntdereferencia.org\/wp-content\/uploads\/2024\/07\/DSC_0005-scaled-2.jpg","datePublished":"2018-11-27T09:37:29+00:00","dateModified":"2024-07-31T11:46:47+00:00","author":{"@id":"https:\/\/puntdereferencia.org\/es\/#\/schema\/person\/c475209bcc857303ec6ed0259d3cf078"},"breadcrumb":{"@id":"https:\/\/puntdereferencia.org\/es\/la-fundacio-agbar-nova-collaboradora-estrategica-de-mentorhabilitats\/#breadcrumb"},"inLanguage":"es","potentialAction":[{"@type":"ReadAction","target":["https:\/\/puntdereferencia.org\/es\/la-fundacio-agbar-nova-collaboradora-estrategica-de-mentorhabilitats\/"]}]},{"@type":"ImageObject","inLanguage":"es","@id":"https:\/\/puntdereferencia.org\/es\/la-fundacio-agbar-nova-collaboradora-estrategica-de-mentorhabilitats\/#primaryimage","url":"https:\/\/puntdereferencia.org\/wp-content\/uploads\/2024\/07\/DSC_0005-scaled-2.jpg","contentUrl":"https:\/\/puntdereferencia.org\/wp-content\/uploads\/2024\/07\/DSC_0005-scaled-2.jpg","width":2560,"height":1714},{"@type":"BreadcrumbList","@id":"https:\/\/puntdereferencia.org\/es\/la-fundacio-agbar-nova-collaboradora-estrategica-de-mentorhabilitats\/#breadcrumb","itemListElement":[{"@type":"ListItem","position":1,"name":"Inici","item":"https:\/\/puntdereferencia.org\/es\/inicio\/"},{"@type":"ListItem","position":2,"name":"La Fundaci\u00f3n Agbar, nueva colaboradora estrat\u00e9gica del Proyecto MentorHabilidades"}]},{"@type":"WebSite","@id":"https:\/\/puntdereferencia.org\/es\/#website","url":"https:\/\/puntdereferencia.org\/es\/","name":"Punt de Referencia","description":"","potentialAction":[{"@type":"SearchAction","target":{"@type":"EntryPoint","urlTemplate":"https:\/\/puntdereferencia.org\/es\/?s={search_term_string}"},"query-input":{"@type":"PropertyValueSpecification","valueRequired":true,"valueName":"search_term_string"}}],"inLanguage":"es"},{"@type":"Person","@id":"https:\/\/puntdereferencia.org\/es\/#\/schema\/person\/c475209bcc857303ec6ed0259d3cf078","name":"admin","image":{"@type":"ImageObject","inLanguage":"es","@id":"https:\/\/puntdereferencia.org\/es\/#\/schema\/person\/image\/","url":"https:\/\/secure.gravatar.com\/avatar\/ff306d55f6aedb51a29e838506fafaa76a30bce9f5db9aca2e28921b903aaad2?s=96&d=mm&r=g","contentUrl":"https:\/\/secure.gravatar.com\/avatar\/ff306d55f6aedb51a29e838506fafaa76a30bce9f5db9aca2e28921b903aaad2?s=96&d=mm&r=g","caption":"admin"},"sameAs":["http:\/\/\/home\/puntref\/webapps\/web2024"],"url":"https:\/\/puntdereferencia.org\/es\/author\/admin\/"}]}},"_links":{"self":[{"href":"https:\/\/puntdereferencia.org\/es\/wp-json\/wp\/v2\/posts\/24410","targetHints":{"allow":["GET"]}}],"collection":[{"href":"https:\/\/puntdereferencia.org\/es\/wp-json\/wp\/v2\/posts"}],"about":[{"href":"https:\/\/puntdereferencia.org\/es\/wp-json\/wp\/v2\/types\/post"}],"author":[{"embeddable":true,"href":"https:\/\/puntdereferencia.org\/es\/wp-json\/wp\/v2\/users\/1"}],"replies":[{"embeddable":true,"href":"https:\/\/puntdereferencia.org\/es\/wp-json\/wp\/v2\/comments?post=24410"}],"version-history":[{"count":1,"href":"https:\/\/puntdereferencia.org\/es\/wp-json\/wp\/v2\/posts\/24410\/revisions"}],"predecessor-version":[{"id":25959,"href":"https:\/\/puntdereferencia.org\/es\/wp-json\/wp\/v2\/posts\/24410\/revisions\/25959"}],"wp:featuredmedia":[{"embeddable":true,"href":"https:\/\/puntdereferencia.org\/es\/wp-json\/wp\/v2\/media\/19686"}],"wp:attachment":[{"href":"https:\/\/puntdereferencia.org\/es\/wp-json\/wp\/v2\/media?parent=24410"}],"wp:term":[{"taxonomy":"category","embeddable":true,"href":"https:\/\/puntdereferencia.org\/es\/wp-json\/wp\/v2\/categories?post=24410"},{"taxonomy":"post_tag","embeddable":true,"href":"https:\/\/puntdereferencia.org\/es\/wp-json\/wp\/v2\/tags?post=24410"}],"curies":[{"name":"wp","href":"https:\/\/api.w.org\/{rel}","templated":true}]}}