{"id":24415,"date":"2018-11-29T14:34:50","date_gmt":"2018-11-29T14:34:50","guid":{"rendered":"https:\/\/puntdereferencia.org\/el-pis-assistit-el-trampoli-ja-te-nova-ubicacio\/"},"modified":"2024-07-31T11:45:07","modified_gmt":"2024-07-31T11:45:07","slug":"el-pis-assistit-el-trampoli-ja-te-nova-ubicacio","status":"publish","type":"post","link":"https:\/\/puntdereferencia.org\/es\/el-pis-assistit-el-trampoli-ja-te-nova-ubicacio\/","title":{"rendered":"El piso asistido &#8216;El Trampol\u00ed&#8217; ya tiene nueva ubicaci\u00f3n"},"content":{"rendered":"<p><span lang=\"ES-TRAD\">El Trampol\u00ed se ha trasladado. El piso que durante 6 a\u00f1os ha acogido muchos j\u00f3venes en el barrio de Hostafrancs cambia de ubicaci\u00f3n. Debido a la finalizaci\u00f3n del contrato de alquiler, se ha decidido mover el Trampol\u00ed al distrito de Sants &#8211; Montju\u00efc, a un piso que Punt de Refer\u00e8ncia alquila a la Fundaci\u00f3 Mambr\u00e9, y que aportar\u00e1 mejoras a la convivencia de los j\u00f3venes. <\/span><\/p>\n<p><span lang=\"ES-TRAD\">Muchas gracias a la Fundaci\u00f3 Mambr\u00e9 por confiar de nuevo en nosotros.<\/span><\/p>\n<p><span lang=\"ES-TRAD\">Las semanas previas al traslado, los 3 j\u00f3venes del piso estuvieron preparando y empaquetando sus enseres para llevarse al piso nuevo. El d\u00eda del traslado fue el 19 de noviembre, y desde entonces los j\u00f3venes est\u00e1n instalados, todo un descanso despu\u00e9s de los d\u00edas de trabajo.<\/span><\/p>\n<p><span lang=\"ES-TRAD\">El primer cambio que supone este nuevo piso es que ofrece m\u00e1s amplitud y espacio y una habitaci\u00f3n\u00a0m\u00e1s, por lo que se ha podido incorporar una cuarta persona. Hace justo una semana hemos dado la bienvenida a Said, que completa el equipo de j\u00f3venes del Trampol\u00ed.<\/span><\/p>\n<p><span lang=\"ES-TRAD\">Bienvenidos a vuestra casa!<\/span><\/p>\n","protected":false},"excerpt":{"rendered":"<p>El Trampol\u00ed se ha trasladado. El piso que durante 6 a\u00f1os ha acogido muchos j\u00f3venes en el barrio de Hostafrancs cambia de ubicaci\u00f3n. Debido a la finalizaci\u00f3n del contrato de alquiler, se ha decidido mover el Trampol\u00ed al distrito de Sants &#8211; Montju\u00efc, a un piso que Punt de Refer\u00e8ncia alquila a la Fundaci\u00f3 Mambr\u00e9, [&hellip;]<\/p>\n","protected":false},"author":1,"featured_media":19716,"comment_status":"open","ping_status":"open","sticky":false,"template":"","format":"standard","meta":{"footnotes":""},"categories":[913],"tags":[],"class_list":["post-24415","post","type-post","status-publish","format-standard","has-post-thumbnail","hentry","category-noticias-es"],"yoast_head":"<!-- This site is optimized with the Yoast SEO plugin v27.1.1 - https:\/\/yoast.com\/product\/yoast-seo-wordpress\/ -->\n<title>El piso asistido &#039;El Trampol\u00ed&#039; ya tiene nueva ubicaci\u00f3n - Punt de Referencia<\/title>\n<meta name=\"robots\" content=\"index, follow, max-snippet:-1, max-image-preview:large, max-video-preview:-1\" \/>\n<link rel=\"canonical\" href=\"https:\/\/puntdereferencia.org\/es\/el-pis-assistit-el-trampoli-ja-te-nova-ubicacio\/\" \/>\n<meta property=\"og:locale\" content=\"es_ES\" \/>\n<meta property=\"og:type\" content=\"article\" \/>\n<meta property=\"og:title\" content=\"El piso asistido &#039;El Trampol\u00ed&#039; ya tiene nueva ubicaci\u00f3n - Punt de Referencia\" \/>\n<meta property=\"og:description\" content=\"El Trampol\u00ed se ha trasladado. El piso que durante 6 a\u00f1os ha acogido muchos j\u00f3venes en el barrio de Hostafrancs cambia de ubicaci\u00f3n. Debido a la finalizaci\u00f3n del contrato de alquiler, se ha decidido mover el Trampol\u00ed al distrito de Sants &#8211; Montju\u00efc, a un piso que Punt de Refer\u00e8ncia alquila a la Fundaci\u00f3 Mambr\u00e9, [&hellip;]\" \/>\n<meta property=\"og:url\" content=\"https:\/\/puntdereferencia.org\/es\/el-pis-assistit-el-trampoli-ja-te-nova-ubicacio\/\" \/>\n<meta property=\"og:site_name\" content=\"Punt de Referencia\" \/>\n<meta property=\"article:published_time\" content=\"2018-11-29T14:34:50+00:00\" \/>\n<meta property=\"article:modified_time\" content=\"2024-07-31T11:45:07+00:00\" \/>\n<meta property=\"og:image\" content=\"https:\/\/puntdereferencia.org\/wp-content\/uploads\/2024\/07\/IMG_20181119_101335_122-scaled-1.jpg\" \/>\n\t<meta property=\"og:image:width\" content=\"2560\" \/>\n\t<meta property=\"og:image:height\" content=\"1914\" \/>\n\t<meta property=\"og:image:type\" content=\"image\/jpeg\" \/>\n<meta name=\"author\" content=\"admin\" \/>\n<meta name=\"twitter:card\" content=\"summary_large_image\" \/>\n<meta name=\"twitter:label1\" content=\"Escrito por\" \/>\n\t<meta name=\"twitter:data1\" content=\"admin\" \/>\n\t<meta name=\"twitter:label2\" content=\"Tiempo de lectura\" \/>\n\t<meta name=\"twitter:data2\" content=\"1 minuto\" \/>\n<script type=\"application\/ld+json\" class=\"yoast-schema-graph\">{\"@context\":\"https:\/\/schema.org\",\"@graph\":[{\"@type\":\"Article\",\"@id\":\"https:\/\/puntdereferencia.org\/es\/el-pis-assistit-el-trampoli-ja-te-nova-ubicacio\/#article\",\"isPartOf\":{\"@id\":\"https:\/\/puntdereferencia.org\/es\/el-pis-assistit-el-trampoli-ja-te-nova-ubicacio\/\"},\"author\":{\"name\":\"admin\",\"@id\":\"https:\/\/puntdereferencia.org\/es\/#\/schema\/person\/c475209bcc857303ec6ed0259d3cf078\"},\"headline\":\"El piso asistido &#8216;El Trampol\u00ed&#8217; ya tiene nueva ubicaci\u00f3n\",\"datePublished\":\"2018-11-29T14:34:50+00:00\",\"dateModified\":\"2024-07-31T11:45:07+00:00\",\"mainEntityOfPage\":{\"@id\":\"https:\/\/puntdereferencia.org\/es\/el-pis-assistit-el-trampoli-ja-te-nova-ubicacio\/\"},\"wordCount\":198,\"commentCount\":485,\"image\":{\"@id\":\"https:\/\/puntdereferencia.org\/es\/el-pis-assistit-el-trampoli-ja-te-nova-ubicacio\/#primaryimage\"},\"thumbnailUrl\":\"https:\/\/puntdereferencia.org\/wp-content\/uploads\/2024\/07\/IMG_20181119_101335_122-scaled-1.jpg\",\"articleSection\":[\"NOTICIAS\"],\"inLanguage\":\"es\",\"potentialAction\":[{\"@type\":\"CommentAction\",\"name\":\"Comment\",\"target\":[\"https:\/\/puntdereferencia.org\/es\/el-pis-assistit-el-trampoli-ja-te-nova-ubicacio\/#respond\"]}]},{\"@type\":\"WebPage\",\"@id\":\"https:\/\/puntdereferencia.org\/es\/el-pis-assistit-el-trampoli-ja-te-nova-ubicacio\/\",\"url\":\"https:\/\/puntdereferencia.org\/es\/el-pis-assistit-el-trampoli-ja-te-nova-ubicacio\/\",\"name\":\"El piso asistido 'El Trampol\u00ed' ya tiene nueva ubicaci\u00f3n - Punt de Referencia\",\"isPartOf\":{\"@id\":\"https:\/\/puntdereferencia.org\/es\/#website\"},\"primaryImageOfPage\":{\"@id\":\"https:\/\/puntdereferencia.org\/es\/el-pis-assistit-el-trampoli-ja-te-nova-ubicacio\/#primaryimage\"},\"image\":{\"@id\":\"https:\/\/puntdereferencia.org\/es\/el-pis-assistit-el-trampoli-ja-te-nova-ubicacio\/#primaryimage\"},\"thumbnailUrl\":\"https:\/\/puntdereferencia.org\/wp-content\/uploads\/2024\/07\/IMG_20181119_101335_122-scaled-1.jpg\",\"datePublished\":\"2018-11-29T14:34:50+00:00\",\"dateModified\":\"2024-07-31T11:45:07+00:00\",\"author\":{\"@id\":\"https:\/\/puntdereferencia.org\/es\/#\/schema\/person\/c475209bcc857303ec6ed0259d3cf078\"},\"breadcrumb\":{\"@id\":\"https:\/\/puntdereferencia.org\/es\/el-pis-assistit-el-trampoli-ja-te-nova-ubicacio\/#breadcrumb\"},\"inLanguage\":\"es\",\"potentialAction\":[{\"@type\":\"ReadAction\",\"target\":[\"https:\/\/puntdereferencia.org\/es\/el-pis-assistit-el-trampoli-ja-te-nova-ubicacio\/\"]}]},{\"@type\":\"ImageObject\",\"inLanguage\":\"es\",\"@id\":\"https:\/\/puntdereferencia.org\/es\/el-pis-assistit-el-trampoli-ja-te-nova-ubicacio\/#primaryimage\",\"url\":\"https:\/\/puntdereferencia.org\/wp-content\/uploads\/2024\/07\/IMG_20181119_101335_122-scaled-1.jpg\",\"contentUrl\":\"https:\/\/puntdereferencia.org\/wp-content\/uploads\/2024\/07\/IMG_20181119_101335_122-scaled-1.jpg\",\"width\":2560,\"height\":1914},{\"@type\":\"BreadcrumbList\",\"@id\":\"https:\/\/puntdereferencia.org\/es\/el-pis-assistit-el-trampoli-ja-te-nova-ubicacio\/#breadcrumb\",\"itemListElement\":[{\"@type\":\"ListItem\",\"position\":1,\"name\":\"Inici\",\"item\":\"https:\/\/puntdereferencia.org\/es\/inicio\/\"},{\"@type\":\"ListItem\",\"position\":2,\"name\":\"El piso asistido &#8216;El Trampol\u00ed&#8217; ya tiene nueva ubicaci\u00f3n\"}]},{\"@type\":\"WebSite\",\"@id\":\"https:\/\/puntdereferencia.org\/es\/#website\",\"url\":\"https:\/\/puntdereferencia.org\/es\/\",\"name\":\"Punt de Referencia\",\"description\":\"\",\"potentialAction\":[{\"@type\":\"SearchAction\",\"target\":{\"@type\":\"EntryPoint\",\"urlTemplate\":\"https:\/\/puntdereferencia.org\/es\/?s={search_term_string}\"},\"query-input\":{\"@type\":\"PropertyValueSpecification\",\"valueRequired\":true,\"valueName\":\"search_term_string\"}}],\"inLanguage\":\"es\"},{\"@type\":\"Person\",\"@id\":\"https:\/\/puntdereferencia.org\/es\/#\/schema\/person\/c475209bcc857303ec6ed0259d3cf078\",\"name\":\"admin\",\"image\":{\"@type\":\"ImageObject\",\"inLanguage\":\"es\",\"@id\":\"https:\/\/puntdereferencia.org\/es\/#\/schema\/person\/image\/\",\"url\":\"https:\/\/secure.gravatar.com\/avatar\/ff306d55f6aedb51a29e838506fafaa76a30bce9f5db9aca2e28921b903aaad2?s=96&d=mm&r=g\",\"contentUrl\":\"https:\/\/secure.gravatar.com\/avatar\/ff306d55f6aedb51a29e838506fafaa76a30bce9f5db9aca2e28921b903aaad2?s=96&d=mm&r=g\",\"caption\":\"admin\"},\"sameAs\":[\"http:\/\/\/home\/puntref\/webapps\/web2024\"],\"url\":\"https:\/\/puntdereferencia.org\/es\/author\/admin\/\"}]}<\/script>\n<!-- \/ Yoast SEO plugin. -->","yoast_head_json":{"title":"El piso asistido 'El Trampol\u00ed' ya tiene nueva ubicaci\u00f3n - Punt de Referencia","robots":{"index":"index","follow":"follow","max-snippet":"max-snippet:-1","max-image-preview":"max-image-preview:large","max-video-preview":"max-video-preview:-1"},"canonical":"https:\/\/puntdereferencia.org\/es\/el-pis-assistit-el-trampoli-ja-te-nova-ubicacio\/","og_locale":"es_ES","og_type":"article","og_title":"El piso asistido 'El Trampol\u00ed' ya tiene nueva ubicaci\u00f3n - Punt de Referencia","og_description":"El Trampol\u00ed se ha trasladado. El piso que durante 6 a\u00f1os ha acogido muchos j\u00f3venes en el barrio de Hostafrancs cambia de ubicaci\u00f3n. Debido a la finalizaci\u00f3n del contrato de alquiler, se ha decidido mover el Trampol\u00ed al distrito de Sants &#8211; Montju\u00efc, a un piso que Punt de Refer\u00e8ncia alquila a la Fundaci\u00f3 Mambr\u00e9, [&hellip;]","og_url":"https:\/\/puntdereferencia.org\/es\/el-pis-assistit-el-trampoli-ja-te-nova-ubicacio\/","og_site_name":"Punt de Referencia","article_published_time":"2018-11-29T14:34:50+00:00","article_modified_time":"2024-07-31T11:45:07+00:00","og_image":[{"width":2560,"height":1914,"url":"https:\/\/puntdereferencia.org\/wp-content\/uploads\/2024\/07\/IMG_20181119_101335_122-scaled-1.jpg","type":"image\/jpeg"}],"author":"admin","twitter_card":"summary_large_image","twitter_misc":{"Escrito por":"admin","Tiempo de lectura":"1 minuto"},"schema":{"@context":"https:\/\/schema.org","@graph":[{"@type":"Article","@id":"https:\/\/puntdereferencia.org\/es\/el-pis-assistit-el-trampoli-ja-te-nova-ubicacio\/#article","isPartOf":{"@id":"https:\/\/puntdereferencia.org\/es\/el-pis-assistit-el-trampoli-ja-te-nova-ubicacio\/"},"author":{"name":"admin","@id":"https:\/\/puntdereferencia.org\/es\/#\/schema\/person\/c475209bcc857303ec6ed0259d3cf078"},"headline":"El piso asistido &#8216;El Trampol\u00ed&#8217; ya tiene nueva ubicaci\u00f3n","datePublished":"2018-11-29T14:34:50+00:00","dateModified":"2024-07-31T11:45:07+00:00","mainEntityOfPage":{"@id":"https:\/\/puntdereferencia.org\/es\/el-pis-assistit-el-trampoli-ja-te-nova-ubicacio\/"},"wordCount":198,"commentCount":485,"image":{"@id":"https:\/\/puntdereferencia.org\/es\/el-pis-assistit-el-trampoli-ja-te-nova-ubicacio\/#primaryimage"},"thumbnailUrl":"https:\/\/puntdereferencia.org\/wp-content\/uploads\/2024\/07\/IMG_20181119_101335_122-scaled-1.jpg","articleSection":["NOTICIAS"],"inLanguage":"es","potentialAction":[{"@type":"CommentAction","name":"Comment","target":["https:\/\/puntdereferencia.org\/es\/el-pis-assistit-el-trampoli-ja-te-nova-ubicacio\/#respond"]}]},{"@type":"WebPage","@id":"https:\/\/puntdereferencia.org\/es\/el-pis-assistit-el-trampoli-ja-te-nova-ubicacio\/","url":"https:\/\/puntdereferencia.org\/es\/el-pis-assistit-el-trampoli-ja-te-nova-ubicacio\/","name":"El piso asistido 'El Trampol\u00ed' ya tiene nueva ubicaci\u00f3n - Punt de Referencia","isPartOf":{"@id":"https:\/\/puntdereferencia.org\/es\/#website"},"primaryImageOfPage":{"@id":"https:\/\/puntdereferencia.org\/es\/el-pis-assistit-el-trampoli-ja-te-nova-ubicacio\/#primaryimage"},"image":{"@id":"https:\/\/puntdereferencia.org\/es\/el-pis-assistit-el-trampoli-ja-te-nova-ubicacio\/#primaryimage"},"thumbnailUrl":"https:\/\/puntdereferencia.org\/wp-content\/uploads\/2024\/07\/IMG_20181119_101335_122-scaled-1.jpg","datePublished":"2018-11-29T14:34:50+00:00","dateModified":"2024-07-31T11:45:07+00:00","author":{"@id":"https:\/\/puntdereferencia.org\/es\/#\/schema\/person\/c475209bcc857303ec6ed0259d3cf078"},"breadcrumb":{"@id":"https:\/\/puntdereferencia.org\/es\/el-pis-assistit-el-trampoli-ja-te-nova-ubicacio\/#breadcrumb"},"inLanguage":"es","potentialAction":[{"@type":"ReadAction","target":["https:\/\/puntdereferencia.org\/es\/el-pis-assistit-el-trampoli-ja-te-nova-ubicacio\/"]}]},{"@type":"ImageObject","inLanguage":"es","@id":"https:\/\/puntdereferencia.org\/es\/el-pis-assistit-el-trampoli-ja-te-nova-ubicacio\/#primaryimage","url":"https:\/\/puntdereferencia.org\/wp-content\/uploads\/2024\/07\/IMG_20181119_101335_122-scaled-1.jpg","contentUrl":"https:\/\/puntdereferencia.org\/wp-content\/uploads\/2024\/07\/IMG_20181119_101335_122-scaled-1.jpg","width":2560,"height":1914},{"@type":"BreadcrumbList","@id":"https:\/\/puntdereferencia.org\/es\/el-pis-assistit-el-trampoli-ja-te-nova-ubicacio\/#breadcrumb","itemListElement":[{"@type":"ListItem","position":1,"name":"Inici","item":"https:\/\/puntdereferencia.org\/es\/inicio\/"},{"@type":"ListItem","position":2,"name":"El piso asistido &#8216;El Trampol\u00ed&#8217; ya tiene nueva ubicaci\u00f3n"}]},{"@type":"WebSite","@id":"https:\/\/puntdereferencia.org\/es\/#website","url":"https:\/\/puntdereferencia.org\/es\/","name":"Punt de Referencia","description":"","potentialAction":[{"@type":"SearchAction","target":{"@type":"EntryPoint","urlTemplate":"https:\/\/puntdereferencia.org\/es\/?s={search_term_string}"},"query-input":{"@type":"PropertyValueSpecification","valueRequired":true,"valueName":"search_term_string"}}],"inLanguage":"es"},{"@type":"Person","@id":"https:\/\/puntdereferencia.org\/es\/#\/schema\/person\/c475209bcc857303ec6ed0259d3cf078","name":"admin","image":{"@type":"ImageObject","inLanguage":"es","@id":"https:\/\/puntdereferencia.org\/es\/#\/schema\/person\/image\/","url":"https:\/\/secure.gravatar.com\/avatar\/ff306d55f6aedb51a29e838506fafaa76a30bce9f5db9aca2e28921b903aaad2?s=96&d=mm&r=g","contentUrl":"https:\/\/secure.gravatar.com\/avatar\/ff306d55f6aedb51a29e838506fafaa76a30bce9f5db9aca2e28921b903aaad2?s=96&d=mm&r=g","caption":"admin"},"sameAs":["http:\/\/\/home\/puntref\/webapps\/web2024"],"url":"https:\/\/puntdereferencia.org\/es\/author\/admin\/"}]}},"_links":{"self":[{"href":"https:\/\/puntdereferencia.org\/es\/wp-json\/wp\/v2\/posts\/24415","targetHints":{"allow":["GET"]}}],"collection":[{"href":"https:\/\/puntdereferencia.org\/es\/wp-json\/wp\/v2\/posts"}],"about":[{"href":"https:\/\/puntdereferencia.org\/es\/wp-json\/wp\/v2\/types\/post"}],"author":[{"embeddable":true,"href":"https:\/\/puntdereferencia.org\/es\/wp-json\/wp\/v2\/users\/1"}],"replies":[{"embeddable":true,"href":"https:\/\/puntdereferencia.org\/es\/wp-json\/wp\/v2\/comments?post=24415"}],"version-history":[{"count":2,"href":"https:\/\/puntdereferencia.org\/es\/wp-json\/wp\/v2\/posts\/24415\/revisions"}],"predecessor-version":[{"id":25945,"href":"https:\/\/puntdereferencia.org\/es\/wp-json\/wp\/v2\/posts\/24415\/revisions\/25945"}],"wp:featuredmedia":[{"embeddable":true,"href":"https:\/\/puntdereferencia.org\/es\/wp-json\/wp\/v2\/media\/19716"}],"wp:attachment":[{"href":"https:\/\/puntdereferencia.org\/es\/wp-json\/wp\/v2\/media?parent=24415"}],"wp:term":[{"taxonomy":"category","embeddable":true,"href":"https:\/\/puntdereferencia.org\/es\/wp-json\/wp\/v2\/categories?post=24415"},{"taxonomy":"post_tag","embeddable":true,"href":"https:\/\/puntdereferencia.org\/es\/wp-json\/wp\/v2\/tags?post=24415"}],"curies":[{"name":"wp","href":"https:\/\/api.w.org\/{rel}","templated":true}]}}