{"id":24416,"date":"2018-12-19T15:03:35","date_gmt":"2018-12-19T15:03:35","guid":{"rendered":"https:\/\/puntdereferencia.org\/la-veu-dels-joves-del-barri-de-la-marina-solidaria-amb-el-jovent-tutelat\/"},"modified":"2024-07-31T11:44:35","modified_gmt":"2024-07-31T11:44:35","slug":"la-veu-dels-joves-del-barri-de-la-marina-solidaria-amb-el-jovent-tutelat","status":"publish","type":"post","link":"https:\/\/puntdereferencia.org\/es\/la-veu-dels-joves-del-barri-de-la-marina-solidaria-amb-el-jovent-tutelat\/","title":{"rendered":"La voz de los j\u00f3venes del barrio de La Marina, solidaria con la juventud tutelada"},"content":{"rendered":"<p><span lang=\"es\">\u00abPropuesta concierto solidario\u00bb. Este era el t\u00edtulo del e-mail que nos llev\u00f3 a conocer los j\u00f3venes del <a href=\"http:\/\/labascula.cat\/\">Espacio Joven la B\u00e1scula<\/a> organizadores del concierto, y tambi\u00e9n a rapear con ellos la tarde del 1 de diciembre.<\/span><span lang=\"es\">o con alg\u00fan proyecto que apoyara juventud tutelado. <\/span><\/p>\n<p><span lang=\"es\">La propuesta del grupo de j\u00f3venes del barrio de La Marina era la de montar un concierto que fuera solidario con alg\u00fan proyecto que apoyara la juventud tutelada.\u00a0<\/span><span lang=\"es\">Ellos mismos cantar\u00edan sus canciones, acompa\u00f1ados de los cabezas de cartel <a href=\"https:\/\/www.youtube.com\/watch?v=OBbHrfndCnE\">Escandaloso Xp\u00f3sito y DJ Heras<\/a><\/span><\/p>\n<p>Detr\u00e1s de aquel e-mail y hab\u00eda las ganas de unos j\u00f3venes para ayudar a otros j\u00f3venes, as\u00ed que les explicamos c\u00f3mo trabajamos para acompa\u00f1ar a la juventud tutelada y extutelada. Les gust\u00f3 la iniciativa del proyecto <a href=\"http:\/\/www.puntdereferencia.org\/project\/gr-16-18\/?lang=es\">GR16-18<\/a>, que trabaja con j\u00f3venes en \u00faltima fase de tutela y decidieron destinar el beneficio de los 2 \u20ac de entrada a este proyecto.<\/p>\n<p>Al cabo de unas semanas lleg\u00f3 el d\u00eda del concierto. Nos encontramos un grupo de j\u00f3venes nerviosos porque llegaba el momento esperado por el proyecto del grupo. Enseguida la sala de conciertos se llen\u00f3 de amistades que estuvieron rapeando las canciones hasta el final.<\/p>\n<p><img loading=\"lazy\" decoding=\"async\" class=\"wp-image-5387 aligncenter\" src=\"http:\/\/puntdereferencia.org\/wp-content\/uploads\/2024\/07\/DSC_0132-scaled-1.jpg\" alt=\"\" width=\"569\" height=\"379\" \/>\u00a0<img loading=\"lazy\" decoding=\"async\" class=\"wp-image-5391 aligncenter\" src=\"http:\/\/puntdereferencia.org\/wp-content\/uploads\/2024\/07\/DSC_0156-scaled-1.jpg\" alt=\"\" width=\"569\" height=\"379\" \/><\/p>\n<p>Gracias a la organizaci\u00f3n del concierto se pudo recaudar 192 \u20ac por el proyecto de fotograf\u00eda y mentor\u00eda de Punt de Refer\u00e8ncia. Esperamos poder volver a colaborar m\u00e1s adelante con el grupo de La B\u00e1scula.<\/p>\n<p>De momento sabemos que en junio los reencontraremos, pues el grupo de j\u00f3venes tutelados y tuteladas del GR16-18 ya los han invitado a la exposici\u00f3n fotogr\u00e1fica de final de curso.<\/p>\n","protected":false},"excerpt":{"rendered":"<p>\u00abPropuesta concierto solidario\u00bb. Este era el t\u00edtulo del e-mail que nos llev\u00f3 a conocer los j\u00f3venes del Espacio Joven la B\u00e1scula organizadores del concierto, y tambi\u00e9n a rapear con ellos la tarde del 1 de diciembre.o con alg\u00fan proyecto que apoyara juventud tutelado. La propuesta del grupo de j\u00f3venes del barrio de La Marina era [&hellip;]<\/p>\n","protected":false},"author":1,"featured_media":19735,"comment_status":"open","ping_status":"open","sticky":false,"template":"","format":"standard","meta":{"footnotes":""},"categories":[913],"tags":[101,25,103,104,8,106],"class_list":["post-24416","post","type-post","status-publish","format-standard","has-post-thumbnail","hentry","category-noticias-es","tag-concert","tag-joves","tag-rap","tag-solidari","tag-solidaritat","tag-tutela"],"yoast_head":"<!-- This site is optimized with the Yoast SEO plugin v27.1.1 - https:\/\/yoast.com\/product\/yoast-seo-wordpress\/ -->\n<title>La voz de los j\u00f3venes del barrio de La Marina, solidaria con la juventud tutelada - Punt de Referencia<\/title>\n<meta name=\"robots\" content=\"index, follow, max-snippet:-1, max-image-preview:large, max-video-preview:-1\" \/>\n<link rel=\"canonical\" href=\"https:\/\/puntdereferencia.org\/es\/la-veu-dels-joves-del-barri-de-la-marina-solidaria-amb-el-jovent-tutelat\/\" \/>\n<meta property=\"og:locale\" content=\"es_ES\" \/>\n<meta property=\"og:type\" content=\"article\" \/>\n<meta property=\"og:title\" content=\"La voz de los j\u00f3venes del barrio de La Marina, solidaria con la juventud tutelada - Punt de Referencia\" \/>\n<meta property=\"og:description\" content=\"\u00abPropuesta concierto solidario\u00bb. Este era el t\u00edtulo del e-mail que nos llev\u00f3 a conocer los j\u00f3venes del Espacio Joven la B\u00e1scula organizadores del concierto, y tambi\u00e9n a rapear con ellos la tarde del 1 de diciembre.o con alg\u00fan proyecto que apoyara juventud tutelado. La propuesta del grupo de j\u00f3venes del barrio de La Marina era [&hellip;]\" \/>\n<meta property=\"og:url\" content=\"https:\/\/puntdereferencia.org\/es\/la-veu-dels-joves-del-barri-de-la-marina-solidaria-amb-el-jovent-tutelat\/\" \/>\n<meta property=\"og:site_name\" content=\"Punt de Referencia\" \/>\n<meta property=\"article:published_time\" content=\"2018-12-19T15:03:35+00:00\" \/>\n<meta property=\"article:modified_time\" content=\"2024-07-31T11:44:35+00:00\" \/>\n<meta property=\"og:image\" content=\"https:\/\/puntdereferencia.org\/wp-content\/uploads\/2024\/07\/DSC_0156-scaled-1.jpg\" \/>\n\t<meta property=\"og:image:width\" content=\"2560\" \/>\n\t<meta property=\"og:image:height\" content=\"1705\" \/>\n\t<meta property=\"og:image:type\" content=\"image\/jpeg\" \/>\n<meta name=\"author\" content=\"admin\" \/>\n<meta name=\"twitter:card\" content=\"summary_large_image\" \/>\n<meta name=\"twitter:label1\" content=\"Escrito por\" \/>\n\t<meta name=\"twitter:data1\" content=\"admin\" \/>\n\t<meta name=\"twitter:label2\" content=\"Tiempo de lectura\" \/>\n\t<meta name=\"twitter:data2\" content=\"2 minutos\" \/>\n<script type=\"application\/ld+json\" class=\"yoast-schema-graph\">{\"@context\":\"https:\/\/schema.org\",\"@graph\":[{\"@type\":\"Article\",\"@id\":\"https:\/\/puntdereferencia.org\/es\/la-veu-dels-joves-del-barri-de-la-marina-solidaria-amb-el-jovent-tutelat\/#article\",\"isPartOf\":{\"@id\":\"https:\/\/puntdereferencia.org\/es\/la-veu-dels-joves-del-barri-de-la-marina-solidaria-amb-el-jovent-tutelat\/\"},\"author\":{\"name\":\"admin\",\"@id\":\"https:\/\/puntdereferencia.org\/es\/#\/schema\/person\/c475209bcc857303ec6ed0259d3cf078\"},\"headline\":\"La voz de los j\u00f3venes del barrio de La Marina, solidaria con la juventud tutelada\",\"datePublished\":\"2018-12-19T15:03:35+00:00\",\"dateModified\":\"2024-07-31T11:44:35+00:00\",\"mainEntityOfPage\":{\"@id\":\"https:\/\/puntdereferencia.org\/es\/la-veu-dels-joves-del-barri-de-la-marina-solidaria-amb-el-jovent-tutelat\/\"},\"wordCount\":298,\"commentCount\":0,\"image\":{\"@id\":\"https:\/\/puntdereferencia.org\/es\/la-veu-dels-joves-del-barri-de-la-marina-solidaria-amb-el-jovent-tutelat\/#primaryimage\"},\"thumbnailUrl\":\"https:\/\/puntdereferencia.org\/wp-content\/uploads\/2024\/07\/DSC_0156-scaled-1.jpg\",\"keywords\":[\"concert\",\"joves\",\"rap\",\"solidari\",\"Solidaritat\",\"tutela\"],\"articleSection\":[\"NOTICIAS\"],\"inLanguage\":\"es\",\"potentialAction\":[{\"@type\":\"CommentAction\",\"name\":\"Comment\",\"target\":[\"https:\/\/puntdereferencia.org\/es\/la-veu-dels-joves-del-barri-de-la-marina-solidaria-amb-el-jovent-tutelat\/#respond\"]}]},{\"@type\":\"WebPage\",\"@id\":\"https:\/\/puntdereferencia.org\/es\/la-veu-dels-joves-del-barri-de-la-marina-solidaria-amb-el-jovent-tutelat\/\",\"url\":\"https:\/\/puntdereferencia.org\/es\/la-veu-dels-joves-del-barri-de-la-marina-solidaria-amb-el-jovent-tutelat\/\",\"name\":\"La voz de los j\u00f3venes del barrio de La Marina, solidaria con la juventud tutelada - Punt de Referencia\",\"isPartOf\":{\"@id\":\"https:\/\/puntdereferencia.org\/es\/#website\"},\"primaryImageOfPage\":{\"@id\":\"https:\/\/puntdereferencia.org\/es\/la-veu-dels-joves-del-barri-de-la-marina-solidaria-amb-el-jovent-tutelat\/#primaryimage\"},\"image\":{\"@id\":\"https:\/\/puntdereferencia.org\/es\/la-veu-dels-joves-del-barri-de-la-marina-solidaria-amb-el-jovent-tutelat\/#primaryimage\"},\"thumbnailUrl\":\"https:\/\/puntdereferencia.org\/wp-content\/uploads\/2024\/07\/DSC_0156-scaled-1.jpg\",\"datePublished\":\"2018-12-19T15:03:35+00:00\",\"dateModified\":\"2024-07-31T11:44:35+00:00\",\"author\":{\"@id\":\"https:\/\/puntdereferencia.org\/es\/#\/schema\/person\/c475209bcc857303ec6ed0259d3cf078\"},\"breadcrumb\":{\"@id\":\"https:\/\/puntdereferencia.org\/es\/la-veu-dels-joves-del-barri-de-la-marina-solidaria-amb-el-jovent-tutelat\/#breadcrumb\"},\"inLanguage\":\"es\",\"potentialAction\":[{\"@type\":\"ReadAction\",\"target\":[\"https:\/\/puntdereferencia.org\/es\/la-veu-dels-joves-del-barri-de-la-marina-solidaria-amb-el-jovent-tutelat\/\"]}]},{\"@type\":\"ImageObject\",\"inLanguage\":\"es\",\"@id\":\"https:\/\/puntdereferencia.org\/es\/la-veu-dels-joves-del-barri-de-la-marina-solidaria-amb-el-jovent-tutelat\/#primaryimage\",\"url\":\"https:\/\/puntdereferencia.org\/wp-content\/uploads\/2024\/07\/DSC_0156-scaled-1.jpg\",\"contentUrl\":\"https:\/\/puntdereferencia.org\/wp-content\/uploads\/2024\/07\/DSC_0156-scaled-1.jpg\",\"width\":2560,\"height\":1705},{\"@type\":\"BreadcrumbList\",\"@id\":\"https:\/\/puntdereferencia.org\/es\/la-veu-dels-joves-del-barri-de-la-marina-solidaria-amb-el-jovent-tutelat\/#breadcrumb\",\"itemListElement\":[{\"@type\":\"ListItem\",\"position\":1,\"name\":\"Inici\",\"item\":\"https:\/\/puntdereferencia.org\/es\/inicio\/\"},{\"@type\":\"ListItem\",\"position\":2,\"name\":\"La voz de los j\u00f3venes del barrio de La Marina, solidaria con la juventud tutelada\"}]},{\"@type\":\"WebSite\",\"@id\":\"https:\/\/puntdereferencia.org\/es\/#website\",\"url\":\"https:\/\/puntdereferencia.org\/es\/\",\"name\":\"Punt de Referencia\",\"description\":\"\",\"potentialAction\":[{\"@type\":\"SearchAction\",\"target\":{\"@type\":\"EntryPoint\",\"urlTemplate\":\"https:\/\/puntdereferencia.org\/es\/?s={search_term_string}\"},\"query-input\":{\"@type\":\"PropertyValueSpecification\",\"valueRequired\":true,\"valueName\":\"search_term_string\"}}],\"inLanguage\":\"es\"},{\"@type\":\"Person\",\"@id\":\"https:\/\/puntdereferencia.org\/es\/#\/schema\/person\/c475209bcc857303ec6ed0259d3cf078\",\"name\":\"admin\",\"image\":{\"@type\":\"ImageObject\",\"inLanguage\":\"es\",\"@id\":\"https:\/\/puntdereferencia.org\/es\/#\/schema\/person\/image\/\",\"url\":\"https:\/\/secure.gravatar.com\/avatar\/ff306d55f6aedb51a29e838506fafaa76a30bce9f5db9aca2e28921b903aaad2?s=96&d=mm&r=g\",\"contentUrl\":\"https:\/\/secure.gravatar.com\/avatar\/ff306d55f6aedb51a29e838506fafaa76a30bce9f5db9aca2e28921b903aaad2?s=96&d=mm&r=g\",\"caption\":\"admin\"},\"sameAs\":[\"http:\/\/\/home\/puntref\/webapps\/web2024\"],\"url\":\"https:\/\/puntdereferencia.org\/es\/author\/admin\/\"}]}<\/script>\n<!-- \/ Yoast SEO plugin. -->","yoast_head_json":{"title":"La voz de los j\u00f3venes del barrio de La Marina, solidaria con la juventud tutelada - Punt de Referencia","robots":{"index":"index","follow":"follow","max-snippet":"max-snippet:-1","max-image-preview":"max-image-preview:large","max-video-preview":"max-video-preview:-1"},"canonical":"https:\/\/puntdereferencia.org\/es\/la-veu-dels-joves-del-barri-de-la-marina-solidaria-amb-el-jovent-tutelat\/","og_locale":"es_ES","og_type":"article","og_title":"La voz de los j\u00f3venes del barrio de La Marina, solidaria con la juventud tutelada - Punt de Referencia","og_description":"\u00abPropuesta concierto solidario\u00bb. Este era el t\u00edtulo del e-mail que nos llev\u00f3 a conocer los j\u00f3venes del Espacio Joven la B\u00e1scula organizadores del concierto, y tambi\u00e9n a rapear con ellos la tarde del 1 de diciembre.o con alg\u00fan proyecto que apoyara juventud tutelado. La propuesta del grupo de j\u00f3venes del barrio de La Marina era [&hellip;]","og_url":"https:\/\/puntdereferencia.org\/es\/la-veu-dels-joves-del-barri-de-la-marina-solidaria-amb-el-jovent-tutelat\/","og_site_name":"Punt de Referencia","article_published_time":"2018-12-19T15:03:35+00:00","article_modified_time":"2024-07-31T11:44:35+00:00","og_image":[{"width":2560,"height":1705,"url":"https:\/\/puntdereferencia.org\/wp-content\/uploads\/2024\/07\/DSC_0156-scaled-1.jpg","type":"image\/jpeg"}],"author":"admin","twitter_card":"summary_large_image","twitter_misc":{"Escrito por":"admin","Tiempo de lectura":"2 minutos"},"schema":{"@context":"https:\/\/schema.org","@graph":[{"@type":"Article","@id":"https:\/\/puntdereferencia.org\/es\/la-veu-dels-joves-del-barri-de-la-marina-solidaria-amb-el-jovent-tutelat\/#article","isPartOf":{"@id":"https:\/\/puntdereferencia.org\/es\/la-veu-dels-joves-del-barri-de-la-marina-solidaria-amb-el-jovent-tutelat\/"},"author":{"name":"admin","@id":"https:\/\/puntdereferencia.org\/es\/#\/schema\/person\/c475209bcc857303ec6ed0259d3cf078"},"headline":"La voz de los j\u00f3venes del barrio de La Marina, solidaria con la juventud tutelada","datePublished":"2018-12-19T15:03:35+00:00","dateModified":"2024-07-31T11:44:35+00:00","mainEntityOfPage":{"@id":"https:\/\/puntdereferencia.org\/es\/la-veu-dels-joves-del-barri-de-la-marina-solidaria-amb-el-jovent-tutelat\/"},"wordCount":298,"commentCount":0,"image":{"@id":"https:\/\/puntdereferencia.org\/es\/la-veu-dels-joves-del-barri-de-la-marina-solidaria-amb-el-jovent-tutelat\/#primaryimage"},"thumbnailUrl":"https:\/\/puntdereferencia.org\/wp-content\/uploads\/2024\/07\/DSC_0156-scaled-1.jpg","keywords":["concert","joves","rap","solidari","Solidaritat","tutela"],"articleSection":["NOTICIAS"],"inLanguage":"es","potentialAction":[{"@type":"CommentAction","name":"Comment","target":["https:\/\/puntdereferencia.org\/es\/la-veu-dels-joves-del-barri-de-la-marina-solidaria-amb-el-jovent-tutelat\/#respond"]}]},{"@type":"WebPage","@id":"https:\/\/puntdereferencia.org\/es\/la-veu-dels-joves-del-barri-de-la-marina-solidaria-amb-el-jovent-tutelat\/","url":"https:\/\/puntdereferencia.org\/es\/la-veu-dels-joves-del-barri-de-la-marina-solidaria-amb-el-jovent-tutelat\/","name":"La voz de los j\u00f3venes del barrio de La Marina, solidaria con la juventud tutelada - Punt de Referencia","isPartOf":{"@id":"https:\/\/puntdereferencia.org\/es\/#website"},"primaryImageOfPage":{"@id":"https:\/\/puntdereferencia.org\/es\/la-veu-dels-joves-del-barri-de-la-marina-solidaria-amb-el-jovent-tutelat\/#primaryimage"},"image":{"@id":"https:\/\/puntdereferencia.org\/es\/la-veu-dels-joves-del-barri-de-la-marina-solidaria-amb-el-jovent-tutelat\/#primaryimage"},"thumbnailUrl":"https:\/\/puntdereferencia.org\/wp-content\/uploads\/2024\/07\/DSC_0156-scaled-1.jpg","datePublished":"2018-12-19T15:03:35+00:00","dateModified":"2024-07-31T11:44:35+00:00","author":{"@id":"https:\/\/puntdereferencia.org\/es\/#\/schema\/person\/c475209bcc857303ec6ed0259d3cf078"},"breadcrumb":{"@id":"https:\/\/puntdereferencia.org\/es\/la-veu-dels-joves-del-barri-de-la-marina-solidaria-amb-el-jovent-tutelat\/#breadcrumb"},"inLanguage":"es","potentialAction":[{"@type":"ReadAction","target":["https:\/\/puntdereferencia.org\/es\/la-veu-dels-joves-del-barri-de-la-marina-solidaria-amb-el-jovent-tutelat\/"]}]},{"@type":"ImageObject","inLanguage":"es","@id":"https:\/\/puntdereferencia.org\/es\/la-veu-dels-joves-del-barri-de-la-marina-solidaria-amb-el-jovent-tutelat\/#primaryimage","url":"https:\/\/puntdereferencia.org\/wp-content\/uploads\/2024\/07\/DSC_0156-scaled-1.jpg","contentUrl":"https:\/\/puntdereferencia.org\/wp-content\/uploads\/2024\/07\/DSC_0156-scaled-1.jpg","width":2560,"height":1705},{"@type":"BreadcrumbList","@id":"https:\/\/puntdereferencia.org\/es\/la-veu-dels-joves-del-barri-de-la-marina-solidaria-amb-el-jovent-tutelat\/#breadcrumb","itemListElement":[{"@type":"ListItem","position":1,"name":"Inici","item":"https:\/\/puntdereferencia.org\/es\/inicio\/"},{"@type":"ListItem","position":2,"name":"La voz de los j\u00f3venes del barrio de La Marina, solidaria con la juventud tutelada"}]},{"@type":"WebSite","@id":"https:\/\/puntdereferencia.org\/es\/#website","url":"https:\/\/puntdereferencia.org\/es\/","name":"Punt de Referencia","description":"","potentialAction":[{"@type":"SearchAction","target":{"@type":"EntryPoint","urlTemplate":"https:\/\/puntdereferencia.org\/es\/?s={search_term_string}"},"query-input":{"@type":"PropertyValueSpecification","valueRequired":true,"valueName":"search_term_string"}}],"inLanguage":"es"},{"@type":"Person","@id":"https:\/\/puntdereferencia.org\/es\/#\/schema\/person\/c475209bcc857303ec6ed0259d3cf078","name":"admin","image":{"@type":"ImageObject","inLanguage":"es","@id":"https:\/\/puntdereferencia.org\/es\/#\/schema\/person\/image\/","url":"https:\/\/secure.gravatar.com\/avatar\/ff306d55f6aedb51a29e838506fafaa76a30bce9f5db9aca2e28921b903aaad2?s=96&d=mm&r=g","contentUrl":"https:\/\/secure.gravatar.com\/avatar\/ff306d55f6aedb51a29e838506fafaa76a30bce9f5db9aca2e28921b903aaad2?s=96&d=mm&r=g","caption":"admin"},"sameAs":["http:\/\/\/home\/puntref\/webapps\/web2024"],"url":"https:\/\/puntdereferencia.org\/es\/author\/admin\/"}]}},"_links":{"self":[{"href":"https:\/\/puntdereferencia.org\/es\/wp-json\/wp\/v2\/posts\/24416","targetHints":{"allow":["GET"]}}],"collection":[{"href":"https:\/\/puntdereferencia.org\/es\/wp-json\/wp\/v2\/posts"}],"about":[{"href":"https:\/\/puntdereferencia.org\/es\/wp-json\/wp\/v2\/types\/post"}],"author":[{"embeddable":true,"href":"https:\/\/puntdereferencia.org\/es\/wp-json\/wp\/v2\/users\/1"}],"replies":[{"embeddable":true,"href":"https:\/\/puntdereferencia.org\/es\/wp-json\/wp\/v2\/comments?post=24416"}],"version-history":[{"count":3,"href":"https:\/\/puntdereferencia.org\/es\/wp-json\/wp\/v2\/posts\/24416\/revisions"}],"predecessor-version":[{"id":25949,"href":"https:\/\/puntdereferencia.org\/es\/wp-json\/wp\/v2\/posts\/24416\/revisions\/25949"}],"wp:featuredmedia":[{"embeddable":true,"href":"https:\/\/puntdereferencia.org\/es\/wp-json\/wp\/v2\/media\/19735"}],"wp:attachment":[{"href":"https:\/\/puntdereferencia.org\/es\/wp-json\/wp\/v2\/media?parent=24416"}],"wp:term":[{"taxonomy":"category","embeddable":true,"href":"https:\/\/puntdereferencia.org\/es\/wp-json\/wp\/v2\/categories?post=24416"},{"taxonomy":"post_tag","embeddable":true,"href":"https:\/\/puntdereferencia.org\/es\/wp-json\/wp\/v2\/tags?post=24416"}],"curies":[{"name":"wp","href":"https:\/\/api.w.org\/{rel}","templated":true}]}}