{"id":24423,"date":"2019-01-28T10:36:41","date_gmt":"2019-01-28T10:36:41","guid":{"rendered":"https:\/\/puntdereferencia.org\/la-importancia-de-les-sortides-en-espais-informals\/"},"modified":"2024-07-31T11:41:45","modified_gmt":"2024-07-31T11:41:45","slug":"la-importancia-de-les-sortides-en-espais-informals","status":"publish","type":"post","link":"https:\/\/puntdereferencia.org\/es\/la-importancia-de-les-sortides-en-espais-informals\/","title":{"rendered":"La importancia de las salidas en espacios informales"},"content":{"rendered":"<p>Mentores i mentoras, que el fr\u00edo no os pare!<\/p>\n<p>Hacer una actividad en un espacio informal es una gran oportunidad para generar un v\u00ednculo entre las personas mentoras y los j\u00f3venes, y juntas, empezar a vivir experiencias. Encontrarse para pasar un rato distendido os llevar\u00e1 a conocer de una manera m\u00e1s natural a la persona joven o mentora y a valorar en cada encuentro, c\u00f3mo os apetece desconectar de les actividades rutinarias.<\/p>\n<p>Las educadoras de Punt tamb\u00e9 procuramos hacer <strong>activi<\/strong><strong>d<\/strong><strong>a<\/strong><strong>de<\/strong><strong>s grupal<\/strong><strong>e<\/strong><strong>s <\/strong><strong>con<\/strong><strong> l<\/strong><strong>o<\/strong><strong>s j<\/strong><strong>\u00f3<\/strong><strong>ve<\/strong><strong>ne<\/strong><strong>s de forma peri<\/strong><strong>\u00f3<\/strong><strong>dica, <\/strong>fuera del espacio de reuniones, formaciones y seguimientos. Aprovechando las buenas previsiones del tiempo, este mes de enero se organiz\u00f3 una marcha por el Garraf a la que se apuntaron j\u00f3venes y voluntariado. Juntos caminaron siguiendo un GR desde Vilanova i la Geltr\u00fa hasta Sitges, un total de 8km donde pudieron disfrutar de las vistas al mar y de les antiguas casas modernistas. Aquella caminata y las actividades posteriores en la playa facilitaron que compartieran momentos con persones que de otra forma no habr\u00eda sido posible conocer.<\/p>\n<p><img loading=\"lazy\" decoding=\"async\" class=\"alignnone wp-image-5576\" src=\"https:\/\/puntdereferencia.org\/wp-content\/uploads\/2024\/07\/WhatsApp-Image-2019-01-18-at-13.34.11.jpeg\" alt=\"\" width=\"371\" height=\"279\" \/>\u00a0<img loading=\"lazy\" decoding=\"async\" class=\"alignnone wp-image-5586\" src=\"http:\/\/puntdereferencia.org\/wp-content\/uploads\/2024\/07\/IMG_20190103_124837-scaled-1.jpg\" alt=\"\" width=\"372\" height=\"279\" \/>\u00a0<img loading=\"lazy\" decoding=\"async\" class=\"alignnone wp-image-5579\" src=\"https:\/\/puntdereferencia.org\/wp-content\/uploads\/2024\/07\/WhatsApp-Image-2019-01-18-at-13.34.12-1.jpeg\" alt=\"\" width=\"373\" height=\"280\" \/><\/p>\n<p>Barcelona y sus alrededores ofrecen multitud de actividades. Os proponemos algunas ideas y recursos donde encontrar las que mejor se adapten a vuestros gustos. Algunas de las propuestas son recomendaciones de personas mentoras.<\/p>\n<p><strong>Caminadas<\/strong><\/p>\n<ul>\n<li>Barrios de la ciudad: Born + Santa Maria del Mar \/ Paseo mar\u00edtimo + puerto&#8230; escoje el tuyo!<\/li>\n<li>Ida y vuelta en el Pantano de Vallvidrera<\/li>\n<li>Pasear por la carretera de les aig\u00fces<\/li>\n<\/ul>\n<p><strong>Espacios de la ciudad<\/strong><\/p>\n<ul>\n<li>Con vistas a Barcelona: desde los antiguos b\u00fanquers del <a href=\"https:\/\/irbarcelona.cat\/miradors-de-barcelona\/turo-de-la-rovira-bunkers-carmel\/\">Tur\u00f3 de la Rovira<\/a> o desde el <a href=\"https:\/\/irbarcelona.cat\/miradors-de-barcelona\/les-arenas\/\">mirador de les Arenes<\/a><\/li>\n<li><a href=\"https:\/\/www.barcelona.cat\/ca\/que-pots-fer-a-bcn\/parcs-i-jardins\/tots-els-parcs\">Parques y jardines:<\/a>\u00a0jard\u00edn bot\u00e1nico, parque G\u00fcell, parc de la ciutadella&#8230;<\/li>\n<\/ul>\n<p><strong>Exposiciones gratuitas<\/strong><\/p>\n<ul>\n<li>En <a href=\"http:\/\/ajuntament.barcelona.cat\/joves\/ca\/canal\/casals-de-joves\">Casales J\u00f3venes<\/a>\u00a0y\u00a0<a href=\"http:\/\/ajuntament.barcelona.cat\/centrescivics\/ca\">Centros C\u00edvicos<\/a><\/li>\n<li><a href=\"http:\/\/palaurobert.gencat.cat\/ca\/exposicions\/\">Palau Robert<\/a><\/li>\n<li><a href=\"http:\/\/ajuntament.barcelona.cat\/lavirreina\/ca\/exposicions\">Palau de la Virreina<\/a><\/li>\n<li><a href=\"https:\/\/www.timeout.cat\/barcelona\/ca\/atraccions\/museus-gratis-diumenges\">Museos que abren gratis los domingos<\/a><\/li>\n<\/ul>\n<p><strong>Festividades y actividades propias del calendario de invierno<\/strong><\/p>\n<ul>\n<li><a href=\"https:\/\/www-lameva.barcelona.cat\/santaeulalia\/ca\/llumbcn\">Llum Poblenou<\/a>: 15, 16 y 17 de febrero<\/li>\n<li><a href=\"http:\/\/lameva.barcelona.cat\/culturapopular\/ca\/festes-i-tradicions\/carnaval-de-barcelona\">Carnaval de Barcelona<\/a>,\u00a0Carnaval de Sitges:\u00a0 28 de febrero &#8211; 6 de marzo<\/li>\n<li><a href=\"http:\/\/www.santmedir.org\/\">Sant Medir<\/a> &#8211; 3 de marzo<\/li>\n<\/ul>\n<p><strong>Actividades con ni\u00f1os<\/strong><\/p>\n<ul>\n<li><a href=\"https:\/\/guia.barcelona.cat\/ca\/llistat?tipuscerca=directoris&amp;c=006200?004013001\">Paques Infantiles<\/a><\/li>\n<li><a href=\"https:\/\/bibliotecavirtual.diba.cat\/mapa-de-biblioteques\">Bibliotec<\/a><a href=\"https:\/\/bibliotecavirtual.diba.cat\/mapa-de-biblioteques\">as con espacio infantil<\/a><\/li>\n<\/ul>\n<p><strong>Recursos para encontrar m\u00e1s actividades<\/strong><\/p>\n<ul>\n<li><a href=\"https:\/\/www.timeout.cat\/barcelona\/ca\/que-fer\/gratis-propostes-sortir-sense-gastar\">Time out: salir sin gastar<\/a><\/li>\n<li><a href=\"http:\/\/www.laculturanovalres.com\/category\/agenda\/\">La Cultura no val res<\/a><\/li>\n<\/ul>\n<p>&nbsp;<\/p>\n","protected":false},"excerpt":{"rendered":"<p>Mentores i mentoras, que el fr\u00edo no os pare! Hacer una actividad en un espacio informal es una gran oportunidad para generar un v\u00ednculo entre las personas mentoras y los j\u00f3venes, y juntas, empezar a vivir experiencias. Encontrarse para pasar un rato distendido os llevar\u00e1 a conocer de una manera m\u00e1s natural a la persona [&hellip;]<\/p>\n","protected":false},"author":1,"featured_media":19832,"comment_status":"open","ping_status":"open","sticky":false,"template":"","format":"standard","meta":{"footnotes":""},"categories":[913],"tags":[45,126,127,128,129,11],"class_list":["post-24423","post","type-post","status-publish","format-standard","has-post-thumbnail","hentry","category-noticias-es","tag-barcelona","tag-barcelones","tag-escapades","tag-gratis","tag-jove","tag-mentoria"],"yoast_head":"<!-- This site is optimized with the Yoast SEO plugin v27.1.1 - https:\/\/yoast.com\/product\/yoast-seo-wordpress\/ -->\n<title>La importancia de las salidas en espacios informales - Punt de Referencia<\/title>\n<meta name=\"robots\" content=\"index, follow, max-snippet:-1, max-image-preview:large, max-video-preview:-1\" \/>\n<link rel=\"canonical\" href=\"https:\/\/puntdereferencia.org\/es\/la-importancia-de-les-sortides-en-espais-informals\/\" \/>\n<meta property=\"og:locale\" content=\"es_ES\" \/>\n<meta property=\"og:type\" content=\"article\" \/>\n<meta property=\"og:title\" content=\"La importancia de las salidas en espacios informales - Punt de Referencia\" \/>\n<meta property=\"og:description\" content=\"Mentores i mentoras, que el fr\u00edo no os pare! Hacer una actividad en un espacio informal es una gran oportunidad para generar un v\u00ednculo entre las personas mentoras y los j\u00f3venes, y juntas, empezar a vivir experiencias. Encontrarse para pasar un rato distendido os llevar\u00e1 a conocer de una manera m\u00e1s natural a la persona [&hellip;]\" \/>\n<meta property=\"og:url\" content=\"https:\/\/puntdereferencia.org\/es\/la-importancia-de-les-sortides-en-espais-informals\/\" \/>\n<meta property=\"og:site_name\" content=\"Punt de Referencia\" \/>\n<meta property=\"article:published_time\" content=\"2019-01-28T10:36:41+00:00\" \/>\n<meta property=\"article:modified_time\" content=\"2024-07-31T11:41:45+00:00\" \/>\n<meta property=\"og:image\" content=\"https:\/\/puntdereferencia.org\/wp-content\/uploads\/2024\/07\/WhatsApp-Image-2019-01-18-at-13.34.15.jpeg\" \/>\n\t<meta property=\"og:image:width\" content=\"1600\" \/>\n\t<meta property=\"og:image:height\" content=\"1200\" \/>\n\t<meta property=\"og:image:type\" content=\"image\/jpeg\" \/>\n<meta name=\"author\" content=\"admin\" \/>\n<meta name=\"twitter:card\" content=\"summary_large_image\" \/>\n<meta name=\"twitter:label1\" content=\"Escrito por\" \/>\n\t<meta name=\"twitter:data1\" content=\"admin\" \/>\n\t<meta name=\"twitter:label2\" content=\"Tiempo de lectura\" \/>\n\t<meta name=\"twitter:data2\" content=\"3 minutos\" \/>\n<script type=\"application\/ld+json\" class=\"yoast-schema-graph\">{\"@context\":\"https:\/\/schema.org\",\"@graph\":[{\"@type\":\"Article\",\"@id\":\"https:\/\/puntdereferencia.org\/es\/la-importancia-de-les-sortides-en-espais-informals\/#article\",\"isPartOf\":{\"@id\":\"https:\/\/puntdereferencia.org\/es\/la-importancia-de-les-sortides-en-espais-informals\/\"},\"author\":{\"name\":\"admin\",\"@id\":\"https:\/\/puntdereferencia.org\/es\/#\/schema\/person\/c475209bcc857303ec6ed0259d3cf078\"},\"headline\":\"La importancia de las salidas en espacios informales\",\"datePublished\":\"2019-01-28T10:36:41+00:00\",\"dateModified\":\"2024-07-31T11:41:45+00:00\",\"mainEntityOfPage\":{\"@id\":\"https:\/\/puntdereferencia.org\/es\/la-importancia-de-les-sortides-en-espais-informals\/\"},\"wordCount\":385,\"commentCount\":0,\"image\":{\"@id\":\"https:\/\/puntdereferencia.org\/es\/la-importancia-de-les-sortides-en-espais-informals\/#primaryimage\"},\"thumbnailUrl\":\"https:\/\/puntdereferencia.org\/wp-content\/uploads\/2024\/07\/WhatsApp-Image-2019-01-18-at-13.34.15.jpeg\",\"keywords\":[\"barcelona\",\"barcelon\u00e8s\",\"escapades\",\"gratis\",\"jove\",\"mentoria\"],\"articleSection\":[\"NOTICIAS\"],\"inLanguage\":\"es\",\"potentialAction\":[{\"@type\":\"CommentAction\",\"name\":\"Comment\",\"target\":[\"https:\/\/puntdereferencia.org\/es\/la-importancia-de-les-sortides-en-espais-informals\/#respond\"]}]},{\"@type\":\"WebPage\",\"@id\":\"https:\/\/puntdereferencia.org\/es\/la-importancia-de-les-sortides-en-espais-informals\/\",\"url\":\"https:\/\/puntdereferencia.org\/es\/la-importancia-de-les-sortides-en-espais-informals\/\",\"name\":\"La importancia de las salidas en espacios informales - Punt de Referencia\",\"isPartOf\":{\"@id\":\"https:\/\/puntdereferencia.org\/es\/#website\"},\"primaryImageOfPage\":{\"@id\":\"https:\/\/puntdereferencia.org\/es\/la-importancia-de-les-sortides-en-espais-informals\/#primaryimage\"},\"image\":{\"@id\":\"https:\/\/puntdereferencia.org\/es\/la-importancia-de-les-sortides-en-espais-informals\/#primaryimage\"},\"thumbnailUrl\":\"https:\/\/puntdereferencia.org\/wp-content\/uploads\/2024\/07\/WhatsApp-Image-2019-01-18-at-13.34.15.jpeg\",\"datePublished\":\"2019-01-28T10:36:41+00:00\",\"dateModified\":\"2024-07-31T11:41:45+00:00\",\"author\":{\"@id\":\"https:\/\/puntdereferencia.org\/es\/#\/schema\/person\/c475209bcc857303ec6ed0259d3cf078\"},\"breadcrumb\":{\"@id\":\"https:\/\/puntdereferencia.org\/es\/la-importancia-de-les-sortides-en-espais-informals\/#breadcrumb\"},\"inLanguage\":\"es\",\"potentialAction\":[{\"@type\":\"ReadAction\",\"target\":[\"https:\/\/puntdereferencia.org\/es\/la-importancia-de-les-sortides-en-espais-informals\/\"]}]},{\"@type\":\"ImageObject\",\"inLanguage\":\"es\",\"@id\":\"https:\/\/puntdereferencia.org\/es\/la-importancia-de-les-sortides-en-espais-informals\/#primaryimage\",\"url\":\"https:\/\/puntdereferencia.org\/wp-content\/uploads\/2024\/07\/WhatsApp-Image-2019-01-18-at-13.34.15.jpeg\",\"contentUrl\":\"https:\/\/puntdereferencia.org\/wp-content\/uploads\/2024\/07\/WhatsApp-Image-2019-01-18-at-13.34.15.jpeg\",\"width\":1600,\"height\":1200},{\"@type\":\"BreadcrumbList\",\"@id\":\"https:\/\/puntdereferencia.org\/es\/la-importancia-de-les-sortides-en-espais-informals\/#breadcrumb\",\"itemListElement\":[{\"@type\":\"ListItem\",\"position\":1,\"name\":\"Inici\",\"item\":\"https:\/\/puntdereferencia.org\/es\/inicio\/\"},{\"@type\":\"ListItem\",\"position\":2,\"name\":\"La importancia de las salidas en espacios informales\"}]},{\"@type\":\"WebSite\",\"@id\":\"https:\/\/puntdereferencia.org\/es\/#website\",\"url\":\"https:\/\/puntdereferencia.org\/es\/\",\"name\":\"Punt de Referencia\",\"description\":\"\",\"potentialAction\":[{\"@type\":\"SearchAction\",\"target\":{\"@type\":\"EntryPoint\",\"urlTemplate\":\"https:\/\/puntdereferencia.org\/es\/?s={search_term_string}\"},\"query-input\":{\"@type\":\"PropertyValueSpecification\",\"valueRequired\":true,\"valueName\":\"search_term_string\"}}],\"inLanguage\":\"es\"},{\"@type\":\"Person\",\"@id\":\"https:\/\/puntdereferencia.org\/es\/#\/schema\/person\/c475209bcc857303ec6ed0259d3cf078\",\"name\":\"admin\",\"image\":{\"@type\":\"ImageObject\",\"inLanguage\":\"es\",\"@id\":\"https:\/\/puntdereferencia.org\/es\/#\/schema\/person\/image\/\",\"url\":\"https:\/\/secure.gravatar.com\/avatar\/ff306d55f6aedb51a29e838506fafaa76a30bce9f5db9aca2e28921b903aaad2?s=96&d=mm&r=g\",\"contentUrl\":\"https:\/\/secure.gravatar.com\/avatar\/ff306d55f6aedb51a29e838506fafaa76a30bce9f5db9aca2e28921b903aaad2?s=96&d=mm&r=g\",\"caption\":\"admin\"},\"sameAs\":[\"http:\/\/\/home\/puntref\/webapps\/web2024\"],\"url\":\"https:\/\/puntdereferencia.org\/es\/author\/admin\/\"}]}<\/script>\n<!-- \/ Yoast SEO plugin. -->","yoast_head_json":{"title":"La importancia de las salidas en espacios informales - Punt de Referencia","robots":{"index":"index","follow":"follow","max-snippet":"max-snippet:-1","max-image-preview":"max-image-preview:large","max-video-preview":"max-video-preview:-1"},"canonical":"https:\/\/puntdereferencia.org\/es\/la-importancia-de-les-sortides-en-espais-informals\/","og_locale":"es_ES","og_type":"article","og_title":"La importancia de las salidas en espacios informales - Punt de Referencia","og_description":"Mentores i mentoras, que el fr\u00edo no os pare! Hacer una actividad en un espacio informal es una gran oportunidad para generar un v\u00ednculo entre las personas mentoras y los j\u00f3venes, y juntas, empezar a vivir experiencias. Encontrarse para pasar un rato distendido os llevar\u00e1 a conocer de una manera m\u00e1s natural a la persona [&hellip;]","og_url":"https:\/\/puntdereferencia.org\/es\/la-importancia-de-les-sortides-en-espais-informals\/","og_site_name":"Punt de Referencia","article_published_time":"2019-01-28T10:36:41+00:00","article_modified_time":"2024-07-31T11:41:45+00:00","og_image":[{"width":1600,"height":1200,"url":"https:\/\/puntdereferencia.org\/wp-content\/uploads\/2024\/07\/WhatsApp-Image-2019-01-18-at-13.34.15.jpeg","type":"image\/jpeg"}],"author":"admin","twitter_card":"summary_large_image","twitter_misc":{"Escrito por":"admin","Tiempo de lectura":"3 minutos"},"schema":{"@context":"https:\/\/schema.org","@graph":[{"@type":"Article","@id":"https:\/\/puntdereferencia.org\/es\/la-importancia-de-les-sortides-en-espais-informals\/#article","isPartOf":{"@id":"https:\/\/puntdereferencia.org\/es\/la-importancia-de-les-sortides-en-espais-informals\/"},"author":{"name":"admin","@id":"https:\/\/puntdereferencia.org\/es\/#\/schema\/person\/c475209bcc857303ec6ed0259d3cf078"},"headline":"La importancia de las salidas en espacios informales","datePublished":"2019-01-28T10:36:41+00:00","dateModified":"2024-07-31T11:41:45+00:00","mainEntityOfPage":{"@id":"https:\/\/puntdereferencia.org\/es\/la-importancia-de-les-sortides-en-espais-informals\/"},"wordCount":385,"commentCount":0,"image":{"@id":"https:\/\/puntdereferencia.org\/es\/la-importancia-de-les-sortides-en-espais-informals\/#primaryimage"},"thumbnailUrl":"https:\/\/puntdereferencia.org\/wp-content\/uploads\/2024\/07\/WhatsApp-Image-2019-01-18-at-13.34.15.jpeg","keywords":["barcelona","barcelon\u00e8s","escapades","gratis","jove","mentoria"],"articleSection":["NOTICIAS"],"inLanguage":"es","potentialAction":[{"@type":"CommentAction","name":"Comment","target":["https:\/\/puntdereferencia.org\/es\/la-importancia-de-les-sortides-en-espais-informals\/#respond"]}]},{"@type":"WebPage","@id":"https:\/\/puntdereferencia.org\/es\/la-importancia-de-les-sortides-en-espais-informals\/","url":"https:\/\/puntdereferencia.org\/es\/la-importancia-de-les-sortides-en-espais-informals\/","name":"La importancia de las salidas en espacios informales - Punt de Referencia","isPartOf":{"@id":"https:\/\/puntdereferencia.org\/es\/#website"},"primaryImageOfPage":{"@id":"https:\/\/puntdereferencia.org\/es\/la-importancia-de-les-sortides-en-espais-informals\/#primaryimage"},"image":{"@id":"https:\/\/puntdereferencia.org\/es\/la-importancia-de-les-sortides-en-espais-informals\/#primaryimage"},"thumbnailUrl":"https:\/\/puntdereferencia.org\/wp-content\/uploads\/2024\/07\/WhatsApp-Image-2019-01-18-at-13.34.15.jpeg","datePublished":"2019-01-28T10:36:41+00:00","dateModified":"2024-07-31T11:41:45+00:00","author":{"@id":"https:\/\/puntdereferencia.org\/es\/#\/schema\/person\/c475209bcc857303ec6ed0259d3cf078"},"breadcrumb":{"@id":"https:\/\/puntdereferencia.org\/es\/la-importancia-de-les-sortides-en-espais-informals\/#breadcrumb"},"inLanguage":"es","potentialAction":[{"@type":"ReadAction","target":["https:\/\/puntdereferencia.org\/es\/la-importancia-de-les-sortides-en-espais-informals\/"]}]},{"@type":"ImageObject","inLanguage":"es","@id":"https:\/\/puntdereferencia.org\/es\/la-importancia-de-les-sortides-en-espais-informals\/#primaryimage","url":"https:\/\/puntdereferencia.org\/wp-content\/uploads\/2024\/07\/WhatsApp-Image-2019-01-18-at-13.34.15.jpeg","contentUrl":"https:\/\/puntdereferencia.org\/wp-content\/uploads\/2024\/07\/WhatsApp-Image-2019-01-18-at-13.34.15.jpeg","width":1600,"height":1200},{"@type":"BreadcrumbList","@id":"https:\/\/puntdereferencia.org\/es\/la-importancia-de-les-sortides-en-espais-informals\/#breadcrumb","itemListElement":[{"@type":"ListItem","position":1,"name":"Inici","item":"https:\/\/puntdereferencia.org\/es\/inicio\/"},{"@type":"ListItem","position":2,"name":"La importancia de las salidas en espacios informales"}]},{"@type":"WebSite","@id":"https:\/\/puntdereferencia.org\/es\/#website","url":"https:\/\/puntdereferencia.org\/es\/","name":"Punt de Referencia","description":"","potentialAction":[{"@type":"SearchAction","target":{"@type":"EntryPoint","urlTemplate":"https:\/\/puntdereferencia.org\/es\/?s={search_term_string}"},"query-input":{"@type":"PropertyValueSpecification","valueRequired":true,"valueName":"search_term_string"}}],"inLanguage":"es"},{"@type":"Person","@id":"https:\/\/puntdereferencia.org\/es\/#\/schema\/person\/c475209bcc857303ec6ed0259d3cf078","name":"admin","image":{"@type":"ImageObject","inLanguage":"es","@id":"https:\/\/puntdereferencia.org\/es\/#\/schema\/person\/image\/","url":"https:\/\/secure.gravatar.com\/avatar\/ff306d55f6aedb51a29e838506fafaa76a30bce9f5db9aca2e28921b903aaad2?s=96&d=mm&r=g","contentUrl":"https:\/\/secure.gravatar.com\/avatar\/ff306d55f6aedb51a29e838506fafaa76a30bce9f5db9aca2e28921b903aaad2?s=96&d=mm&r=g","caption":"admin"},"sameAs":["http:\/\/\/home\/puntref\/webapps\/web2024"],"url":"https:\/\/puntdereferencia.org\/es\/author\/admin\/"}]}},"_links":{"self":[{"href":"https:\/\/puntdereferencia.org\/es\/wp-json\/wp\/v2\/posts\/24423","targetHints":{"allow":["GET"]}}],"collection":[{"href":"https:\/\/puntdereferencia.org\/es\/wp-json\/wp\/v2\/posts"}],"about":[{"href":"https:\/\/puntdereferencia.org\/es\/wp-json\/wp\/v2\/types\/post"}],"author":[{"embeddable":true,"href":"https:\/\/puntdereferencia.org\/es\/wp-json\/wp\/v2\/users\/1"}],"replies":[{"embeddable":true,"href":"https:\/\/puntdereferencia.org\/es\/wp-json\/wp\/v2\/comments?post=24423"}],"version-history":[{"count":4,"href":"https:\/\/puntdereferencia.org\/es\/wp-json\/wp\/v2\/posts\/24423\/revisions"}],"predecessor-version":[{"id":26698,"href":"https:\/\/puntdereferencia.org\/es\/wp-json\/wp\/v2\/posts\/24423\/revisions\/26698"}],"wp:featuredmedia":[{"embeddable":true,"href":"https:\/\/puntdereferencia.org\/es\/wp-json\/wp\/v2\/media\/19832"}],"wp:attachment":[{"href":"https:\/\/puntdereferencia.org\/es\/wp-json\/wp\/v2\/media?parent=24423"}],"wp:term":[{"taxonomy":"category","embeddable":true,"href":"https:\/\/puntdereferencia.org\/es\/wp-json\/wp\/v2\/categories?post=24423"},{"taxonomy":"post_tag","embeddable":true,"href":"https:\/\/puntdereferencia.org\/es\/wp-json\/wp\/v2\/tags?post=24423"}],"curies":[{"name":"wp","href":"https:\/\/api.w.org\/{rel}","templated":true}]}}