{"id":24425,"date":"2019-01-31T09:39:16","date_gmt":"2019-01-31T09:39:16","guid":{"rendered":"https:\/\/puntdereferencia.org\/el-gr16-18-guanya-la-confianca-de-la-fundacio-probitas\/"},"modified":"2024-07-31T11:40:37","modified_gmt":"2024-07-31T11:40:37","slug":"el-gr16-18-guanya-la-confianca-de-la-fundacio-probitas","status":"publish","type":"post","link":"https:\/\/puntdereferencia.org\/es\/el-gr16-18-guanya-la-confianca-de-la-fundacio-probitas\/","title":{"rendered":"El GR16-18 gana la confianza de la Fundaci\u00f3 Probitas"},"content":{"rendered":"<p>En las \u00faltimas semanas muchos medios de comunicaci\u00f3n han hecho eco de la importancia de impulsar proyectos de mentor\u00eda para acompa\u00f1ar a los menores migrantes sin referentes familiares. El equipo de Punt de Refer\u00e8ncia hace 3 a\u00f1os se adelantaba a esta demanda y ya cuenta con una experiencia de tres ediciones trabajando en mentor\u00eda para juventud tutelada con el proyecto <a href=\"http:\/\/www.puntdereferencia.org\/project\/gr-16-18\/\">GR16-18<\/a>, que ha recibido\u00a0el Premi Civisme a la Innovaci\u00f3n 2018.<\/p>\n<p><img loading=\"lazy\" decoding=\"async\" class=\"wp-image-5677 aligncenter\" src=\"https:\/\/puntdereferencia.org\/wp-content\/uploads\/2024\/07\/tallada-1-scaled.jpg\" alt=\"\" width=\"412\" height=\"274\" \/>\u00a0<img loading=\"lazy\" decoding=\"async\" class=\"wp-image-5674 aligncenter\" src=\"https:\/\/puntdereferencia.org\/wp-content\/uploads\/2024\/07\/20181127_191509.jpg\" alt=\"\" width=\"458\" height=\"275\" \/><\/p>\n<p>Es un proyecto innovador porque trabaja en mentor\u00eda grupal (poniendo el foco en la protecci\u00f3n de menores tutelados), porque apuesta por hacer mentor\u00eda con la fotograf\u00eda: es el primer proyecto en nuestro pa\u00eds que vincula mentor\u00eda con actividades grupales dirigidas (en este caso de fotograf\u00eda) y porque es el primer proyecto dirigido a adolescentes de entre 16 y 18 a\u00f1os que son acogidos en recursos residenciales y se encuentran en la \u00faltima fase de la tutela.<\/p>\n<p>Convencidas del potencial del proyecto decidimos\u00a0<strong>sumar nuevos c\u00f3mplices <\/strong>present\u00e1ndonos a la convocatoria de ayudas que abri\u00f3 la\u00a0<a href=\"http:\/\/www.fundacionprobitas.org\/es\/web\/probitas\/home\">Fundaci\u00f3 Probitas<\/a>, quien valor\u00f3 muy positivamente los resultados del proyecto GR 16-18, por el que nos han atorgado una ayuda econ\u00f3mica para sostener el proyecto durante este a\u00f1o 2019. Un soporte que no hemos\u00a0recibido por parte de las administraciones p\u00fablicas pese a los buenos resultados de los primeros 3 grupo -piloto.<\/p>\n<p>La ayuda de\u00a0la Fundaci\u00f3 Probitas no permite finanzar el 29% del proyecto, pero por encima de todo nos permite sumar alianzas que hacen crecer la red que ayudar\u00e1 a los y las j\u00f3venes a afrontar su emancipaci\u00f3n con m\u00e1s oportunidades de \u00e9xito.<\/p>\n","protected":false},"excerpt":{"rendered":"<p>En las \u00faltimas semanas muchos medios de comunicaci\u00f3n han hecho eco de la importancia de impulsar proyectos de mentor\u00eda para acompa\u00f1ar a los menores migrantes sin referentes familiares. El equipo de Punt de Refer\u00e8ncia hace 3 a\u00f1os se adelantaba a esta demanda y ya cuenta con una experiencia de tres ediciones trabajando en mentor\u00eda para [&hellip;]<\/p>\n","protected":false},"author":1,"featured_media":19855,"comment_status":"open","ping_status":"open","sticky":false,"template":"","format":"standard","meta":{"footnotes":""},"categories":[913],"tags":[97,130,47,11,7,132],"class_list":["post-24425","post","type-post","status-publish","format-standard","has-post-thumbnail","hentry","category-noticias-es","tag-fotografia","tag-gr","tag-menors","tag-mentoria","tag-premi","tag-probitas"],"yoast_head":"<!-- This site is optimized with the Yoast SEO plugin v27.1.1 - https:\/\/yoast.com\/product\/yoast-seo-wordpress\/ -->\n<title>El GR16-18 gana la confianza de la Fundaci\u00f3 Probitas - Punt de Referencia<\/title>\n<meta name=\"robots\" content=\"index, follow, max-snippet:-1, max-image-preview:large, max-video-preview:-1\" \/>\n<link rel=\"canonical\" href=\"https:\/\/puntdereferencia.org\/es\/el-gr16-18-guanya-la-confianca-de-la-fundacio-probitas\/\" \/>\n<meta property=\"og:locale\" content=\"es_ES\" \/>\n<meta property=\"og:type\" content=\"article\" \/>\n<meta property=\"og:title\" content=\"El GR16-18 gana la confianza de la Fundaci\u00f3 Probitas - Punt de Referencia\" \/>\n<meta property=\"og:description\" content=\"En las \u00faltimas semanas muchos medios de comunicaci\u00f3n han hecho eco de la importancia de impulsar proyectos de mentor\u00eda para acompa\u00f1ar a los menores migrantes sin referentes familiares. El equipo de Punt de Refer\u00e8ncia hace 3 a\u00f1os se adelantaba a esta demanda y ya cuenta con una experiencia de tres ediciones trabajando en mentor\u00eda para [&hellip;]\" \/>\n<meta property=\"og:url\" content=\"https:\/\/puntdereferencia.org\/es\/el-gr16-18-guanya-la-confianca-de-la-fundacio-probitas\/\" \/>\n<meta property=\"og:site_name\" content=\"Punt de Referencia\" \/>\n<meta property=\"article:published_time\" content=\"2019-01-31T09:39:16+00:00\" \/>\n<meta property=\"article:modified_time\" content=\"2024-07-31T11:40:37+00:00\" \/>\n<meta property=\"og:image\" content=\"https:\/\/puntdereferencia.org\/wp-content\/uploads\/2024\/07\/20180605_182008-1-scaled-1.jpg\" \/>\n\t<meta property=\"og:image:width\" content=\"2560\" \/>\n\t<meta property=\"og:image:height\" content=\"1669\" \/>\n\t<meta property=\"og:image:type\" content=\"image\/jpeg\" \/>\n<meta name=\"author\" content=\"admin\" \/>\n<meta name=\"twitter:card\" content=\"summary_large_image\" \/>\n<meta name=\"twitter:label1\" content=\"Escrito por\" \/>\n\t<meta name=\"twitter:data1\" content=\"admin\" \/>\n\t<meta name=\"twitter:label2\" content=\"Tiempo de lectura\" \/>\n\t<meta name=\"twitter:data2\" content=\"2 minutos\" \/>\n<script type=\"application\/ld+json\" class=\"yoast-schema-graph\">{\"@context\":\"https:\/\/schema.org\",\"@graph\":[{\"@type\":\"Article\",\"@id\":\"https:\/\/puntdereferencia.org\/es\/el-gr16-18-guanya-la-confianca-de-la-fundacio-probitas\/#article\",\"isPartOf\":{\"@id\":\"https:\/\/puntdereferencia.org\/es\/el-gr16-18-guanya-la-confianca-de-la-fundacio-probitas\/\"},\"author\":{\"name\":\"admin\",\"@id\":\"https:\/\/puntdereferencia.org\/es\/#\/schema\/person\/c475209bcc857303ec6ed0259d3cf078\"},\"headline\":\"El GR16-18 gana la confianza de la Fundaci\u00f3 Probitas\",\"datePublished\":\"2019-01-31T09:39:16+00:00\",\"dateModified\":\"2024-07-31T11:40:37+00:00\",\"mainEntityOfPage\":{\"@id\":\"https:\/\/puntdereferencia.org\/es\/el-gr16-18-guanya-la-confianca-de-la-fundacio-probitas\/\"},\"wordCount\":287,\"commentCount\":0,\"image\":{\"@id\":\"https:\/\/puntdereferencia.org\/es\/el-gr16-18-guanya-la-confianca-de-la-fundacio-probitas\/#primaryimage\"},\"thumbnailUrl\":\"https:\/\/puntdereferencia.org\/wp-content\/uploads\/2024\/07\/20180605_182008-1-scaled-1.jpg\",\"keywords\":[\"fotografia\",\"gr\",\"menors\",\"mentoria\",\"Premi\",\"probitas\"],\"articleSection\":[\"NOTICIAS\"],\"inLanguage\":\"es\",\"potentialAction\":[{\"@type\":\"CommentAction\",\"name\":\"Comment\",\"target\":[\"https:\/\/puntdereferencia.org\/es\/el-gr16-18-guanya-la-confianca-de-la-fundacio-probitas\/#respond\"]}]},{\"@type\":\"WebPage\",\"@id\":\"https:\/\/puntdereferencia.org\/es\/el-gr16-18-guanya-la-confianca-de-la-fundacio-probitas\/\",\"url\":\"https:\/\/puntdereferencia.org\/es\/el-gr16-18-guanya-la-confianca-de-la-fundacio-probitas\/\",\"name\":\"El GR16-18 gana la confianza de la Fundaci\u00f3 Probitas - Punt de Referencia\",\"isPartOf\":{\"@id\":\"https:\/\/puntdereferencia.org\/es\/#website\"},\"primaryImageOfPage\":{\"@id\":\"https:\/\/puntdereferencia.org\/es\/el-gr16-18-guanya-la-confianca-de-la-fundacio-probitas\/#primaryimage\"},\"image\":{\"@id\":\"https:\/\/puntdereferencia.org\/es\/el-gr16-18-guanya-la-confianca-de-la-fundacio-probitas\/#primaryimage\"},\"thumbnailUrl\":\"https:\/\/puntdereferencia.org\/wp-content\/uploads\/2024\/07\/20180605_182008-1-scaled-1.jpg\",\"datePublished\":\"2019-01-31T09:39:16+00:00\",\"dateModified\":\"2024-07-31T11:40:37+00:00\",\"author\":{\"@id\":\"https:\/\/puntdereferencia.org\/es\/#\/schema\/person\/c475209bcc857303ec6ed0259d3cf078\"},\"breadcrumb\":{\"@id\":\"https:\/\/puntdereferencia.org\/es\/el-gr16-18-guanya-la-confianca-de-la-fundacio-probitas\/#breadcrumb\"},\"inLanguage\":\"es\",\"potentialAction\":[{\"@type\":\"ReadAction\",\"target\":[\"https:\/\/puntdereferencia.org\/es\/el-gr16-18-guanya-la-confianca-de-la-fundacio-probitas\/\"]}]},{\"@type\":\"ImageObject\",\"inLanguage\":\"es\",\"@id\":\"https:\/\/puntdereferencia.org\/es\/el-gr16-18-guanya-la-confianca-de-la-fundacio-probitas\/#primaryimage\",\"url\":\"https:\/\/puntdereferencia.org\/wp-content\/uploads\/2024\/07\/20180605_182008-1-scaled-1.jpg\",\"contentUrl\":\"https:\/\/puntdereferencia.org\/wp-content\/uploads\/2024\/07\/20180605_182008-1-scaled-1.jpg\",\"width\":2560,\"height\":1669},{\"@type\":\"BreadcrumbList\",\"@id\":\"https:\/\/puntdereferencia.org\/es\/el-gr16-18-guanya-la-confianca-de-la-fundacio-probitas\/#breadcrumb\",\"itemListElement\":[{\"@type\":\"ListItem\",\"position\":1,\"name\":\"Inici\",\"item\":\"https:\/\/puntdereferencia.org\/es\/inicio\/\"},{\"@type\":\"ListItem\",\"position\":2,\"name\":\"El GR16-18 gana la confianza de la Fundaci\u00f3 Probitas\"}]},{\"@type\":\"WebSite\",\"@id\":\"https:\/\/puntdereferencia.org\/es\/#website\",\"url\":\"https:\/\/puntdereferencia.org\/es\/\",\"name\":\"Punt de Referencia\",\"description\":\"\",\"potentialAction\":[{\"@type\":\"SearchAction\",\"target\":{\"@type\":\"EntryPoint\",\"urlTemplate\":\"https:\/\/puntdereferencia.org\/es\/?s={search_term_string}\"},\"query-input\":{\"@type\":\"PropertyValueSpecification\",\"valueRequired\":true,\"valueName\":\"search_term_string\"}}],\"inLanguage\":\"es\"},{\"@type\":\"Person\",\"@id\":\"https:\/\/puntdereferencia.org\/es\/#\/schema\/person\/c475209bcc857303ec6ed0259d3cf078\",\"name\":\"admin\",\"image\":{\"@type\":\"ImageObject\",\"inLanguage\":\"es\",\"@id\":\"https:\/\/puntdereferencia.org\/es\/#\/schema\/person\/image\/\",\"url\":\"https:\/\/secure.gravatar.com\/avatar\/ff306d55f6aedb51a29e838506fafaa76a30bce9f5db9aca2e28921b903aaad2?s=96&d=mm&r=g\",\"contentUrl\":\"https:\/\/secure.gravatar.com\/avatar\/ff306d55f6aedb51a29e838506fafaa76a30bce9f5db9aca2e28921b903aaad2?s=96&d=mm&r=g\",\"caption\":\"admin\"},\"sameAs\":[\"http:\/\/\/home\/puntref\/webapps\/web2024\"],\"url\":\"https:\/\/puntdereferencia.org\/es\/author\/admin\/\"}]}<\/script>\n<!-- \/ Yoast SEO plugin. -->","yoast_head_json":{"title":"El GR16-18 gana la confianza de la Fundaci\u00f3 Probitas - Punt de Referencia","robots":{"index":"index","follow":"follow","max-snippet":"max-snippet:-1","max-image-preview":"max-image-preview:large","max-video-preview":"max-video-preview:-1"},"canonical":"https:\/\/puntdereferencia.org\/es\/el-gr16-18-guanya-la-confianca-de-la-fundacio-probitas\/","og_locale":"es_ES","og_type":"article","og_title":"El GR16-18 gana la confianza de la Fundaci\u00f3 Probitas - Punt de Referencia","og_description":"En las \u00faltimas semanas muchos medios de comunicaci\u00f3n han hecho eco de la importancia de impulsar proyectos de mentor\u00eda para acompa\u00f1ar a los menores migrantes sin referentes familiares. El equipo de Punt de Refer\u00e8ncia hace 3 a\u00f1os se adelantaba a esta demanda y ya cuenta con una experiencia de tres ediciones trabajando en mentor\u00eda para [&hellip;]","og_url":"https:\/\/puntdereferencia.org\/es\/el-gr16-18-guanya-la-confianca-de-la-fundacio-probitas\/","og_site_name":"Punt de Referencia","article_published_time":"2019-01-31T09:39:16+00:00","article_modified_time":"2024-07-31T11:40:37+00:00","og_image":[{"width":2560,"height":1669,"url":"https:\/\/puntdereferencia.org\/wp-content\/uploads\/2024\/07\/20180605_182008-1-scaled-1.jpg","type":"image\/jpeg"}],"author":"admin","twitter_card":"summary_large_image","twitter_misc":{"Escrito por":"admin","Tiempo de lectura":"2 minutos"},"schema":{"@context":"https:\/\/schema.org","@graph":[{"@type":"Article","@id":"https:\/\/puntdereferencia.org\/es\/el-gr16-18-guanya-la-confianca-de-la-fundacio-probitas\/#article","isPartOf":{"@id":"https:\/\/puntdereferencia.org\/es\/el-gr16-18-guanya-la-confianca-de-la-fundacio-probitas\/"},"author":{"name":"admin","@id":"https:\/\/puntdereferencia.org\/es\/#\/schema\/person\/c475209bcc857303ec6ed0259d3cf078"},"headline":"El GR16-18 gana la confianza de la Fundaci\u00f3 Probitas","datePublished":"2019-01-31T09:39:16+00:00","dateModified":"2024-07-31T11:40:37+00:00","mainEntityOfPage":{"@id":"https:\/\/puntdereferencia.org\/es\/el-gr16-18-guanya-la-confianca-de-la-fundacio-probitas\/"},"wordCount":287,"commentCount":0,"image":{"@id":"https:\/\/puntdereferencia.org\/es\/el-gr16-18-guanya-la-confianca-de-la-fundacio-probitas\/#primaryimage"},"thumbnailUrl":"https:\/\/puntdereferencia.org\/wp-content\/uploads\/2024\/07\/20180605_182008-1-scaled-1.jpg","keywords":["fotografia","gr","menors","mentoria","Premi","probitas"],"articleSection":["NOTICIAS"],"inLanguage":"es","potentialAction":[{"@type":"CommentAction","name":"Comment","target":["https:\/\/puntdereferencia.org\/es\/el-gr16-18-guanya-la-confianca-de-la-fundacio-probitas\/#respond"]}]},{"@type":"WebPage","@id":"https:\/\/puntdereferencia.org\/es\/el-gr16-18-guanya-la-confianca-de-la-fundacio-probitas\/","url":"https:\/\/puntdereferencia.org\/es\/el-gr16-18-guanya-la-confianca-de-la-fundacio-probitas\/","name":"El GR16-18 gana la confianza de la Fundaci\u00f3 Probitas - Punt de Referencia","isPartOf":{"@id":"https:\/\/puntdereferencia.org\/es\/#website"},"primaryImageOfPage":{"@id":"https:\/\/puntdereferencia.org\/es\/el-gr16-18-guanya-la-confianca-de-la-fundacio-probitas\/#primaryimage"},"image":{"@id":"https:\/\/puntdereferencia.org\/es\/el-gr16-18-guanya-la-confianca-de-la-fundacio-probitas\/#primaryimage"},"thumbnailUrl":"https:\/\/puntdereferencia.org\/wp-content\/uploads\/2024\/07\/20180605_182008-1-scaled-1.jpg","datePublished":"2019-01-31T09:39:16+00:00","dateModified":"2024-07-31T11:40:37+00:00","author":{"@id":"https:\/\/puntdereferencia.org\/es\/#\/schema\/person\/c475209bcc857303ec6ed0259d3cf078"},"breadcrumb":{"@id":"https:\/\/puntdereferencia.org\/es\/el-gr16-18-guanya-la-confianca-de-la-fundacio-probitas\/#breadcrumb"},"inLanguage":"es","potentialAction":[{"@type":"ReadAction","target":["https:\/\/puntdereferencia.org\/es\/el-gr16-18-guanya-la-confianca-de-la-fundacio-probitas\/"]}]},{"@type":"ImageObject","inLanguage":"es","@id":"https:\/\/puntdereferencia.org\/es\/el-gr16-18-guanya-la-confianca-de-la-fundacio-probitas\/#primaryimage","url":"https:\/\/puntdereferencia.org\/wp-content\/uploads\/2024\/07\/20180605_182008-1-scaled-1.jpg","contentUrl":"https:\/\/puntdereferencia.org\/wp-content\/uploads\/2024\/07\/20180605_182008-1-scaled-1.jpg","width":2560,"height":1669},{"@type":"BreadcrumbList","@id":"https:\/\/puntdereferencia.org\/es\/el-gr16-18-guanya-la-confianca-de-la-fundacio-probitas\/#breadcrumb","itemListElement":[{"@type":"ListItem","position":1,"name":"Inici","item":"https:\/\/puntdereferencia.org\/es\/inicio\/"},{"@type":"ListItem","position":2,"name":"El GR16-18 gana la confianza de la Fundaci\u00f3 Probitas"}]},{"@type":"WebSite","@id":"https:\/\/puntdereferencia.org\/es\/#website","url":"https:\/\/puntdereferencia.org\/es\/","name":"Punt de Referencia","description":"","potentialAction":[{"@type":"SearchAction","target":{"@type":"EntryPoint","urlTemplate":"https:\/\/puntdereferencia.org\/es\/?s={search_term_string}"},"query-input":{"@type":"PropertyValueSpecification","valueRequired":true,"valueName":"search_term_string"}}],"inLanguage":"es"},{"@type":"Person","@id":"https:\/\/puntdereferencia.org\/es\/#\/schema\/person\/c475209bcc857303ec6ed0259d3cf078","name":"admin","image":{"@type":"ImageObject","inLanguage":"es","@id":"https:\/\/puntdereferencia.org\/es\/#\/schema\/person\/image\/","url":"https:\/\/secure.gravatar.com\/avatar\/ff306d55f6aedb51a29e838506fafaa76a30bce9f5db9aca2e28921b903aaad2?s=96&d=mm&r=g","contentUrl":"https:\/\/secure.gravatar.com\/avatar\/ff306d55f6aedb51a29e838506fafaa76a30bce9f5db9aca2e28921b903aaad2?s=96&d=mm&r=g","caption":"admin"},"sameAs":["http:\/\/\/home\/puntref\/webapps\/web2024"],"url":"https:\/\/puntdereferencia.org\/es\/author\/admin\/"}]}},"_links":{"self":[{"href":"https:\/\/puntdereferencia.org\/es\/wp-json\/wp\/v2\/posts\/24425","targetHints":{"allow":["GET"]}}],"collection":[{"href":"https:\/\/puntdereferencia.org\/es\/wp-json\/wp\/v2\/posts"}],"about":[{"href":"https:\/\/puntdereferencia.org\/es\/wp-json\/wp\/v2\/types\/post"}],"author":[{"embeddable":true,"href":"https:\/\/puntdereferencia.org\/es\/wp-json\/wp\/v2\/users\/1"}],"replies":[{"embeddable":true,"href":"https:\/\/puntdereferencia.org\/es\/wp-json\/wp\/v2\/comments?post=24425"}],"version-history":[{"count":3,"href":"https:\/\/puntdereferencia.org\/es\/wp-json\/wp\/v2\/posts\/24425\/revisions"}],"predecessor-version":[{"id":26695,"href":"https:\/\/puntdereferencia.org\/es\/wp-json\/wp\/v2\/posts\/24425\/revisions\/26695"}],"wp:featuredmedia":[{"embeddable":true,"href":"https:\/\/puntdereferencia.org\/es\/wp-json\/wp\/v2\/media\/19855"}],"wp:attachment":[{"href":"https:\/\/puntdereferencia.org\/es\/wp-json\/wp\/v2\/media?parent=24425"}],"wp:term":[{"taxonomy":"category","embeddable":true,"href":"https:\/\/puntdereferencia.org\/es\/wp-json\/wp\/v2\/categories?post=24425"},{"taxonomy":"post_tag","embeddable":true,"href":"https:\/\/puntdereferencia.org\/es\/wp-json\/wp\/v2\/tags?post=24425"}],"curies":[{"name":"wp","href":"https:\/\/api.w.org\/{rel}","templated":true}]}}