{"id":24435,"date":"2019-03-01T12:49:59","date_gmt":"2019-03-01T12:49:59","guid":{"rendered":"https:\/\/puntdereferencia.org\/quin-cami-empren-el-gr-entrem-en-el-proces-creatiu-del-grup\/"},"modified":"2024-07-31T11:38:37","modified_gmt":"2024-07-31T11:38:37","slug":"quin-cami-empren-el-gr-entrem-en-el-proces-creatiu-del-grup","status":"publish","type":"post","link":"https:\/\/puntdereferencia.org\/es\/quin-cami-empren-el-gr-entrem-en-el-proces-creatiu-del-grup\/","title":{"rendered":"Qu\u00e9 camino toma el GR? Entramos en el proceso creativo del grupo"},"content":{"rendered":"<p>El grupo del proyecto GR16-18 afronta uno de los momento m\u00e1s dulces e interesantes del curso, os lo explicamos!<\/p>\n<p>Como hab\u00e9is ido sabiendo, la primera mitad del curso los y las j\u00f3venes han podido aprovechar los d\u00edas\u00a0 de GR para conocerse, establecer los primeros v\u00ednculos de confianza, consolidar las ganes de participar en el proyecto, acumular conocimientos fotogr\u00e1ficos y habilidades personales y relacionales. Haber conseguido juntos estas metas es clave para empezar la segunda parte del curso con una buena base participativa y de cohesi\u00f3n de grupo, y resulta un buen entrenamiento para encarar la <strong>creaci\u00f3n de su propia exposici\u00f3n fotogr\u00e1fica<\/strong>.<\/p>\n<p><img loading=\"lazy\" decoding=\"async\" class=\"alignnone wp-image-5846\" src=\"http:\/\/puntdereferencia.org\/wp-content\/uploads\/2024\/07\/Foto-de-les-mans-2-rotated-1.jpeg\" alt=\"\" width=\"371\" height=\"431\" \/><\/p>\n<p><strong>Todo a punto para la creaci\u00f3n colectiva<\/strong><\/p>\n<p>Aprovechando la capacidad de reflexi\u00f3n y la energ\u00eda del grupo, el GR ha empezado a idear su exposici\u00f3n fotogr\u00e1fica, que se inaugurar\u00e1 el d\u00eda <strong>11 de junio\u00a0 en el Espai Francesc Catal\u00e0 Roca.<\/strong><br \/>\nLos propios j\u00f3venes han puesto sobre la mesa aquellas tem\u00e1ticas de les que les gustar\u00eda que tratara la exposici\u00f3n y por lo tanto sus\u00a0fotograf\u00edas. Los prejuicios, el paso del tiempo y las incertidumbres del futuro son algunas de las preocupaciones m\u00e1s fuertes y m\u00e1s compartidas entre los j\u00f3venes del GR que viven con angustia la llegada a la mayor\u00eda de edad. En breve os daremos detalles de la tem\u00e1tica escogida!<\/p>\n<p>&nbsp;<\/p>\n<p><strong>Mejorando la t\u00e9cnica fotogr\u00e1fica<\/strong><\/p>\n<p>Como novedad respecto el anterior a\u00f1o, el GR16-18 ha podido contar (sumadas a las sesiones educativas con Photographic Social Vision), con una <strong>clase magistral sobre t\u00e9cnica fotogr\u00e1fica<\/strong> a cargo de Roberto Alc\u00e1zar, formador de Casanova Fotografia, empresa colaboradora de Punt.<\/p>\n<p><img loading=\"lazy\" decoding=\"async\" class=\"alignnone wp-image-5835\" src=\"http:\/\/puntdereferencia.org\/wp-content\/uploads\/2024\/07\/011-scaled-1.jpg\" alt=\"\" width=\"363\" height=\"272\" \/> <img loading=\"lazy\" decoding=\"async\" class=\"alignnone wp-image-5838\" src=\"https:\/\/puntdereferencia.org\/wp-content\/uploads\/2024\/07\/004.jpg\" alt=\"\" width=\"363\" height=\"273\" \/><\/p>\n<p>&nbsp;<\/p>\n<p><strong>Actividades que enriquecen la mirada<\/strong><\/p>\n<p>Aprender de los dem\u00e1s es siempre enriquecedor, por este motivo las dos pr\u00f3ximas semanas el GR colaborar\u00e1 con alumnado del curso de Integraci\u00f3n Social del instituto<b> Miquel Tarradell<\/b>\u00a0que har\u00e1 un Aprendizaje y Servicio acerc\u00e1ndose a nuestra entidad y elaborando conjuntamente con nosotros y con el\u00a0<strong>equipo educativo del CCCB,\u00a0<\/strong>un producto cultural a medida que se expondr\u00e1 en el propio museo. Esta experiencia seguro que aporta ideas y aprendizajes que los j\u00f3venes tendr\u00e1n en cuenta en su proceso creativo de la exposici\u00f3n fotogr\u00e1fica.<\/p>\n","protected":false},"excerpt":{"rendered":"<p>El grupo del proyecto GR16-18 afronta uno de los momento m\u00e1s dulces e interesantes del curso, os lo explicamos! Como hab\u00e9is ido sabiendo, la primera mitad del curso los y las j\u00f3venes han podido aprovechar los d\u00edas\u00a0 de GR para conocerse, establecer los primeros v\u00ednculos de confianza, consolidar las ganes de participar en el proyecto, [&hellip;]<\/p>\n","protected":false},"author":1,"featured_media":19970,"comment_status":"open","ping_status":"open","sticky":false,"template":"","format":"standard","meta":{"footnotes":""},"categories":[913],"tags":[151,97,152,11],"class_list":["post-24435","post","type-post","status-publish","format-standard","has-post-thumbnail","hentry","category-noticias-es","tag-exposicio","tag-fotografia","tag-gr16-18","tag-mentoria"],"yoast_head":"<!-- This site is optimized with the Yoast SEO plugin v27.1.1 - https:\/\/yoast.com\/product\/yoast-seo-wordpress\/ -->\n<title>Qu\u00e9 camino toma el GR? Entramos en el proceso creativo del grupo - Punt de Referencia<\/title>\n<meta name=\"robots\" content=\"index, follow, max-snippet:-1, max-image-preview:large, max-video-preview:-1\" \/>\n<link rel=\"canonical\" href=\"https:\/\/puntdereferencia.org\/es\/quin-cami-empren-el-gr-entrem-en-el-proces-creatiu-del-grup\/\" \/>\n<meta property=\"og:locale\" content=\"es_ES\" \/>\n<meta property=\"og:type\" content=\"article\" \/>\n<meta property=\"og:title\" content=\"Qu\u00e9 camino toma el GR? Entramos en el proceso creativo del grupo - Punt de Referencia\" \/>\n<meta property=\"og:description\" content=\"El grupo del proyecto GR16-18 afronta uno de los momento m\u00e1s dulces e interesantes del curso, os lo explicamos! Como hab\u00e9is ido sabiendo, la primera mitad del curso los y las j\u00f3venes han podido aprovechar los d\u00edas\u00a0 de GR para conocerse, establecer los primeros v\u00ednculos de confianza, consolidar las ganes de participar en el proyecto, [&hellip;]\" \/>\n<meta property=\"og:url\" content=\"https:\/\/puntdereferencia.org\/es\/quin-cami-empren-el-gr-entrem-en-el-proces-creatiu-del-grup\/\" \/>\n<meta property=\"og:site_name\" content=\"Punt de Referencia\" \/>\n<meta property=\"article:published_time\" content=\"2019-03-01T12:49:59+00:00\" \/>\n<meta property=\"article:modified_time\" content=\"2024-07-31T11:38:37+00:00\" \/>\n<meta property=\"og:image\" content=\"https:\/\/puntdereferencia.org\/wp-content\/uploads\/2024\/07\/DSCF4415-2.jpg\" \/>\n\t<meta property=\"og:image:width\" content=\"2304\" \/>\n\t<meta property=\"og:image:height\" content=\"1728\" \/>\n\t<meta property=\"og:image:type\" content=\"image\/jpeg\" \/>\n<meta name=\"author\" content=\"admin\" \/>\n<meta name=\"twitter:card\" content=\"summary_large_image\" \/>\n<meta name=\"twitter:label1\" content=\"Escrito por\" \/>\n\t<meta name=\"twitter:data1\" content=\"admin\" \/>\n\t<meta name=\"twitter:label2\" content=\"Tiempo de lectura\" \/>\n\t<meta name=\"twitter:data2\" content=\"3 minutos\" \/>\n<script type=\"application\/ld+json\" class=\"yoast-schema-graph\">{\"@context\":\"https:\/\/schema.org\",\"@graph\":[{\"@type\":\"Article\",\"@id\":\"https:\/\/puntdereferencia.org\/es\/quin-cami-empren-el-gr-entrem-en-el-proces-creatiu-del-grup\/#article\",\"isPartOf\":{\"@id\":\"https:\/\/puntdereferencia.org\/es\/quin-cami-empren-el-gr-entrem-en-el-proces-creatiu-del-grup\/\"},\"author\":{\"name\":\"admin\",\"@id\":\"https:\/\/puntdereferencia.org\/es\/#\/schema\/person\/c475209bcc857303ec6ed0259d3cf078\"},\"headline\":\"Qu\u00e9 camino toma el GR? Entramos en el proceso creativo del grupo\",\"datePublished\":\"2019-03-01T12:49:59+00:00\",\"dateModified\":\"2024-07-31T11:38:37+00:00\",\"mainEntityOfPage\":{\"@id\":\"https:\/\/puntdereferencia.org\/es\/quin-cami-empren-el-gr-entrem-en-el-proces-creatiu-del-grup\/\"},\"wordCount\":400,\"commentCount\":582,\"image\":{\"@id\":\"https:\/\/puntdereferencia.org\/es\/quin-cami-empren-el-gr-entrem-en-el-proces-creatiu-del-grup\/#primaryimage\"},\"thumbnailUrl\":\"https:\/\/puntdereferencia.org\/wp-content\/uploads\/2024\/07\/DSCF4415-2.jpg\",\"keywords\":[\"exposici\u00f3\",\"fotografia\",\"gr16.18\",\"mentoria\"],\"articleSection\":[\"NOTICIAS\"],\"inLanguage\":\"es\",\"potentialAction\":[{\"@type\":\"CommentAction\",\"name\":\"Comment\",\"target\":[\"https:\/\/puntdereferencia.org\/es\/quin-cami-empren-el-gr-entrem-en-el-proces-creatiu-del-grup\/#respond\"]}]},{\"@type\":\"WebPage\",\"@id\":\"https:\/\/puntdereferencia.org\/es\/quin-cami-empren-el-gr-entrem-en-el-proces-creatiu-del-grup\/\",\"url\":\"https:\/\/puntdereferencia.org\/es\/quin-cami-empren-el-gr-entrem-en-el-proces-creatiu-del-grup\/\",\"name\":\"Qu\u00e9 camino toma el GR? Entramos en el proceso creativo del grupo - Punt de Referencia\",\"isPartOf\":{\"@id\":\"https:\/\/puntdereferencia.org\/es\/#website\"},\"primaryImageOfPage\":{\"@id\":\"https:\/\/puntdereferencia.org\/es\/quin-cami-empren-el-gr-entrem-en-el-proces-creatiu-del-grup\/#primaryimage\"},\"image\":{\"@id\":\"https:\/\/puntdereferencia.org\/es\/quin-cami-empren-el-gr-entrem-en-el-proces-creatiu-del-grup\/#primaryimage\"},\"thumbnailUrl\":\"https:\/\/puntdereferencia.org\/wp-content\/uploads\/2024\/07\/DSCF4415-2.jpg\",\"datePublished\":\"2019-03-01T12:49:59+00:00\",\"dateModified\":\"2024-07-31T11:38:37+00:00\",\"author\":{\"@id\":\"https:\/\/puntdereferencia.org\/es\/#\/schema\/person\/c475209bcc857303ec6ed0259d3cf078\"},\"breadcrumb\":{\"@id\":\"https:\/\/puntdereferencia.org\/es\/quin-cami-empren-el-gr-entrem-en-el-proces-creatiu-del-grup\/#breadcrumb\"},\"inLanguage\":\"es\",\"potentialAction\":[{\"@type\":\"ReadAction\",\"target\":[\"https:\/\/puntdereferencia.org\/es\/quin-cami-empren-el-gr-entrem-en-el-proces-creatiu-del-grup\/\"]}]},{\"@type\":\"ImageObject\",\"inLanguage\":\"es\",\"@id\":\"https:\/\/puntdereferencia.org\/es\/quin-cami-empren-el-gr-entrem-en-el-proces-creatiu-del-grup\/#primaryimage\",\"url\":\"https:\/\/puntdereferencia.org\/wp-content\/uploads\/2024\/07\/DSCF4415-2.jpg\",\"contentUrl\":\"https:\/\/puntdereferencia.org\/wp-content\/uploads\/2024\/07\/DSCF4415-2.jpg\",\"width\":2304,\"height\":1728},{\"@type\":\"BreadcrumbList\",\"@id\":\"https:\/\/puntdereferencia.org\/es\/quin-cami-empren-el-gr-entrem-en-el-proces-creatiu-del-grup\/#breadcrumb\",\"itemListElement\":[{\"@type\":\"ListItem\",\"position\":1,\"name\":\"Inici\",\"item\":\"https:\/\/puntdereferencia.org\/es\/inicio\/\"},{\"@type\":\"ListItem\",\"position\":2,\"name\":\"Qu\u00e9 camino toma el GR? Entramos en el proceso creativo del grupo\"}]},{\"@type\":\"WebSite\",\"@id\":\"https:\/\/puntdereferencia.org\/es\/#website\",\"url\":\"https:\/\/puntdereferencia.org\/es\/\",\"name\":\"Punt de Referencia\",\"description\":\"\",\"potentialAction\":[{\"@type\":\"SearchAction\",\"target\":{\"@type\":\"EntryPoint\",\"urlTemplate\":\"https:\/\/puntdereferencia.org\/es\/?s={search_term_string}\"},\"query-input\":{\"@type\":\"PropertyValueSpecification\",\"valueRequired\":true,\"valueName\":\"search_term_string\"}}],\"inLanguage\":\"es\"},{\"@type\":\"Person\",\"@id\":\"https:\/\/puntdereferencia.org\/es\/#\/schema\/person\/c475209bcc857303ec6ed0259d3cf078\",\"name\":\"admin\",\"image\":{\"@type\":\"ImageObject\",\"inLanguage\":\"es\",\"@id\":\"https:\/\/puntdereferencia.org\/es\/#\/schema\/person\/image\/\",\"url\":\"https:\/\/secure.gravatar.com\/avatar\/ff306d55f6aedb51a29e838506fafaa76a30bce9f5db9aca2e28921b903aaad2?s=96&d=mm&r=g\",\"contentUrl\":\"https:\/\/secure.gravatar.com\/avatar\/ff306d55f6aedb51a29e838506fafaa76a30bce9f5db9aca2e28921b903aaad2?s=96&d=mm&r=g\",\"caption\":\"admin\"},\"sameAs\":[\"http:\/\/\/home\/puntref\/webapps\/web2024\"],\"url\":\"https:\/\/puntdereferencia.org\/es\/author\/admin\/\"}]}<\/script>\n<!-- \/ Yoast SEO plugin. -->","yoast_head_json":{"title":"Qu\u00e9 camino toma el GR? Entramos en el proceso creativo del grupo - Punt de Referencia","robots":{"index":"index","follow":"follow","max-snippet":"max-snippet:-1","max-image-preview":"max-image-preview:large","max-video-preview":"max-video-preview:-1"},"canonical":"https:\/\/puntdereferencia.org\/es\/quin-cami-empren-el-gr-entrem-en-el-proces-creatiu-del-grup\/","og_locale":"es_ES","og_type":"article","og_title":"Qu\u00e9 camino toma el GR? Entramos en el proceso creativo del grupo - Punt de Referencia","og_description":"El grupo del proyecto GR16-18 afronta uno de los momento m\u00e1s dulces e interesantes del curso, os lo explicamos! Como hab\u00e9is ido sabiendo, la primera mitad del curso los y las j\u00f3venes han podido aprovechar los d\u00edas\u00a0 de GR para conocerse, establecer los primeros v\u00ednculos de confianza, consolidar las ganes de participar en el proyecto, [&hellip;]","og_url":"https:\/\/puntdereferencia.org\/es\/quin-cami-empren-el-gr-entrem-en-el-proces-creatiu-del-grup\/","og_site_name":"Punt de Referencia","article_published_time":"2019-03-01T12:49:59+00:00","article_modified_time":"2024-07-31T11:38:37+00:00","og_image":[{"width":2304,"height":1728,"url":"https:\/\/puntdereferencia.org\/wp-content\/uploads\/2024\/07\/DSCF4415-2.jpg","type":"image\/jpeg"}],"author":"admin","twitter_card":"summary_large_image","twitter_misc":{"Escrito por":"admin","Tiempo de lectura":"3 minutos"},"schema":{"@context":"https:\/\/schema.org","@graph":[{"@type":"Article","@id":"https:\/\/puntdereferencia.org\/es\/quin-cami-empren-el-gr-entrem-en-el-proces-creatiu-del-grup\/#article","isPartOf":{"@id":"https:\/\/puntdereferencia.org\/es\/quin-cami-empren-el-gr-entrem-en-el-proces-creatiu-del-grup\/"},"author":{"name":"admin","@id":"https:\/\/puntdereferencia.org\/es\/#\/schema\/person\/c475209bcc857303ec6ed0259d3cf078"},"headline":"Qu\u00e9 camino toma el GR? Entramos en el proceso creativo del grupo","datePublished":"2019-03-01T12:49:59+00:00","dateModified":"2024-07-31T11:38:37+00:00","mainEntityOfPage":{"@id":"https:\/\/puntdereferencia.org\/es\/quin-cami-empren-el-gr-entrem-en-el-proces-creatiu-del-grup\/"},"wordCount":400,"commentCount":582,"image":{"@id":"https:\/\/puntdereferencia.org\/es\/quin-cami-empren-el-gr-entrem-en-el-proces-creatiu-del-grup\/#primaryimage"},"thumbnailUrl":"https:\/\/puntdereferencia.org\/wp-content\/uploads\/2024\/07\/DSCF4415-2.jpg","keywords":["exposici\u00f3","fotografia","gr16.18","mentoria"],"articleSection":["NOTICIAS"],"inLanguage":"es","potentialAction":[{"@type":"CommentAction","name":"Comment","target":["https:\/\/puntdereferencia.org\/es\/quin-cami-empren-el-gr-entrem-en-el-proces-creatiu-del-grup\/#respond"]}]},{"@type":"WebPage","@id":"https:\/\/puntdereferencia.org\/es\/quin-cami-empren-el-gr-entrem-en-el-proces-creatiu-del-grup\/","url":"https:\/\/puntdereferencia.org\/es\/quin-cami-empren-el-gr-entrem-en-el-proces-creatiu-del-grup\/","name":"Qu\u00e9 camino toma el GR? Entramos en el proceso creativo del grupo - Punt de Referencia","isPartOf":{"@id":"https:\/\/puntdereferencia.org\/es\/#website"},"primaryImageOfPage":{"@id":"https:\/\/puntdereferencia.org\/es\/quin-cami-empren-el-gr-entrem-en-el-proces-creatiu-del-grup\/#primaryimage"},"image":{"@id":"https:\/\/puntdereferencia.org\/es\/quin-cami-empren-el-gr-entrem-en-el-proces-creatiu-del-grup\/#primaryimage"},"thumbnailUrl":"https:\/\/puntdereferencia.org\/wp-content\/uploads\/2024\/07\/DSCF4415-2.jpg","datePublished":"2019-03-01T12:49:59+00:00","dateModified":"2024-07-31T11:38:37+00:00","author":{"@id":"https:\/\/puntdereferencia.org\/es\/#\/schema\/person\/c475209bcc857303ec6ed0259d3cf078"},"breadcrumb":{"@id":"https:\/\/puntdereferencia.org\/es\/quin-cami-empren-el-gr-entrem-en-el-proces-creatiu-del-grup\/#breadcrumb"},"inLanguage":"es","potentialAction":[{"@type":"ReadAction","target":["https:\/\/puntdereferencia.org\/es\/quin-cami-empren-el-gr-entrem-en-el-proces-creatiu-del-grup\/"]}]},{"@type":"ImageObject","inLanguage":"es","@id":"https:\/\/puntdereferencia.org\/es\/quin-cami-empren-el-gr-entrem-en-el-proces-creatiu-del-grup\/#primaryimage","url":"https:\/\/puntdereferencia.org\/wp-content\/uploads\/2024\/07\/DSCF4415-2.jpg","contentUrl":"https:\/\/puntdereferencia.org\/wp-content\/uploads\/2024\/07\/DSCF4415-2.jpg","width":2304,"height":1728},{"@type":"BreadcrumbList","@id":"https:\/\/puntdereferencia.org\/es\/quin-cami-empren-el-gr-entrem-en-el-proces-creatiu-del-grup\/#breadcrumb","itemListElement":[{"@type":"ListItem","position":1,"name":"Inici","item":"https:\/\/puntdereferencia.org\/es\/inicio\/"},{"@type":"ListItem","position":2,"name":"Qu\u00e9 camino toma el GR? Entramos en el proceso creativo del grupo"}]},{"@type":"WebSite","@id":"https:\/\/puntdereferencia.org\/es\/#website","url":"https:\/\/puntdereferencia.org\/es\/","name":"Punt de Referencia","description":"","potentialAction":[{"@type":"SearchAction","target":{"@type":"EntryPoint","urlTemplate":"https:\/\/puntdereferencia.org\/es\/?s={search_term_string}"},"query-input":{"@type":"PropertyValueSpecification","valueRequired":true,"valueName":"search_term_string"}}],"inLanguage":"es"},{"@type":"Person","@id":"https:\/\/puntdereferencia.org\/es\/#\/schema\/person\/c475209bcc857303ec6ed0259d3cf078","name":"admin","image":{"@type":"ImageObject","inLanguage":"es","@id":"https:\/\/puntdereferencia.org\/es\/#\/schema\/person\/image\/","url":"https:\/\/secure.gravatar.com\/avatar\/ff306d55f6aedb51a29e838506fafaa76a30bce9f5db9aca2e28921b903aaad2?s=96&d=mm&r=g","contentUrl":"https:\/\/secure.gravatar.com\/avatar\/ff306d55f6aedb51a29e838506fafaa76a30bce9f5db9aca2e28921b903aaad2?s=96&d=mm&r=g","caption":"admin"},"sameAs":["http:\/\/\/home\/puntref\/webapps\/web2024"],"url":"https:\/\/puntdereferencia.org\/es\/author\/admin\/"}]}},"_links":{"self":[{"href":"https:\/\/puntdereferencia.org\/es\/wp-json\/wp\/v2\/posts\/24435","targetHints":{"allow":["GET"]}}],"collection":[{"href":"https:\/\/puntdereferencia.org\/es\/wp-json\/wp\/v2\/posts"}],"about":[{"href":"https:\/\/puntdereferencia.org\/es\/wp-json\/wp\/v2\/types\/post"}],"author":[{"embeddable":true,"href":"https:\/\/puntdereferencia.org\/es\/wp-json\/wp\/v2\/users\/1"}],"replies":[{"embeddable":true,"href":"https:\/\/puntdereferencia.org\/es\/wp-json\/wp\/v2\/comments?post=24435"}],"version-history":[{"count":4,"href":"https:\/\/puntdereferencia.org\/es\/wp-json\/wp\/v2\/posts\/24435\/revisions"}],"predecessor-version":[{"id":25920,"href":"https:\/\/puntdereferencia.org\/es\/wp-json\/wp\/v2\/posts\/24435\/revisions\/25920"}],"wp:featuredmedia":[{"embeddable":true,"href":"https:\/\/puntdereferencia.org\/es\/wp-json\/wp\/v2\/media\/19970"}],"wp:attachment":[{"href":"https:\/\/puntdereferencia.org\/es\/wp-json\/wp\/v2\/media?parent=24435"}],"wp:term":[{"taxonomy":"category","embeddable":true,"href":"https:\/\/puntdereferencia.org\/es\/wp-json\/wp\/v2\/categories?post=24435"},{"taxonomy":"post_tag","embeddable":true,"href":"https:\/\/puntdereferencia.org\/es\/wp-json\/wp\/v2\/tags?post=24435"}],"curies":[{"name":"wp","href":"https:\/\/api.w.org\/{rel}","templated":true}]}}