{"id":24437,"date":"2019-03-01T14:57:43","date_gmt":"2019-03-01T14:57:43","guid":{"rendered":"https:\/\/puntdereferencia.org\/fem-lluir-els-espais-donant-los-una-nova-imatge\/"},"modified":"2024-07-31T11:37:58","modified_gmt":"2024-07-31T11:37:58","slug":"fem-lluir-els-espais-donant-los-una-nova-imatge","status":"publish","type":"post","link":"https:\/\/puntdereferencia.org\/es\/fem-lluir-els-espais-donant-los-una-nova-imatge\/","title":{"rendered":"Sacamos a lucir espacios, d\u00e1ndoles una nueva imagen"},"content":{"rendered":"<p>Con la crecida en n\u00famero en en n\u00famero de proyectos, de j\u00f3venes atendidos y atendidas y de voluntariado, Punt de Refer\u00e8ncia hizo un esfuerzo por ampliar los espacios de oficina y este a\u00f1o nos hemos propuesto\u00a0darles una nueva cara, dejarlos renovados para que sean m\u00e1s acogedores.<\/p>\n<p>M\u00e1s all\u00e1 del imaginario de decoraci\u00f3n que cada una puede aportar, quer\u00edamos renovar este espacio con h\u00e1bitos de consumo consciente. Punt de Refer\u00e8ncia est\u00e1 apostando por un tipo de consumo que quiere establecer v\u00ednculos que permitan re-aprovechar materiales o servicios, o bien un consumo de de compra consciente.<\/p>\n<p><img loading=\"lazy\" decoding=\"async\" class=\"alignnone wp-image-5869\" src=\"http:\/\/puntdereferencia.org\/wp-content\/uploads\/2024\/07\/DSC_0177-1-scaled-1.jpg\" alt=\"\" width=\"422\" height=\"341\" \/><\/p>\n<p><img loading=\"lazy\" decoding=\"async\" class=\"alignnone wp-image-5863\" src=\"http:\/\/puntdereferencia.org\/wp-content\/uploads\/2024\/07\/DSC_0181-scaled-1.jpg\" alt=\"\" width=\"480\" height=\"309\" \/>\u00a0<img loading=\"lazy\" decoding=\"async\" class=\"alignnone wp-image-5873\" src=\"https:\/\/puntdereferencia.org\/wp-content\/uploads\/2024\/07\/DSC_0182-1-scaled.jpg\" alt=\"\" width=\"464\" height=\"310\" \/><\/p>\n<p>&nbsp;<\/p>\n<p>Qu\u00e9 os parece el nuevo despacho de tutor\u00edas? Y la sala de estudio?<br \/>\nAmbas han sido pintadas por un centro especial de trabajo (<a href=\"https:\/\/www.saoprat.net\/empresa-dinsercio-2\/\">Sao Prat<\/a>) y equipadas con donativos de personas particulares y de empresas (a trav\u00e9s del web <a href=\"https:\/\/donalo.org\/ca\/\">donalo.<\/a><a href=\"https:\/\/donalo.org\/ca\/\">org)<\/a>.<\/p>\n<p>&nbsp;<\/p>\n<p>Gracias a todas las personas que est\u00e1is colaborando a hacer de Punt, un espacio m\u00e1s acogedor!<\/p>\n<p>&nbsp;<\/p>\n","protected":false},"excerpt":{"rendered":"<p>Con la crecida en n\u00famero en en n\u00famero de proyectos, de j\u00f3venes atendidos y atendidas y de voluntariado, Punt de Refer\u00e8ncia hizo un esfuerzo por ampliar los espacios de oficina y este a\u00f1o nos hemos propuesto\u00a0darles una nueva cara, dejarlos renovados para que sean m\u00e1s acogedores. M\u00e1s all\u00e1 del imaginario de decoraci\u00f3n que cada una [&hellip;]<\/p>\n","protected":false},"author":1,"featured_media":20002,"comment_status":"open","ping_status":"open","sticky":false,"template":"","format":"standard","meta":{"footnotes":""},"categories":[913],"tags":[153,154,155,156],"class_list":["post-24437","post","type-post","status-publish","format-standard","has-post-thumbnail","hentry","category-noticias-es","tag-decoracio","tag-espai","tag-oficina","tag-sales"],"yoast_head":"<!-- This site is optimized with the Yoast SEO plugin v27.1.1 - https:\/\/yoast.com\/product\/yoast-seo-wordpress\/ -->\n<title>Sacamos a lucir espacios, d\u00e1ndoles una nueva imagen - Punt de Referencia<\/title>\n<meta name=\"robots\" content=\"index, follow, max-snippet:-1, max-image-preview:large, max-video-preview:-1\" \/>\n<link rel=\"canonical\" href=\"https:\/\/puntdereferencia.org\/es\/fem-lluir-els-espais-donant-los-una-nova-imatge\/\" \/>\n<meta property=\"og:locale\" content=\"es_ES\" \/>\n<meta property=\"og:type\" content=\"article\" \/>\n<meta property=\"og:title\" content=\"Sacamos a lucir espacios, d\u00e1ndoles una nueva imagen - Punt de Referencia\" \/>\n<meta property=\"og:description\" content=\"Con la crecida en n\u00famero en en n\u00famero de proyectos, de j\u00f3venes atendidos y atendidas y de voluntariado, Punt de Refer\u00e8ncia hizo un esfuerzo por ampliar los espacios de oficina y este a\u00f1o nos hemos propuesto\u00a0darles una nueva cara, dejarlos renovados para que sean m\u00e1s acogedores. M\u00e1s all\u00e1 del imaginario de decoraci\u00f3n que cada una [&hellip;]\" \/>\n<meta property=\"og:url\" content=\"https:\/\/puntdereferencia.org\/es\/fem-lluir-els-espais-donant-los-una-nova-imatge\/\" \/>\n<meta property=\"og:site_name\" content=\"Punt de Referencia\" \/>\n<meta property=\"article:published_time\" content=\"2019-03-01T14:57:43+00:00\" \/>\n<meta property=\"article:modified_time\" content=\"2024-07-31T11:37:58+00:00\" \/>\n<meta property=\"og:image\" content=\"https:\/\/puntdereferencia.org\/wp-content\/uploads\/2024\/07\/DSC_0177-1-scaled-1.jpg\" \/>\n\t<meta property=\"og:image:width\" content=\"2560\" \/>\n\t<meta property=\"og:image:height\" content=\"2073\" \/>\n\t<meta property=\"og:image:type\" content=\"image\/jpeg\" \/>\n<meta name=\"author\" content=\"admin\" \/>\n<meta name=\"twitter:card\" content=\"summary_large_image\" \/>\n<meta name=\"twitter:label1\" content=\"Escrito por\" \/>\n\t<meta name=\"twitter:data1\" content=\"admin\" \/>\n\t<meta name=\"twitter:label2\" content=\"Tiempo de lectura\" \/>\n\t<meta name=\"twitter:data2\" content=\"2 minutos\" \/>\n<script type=\"application\/ld+json\" class=\"yoast-schema-graph\">{\"@context\":\"https:\/\/schema.org\",\"@graph\":[{\"@type\":\"Article\",\"@id\":\"https:\/\/puntdereferencia.org\/es\/fem-lluir-els-espais-donant-los-una-nova-imatge\/#article\",\"isPartOf\":{\"@id\":\"https:\/\/puntdereferencia.org\/es\/fem-lluir-els-espais-donant-los-una-nova-imatge\/\"},\"author\":{\"name\":\"admin\",\"@id\":\"https:\/\/puntdereferencia.org\/es\/#\/schema\/person\/c475209bcc857303ec6ed0259d3cf078\"},\"headline\":\"Sacamos a lucir espacios, d\u00e1ndoles una nueva imagen\",\"datePublished\":\"2019-03-01T14:57:43+00:00\",\"dateModified\":\"2024-07-31T11:37:58+00:00\",\"mainEntityOfPage\":{\"@id\":\"https:\/\/puntdereferencia.org\/es\/fem-lluir-els-espais-donant-los-una-nova-imatge\/\"},\"wordCount\":180,\"commentCount\":0,\"image\":{\"@id\":\"https:\/\/puntdereferencia.org\/es\/fem-lluir-els-espais-donant-los-una-nova-imatge\/#primaryimage\"},\"thumbnailUrl\":\"https:\/\/puntdereferencia.org\/wp-content\/uploads\/2024\/07\/DSC_0177-1-scaled-1.jpg\",\"keywords\":[\"decoraci\u00f3\",\"espai\",\"oficina\",\"sales\"],\"articleSection\":[\"NOTICIAS\"],\"inLanguage\":\"es\",\"potentialAction\":[{\"@type\":\"CommentAction\",\"name\":\"Comment\",\"target\":[\"https:\/\/puntdereferencia.org\/es\/fem-lluir-els-espais-donant-los-una-nova-imatge\/#respond\"]}]},{\"@type\":\"WebPage\",\"@id\":\"https:\/\/puntdereferencia.org\/es\/fem-lluir-els-espais-donant-los-una-nova-imatge\/\",\"url\":\"https:\/\/puntdereferencia.org\/es\/fem-lluir-els-espais-donant-los-una-nova-imatge\/\",\"name\":\"Sacamos a lucir espacios, d\u00e1ndoles una nueva imagen - Punt de Referencia\",\"isPartOf\":{\"@id\":\"https:\/\/puntdereferencia.org\/es\/#website\"},\"primaryImageOfPage\":{\"@id\":\"https:\/\/puntdereferencia.org\/es\/fem-lluir-els-espais-donant-los-una-nova-imatge\/#primaryimage\"},\"image\":{\"@id\":\"https:\/\/puntdereferencia.org\/es\/fem-lluir-els-espais-donant-los-una-nova-imatge\/#primaryimage\"},\"thumbnailUrl\":\"https:\/\/puntdereferencia.org\/wp-content\/uploads\/2024\/07\/DSC_0177-1-scaled-1.jpg\",\"datePublished\":\"2019-03-01T14:57:43+00:00\",\"dateModified\":\"2024-07-31T11:37:58+00:00\",\"author\":{\"@id\":\"https:\/\/puntdereferencia.org\/es\/#\/schema\/person\/c475209bcc857303ec6ed0259d3cf078\"},\"breadcrumb\":{\"@id\":\"https:\/\/puntdereferencia.org\/es\/fem-lluir-els-espais-donant-los-una-nova-imatge\/#breadcrumb\"},\"inLanguage\":\"es\",\"potentialAction\":[{\"@type\":\"ReadAction\",\"target\":[\"https:\/\/puntdereferencia.org\/es\/fem-lluir-els-espais-donant-los-una-nova-imatge\/\"]}]},{\"@type\":\"ImageObject\",\"inLanguage\":\"es\",\"@id\":\"https:\/\/puntdereferencia.org\/es\/fem-lluir-els-espais-donant-los-una-nova-imatge\/#primaryimage\",\"url\":\"https:\/\/puntdereferencia.org\/wp-content\/uploads\/2024\/07\/DSC_0177-1-scaled-1.jpg\",\"contentUrl\":\"https:\/\/puntdereferencia.org\/wp-content\/uploads\/2024\/07\/DSC_0177-1-scaled-1.jpg\",\"width\":2560,\"height\":2073},{\"@type\":\"BreadcrumbList\",\"@id\":\"https:\/\/puntdereferencia.org\/es\/fem-lluir-els-espais-donant-los-una-nova-imatge\/#breadcrumb\",\"itemListElement\":[{\"@type\":\"ListItem\",\"position\":1,\"name\":\"Inici\",\"item\":\"https:\/\/puntdereferencia.org\/es\/inicio\/\"},{\"@type\":\"ListItem\",\"position\":2,\"name\":\"Sacamos a lucir espacios, d\u00e1ndoles una nueva imagen\"}]},{\"@type\":\"WebSite\",\"@id\":\"https:\/\/puntdereferencia.org\/es\/#website\",\"url\":\"https:\/\/puntdereferencia.org\/es\/\",\"name\":\"Punt de Referencia\",\"description\":\"\",\"potentialAction\":[{\"@type\":\"SearchAction\",\"target\":{\"@type\":\"EntryPoint\",\"urlTemplate\":\"https:\/\/puntdereferencia.org\/es\/?s={search_term_string}\"},\"query-input\":{\"@type\":\"PropertyValueSpecification\",\"valueRequired\":true,\"valueName\":\"search_term_string\"}}],\"inLanguage\":\"es\"},{\"@type\":\"Person\",\"@id\":\"https:\/\/puntdereferencia.org\/es\/#\/schema\/person\/c475209bcc857303ec6ed0259d3cf078\",\"name\":\"admin\",\"image\":{\"@type\":\"ImageObject\",\"inLanguage\":\"es\",\"@id\":\"https:\/\/puntdereferencia.org\/es\/#\/schema\/person\/image\/\",\"url\":\"https:\/\/secure.gravatar.com\/avatar\/ff306d55f6aedb51a29e838506fafaa76a30bce9f5db9aca2e28921b903aaad2?s=96&d=mm&r=g\",\"contentUrl\":\"https:\/\/secure.gravatar.com\/avatar\/ff306d55f6aedb51a29e838506fafaa76a30bce9f5db9aca2e28921b903aaad2?s=96&d=mm&r=g\",\"caption\":\"admin\"},\"sameAs\":[\"http:\/\/\/home\/puntref\/webapps\/web2024\"],\"url\":\"https:\/\/puntdereferencia.org\/es\/author\/admin\/\"}]}<\/script>\n<!-- \/ Yoast SEO plugin. -->","yoast_head_json":{"title":"Sacamos a lucir espacios, d\u00e1ndoles una nueva imagen - Punt de Referencia","robots":{"index":"index","follow":"follow","max-snippet":"max-snippet:-1","max-image-preview":"max-image-preview:large","max-video-preview":"max-video-preview:-1"},"canonical":"https:\/\/puntdereferencia.org\/es\/fem-lluir-els-espais-donant-los-una-nova-imatge\/","og_locale":"es_ES","og_type":"article","og_title":"Sacamos a lucir espacios, d\u00e1ndoles una nueva imagen - Punt de Referencia","og_description":"Con la crecida en n\u00famero en en n\u00famero de proyectos, de j\u00f3venes atendidos y atendidas y de voluntariado, Punt de Refer\u00e8ncia hizo un esfuerzo por ampliar los espacios de oficina y este a\u00f1o nos hemos propuesto\u00a0darles una nueva cara, dejarlos renovados para que sean m\u00e1s acogedores. M\u00e1s all\u00e1 del imaginario de decoraci\u00f3n que cada una [&hellip;]","og_url":"https:\/\/puntdereferencia.org\/es\/fem-lluir-els-espais-donant-los-una-nova-imatge\/","og_site_name":"Punt de Referencia","article_published_time":"2019-03-01T14:57:43+00:00","article_modified_time":"2024-07-31T11:37:58+00:00","og_image":[{"width":2560,"height":2073,"url":"https:\/\/puntdereferencia.org\/wp-content\/uploads\/2024\/07\/DSC_0177-1-scaled-1.jpg","type":"image\/jpeg"}],"author":"admin","twitter_card":"summary_large_image","twitter_misc":{"Escrito por":"admin","Tiempo de lectura":"2 minutos"},"schema":{"@context":"https:\/\/schema.org","@graph":[{"@type":"Article","@id":"https:\/\/puntdereferencia.org\/es\/fem-lluir-els-espais-donant-los-una-nova-imatge\/#article","isPartOf":{"@id":"https:\/\/puntdereferencia.org\/es\/fem-lluir-els-espais-donant-los-una-nova-imatge\/"},"author":{"name":"admin","@id":"https:\/\/puntdereferencia.org\/es\/#\/schema\/person\/c475209bcc857303ec6ed0259d3cf078"},"headline":"Sacamos a lucir espacios, d\u00e1ndoles una nueva imagen","datePublished":"2019-03-01T14:57:43+00:00","dateModified":"2024-07-31T11:37:58+00:00","mainEntityOfPage":{"@id":"https:\/\/puntdereferencia.org\/es\/fem-lluir-els-espais-donant-los-una-nova-imatge\/"},"wordCount":180,"commentCount":0,"image":{"@id":"https:\/\/puntdereferencia.org\/es\/fem-lluir-els-espais-donant-los-una-nova-imatge\/#primaryimage"},"thumbnailUrl":"https:\/\/puntdereferencia.org\/wp-content\/uploads\/2024\/07\/DSC_0177-1-scaled-1.jpg","keywords":["decoraci\u00f3","espai","oficina","sales"],"articleSection":["NOTICIAS"],"inLanguage":"es","potentialAction":[{"@type":"CommentAction","name":"Comment","target":["https:\/\/puntdereferencia.org\/es\/fem-lluir-els-espais-donant-los-una-nova-imatge\/#respond"]}]},{"@type":"WebPage","@id":"https:\/\/puntdereferencia.org\/es\/fem-lluir-els-espais-donant-los-una-nova-imatge\/","url":"https:\/\/puntdereferencia.org\/es\/fem-lluir-els-espais-donant-los-una-nova-imatge\/","name":"Sacamos a lucir espacios, d\u00e1ndoles una nueva imagen - Punt de Referencia","isPartOf":{"@id":"https:\/\/puntdereferencia.org\/es\/#website"},"primaryImageOfPage":{"@id":"https:\/\/puntdereferencia.org\/es\/fem-lluir-els-espais-donant-los-una-nova-imatge\/#primaryimage"},"image":{"@id":"https:\/\/puntdereferencia.org\/es\/fem-lluir-els-espais-donant-los-una-nova-imatge\/#primaryimage"},"thumbnailUrl":"https:\/\/puntdereferencia.org\/wp-content\/uploads\/2024\/07\/DSC_0177-1-scaled-1.jpg","datePublished":"2019-03-01T14:57:43+00:00","dateModified":"2024-07-31T11:37:58+00:00","author":{"@id":"https:\/\/puntdereferencia.org\/es\/#\/schema\/person\/c475209bcc857303ec6ed0259d3cf078"},"breadcrumb":{"@id":"https:\/\/puntdereferencia.org\/es\/fem-lluir-els-espais-donant-los-una-nova-imatge\/#breadcrumb"},"inLanguage":"es","potentialAction":[{"@type":"ReadAction","target":["https:\/\/puntdereferencia.org\/es\/fem-lluir-els-espais-donant-los-una-nova-imatge\/"]}]},{"@type":"ImageObject","inLanguage":"es","@id":"https:\/\/puntdereferencia.org\/es\/fem-lluir-els-espais-donant-los-una-nova-imatge\/#primaryimage","url":"https:\/\/puntdereferencia.org\/wp-content\/uploads\/2024\/07\/DSC_0177-1-scaled-1.jpg","contentUrl":"https:\/\/puntdereferencia.org\/wp-content\/uploads\/2024\/07\/DSC_0177-1-scaled-1.jpg","width":2560,"height":2073},{"@type":"BreadcrumbList","@id":"https:\/\/puntdereferencia.org\/es\/fem-lluir-els-espais-donant-los-una-nova-imatge\/#breadcrumb","itemListElement":[{"@type":"ListItem","position":1,"name":"Inici","item":"https:\/\/puntdereferencia.org\/es\/inicio\/"},{"@type":"ListItem","position":2,"name":"Sacamos a lucir espacios, d\u00e1ndoles una nueva imagen"}]},{"@type":"WebSite","@id":"https:\/\/puntdereferencia.org\/es\/#website","url":"https:\/\/puntdereferencia.org\/es\/","name":"Punt de Referencia","description":"","potentialAction":[{"@type":"SearchAction","target":{"@type":"EntryPoint","urlTemplate":"https:\/\/puntdereferencia.org\/es\/?s={search_term_string}"},"query-input":{"@type":"PropertyValueSpecification","valueRequired":true,"valueName":"search_term_string"}}],"inLanguage":"es"},{"@type":"Person","@id":"https:\/\/puntdereferencia.org\/es\/#\/schema\/person\/c475209bcc857303ec6ed0259d3cf078","name":"admin","image":{"@type":"ImageObject","inLanguage":"es","@id":"https:\/\/puntdereferencia.org\/es\/#\/schema\/person\/image\/","url":"https:\/\/secure.gravatar.com\/avatar\/ff306d55f6aedb51a29e838506fafaa76a30bce9f5db9aca2e28921b903aaad2?s=96&d=mm&r=g","contentUrl":"https:\/\/secure.gravatar.com\/avatar\/ff306d55f6aedb51a29e838506fafaa76a30bce9f5db9aca2e28921b903aaad2?s=96&d=mm&r=g","caption":"admin"},"sameAs":["http:\/\/\/home\/puntref\/webapps\/web2024"],"url":"https:\/\/puntdereferencia.org\/es\/author\/admin\/"}]}},"_links":{"self":[{"href":"https:\/\/puntdereferencia.org\/es\/wp-json\/wp\/v2\/posts\/24437","targetHints":{"allow":["GET"]}}],"collection":[{"href":"https:\/\/puntdereferencia.org\/es\/wp-json\/wp\/v2\/posts"}],"about":[{"href":"https:\/\/puntdereferencia.org\/es\/wp-json\/wp\/v2\/types\/post"}],"author":[{"embeddable":true,"href":"https:\/\/puntdereferencia.org\/es\/wp-json\/wp\/v2\/users\/1"}],"replies":[{"embeddable":true,"href":"https:\/\/puntdereferencia.org\/es\/wp-json\/wp\/v2\/comments?post=24437"}],"version-history":[{"count":4,"href":"https:\/\/puntdereferencia.org\/es\/wp-json\/wp\/v2\/posts\/24437\/revisions"}],"predecessor-version":[{"id":26687,"href":"https:\/\/puntdereferencia.org\/es\/wp-json\/wp\/v2\/posts\/24437\/revisions\/26687"}],"wp:featuredmedia":[{"embeddable":true,"href":"https:\/\/puntdereferencia.org\/es\/wp-json\/wp\/v2\/media\/20002"}],"wp:attachment":[{"href":"https:\/\/puntdereferencia.org\/es\/wp-json\/wp\/v2\/media?parent=24437"}],"wp:term":[{"taxonomy":"category","embeddable":true,"href":"https:\/\/puntdereferencia.org\/es\/wp-json\/wp\/v2\/categories?post=24437"},{"taxonomy":"post_tag","embeddable":true,"href":"https:\/\/puntdereferencia.org\/es\/wp-json\/wp\/v2\/tags?post=24437"}],"curies":[{"name":"wp","href":"https:\/\/api.w.org\/{rel}","templated":true}]}}