{"id":24441,"date":"2019-03-13T12:49:38","date_gmt":"2019-03-13T12:49:38","guid":{"rendered":"https:\/\/puntdereferencia.org\/re-generations-punt-ajuda-a-implementar-la-mentoria-a-italia-i-grecia\/"},"modified":"2024-07-31T11:36:41","modified_gmt":"2024-07-31T11:36:41","slug":"re-generations-punt-ajuda-a-implementar-la-mentoria-a-italia-i-grecia","status":"publish","type":"post","link":"https:\/\/puntdereferencia.org\/es\/re-generations-punt-ajuda-a-implementar-la-mentoria-a-italia-i-grecia\/","title":{"rendered":"Llevamos la metodolog\u00eda de Referentes a Italia y Grecia"},"content":{"rendered":"<p>G\u00e9nova (Italia) y Thessaloniki (Grecia)\u00a0se suben al carro de la mentor\u00eda que transforma personas y, por lo tanto, sociedades.<br \/>\nRe-Generations es el nombre del proyecto impulsado por\u00a0<a href=\"https:\/\/defenceforchildren.org\/\">Defence for Children Italy<\/a> (DCI Italy) el el cual se suma tambi\u00e9n\u00a0<a href=\"http:\/\/www.arsis.gr\/en\/home\/\">ARSIS<\/a> (Grecia) con el\u00a0objetivo de acoger colectivos de j\u00f3venes de entre 18 y 21 a\u00f1os mediante el voluntariado.\u00a0Para conseguirlo Punt de Referencia los forma y los acompa\u00f1a en la puesta en marcha y supervisi\u00f3n de los proyectos de mentor\u00eda en estos dos pa\u00edses, que compartir\u00edan similitudes con el proyecto Referentes.<\/p>\n<p>La relaci\u00f3n que se ha iniciado con las entidades tendr\u00e1 una duraci\u00f3n de 3 a\u00f1os. En este tiempo, Punt recoge el encargo de proponer a DCI y a ARSIS una metodolog\u00eda de mentor\u00eda adaptada a les necesidades de los colectivos de j\u00f3venes con quienes trabajan (de momento a escala de ciudades, pero con voluntad de extenderlo al conjunto del pa\u00eds).\u00a0En el caso de G\u00e9nova poniendo el foco a los j\u00f3venes extutelados, y en el caso de Thessaloniki a los j\u00f3venes refugiados.<\/p>\n<p>La experiencia de Punt de Refer\u00e8ncia aportar\u00e1 conocimiento sobre la implicaci\u00f3n de una ciudadan\u00eda activa en el funcionamiento en red para atender a los j\u00f3venes y en la formaci\u00f3n de profesionales y de las personas mentoras pera afrontar la relaci\u00f3n de mentor\u00eda entre adultos y j\u00f3venes.<\/p>\n<p>&nbsp;<\/p>\n<p><strong>La toma de contacto en G\u00e9nova<\/strong><\/p>\n<p>El mes de febrero tuvo lugar en G\u00e9nova el primer encuentro a 3 bandas. Durante los dos d\u00edas de trabajo se hizo un an\u00e1lisis de las necesidades de cada pa\u00eds en funci\u00f3n de su contexto y sus realidades y en definitiva, se establecieron les bases que permitir\u00e1n la puesta en marcha de este proyecto.<\/p>\n<p><img loading=\"lazy\" decoding=\"async\" class=\"wp-image-6043 aligncenter\" src=\"https:\/\/puntdereferencia.org\/wp-content\/uploads\/2024\/07\/52567696_2031641660290603_7086284202575921152_n.jpg\" alt=\"\" width=\"520\" height=\"390\" \/>\u00a0<img loading=\"lazy\" decoding=\"async\" class=\"wp-image-6034 aligncenter\" src=\"https:\/\/puntdereferencia.org\/wp-content\/uploads\/2024\/07\/52181517_2030057177115718_5501260748581502976_n.jpg\" alt=\"\" width=\"519\" height=\"389\" \/><\/p>\n<p>Cuales son los siguientes pasos para las organizaciones? Hasta el mes de septiembre ir\u00e1n tejiendo y concretando el planteamiento de sus proyectos de mentor\u00eda, y a partir de entonces empezar\u00e1n a buscar una red de colaboradores que les permita ponerlos en marcha. En marzo de 2020 las tres entidades se reencontraran en el marco del Congreso de Mentor\u00eda (organizado por la Coordinadora de Mentoria Social) y trabajar\u00e1n en com\u00fan para supervisar las iniciativas implementadas.<\/p>\n<p>&nbsp;<\/p>\n<p>Este proyecto es posible gracias a la financiaci\u00f3n del Departamento de Migraci\u00f3n y Asuntos Interiores de la Comisi\u00f3n Europea.<\/p>\n","protected":false},"excerpt":{"rendered":"<p>G\u00e9nova (Italia) y Thessaloniki (Grecia)\u00a0se suben al carro de la mentor\u00eda que transforma personas y, por lo tanto, sociedades. Re-Generations es el nombre del proyecto impulsado por\u00a0Defence for Children Italy (DCI Italy) el el cual se suma tambi\u00e9n\u00a0ARSIS (Grecia) con el\u00a0objetivo de acoger colectivos de j\u00f3venes de entre 18 y 21 a\u00f1os mediante el voluntariado.\u00a0Para [&hellip;]<\/p>\n","protected":false},"author":1,"featured_media":20091,"comment_status":"open","ping_status":"open","sticky":false,"template":"","format":"standard","meta":{"footnotes":""},"categories":[913],"tags":[124,178],"class_list":["post-24441","post","type-post","status-publish","format-standard","has-post-thumbnail","hentry","category-noticias-es","tag-europa","tag-migracio"],"yoast_head":"<!-- This site is optimized with the Yoast SEO plugin v27.1.1 - https:\/\/yoast.com\/product\/yoast-seo-wordpress\/ -->\n<title>Llevamos la metodolog\u00eda de Referentes a Italia y Grecia - Punt de Referencia<\/title>\n<meta name=\"robots\" content=\"index, follow, max-snippet:-1, max-image-preview:large, max-video-preview:-1\" \/>\n<link rel=\"canonical\" href=\"https:\/\/puntdereferencia.org\/es\/re-generations-punt-ajuda-a-implementar-la-mentoria-a-italia-i-grecia\/\" \/>\n<meta property=\"og:locale\" content=\"es_ES\" \/>\n<meta property=\"og:type\" content=\"article\" \/>\n<meta property=\"og:title\" content=\"Llevamos la metodolog\u00eda de Referentes a Italia y Grecia - Punt de Referencia\" \/>\n<meta property=\"og:description\" content=\"G\u00e9nova (Italia) y Thessaloniki (Grecia)\u00a0se suben al carro de la mentor\u00eda que transforma personas y, por lo tanto, sociedades. Re-Generations es el nombre del proyecto impulsado por\u00a0Defence for Children Italy (DCI Italy) el el cual se suma tambi\u00e9n\u00a0ARSIS (Grecia) con el\u00a0objetivo de acoger colectivos de j\u00f3venes de entre 18 y 21 a\u00f1os mediante el voluntariado.\u00a0Para [&hellip;]\" \/>\n<meta property=\"og:url\" content=\"https:\/\/puntdereferencia.org\/es\/re-generations-punt-ajuda-a-implementar-la-mentoria-a-italia-i-grecia\/\" \/>\n<meta property=\"og:site_name\" content=\"Punt de Referencia\" \/>\n<meta property=\"article:published_time\" content=\"2019-03-13T12:49:38+00:00\" \/>\n<meta property=\"article:modified_time\" content=\"2024-07-31T11:36:41+00:00\" \/>\n<meta property=\"og:image\" content=\"https:\/\/puntdereferencia.org\/wp-content\/uploads\/2024\/07\/girlfriends-2472369_960_720.jpg\" \/>\n\t<meta property=\"og:image:width\" content=\"960\" \/>\n\t<meta property=\"og:image:height\" content=\"639\" \/>\n\t<meta property=\"og:image:type\" content=\"image\/jpeg\" \/>\n<meta name=\"author\" content=\"admin\" \/>\n<meta name=\"twitter:card\" content=\"summary_large_image\" \/>\n<meta name=\"twitter:label1\" content=\"Escrito por\" \/>\n\t<meta name=\"twitter:data1\" content=\"admin\" \/>\n\t<meta name=\"twitter:label2\" content=\"Tiempo de lectura\" \/>\n\t<meta name=\"twitter:data2\" content=\"3 minutos\" \/>\n<script type=\"application\/ld+json\" class=\"yoast-schema-graph\">{\"@context\":\"https:\/\/schema.org\",\"@graph\":[{\"@type\":\"Article\",\"@id\":\"https:\/\/puntdereferencia.org\/es\/re-generations-punt-ajuda-a-implementar-la-mentoria-a-italia-i-grecia\/#article\",\"isPartOf\":{\"@id\":\"https:\/\/puntdereferencia.org\/es\/re-generations-punt-ajuda-a-implementar-la-mentoria-a-italia-i-grecia\/\"},\"author\":{\"name\":\"admin\",\"@id\":\"https:\/\/puntdereferencia.org\/es\/#\/schema\/person\/c475209bcc857303ec6ed0259d3cf078\"},\"headline\":\"Llevamos la metodolog\u00eda de Referentes a Italia y Grecia\",\"datePublished\":\"2019-03-13T12:49:38+00:00\",\"dateModified\":\"2024-07-31T11:36:41+00:00\",\"mainEntityOfPage\":{\"@id\":\"https:\/\/puntdereferencia.org\/es\/re-generations-punt-ajuda-a-implementar-la-mentoria-a-italia-i-grecia\/\"},\"wordCount\":424,\"commentCount\":0,\"image\":{\"@id\":\"https:\/\/puntdereferencia.org\/es\/re-generations-punt-ajuda-a-implementar-la-mentoria-a-italia-i-grecia\/#primaryimage\"},\"thumbnailUrl\":\"https:\/\/puntdereferencia.org\/wp-content\/uploads\/2024\/07\/girlfriends-2472369_960_720.jpg\",\"keywords\":[\"europa\",\"migraci\u00f3\"],\"articleSection\":[\"NOTICIAS\"],\"inLanguage\":\"es\",\"potentialAction\":[{\"@type\":\"CommentAction\",\"name\":\"Comment\",\"target\":[\"https:\/\/puntdereferencia.org\/es\/re-generations-punt-ajuda-a-implementar-la-mentoria-a-italia-i-grecia\/#respond\"]}]},{\"@type\":\"WebPage\",\"@id\":\"https:\/\/puntdereferencia.org\/es\/re-generations-punt-ajuda-a-implementar-la-mentoria-a-italia-i-grecia\/\",\"url\":\"https:\/\/puntdereferencia.org\/es\/re-generations-punt-ajuda-a-implementar-la-mentoria-a-italia-i-grecia\/\",\"name\":\"Llevamos la metodolog\u00eda de Referentes a Italia y Grecia - Punt de Referencia\",\"isPartOf\":{\"@id\":\"https:\/\/puntdereferencia.org\/es\/#website\"},\"primaryImageOfPage\":{\"@id\":\"https:\/\/puntdereferencia.org\/es\/re-generations-punt-ajuda-a-implementar-la-mentoria-a-italia-i-grecia\/#primaryimage\"},\"image\":{\"@id\":\"https:\/\/puntdereferencia.org\/es\/re-generations-punt-ajuda-a-implementar-la-mentoria-a-italia-i-grecia\/#primaryimage\"},\"thumbnailUrl\":\"https:\/\/puntdereferencia.org\/wp-content\/uploads\/2024\/07\/girlfriends-2472369_960_720.jpg\",\"datePublished\":\"2019-03-13T12:49:38+00:00\",\"dateModified\":\"2024-07-31T11:36:41+00:00\",\"author\":{\"@id\":\"https:\/\/puntdereferencia.org\/es\/#\/schema\/person\/c475209bcc857303ec6ed0259d3cf078\"},\"breadcrumb\":{\"@id\":\"https:\/\/puntdereferencia.org\/es\/re-generations-punt-ajuda-a-implementar-la-mentoria-a-italia-i-grecia\/#breadcrumb\"},\"inLanguage\":\"es\",\"potentialAction\":[{\"@type\":\"ReadAction\",\"target\":[\"https:\/\/puntdereferencia.org\/es\/re-generations-punt-ajuda-a-implementar-la-mentoria-a-italia-i-grecia\/\"]}]},{\"@type\":\"ImageObject\",\"inLanguage\":\"es\",\"@id\":\"https:\/\/puntdereferencia.org\/es\/re-generations-punt-ajuda-a-implementar-la-mentoria-a-italia-i-grecia\/#primaryimage\",\"url\":\"https:\/\/puntdereferencia.org\/wp-content\/uploads\/2024\/07\/girlfriends-2472369_960_720.jpg\",\"contentUrl\":\"https:\/\/puntdereferencia.org\/wp-content\/uploads\/2024\/07\/girlfriends-2472369_960_720.jpg\",\"width\":960,\"height\":639},{\"@type\":\"BreadcrumbList\",\"@id\":\"https:\/\/puntdereferencia.org\/es\/re-generations-punt-ajuda-a-implementar-la-mentoria-a-italia-i-grecia\/#breadcrumb\",\"itemListElement\":[{\"@type\":\"ListItem\",\"position\":1,\"name\":\"Inici\",\"item\":\"https:\/\/puntdereferencia.org\/es\/inicio\/\"},{\"@type\":\"ListItem\",\"position\":2,\"name\":\"Llevamos la metodolog\u00eda de Referentes a Italia y Grecia\"}]},{\"@type\":\"WebSite\",\"@id\":\"https:\/\/puntdereferencia.org\/es\/#website\",\"url\":\"https:\/\/puntdereferencia.org\/es\/\",\"name\":\"Punt de Referencia\",\"description\":\"\",\"potentialAction\":[{\"@type\":\"SearchAction\",\"target\":{\"@type\":\"EntryPoint\",\"urlTemplate\":\"https:\/\/puntdereferencia.org\/es\/?s={search_term_string}\"},\"query-input\":{\"@type\":\"PropertyValueSpecification\",\"valueRequired\":true,\"valueName\":\"search_term_string\"}}],\"inLanguage\":\"es\"},{\"@type\":\"Person\",\"@id\":\"https:\/\/puntdereferencia.org\/es\/#\/schema\/person\/c475209bcc857303ec6ed0259d3cf078\",\"name\":\"admin\",\"image\":{\"@type\":\"ImageObject\",\"inLanguage\":\"es\",\"@id\":\"https:\/\/puntdereferencia.org\/es\/#\/schema\/person\/image\/\",\"url\":\"https:\/\/secure.gravatar.com\/avatar\/ff306d55f6aedb51a29e838506fafaa76a30bce9f5db9aca2e28921b903aaad2?s=96&d=mm&r=g\",\"contentUrl\":\"https:\/\/secure.gravatar.com\/avatar\/ff306d55f6aedb51a29e838506fafaa76a30bce9f5db9aca2e28921b903aaad2?s=96&d=mm&r=g\",\"caption\":\"admin\"},\"sameAs\":[\"http:\/\/\/home\/puntref\/webapps\/web2024\"],\"url\":\"https:\/\/puntdereferencia.org\/es\/author\/admin\/\"}]}<\/script>\n<!-- \/ Yoast SEO plugin. -->","yoast_head_json":{"title":"Llevamos la metodolog\u00eda de Referentes a Italia y Grecia - Punt de Referencia","robots":{"index":"index","follow":"follow","max-snippet":"max-snippet:-1","max-image-preview":"max-image-preview:large","max-video-preview":"max-video-preview:-1"},"canonical":"https:\/\/puntdereferencia.org\/es\/re-generations-punt-ajuda-a-implementar-la-mentoria-a-italia-i-grecia\/","og_locale":"es_ES","og_type":"article","og_title":"Llevamos la metodolog\u00eda de Referentes a Italia y Grecia - Punt de Referencia","og_description":"G\u00e9nova (Italia) y Thessaloniki (Grecia)\u00a0se suben al carro de la mentor\u00eda que transforma personas y, por lo tanto, sociedades. Re-Generations es el nombre del proyecto impulsado por\u00a0Defence for Children Italy (DCI Italy) el el cual se suma tambi\u00e9n\u00a0ARSIS (Grecia) con el\u00a0objetivo de acoger colectivos de j\u00f3venes de entre 18 y 21 a\u00f1os mediante el voluntariado.\u00a0Para [&hellip;]","og_url":"https:\/\/puntdereferencia.org\/es\/re-generations-punt-ajuda-a-implementar-la-mentoria-a-italia-i-grecia\/","og_site_name":"Punt de Referencia","article_published_time":"2019-03-13T12:49:38+00:00","article_modified_time":"2024-07-31T11:36:41+00:00","og_image":[{"width":960,"height":639,"url":"https:\/\/puntdereferencia.org\/wp-content\/uploads\/2024\/07\/girlfriends-2472369_960_720.jpg","type":"image\/jpeg"}],"author":"admin","twitter_card":"summary_large_image","twitter_misc":{"Escrito por":"admin","Tiempo de lectura":"3 minutos"},"schema":{"@context":"https:\/\/schema.org","@graph":[{"@type":"Article","@id":"https:\/\/puntdereferencia.org\/es\/re-generations-punt-ajuda-a-implementar-la-mentoria-a-italia-i-grecia\/#article","isPartOf":{"@id":"https:\/\/puntdereferencia.org\/es\/re-generations-punt-ajuda-a-implementar-la-mentoria-a-italia-i-grecia\/"},"author":{"name":"admin","@id":"https:\/\/puntdereferencia.org\/es\/#\/schema\/person\/c475209bcc857303ec6ed0259d3cf078"},"headline":"Llevamos la metodolog\u00eda de Referentes a Italia y Grecia","datePublished":"2019-03-13T12:49:38+00:00","dateModified":"2024-07-31T11:36:41+00:00","mainEntityOfPage":{"@id":"https:\/\/puntdereferencia.org\/es\/re-generations-punt-ajuda-a-implementar-la-mentoria-a-italia-i-grecia\/"},"wordCount":424,"commentCount":0,"image":{"@id":"https:\/\/puntdereferencia.org\/es\/re-generations-punt-ajuda-a-implementar-la-mentoria-a-italia-i-grecia\/#primaryimage"},"thumbnailUrl":"https:\/\/puntdereferencia.org\/wp-content\/uploads\/2024\/07\/girlfriends-2472369_960_720.jpg","keywords":["europa","migraci\u00f3"],"articleSection":["NOTICIAS"],"inLanguage":"es","potentialAction":[{"@type":"CommentAction","name":"Comment","target":["https:\/\/puntdereferencia.org\/es\/re-generations-punt-ajuda-a-implementar-la-mentoria-a-italia-i-grecia\/#respond"]}]},{"@type":"WebPage","@id":"https:\/\/puntdereferencia.org\/es\/re-generations-punt-ajuda-a-implementar-la-mentoria-a-italia-i-grecia\/","url":"https:\/\/puntdereferencia.org\/es\/re-generations-punt-ajuda-a-implementar-la-mentoria-a-italia-i-grecia\/","name":"Llevamos la metodolog\u00eda de Referentes a Italia y Grecia - Punt de Referencia","isPartOf":{"@id":"https:\/\/puntdereferencia.org\/es\/#website"},"primaryImageOfPage":{"@id":"https:\/\/puntdereferencia.org\/es\/re-generations-punt-ajuda-a-implementar-la-mentoria-a-italia-i-grecia\/#primaryimage"},"image":{"@id":"https:\/\/puntdereferencia.org\/es\/re-generations-punt-ajuda-a-implementar-la-mentoria-a-italia-i-grecia\/#primaryimage"},"thumbnailUrl":"https:\/\/puntdereferencia.org\/wp-content\/uploads\/2024\/07\/girlfriends-2472369_960_720.jpg","datePublished":"2019-03-13T12:49:38+00:00","dateModified":"2024-07-31T11:36:41+00:00","author":{"@id":"https:\/\/puntdereferencia.org\/es\/#\/schema\/person\/c475209bcc857303ec6ed0259d3cf078"},"breadcrumb":{"@id":"https:\/\/puntdereferencia.org\/es\/re-generations-punt-ajuda-a-implementar-la-mentoria-a-italia-i-grecia\/#breadcrumb"},"inLanguage":"es","potentialAction":[{"@type":"ReadAction","target":["https:\/\/puntdereferencia.org\/es\/re-generations-punt-ajuda-a-implementar-la-mentoria-a-italia-i-grecia\/"]}]},{"@type":"ImageObject","inLanguage":"es","@id":"https:\/\/puntdereferencia.org\/es\/re-generations-punt-ajuda-a-implementar-la-mentoria-a-italia-i-grecia\/#primaryimage","url":"https:\/\/puntdereferencia.org\/wp-content\/uploads\/2024\/07\/girlfriends-2472369_960_720.jpg","contentUrl":"https:\/\/puntdereferencia.org\/wp-content\/uploads\/2024\/07\/girlfriends-2472369_960_720.jpg","width":960,"height":639},{"@type":"BreadcrumbList","@id":"https:\/\/puntdereferencia.org\/es\/re-generations-punt-ajuda-a-implementar-la-mentoria-a-italia-i-grecia\/#breadcrumb","itemListElement":[{"@type":"ListItem","position":1,"name":"Inici","item":"https:\/\/puntdereferencia.org\/es\/inicio\/"},{"@type":"ListItem","position":2,"name":"Llevamos la metodolog\u00eda de Referentes a Italia y Grecia"}]},{"@type":"WebSite","@id":"https:\/\/puntdereferencia.org\/es\/#website","url":"https:\/\/puntdereferencia.org\/es\/","name":"Punt de Referencia","description":"","potentialAction":[{"@type":"SearchAction","target":{"@type":"EntryPoint","urlTemplate":"https:\/\/puntdereferencia.org\/es\/?s={search_term_string}"},"query-input":{"@type":"PropertyValueSpecification","valueRequired":true,"valueName":"search_term_string"}}],"inLanguage":"es"},{"@type":"Person","@id":"https:\/\/puntdereferencia.org\/es\/#\/schema\/person\/c475209bcc857303ec6ed0259d3cf078","name":"admin","image":{"@type":"ImageObject","inLanguage":"es","@id":"https:\/\/puntdereferencia.org\/es\/#\/schema\/person\/image\/","url":"https:\/\/secure.gravatar.com\/avatar\/ff306d55f6aedb51a29e838506fafaa76a30bce9f5db9aca2e28921b903aaad2?s=96&d=mm&r=g","contentUrl":"https:\/\/secure.gravatar.com\/avatar\/ff306d55f6aedb51a29e838506fafaa76a30bce9f5db9aca2e28921b903aaad2?s=96&d=mm&r=g","caption":"admin"},"sameAs":["http:\/\/\/home\/puntref\/webapps\/web2024"],"url":"https:\/\/puntdereferencia.org\/es\/author\/admin\/"}]}},"_links":{"self":[{"href":"https:\/\/puntdereferencia.org\/es\/wp-json\/wp\/v2\/posts\/24441","targetHints":{"allow":["GET"]}}],"collection":[{"href":"https:\/\/puntdereferencia.org\/es\/wp-json\/wp\/v2\/posts"}],"about":[{"href":"https:\/\/puntdereferencia.org\/es\/wp-json\/wp\/v2\/types\/post"}],"author":[{"embeddable":true,"href":"https:\/\/puntdereferencia.org\/es\/wp-json\/wp\/v2\/users\/1"}],"replies":[{"embeddable":true,"href":"https:\/\/puntdereferencia.org\/es\/wp-json\/wp\/v2\/comments?post=24441"}],"version-history":[{"count":3,"href":"https:\/\/puntdereferencia.org\/es\/wp-json\/wp\/v2\/posts\/24441\/revisions"}],"predecessor-version":[{"id":26683,"href":"https:\/\/puntdereferencia.org\/es\/wp-json\/wp\/v2\/posts\/24441\/revisions\/26683"}],"wp:featuredmedia":[{"embeddable":true,"href":"https:\/\/puntdereferencia.org\/es\/wp-json\/wp\/v2\/media\/20091"}],"wp:attachment":[{"href":"https:\/\/puntdereferencia.org\/es\/wp-json\/wp\/v2\/media?parent=24441"}],"wp:term":[{"taxonomy":"category","embeddable":true,"href":"https:\/\/puntdereferencia.org\/es\/wp-json\/wp\/v2\/categories?post=24441"},{"taxonomy":"post_tag","embeddable":true,"href":"https:\/\/puntdereferencia.org\/es\/wp-json\/wp\/v2\/tags?post=24441"}],"curies":[{"name":"wp","href":"https:\/\/api.w.org\/{rel}","templated":true}]}}