{"id":24455,"date":"2019-05-28T09:39:52","date_gmt":"2019-05-28T09:39:52","guid":{"rendered":"https:\/\/puntdereferencia.org\/els-reptes-per-lacollida-de-jovent-migrants-sols-al-berenar-a-punt\/"},"modified":"2024-07-31T11:31:09","modified_gmt":"2024-07-31T11:31:09","slug":"els-reptes-per-lacollida-de-jovent-migrants-sols-al-berenar-a-punt","status":"publish","type":"post","link":"https:\/\/puntdereferencia.org\/es\/els-reptes-per-lacollida-de-jovent-migrants-sols-al-berenar-a-punt\/","title":{"rendered":"Los retos para la acogida de j\u00f3venes migrantes solos, en el &#8216;Berenar a Punt&#8217;"},"content":{"rendered":"<p>Ha llegado el d\u00eda del tercer<em> Berenar a Punt<\/em>. Esta vez hablamos sobre adolescentes migrantes no acompa\u00f1ados con Ester Cabanes, directora de la Direcci\u00f3n General de Atenci\u00f3n a la Infancia y la Adolescencia\u00a0(DGAIA),\u00a0Daniel Ibarz (director de la Fundaci\u00f3n Bayt al-Thaqafa y mentor en el proyecto Referentes), S\u00f2nia Pau (periodista y activista social), Eduard Pallej\u00e0 (director de la Fundaci\u00f3n Agbar), Pilar Trenchs (socia de la entidad), Carmen Netzel y\u00a0Isidre Carbonell (miembros de la Junta Directiva), Rita Gran\u00e9 y Laura Terradas, directora y coordinadora de proyectos de Punt de Refer\u00e8ncia, respectivamente.<\/p>\n<p><em>Qu\u00e9 os pasa por la cabeza cuando pens\u00e1is en los j\u00f3venes migrados no acompa\u00f1ados? <\/em>El debate se ha iniciado con una ronda de presentaciones en la cual cada persona ha contestado a esta pregunta. A Eduard le vienen a la cabeza el c\u00famulo de sentimientos que deben de tener estas personas por el hecho de irse de un sitio para llegar a otro de desconocido y tener que hacerlo solos. El resto de personas est\u00e1n de acuerdo:\u00a0<strong>hablamos de un colectivo que sufre la soledad y que, encima, se siente estigmatizado en el pa\u00eds de llegada<\/strong>. S\u00f2nia, conocedora del peso de los medios de comunicaci\u00f3n en la construcci\u00f3n de estigmas, remarca la importancia del uso del lenguaje y explica que las entidades est\u00e1n teniendo un peso en el cambio de los t\u00e9rminos y el discurso p\u00fablico. Sumada a la soledad y al estigma, Daniel observa una<strong> desconfianza\u00a0de estos j\u00f3venes hacia el sistema<\/strong>, aunque entre ellos y ellas percibe mucha fraternidad.<\/p>\n<p>Estas son las caracter\u00edsticas que observamos de manera m\u00e1s f\u00e1cil entre el colectivo, pero entrando en profundidad encontramos unos j\u00f3venes de realidad mucho m\u00e1s compleja y diversa. Isidre apunta que\u00a0dentro del colectivo de adolescentes que han migrado solos hay personas con situaciones muy diversas y personalidades muy diferentes, pero cuando llegan\u00a0aqu\u00ed topan con la burocracia que les pone a todos en un mismo plano y les homogeiniza. Laura explica que el colectivo de adolescentes migrantes no acompa\u00f1ados son j\u00f3venes por encima de todo, pero que\u00a0<strong>el contexto es mucho m\u00e1s exigente para ellas y ellos que para la mayor\u00eda de j\u00f3venes.\u00a0<\/strong>Isidre est\u00e1 de acuerdo y piensa que el hecho de ponerlos todos bajo una sola etiqueta nos hace tener una percepci\u00f3n err\u00f3nea de estas personas. Dice que nos es f\u00e1cil imaginarnos un perfil de joven que no puede contar con la familia en su pa\u00eds de origen y con unas caracter\u00edsticas muy concretas, pero la realidad es que encontramos muchos j\u00f3venes que provienen de un entorno familiar sano, que han recibido estima y soporte familiar en su pa\u00eds de origen, y opina que a menudo la realidad es que a algunos los rompe cuando llegan aqu\u00ed. Ester est\u00e1 de acuerdo. Pero, qu\u00e9 es lo que se puede mejorar una vez llegan para evitar esta situaci\u00f3n?<\/p>\n<p><img loading=\"lazy\" decoding=\"async\" class=\"alignnone wp-image-6551\" src=\"http:\/\/puntdereferencia.org\/wp-content\/uploads\/2024\/07\/DSC_0388-scaled-1.jpg\" alt=\"\" width=\"570\" height=\"381\" \/>\u00a0\u00a0<img loading=\"lazy\" decoding=\"async\" class=\"alignnone wp-image-6554\" src=\"http:\/\/puntdereferencia.org\/wp-content\/uploads\/2024\/07\/aa-scaled-1.jpg\" alt=\"\" width=\"570\" height=\"382\" \/><\/p>\n<h5><em>\u00a0 \u00a0 \u00a0 \u00a0 \u00a0 \u00a0 \u00a0 \u00a0 \u00a0De izquierda a derecha: Ester Cabanes, S\u00f2nia Pau e Isidre Carbonell.\u00a0 \u00a0 \u00a0 \u00a0 \u00a0 \u00a0 \u00a0 \u00a0 \u00a0 \u00a0 \u00a0 \u00a0 \u00a0 \u00a0 \u00a0 \u00a0 \u00a0 \u00a0Daniel Ibarz, Pilar Trenchs, Eduard Pallej\u00e0 y Rita Gran\u00e9.<\/em><\/h5>\n<p>&nbsp;<\/p>\n<p><strong>Proponemos soluciones a los puntos d\u00e9biles de la acogida.\u00a0<\/strong><\/p>\n<p>Eduard y Pilar expresan su\u00a0preocupaci\u00f3n por el futuro. C\u00f3mo podremos atender las llegadas que se prev\u00e9n de una forma planificada? Como podemos afrontar este reto de ciudad y de pa\u00eds sin tener que recorrer a los recursos de emergencia?<\/p>\n<p>Isidre se muestra pesimista porque cree que nos encontramos en<strong>\u00a0un conflicto de tempos.<\/strong> Para poder acompa\u00f1ar un\/a persona joven como m\u00ednimo se necesitar\u00edan 3 a\u00f1os, mientras que la emergencia de la administraci\u00f3n lo hace incompatible.\u00a0El volumen de llegadas previstas continua siendo muy elevado y la administraci\u00f3n somete a las entidades a sostenerlas.<\/p>\n<p>&nbsp;<\/p>\n<p><strong>Qu\u00e9 se les pide a la DGAIA, a las entidades y a la ciudadan\u00eda?<\/strong><\/p>\n<p>Laura comparte una reflexi\u00f3n que le pareci\u00f3 interesante de un proyecto europeo en el cual Punt de Refer\u00e8ncia participa: comenta que otros pa\u00edses est\u00e1n\u00a0repensando la mirada de la atenci\u00f3n a los j\u00f3venes de manera que se les atienda asegurando que se les respectan sus derechos, una mirada que implicar\u00eda darles acceso a muchos m\u00e1s servicios. En este sentido Rita reclamari\u00eda que m\u00e1s all\u00e1 de la vivienda de emergencia, se empiecen a coordinar<strong>\u00a0la educaci\u00f3n y la sanidad, dos de los servicios m\u00e1s importantes deber\u00edan estar preparados para a atender a los j\u00f3venes<\/strong>. Laura explica que los chicos\/as que llegan con 18 a\u00f1os y no han cursado la ESO se han encontrado sin los punto necesarios para acceder a los cursos de post-obligatorio, por tanto no tienen acceso a la formaci\u00f3n normalizada. En este reclamo de una mayor coordinaci\u00f3n de los servicios p\u00fablicos Ester explica que en los \u00faltimos\u00a0 a\u00f1os\u00a0<strong>la DGAIA se ha encontrado por primera vez con directivos\/as de otras consejer\u00edas,\u00a0<\/strong>un hecho que mostrar\u00eda el inter\u00e9s creciente por coordinarse entre todas las \u00e1reas. A\u00fan as\u00ed, dice, queda trabajo que hacer.<\/p>\n<p>Qu\u00e9 cambios m\u00e1s podr\u00edan ayudar en una mejor acogida? Daniel (con la aprobaci\u00f3n del resto de la mesa) propondr\u00eda un <strong>debate para replantear la ley de extranger\u00eda<\/strong>, una ley que pone muchos palos a las ruedas a los j\u00f3venes migrados. Las entidades tambi\u00e9n pedir\u00edan<strong> m\u00e1s recursos<\/strong>\u00a0que les permitan trabajar de una manera responsable con la trayectoria de emancipaci\u00f3n de los j\u00f3venes, tambi\u00e9n pasados los 18 a\u00f1os de edad. Eduard a\u00f1ade al debate que se tendr\u00eda que mejorar de mejorar la implicaci\u00f3n de los municipios. Por su experiencia previa como alcalde de Rub\u00ed explica como los Ayuntamientos les cuesta tirar adelante los planes de acogida de j\u00f3venes (y como ejemplo, lamenta el reciente rechazo contra la apertura del centro de menores en su pueblo). Para cerrar el debate, Carmen recuerda la importancia de tomar responsabilidades como ciudadanos y ciudadanas para acompa\u00f1ar estos j\u00f3venes.<\/p>\n<p>&nbsp;<\/p>\n<p>As\u00ed cerr\u00e1bamos una tarde donde pudimos compartir un debate muy interesante, escuchar nuevas voces y entender diversas opiniones referentes a las chicas y chicos a quienes atendremos. Despu\u00e9s de estas 3 primeras ediciones valoramos muy positivamente los debates que ha permitido el <em>Berenar a Punt<\/em>. El espacio volver\u00e1 el mes de septiembre con nuevas tem\u00e1ticas y personas invitadas. Os mantendremos informados\/as!<\/p>\n","protected":false},"excerpt":{"rendered":"<p>Ha llegado el d\u00eda del tercer Berenar a Punt. Esta vez hablamos sobre adolescentes migrantes no acompa\u00f1ados con Ester Cabanes, directora de la Direcci\u00f3n General de Atenci\u00f3n a la Infancia y la Adolescencia\u00a0(DGAIA),\u00a0Daniel Ibarz (director de la Fundaci\u00f3n Bayt al-Thaqafa y mentor en el proyecto Referentes), S\u00f2nia Pau (periodista y activista social), Eduard Pallej\u00e0 (director [&hellip;]<\/p>\n","protected":false},"author":1,"featured_media":20371,"comment_status":"open","ping_status":"open","sticky":false,"template":"","format":"standard","meta":{"footnotes":""},"categories":[913],"tags":[180,146,223,25,224],"class_list":["post-24455","post","type-post","status-publish","format-standard","has-post-thumbnail","hentry","category-noticias-es","tag-berenar","tag-debat","tag-dgaia","tag-joves","tag-migrants"],"yoast_head":"<!-- This site is optimized with the Yoast SEO plugin v27.1.1 - https:\/\/yoast.com\/product\/yoast-seo-wordpress\/ -->\n<title>Los retos para la acogida de j\u00f3venes migrantes solos, en el &#039;Berenar a Punt&#039; - Punt de Referencia<\/title>\n<meta name=\"robots\" content=\"index, follow, max-snippet:-1, max-image-preview:large, max-video-preview:-1\" \/>\n<link rel=\"canonical\" href=\"https:\/\/puntdereferencia.org\/es\/els-reptes-per-lacollida-de-jovent-migrants-sols-al-berenar-a-punt\/\" \/>\n<meta property=\"og:locale\" content=\"es_ES\" \/>\n<meta property=\"og:type\" content=\"article\" \/>\n<meta property=\"og:title\" content=\"Los retos para la acogida de j\u00f3venes migrantes solos, en el &#039;Berenar a Punt&#039; - Punt de Referencia\" \/>\n<meta property=\"og:description\" content=\"Ha llegado el d\u00eda del tercer Berenar a Punt. Esta vez hablamos sobre adolescentes migrantes no acompa\u00f1ados con Ester Cabanes, directora de la Direcci\u00f3n General de Atenci\u00f3n a la Infancia y la Adolescencia\u00a0(DGAIA),\u00a0Daniel Ibarz (director de la Fundaci\u00f3n Bayt al-Thaqafa y mentor en el proyecto Referentes), S\u00f2nia Pau (periodista y activista social), Eduard Pallej\u00e0 (director [&hellip;]\" \/>\n<meta property=\"og:url\" content=\"https:\/\/puntdereferencia.org\/es\/els-reptes-per-lacollida-de-jovent-migrants-sols-al-berenar-a-punt\/\" \/>\n<meta property=\"og:site_name\" content=\"Punt de Referencia\" \/>\n<meta property=\"article:published_time\" content=\"2019-05-28T09:39:52+00:00\" \/>\n<meta property=\"article:modified_time\" content=\"2024-07-31T11:31:09+00:00\" \/>\n<meta property=\"og:image\" content=\"https:\/\/puntdereferencia.org\/wp-content\/uploads\/2024\/07\/1-scaled-1.jpg\" \/>\n\t<meta property=\"og:image:width\" content=\"2560\" \/>\n\t<meta property=\"og:image:height\" content=\"1527\" \/>\n\t<meta property=\"og:image:type\" content=\"image\/jpeg\" \/>\n<meta name=\"author\" content=\"admin\" \/>\n<meta name=\"twitter:card\" content=\"summary_large_image\" \/>\n<meta name=\"twitter:label1\" content=\"Escrito por\" \/>\n\t<meta name=\"twitter:data1\" content=\"admin\" \/>\n\t<meta name=\"twitter:label2\" content=\"Tiempo de lectura\" \/>\n\t<meta name=\"twitter:data2\" content=\"5 minutos\" \/>\n<script type=\"application\/ld+json\" class=\"yoast-schema-graph\">{\"@context\":\"https:\/\/schema.org\",\"@graph\":[{\"@type\":\"Article\",\"@id\":\"https:\/\/puntdereferencia.org\/es\/els-reptes-per-lacollida-de-jovent-migrants-sols-al-berenar-a-punt\/#article\",\"isPartOf\":{\"@id\":\"https:\/\/puntdereferencia.org\/es\/els-reptes-per-lacollida-de-jovent-migrants-sols-al-berenar-a-punt\/\"},\"author\":{\"name\":\"admin\",\"@id\":\"https:\/\/puntdereferencia.org\/es\/#\/schema\/person\/c475209bcc857303ec6ed0259d3cf078\"},\"headline\":\"Los retos para la acogida de j\u00f3venes migrantes solos, en el &#8216;Berenar a Punt&#8217;\",\"datePublished\":\"2019-05-28T09:39:52+00:00\",\"dateModified\":\"2024-07-31T11:31:09+00:00\",\"mainEntityOfPage\":{\"@id\":\"https:\/\/puntdereferencia.org\/es\/els-reptes-per-lacollida-de-jovent-migrants-sols-al-berenar-a-punt\/\"},\"wordCount\":1110,\"commentCount\":682,\"image\":{\"@id\":\"https:\/\/puntdereferencia.org\/es\/els-reptes-per-lacollida-de-jovent-migrants-sols-al-berenar-a-punt\/#primaryimage\"},\"thumbnailUrl\":\"https:\/\/puntdereferencia.org\/wp-content\/uploads\/2024\/07\/1-scaled-1.jpg\",\"keywords\":[\"berenar\",\"debat\",\"DGAIA\",\"joves\",\"migrants\"],\"articleSection\":[\"NOTICIAS\"],\"inLanguage\":\"es\",\"potentialAction\":[{\"@type\":\"CommentAction\",\"name\":\"Comment\",\"target\":[\"https:\/\/puntdereferencia.org\/es\/els-reptes-per-lacollida-de-jovent-migrants-sols-al-berenar-a-punt\/#respond\"]}]},{\"@type\":\"WebPage\",\"@id\":\"https:\/\/puntdereferencia.org\/es\/els-reptes-per-lacollida-de-jovent-migrants-sols-al-berenar-a-punt\/\",\"url\":\"https:\/\/puntdereferencia.org\/es\/els-reptes-per-lacollida-de-jovent-migrants-sols-al-berenar-a-punt\/\",\"name\":\"Los retos para la acogida de j\u00f3venes migrantes solos, en el 'Berenar a Punt' - Punt de Referencia\",\"isPartOf\":{\"@id\":\"https:\/\/puntdereferencia.org\/es\/#website\"},\"primaryImageOfPage\":{\"@id\":\"https:\/\/puntdereferencia.org\/es\/els-reptes-per-lacollida-de-jovent-migrants-sols-al-berenar-a-punt\/#primaryimage\"},\"image\":{\"@id\":\"https:\/\/puntdereferencia.org\/es\/els-reptes-per-lacollida-de-jovent-migrants-sols-al-berenar-a-punt\/#primaryimage\"},\"thumbnailUrl\":\"https:\/\/puntdereferencia.org\/wp-content\/uploads\/2024\/07\/1-scaled-1.jpg\",\"datePublished\":\"2019-05-28T09:39:52+00:00\",\"dateModified\":\"2024-07-31T11:31:09+00:00\",\"author\":{\"@id\":\"https:\/\/puntdereferencia.org\/es\/#\/schema\/person\/c475209bcc857303ec6ed0259d3cf078\"},\"breadcrumb\":{\"@id\":\"https:\/\/puntdereferencia.org\/es\/els-reptes-per-lacollida-de-jovent-migrants-sols-al-berenar-a-punt\/#breadcrumb\"},\"inLanguage\":\"es\",\"potentialAction\":[{\"@type\":\"ReadAction\",\"target\":[\"https:\/\/puntdereferencia.org\/es\/els-reptes-per-lacollida-de-jovent-migrants-sols-al-berenar-a-punt\/\"]}]},{\"@type\":\"ImageObject\",\"inLanguage\":\"es\",\"@id\":\"https:\/\/puntdereferencia.org\/es\/els-reptes-per-lacollida-de-jovent-migrants-sols-al-berenar-a-punt\/#primaryimage\",\"url\":\"https:\/\/puntdereferencia.org\/wp-content\/uploads\/2024\/07\/1-scaled-1.jpg\",\"contentUrl\":\"https:\/\/puntdereferencia.org\/wp-content\/uploads\/2024\/07\/1-scaled-1.jpg\",\"width\":2560,\"height\":1527},{\"@type\":\"BreadcrumbList\",\"@id\":\"https:\/\/puntdereferencia.org\/es\/els-reptes-per-lacollida-de-jovent-migrants-sols-al-berenar-a-punt\/#breadcrumb\",\"itemListElement\":[{\"@type\":\"ListItem\",\"position\":1,\"name\":\"Inici\",\"item\":\"https:\/\/puntdereferencia.org\/es\/inicio\/\"},{\"@type\":\"ListItem\",\"position\":2,\"name\":\"Los retos para la acogida de j\u00f3venes migrantes solos, en el &#8216;Berenar a Punt&#8217;\"}]},{\"@type\":\"WebSite\",\"@id\":\"https:\/\/puntdereferencia.org\/es\/#website\",\"url\":\"https:\/\/puntdereferencia.org\/es\/\",\"name\":\"Punt de Referencia\",\"description\":\"\",\"potentialAction\":[{\"@type\":\"SearchAction\",\"target\":{\"@type\":\"EntryPoint\",\"urlTemplate\":\"https:\/\/puntdereferencia.org\/es\/?s={search_term_string}\"},\"query-input\":{\"@type\":\"PropertyValueSpecification\",\"valueRequired\":true,\"valueName\":\"search_term_string\"}}],\"inLanguage\":\"es\"},{\"@type\":\"Person\",\"@id\":\"https:\/\/puntdereferencia.org\/es\/#\/schema\/person\/c475209bcc857303ec6ed0259d3cf078\",\"name\":\"admin\",\"image\":{\"@type\":\"ImageObject\",\"inLanguage\":\"es\",\"@id\":\"https:\/\/puntdereferencia.org\/es\/#\/schema\/person\/image\/\",\"url\":\"https:\/\/secure.gravatar.com\/avatar\/ff306d55f6aedb51a29e838506fafaa76a30bce9f5db9aca2e28921b903aaad2?s=96&d=mm&r=g\",\"contentUrl\":\"https:\/\/secure.gravatar.com\/avatar\/ff306d55f6aedb51a29e838506fafaa76a30bce9f5db9aca2e28921b903aaad2?s=96&d=mm&r=g\",\"caption\":\"admin\"},\"sameAs\":[\"http:\/\/\/home\/puntref\/webapps\/web2024\"],\"url\":\"https:\/\/puntdereferencia.org\/es\/author\/admin\/\"}]}<\/script>\n<!-- \/ Yoast SEO plugin. -->","yoast_head_json":{"title":"Los retos para la acogida de j\u00f3venes migrantes solos, en el 'Berenar a Punt' - Punt de Referencia","robots":{"index":"index","follow":"follow","max-snippet":"max-snippet:-1","max-image-preview":"max-image-preview:large","max-video-preview":"max-video-preview:-1"},"canonical":"https:\/\/puntdereferencia.org\/es\/els-reptes-per-lacollida-de-jovent-migrants-sols-al-berenar-a-punt\/","og_locale":"es_ES","og_type":"article","og_title":"Los retos para la acogida de j\u00f3venes migrantes solos, en el 'Berenar a Punt' - Punt de Referencia","og_description":"Ha llegado el d\u00eda del tercer Berenar a Punt. Esta vez hablamos sobre adolescentes migrantes no acompa\u00f1ados con Ester Cabanes, directora de la Direcci\u00f3n General de Atenci\u00f3n a la Infancia y la Adolescencia\u00a0(DGAIA),\u00a0Daniel Ibarz (director de la Fundaci\u00f3n Bayt al-Thaqafa y mentor en el proyecto Referentes), S\u00f2nia Pau (periodista y activista social), Eduard Pallej\u00e0 (director [&hellip;]","og_url":"https:\/\/puntdereferencia.org\/es\/els-reptes-per-lacollida-de-jovent-migrants-sols-al-berenar-a-punt\/","og_site_name":"Punt de Referencia","article_published_time":"2019-05-28T09:39:52+00:00","article_modified_time":"2024-07-31T11:31:09+00:00","og_image":[{"width":2560,"height":1527,"url":"https:\/\/puntdereferencia.org\/wp-content\/uploads\/2024\/07\/1-scaled-1.jpg","type":"image\/jpeg"}],"author":"admin","twitter_card":"summary_large_image","twitter_misc":{"Escrito por":"admin","Tiempo de lectura":"5 minutos"},"schema":{"@context":"https:\/\/schema.org","@graph":[{"@type":"Article","@id":"https:\/\/puntdereferencia.org\/es\/els-reptes-per-lacollida-de-jovent-migrants-sols-al-berenar-a-punt\/#article","isPartOf":{"@id":"https:\/\/puntdereferencia.org\/es\/els-reptes-per-lacollida-de-jovent-migrants-sols-al-berenar-a-punt\/"},"author":{"name":"admin","@id":"https:\/\/puntdereferencia.org\/es\/#\/schema\/person\/c475209bcc857303ec6ed0259d3cf078"},"headline":"Los retos para la acogida de j\u00f3venes migrantes solos, en el &#8216;Berenar a Punt&#8217;","datePublished":"2019-05-28T09:39:52+00:00","dateModified":"2024-07-31T11:31:09+00:00","mainEntityOfPage":{"@id":"https:\/\/puntdereferencia.org\/es\/els-reptes-per-lacollida-de-jovent-migrants-sols-al-berenar-a-punt\/"},"wordCount":1110,"commentCount":682,"image":{"@id":"https:\/\/puntdereferencia.org\/es\/els-reptes-per-lacollida-de-jovent-migrants-sols-al-berenar-a-punt\/#primaryimage"},"thumbnailUrl":"https:\/\/puntdereferencia.org\/wp-content\/uploads\/2024\/07\/1-scaled-1.jpg","keywords":["berenar","debat","DGAIA","joves","migrants"],"articleSection":["NOTICIAS"],"inLanguage":"es","potentialAction":[{"@type":"CommentAction","name":"Comment","target":["https:\/\/puntdereferencia.org\/es\/els-reptes-per-lacollida-de-jovent-migrants-sols-al-berenar-a-punt\/#respond"]}]},{"@type":"WebPage","@id":"https:\/\/puntdereferencia.org\/es\/els-reptes-per-lacollida-de-jovent-migrants-sols-al-berenar-a-punt\/","url":"https:\/\/puntdereferencia.org\/es\/els-reptes-per-lacollida-de-jovent-migrants-sols-al-berenar-a-punt\/","name":"Los retos para la acogida de j\u00f3venes migrantes solos, en el 'Berenar a Punt' - Punt de Referencia","isPartOf":{"@id":"https:\/\/puntdereferencia.org\/es\/#website"},"primaryImageOfPage":{"@id":"https:\/\/puntdereferencia.org\/es\/els-reptes-per-lacollida-de-jovent-migrants-sols-al-berenar-a-punt\/#primaryimage"},"image":{"@id":"https:\/\/puntdereferencia.org\/es\/els-reptes-per-lacollida-de-jovent-migrants-sols-al-berenar-a-punt\/#primaryimage"},"thumbnailUrl":"https:\/\/puntdereferencia.org\/wp-content\/uploads\/2024\/07\/1-scaled-1.jpg","datePublished":"2019-05-28T09:39:52+00:00","dateModified":"2024-07-31T11:31:09+00:00","author":{"@id":"https:\/\/puntdereferencia.org\/es\/#\/schema\/person\/c475209bcc857303ec6ed0259d3cf078"},"breadcrumb":{"@id":"https:\/\/puntdereferencia.org\/es\/els-reptes-per-lacollida-de-jovent-migrants-sols-al-berenar-a-punt\/#breadcrumb"},"inLanguage":"es","potentialAction":[{"@type":"ReadAction","target":["https:\/\/puntdereferencia.org\/es\/els-reptes-per-lacollida-de-jovent-migrants-sols-al-berenar-a-punt\/"]}]},{"@type":"ImageObject","inLanguage":"es","@id":"https:\/\/puntdereferencia.org\/es\/els-reptes-per-lacollida-de-jovent-migrants-sols-al-berenar-a-punt\/#primaryimage","url":"https:\/\/puntdereferencia.org\/wp-content\/uploads\/2024\/07\/1-scaled-1.jpg","contentUrl":"https:\/\/puntdereferencia.org\/wp-content\/uploads\/2024\/07\/1-scaled-1.jpg","width":2560,"height":1527},{"@type":"BreadcrumbList","@id":"https:\/\/puntdereferencia.org\/es\/els-reptes-per-lacollida-de-jovent-migrants-sols-al-berenar-a-punt\/#breadcrumb","itemListElement":[{"@type":"ListItem","position":1,"name":"Inici","item":"https:\/\/puntdereferencia.org\/es\/inicio\/"},{"@type":"ListItem","position":2,"name":"Los retos para la acogida de j\u00f3venes migrantes solos, en el &#8216;Berenar a Punt&#8217;"}]},{"@type":"WebSite","@id":"https:\/\/puntdereferencia.org\/es\/#website","url":"https:\/\/puntdereferencia.org\/es\/","name":"Punt de Referencia","description":"","potentialAction":[{"@type":"SearchAction","target":{"@type":"EntryPoint","urlTemplate":"https:\/\/puntdereferencia.org\/es\/?s={search_term_string}"},"query-input":{"@type":"PropertyValueSpecification","valueRequired":true,"valueName":"search_term_string"}}],"inLanguage":"es"},{"@type":"Person","@id":"https:\/\/puntdereferencia.org\/es\/#\/schema\/person\/c475209bcc857303ec6ed0259d3cf078","name":"admin","image":{"@type":"ImageObject","inLanguage":"es","@id":"https:\/\/puntdereferencia.org\/es\/#\/schema\/person\/image\/","url":"https:\/\/secure.gravatar.com\/avatar\/ff306d55f6aedb51a29e838506fafaa76a30bce9f5db9aca2e28921b903aaad2?s=96&d=mm&r=g","contentUrl":"https:\/\/secure.gravatar.com\/avatar\/ff306d55f6aedb51a29e838506fafaa76a30bce9f5db9aca2e28921b903aaad2?s=96&d=mm&r=g","caption":"admin"},"sameAs":["http:\/\/\/home\/puntref\/webapps\/web2024"],"url":"https:\/\/puntdereferencia.org\/es\/author\/admin\/"}]}},"_links":{"self":[{"href":"https:\/\/puntdereferencia.org\/es\/wp-json\/wp\/v2\/posts\/24455","targetHints":{"allow":["GET"]}}],"collection":[{"href":"https:\/\/puntdereferencia.org\/es\/wp-json\/wp\/v2\/posts"}],"about":[{"href":"https:\/\/puntdereferencia.org\/es\/wp-json\/wp\/v2\/types\/post"}],"author":[{"embeddable":true,"href":"https:\/\/puntdereferencia.org\/es\/wp-json\/wp\/v2\/users\/1"}],"replies":[{"embeddable":true,"href":"https:\/\/puntdereferencia.org\/es\/wp-json\/wp\/v2\/comments?post=24455"}],"version-history":[{"count":3,"href":"https:\/\/puntdereferencia.org\/es\/wp-json\/wp\/v2\/posts\/24455\/revisions"}],"predecessor-version":[{"id":25887,"href":"https:\/\/puntdereferencia.org\/es\/wp-json\/wp\/v2\/posts\/24455\/revisions\/25887"}],"wp:featuredmedia":[{"embeddable":true,"href":"https:\/\/puntdereferencia.org\/es\/wp-json\/wp\/v2\/media\/20371"}],"wp:attachment":[{"href":"https:\/\/puntdereferencia.org\/es\/wp-json\/wp\/v2\/media?parent=24455"}],"wp:term":[{"taxonomy":"category","embeddable":true,"href":"https:\/\/puntdereferencia.org\/es\/wp-json\/wp\/v2\/categories?post=24455"},{"taxonomy":"post_tag","embeddable":true,"href":"https:\/\/puntdereferencia.org\/es\/wp-json\/wp\/v2\/tags?post=24455"}],"curies":[{"name":"wp","href":"https:\/\/api.w.org\/{rel}","templated":true}]}}