{"id":24490,"date":"2019-11-26T13:01:10","date_gmt":"2019-11-26T13:01:10","guid":{"rendered":"https:\/\/puntdereferencia.org\/acull-i-referents-compten-amb-noves-institucions-collaboradores\/"},"modified":"2024-07-31T06:57:17","modified_gmt":"2024-07-31T06:57:17","slug":"acull-i-referents-compten-amb-noves-institucions-collaboradores","status":"publish","type":"post","link":"https:\/\/puntdereferencia.org\/es\/acull-i-referents-compten-amb-noves-institucions-collaboradores\/","title":{"rendered":"Acoge y Referentes cuentan con nuevas instituciones colaboradoras"},"content":{"rendered":"<p>\u201c<em>El Patronato de la <strong><a href=\"https:\/\/www.fundaciocmjgodo.cat\/projecte\/punt-de-referencia\/\" target=\"_blank\" rel=\"noopener\">Fundaci\u00f3n Carmen y Mar\u00eda Jos\u00e9 God\u00f3<\/a><\/strong> ha decidido apoyar econ\u00f3micamente al proyecto que nos hab\u00e9is presentado, en la cantidad de 8.000\u20ac<strong>\u201d. <\/strong><\/em>Fue\u00a0una gran alegr\u00eda recibir este correo por parte de esta Fundaci\u00f3n colaboradora que apuesta por ayudar al\u00a0<a href=\"http:\/\/www.puntdereferencia.org\/project\/acull\/\" target=\"_blank\" rel=\"noopener\">proyecto Acoge<\/a>.<br \/>\nSu generosa aportaci\u00f3n permitir\u00e1 que 4 j\u00f3venes sin ingresos puedan ser acogidos en familias durante 9 meses.<\/p>\n<p>El espacio de acogida temporal de Acoge se ofrece a j\u00f3venes migrantes que han sido tutelados y les propone convivir a la vivienda de personas del territorio que ofrecen un entorno familiar. Este tiempo de acogida facilitar\u00e1 el aprendizaje de la emancipaci\u00f3n en la cotidianidad, les mostrar\u00e1 un modelo de convivencia en una vivienda, la mejora de les competencias ling\u00fc\u00edsticas y la creaci\u00f3n de un v\u00ednculo estable entre el o la joven y sus acogedores a fin de que puedan actuar de referentes adultos m\u00e1s ell\u00e1 del per\u00edodo de acogida. Toda la relaci\u00f3n entre joven y acogedores es supervisada por una persona profesional de la entidad.<\/p>\n<p>&nbsp;<\/p>\n<p>El proyecto Referentes tambi\u00e9n suma complicidades y es que el\u00a0<strong><a href=\"http:\/\/dones.gencat.cat\/ca\/inici\">Institut Catal\u00e0 de les Dones<\/a><\/strong>\u00a0de la Generalitat de Catalunya, apoya de manera especial, el proyecto\u00a0\u00a0<strong>Referentes_Mujer\u00a0<\/strong>para este a\u00f1o 2019, teniendo en cuenta que desde los v\u00ednculos de mentor\u00eda hacemos una apuesta para el acompa\u00f1amiento de 5 mujeres referentes a 5 chicas j\u00f3venes. Las voluntarias se han convertido en referentes positivas para la emancipaci\u00f3n de las j\u00f3venes extuteladas.<\/p>\n<p>&nbsp;<\/p>\n<p>A las dos instituciones les agradecemos mucho que hayan sumado su aportaci\u00f3n a los proyectos de Punt de Refer\u00e8ncia.<\/p>\n","protected":false},"excerpt":{"rendered":"<p>\u201cEl Patronato de la Fundaci\u00f3n Carmen y Mar\u00eda Jos\u00e9 God\u00f3 ha decidido apoyar econ\u00f3micamente al proyecto que nos hab\u00e9is presentado, en la cantidad de 8.000\u20ac\u201d. Fue\u00a0una gran alegr\u00eda recibir este correo por parte de esta Fundaci\u00f3n colaboradora que apuesta por ayudar al\u00a0proyecto Acoge. Su generosa aportaci\u00f3n permitir\u00e1 que 4 j\u00f3venes sin ingresos puedan ser acogidos [&hellip;]<\/p>\n","protected":false},"author":1,"featured_media":21118,"comment_status":"open","ping_status":"open","sticky":false,"template":"","format":"standard","meta":{"footnotes":""},"categories":[913],"tags":[215,302,171,111],"class_list":["post-24490","post","type-post","status-publish","format-standard","has-post-thumbnail","hentry","category-noticias-es","tag-acull","tag-collaboracions","tag-dones","tag-referents"],"yoast_head":"<!-- This site is optimized with the Yoast SEO plugin v27.1.1 - https:\/\/yoast.com\/product\/yoast-seo-wordpress\/ -->\n<title>Acoge y Referentes cuentan con nuevas instituciones colaboradoras - Punt de Referencia<\/title>\n<meta name=\"robots\" content=\"index, follow, max-snippet:-1, max-image-preview:large, max-video-preview:-1\" \/>\n<link rel=\"canonical\" href=\"https:\/\/puntdereferencia.org\/es\/acull-i-referents-compten-amb-noves-institucions-collaboradores\/\" \/>\n<meta property=\"og:locale\" content=\"es_ES\" \/>\n<meta property=\"og:type\" content=\"article\" \/>\n<meta property=\"og:title\" content=\"Acoge y Referentes cuentan con nuevas instituciones colaboradoras - Punt de Referencia\" \/>\n<meta property=\"og:description\" content=\"\u201cEl Patronato de la Fundaci\u00f3n Carmen y Mar\u00eda Jos\u00e9 God\u00f3 ha decidido apoyar econ\u00f3micamente al proyecto que nos hab\u00e9is presentado, en la cantidad de 8.000\u20ac\u201d. Fue\u00a0una gran alegr\u00eda recibir este correo por parte de esta Fundaci\u00f3n colaboradora que apuesta por ayudar al\u00a0proyecto Acoge. Su generosa aportaci\u00f3n permitir\u00e1 que 4 j\u00f3venes sin ingresos puedan ser acogidos [&hellip;]\" \/>\n<meta property=\"og:url\" content=\"https:\/\/puntdereferencia.org\/es\/acull-i-referents-compten-amb-noves-institucions-collaboradores\/\" \/>\n<meta property=\"og:site_name\" content=\"Punt de Referencia\" \/>\n<meta property=\"article:published_time\" content=\"2019-11-26T13:01:10+00:00\" \/>\n<meta property=\"article:modified_time\" content=\"2024-07-31T06:57:17+00:00\" \/>\n<meta property=\"og:image\" content=\"https:\/\/puntdereferencia.org\/wp-content\/uploads\/2024\/07\/de-recurs-scaled-1.jpg\" \/>\n\t<meta property=\"og:image:width\" content=\"2560\" \/>\n\t<meta property=\"og:image:height\" content=\"1443\" \/>\n\t<meta property=\"og:image:type\" content=\"image\/jpeg\" \/>\n<meta name=\"author\" content=\"admin\" \/>\n<meta name=\"twitter:card\" content=\"summary_large_image\" \/>\n<meta name=\"twitter:label1\" content=\"Escrito por\" \/>\n\t<meta name=\"twitter:data1\" content=\"admin\" \/>\n\t<meta name=\"twitter:label2\" content=\"Tiempo de lectura\" \/>\n\t<meta name=\"twitter:data2\" content=\"2 minutos\" \/>\n<script type=\"application\/ld+json\" class=\"yoast-schema-graph\">{\"@context\":\"https:\/\/schema.org\",\"@graph\":[{\"@type\":\"Article\",\"@id\":\"https:\/\/puntdereferencia.org\/es\/acull-i-referents-compten-amb-noves-institucions-collaboradores\/#article\",\"isPartOf\":{\"@id\":\"https:\/\/puntdereferencia.org\/es\/acull-i-referents-compten-amb-noves-institucions-collaboradores\/\"},\"author\":{\"name\":\"admin\",\"@id\":\"https:\/\/puntdereferencia.org\/es\/#\/schema\/person\/c475209bcc857303ec6ed0259d3cf078\"},\"headline\":\"Acoge y Referentes cuentan con nuevas instituciones colaboradoras\",\"datePublished\":\"2019-11-26T13:01:10+00:00\",\"dateModified\":\"2024-07-31T06:57:17+00:00\",\"mainEntityOfPage\":{\"@id\":\"https:\/\/puntdereferencia.org\/es\/acull-i-referents-compten-amb-noves-institucions-collaboradores\/\"},\"wordCount\":287,\"commentCount\":0,\"image\":{\"@id\":\"https:\/\/puntdereferencia.org\/es\/acull-i-referents-compten-amb-noves-institucions-collaboradores\/#primaryimage\"},\"thumbnailUrl\":\"https:\/\/puntdereferencia.org\/wp-content\/uploads\/2024\/07\/de-recurs-scaled-1.jpg\",\"keywords\":[\"acull\",\"col\u00b7laboracions\",\"dones\",\"referents\"],\"articleSection\":[\"NOTICIAS\"],\"inLanguage\":\"es\",\"potentialAction\":[{\"@type\":\"CommentAction\",\"name\":\"Comment\",\"target\":[\"https:\/\/puntdereferencia.org\/es\/acull-i-referents-compten-amb-noves-institucions-collaboradores\/#respond\"]}]},{\"@type\":\"WebPage\",\"@id\":\"https:\/\/puntdereferencia.org\/es\/acull-i-referents-compten-amb-noves-institucions-collaboradores\/\",\"url\":\"https:\/\/puntdereferencia.org\/es\/acull-i-referents-compten-amb-noves-institucions-collaboradores\/\",\"name\":\"Acoge y Referentes cuentan con nuevas instituciones colaboradoras - Punt de Referencia\",\"isPartOf\":{\"@id\":\"https:\/\/puntdereferencia.org\/es\/#website\"},\"primaryImageOfPage\":{\"@id\":\"https:\/\/puntdereferencia.org\/es\/acull-i-referents-compten-amb-noves-institucions-collaboradores\/#primaryimage\"},\"image\":{\"@id\":\"https:\/\/puntdereferencia.org\/es\/acull-i-referents-compten-amb-noves-institucions-collaboradores\/#primaryimage\"},\"thumbnailUrl\":\"https:\/\/puntdereferencia.org\/wp-content\/uploads\/2024\/07\/de-recurs-scaled-1.jpg\",\"datePublished\":\"2019-11-26T13:01:10+00:00\",\"dateModified\":\"2024-07-31T06:57:17+00:00\",\"author\":{\"@id\":\"https:\/\/puntdereferencia.org\/es\/#\/schema\/person\/c475209bcc857303ec6ed0259d3cf078\"},\"breadcrumb\":{\"@id\":\"https:\/\/puntdereferencia.org\/es\/acull-i-referents-compten-amb-noves-institucions-collaboradores\/#breadcrumb\"},\"inLanguage\":\"es\",\"potentialAction\":[{\"@type\":\"ReadAction\",\"target\":[\"https:\/\/puntdereferencia.org\/es\/acull-i-referents-compten-amb-noves-institucions-collaboradores\/\"]}]},{\"@type\":\"ImageObject\",\"inLanguage\":\"es\",\"@id\":\"https:\/\/puntdereferencia.org\/es\/acull-i-referents-compten-amb-noves-institucions-collaboradores\/#primaryimage\",\"url\":\"https:\/\/puntdereferencia.org\/wp-content\/uploads\/2024\/07\/de-recurs-scaled-1.jpg\",\"contentUrl\":\"https:\/\/puntdereferencia.org\/wp-content\/uploads\/2024\/07\/de-recurs-scaled-1.jpg\",\"width\":2560,\"height\":1443},{\"@type\":\"BreadcrumbList\",\"@id\":\"https:\/\/puntdereferencia.org\/es\/acull-i-referents-compten-amb-noves-institucions-collaboradores\/#breadcrumb\",\"itemListElement\":[{\"@type\":\"ListItem\",\"position\":1,\"name\":\"Inici\",\"item\":\"https:\/\/puntdereferencia.org\/es\/inicio\/\"},{\"@type\":\"ListItem\",\"position\":2,\"name\":\"Acoge y Referentes cuentan con nuevas instituciones colaboradoras\"}]},{\"@type\":\"WebSite\",\"@id\":\"https:\/\/puntdereferencia.org\/es\/#website\",\"url\":\"https:\/\/puntdereferencia.org\/es\/\",\"name\":\"Punt de Referencia\",\"description\":\"\",\"potentialAction\":[{\"@type\":\"SearchAction\",\"target\":{\"@type\":\"EntryPoint\",\"urlTemplate\":\"https:\/\/puntdereferencia.org\/es\/?s={search_term_string}\"},\"query-input\":{\"@type\":\"PropertyValueSpecification\",\"valueRequired\":true,\"valueName\":\"search_term_string\"}}],\"inLanguage\":\"es\"},{\"@type\":\"Person\",\"@id\":\"https:\/\/puntdereferencia.org\/es\/#\/schema\/person\/c475209bcc857303ec6ed0259d3cf078\",\"name\":\"admin\",\"image\":{\"@type\":\"ImageObject\",\"inLanguage\":\"es\",\"@id\":\"https:\/\/puntdereferencia.org\/es\/#\/schema\/person\/image\/\",\"url\":\"https:\/\/secure.gravatar.com\/avatar\/ff306d55f6aedb51a29e838506fafaa76a30bce9f5db9aca2e28921b903aaad2?s=96&d=mm&r=g\",\"contentUrl\":\"https:\/\/secure.gravatar.com\/avatar\/ff306d55f6aedb51a29e838506fafaa76a30bce9f5db9aca2e28921b903aaad2?s=96&d=mm&r=g\",\"caption\":\"admin\"},\"sameAs\":[\"http:\/\/\/home\/puntref\/webapps\/web2024\"],\"url\":\"https:\/\/puntdereferencia.org\/es\/author\/admin\/\"}]}<\/script>\n<!-- \/ Yoast SEO plugin. -->","yoast_head_json":{"title":"Acoge y Referentes cuentan con nuevas instituciones colaboradoras - Punt de Referencia","robots":{"index":"index","follow":"follow","max-snippet":"max-snippet:-1","max-image-preview":"max-image-preview:large","max-video-preview":"max-video-preview:-1"},"canonical":"https:\/\/puntdereferencia.org\/es\/acull-i-referents-compten-amb-noves-institucions-collaboradores\/","og_locale":"es_ES","og_type":"article","og_title":"Acoge y Referentes cuentan con nuevas instituciones colaboradoras - Punt de Referencia","og_description":"\u201cEl Patronato de la Fundaci\u00f3n Carmen y Mar\u00eda Jos\u00e9 God\u00f3 ha decidido apoyar econ\u00f3micamente al proyecto que nos hab\u00e9is presentado, en la cantidad de 8.000\u20ac\u201d. Fue\u00a0una gran alegr\u00eda recibir este correo por parte de esta Fundaci\u00f3n colaboradora que apuesta por ayudar al\u00a0proyecto Acoge. Su generosa aportaci\u00f3n permitir\u00e1 que 4 j\u00f3venes sin ingresos puedan ser acogidos [&hellip;]","og_url":"https:\/\/puntdereferencia.org\/es\/acull-i-referents-compten-amb-noves-institucions-collaboradores\/","og_site_name":"Punt de Referencia","article_published_time":"2019-11-26T13:01:10+00:00","article_modified_time":"2024-07-31T06:57:17+00:00","og_image":[{"width":2560,"height":1443,"url":"https:\/\/puntdereferencia.org\/wp-content\/uploads\/2024\/07\/de-recurs-scaled-1.jpg","type":"image\/jpeg"}],"author":"admin","twitter_card":"summary_large_image","twitter_misc":{"Escrito por":"admin","Tiempo de lectura":"2 minutos"},"schema":{"@context":"https:\/\/schema.org","@graph":[{"@type":"Article","@id":"https:\/\/puntdereferencia.org\/es\/acull-i-referents-compten-amb-noves-institucions-collaboradores\/#article","isPartOf":{"@id":"https:\/\/puntdereferencia.org\/es\/acull-i-referents-compten-amb-noves-institucions-collaboradores\/"},"author":{"name":"admin","@id":"https:\/\/puntdereferencia.org\/es\/#\/schema\/person\/c475209bcc857303ec6ed0259d3cf078"},"headline":"Acoge y Referentes cuentan con nuevas instituciones colaboradoras","datePublished":"2019-11-26T13:01:10+00:00","dateModified":"2024-07-31T06:57:17+00:00","mainEntityOfPage":{"@id":"https:\/\/puntdereferencia.org\/es\/acull-i-referents-compten-amb-noves-institucions-collaboradores\/"},"wordCount":287,"commentCount":0,"image":{"@id":"https:\/\/puntdereferencia.org\/es\/acull-i-referents-compten-amb-noves-institucions-collaboradores\/#primaryimage"},"thumbnailUrl":"https:\/\/puntdereferencia.org\/wp-content\/uploads\/2024\/07\/de-recurs-scaled-1.jpg","keywords":["acull","col\u00b7laboracions","dones","referents"],"articleSection":["NOTICIAS"],"inLanguage":"es","potentialAction":[{"@type":"CommentAction","name":"Comment","target":["https:\/\/puntdereferencia.org\/es\/acull-i-referents-compten-amb-noves-institucions-collaboradores\/#respond"]}]},{"@type":"WebPage","@id":"https:\/\/puntdereferencia.org\/es\/acull-i-referents-compten-amb-noves-institucions-collaboradores\/","url":"https:\/\/puntdereferencia.org\/es\/acull-i-referents-compten-amb-noves-institucions-collaboradores\/","name":"Acoge y Referentes cuentan con nuevas instituciones colaboradoras - Punt de Referencia","isPartOf":{"@id":"https:\/\/puntdereferencia.org\/es\/#website"},"primaryImageOfPage":{"@id":"https:\/\/puntdereferencia.org\/es\/acull-i-referents-compten-amb-noves-institucions-collaboradores\/#primaryimage"},"image":{"@id":"https:\/\/puntdereferencia.org\/es\/acull-i-referents-compten-amb-noves-institucions-collaboradores\/#primaryimage"},"thumbnailUrl":"https:\/\/puntdereferencia.org\/wp-content\/uploads\/2024\/07\/de-recurs-scaled-1.jpg","datePublished":"2019-11-26T13:01:10+00:00","dateModified":"2024-07-31T06:57:17+00:00","author":{"@id":"https:\/\/puntdereferencia.org\/es\/#\/schema\/person\/c475209bcc857303ec6ed0259d3cf078"},"breadcrumb":{"@id":"https:\/\/puntdereferencia.org\/es\/acull-i-referents-compten-amb-noves-institucions-collaboradores\/#breadcrumb"},"inLanguage":"es","potentialAction":[{"@type":"ReadAction","target":["https:\/\/puntdereferencia.org\/es\/acull-i-referents-compten-amb-noves-institucions-collaboradores\/"]}]},{"@type":"ImageObject","inLanguage":"es","@id":"https:\/\/puntdereferencia.org\/es\/acull-i-referents-compten-amb-noves-institucions-collaboradores\/#primaryimage","url":"https:\/\/puntdereferencia.org\/wp-content\/uploads\/2024\/07\/de-recurs-scaled-1.jpg","contentUrl":"https:\/\/puntdereferencia.org\/wp-content\/uploads\/2024\/07\/de-recurs-scaled-1.jpg","width":2560,"height":1443},{"@type":"BreadcrumbList","@id":"https:\/\/puntdereferencia.org\/es\/acull-i-referents-compten-amb-noves-institucions-collaboradores\/#breadcrumb","itemListElement":[{"@type":"ListItem","position":1,"name":"Inici","item":"https:\/\/puntdereferencia.org\/es\/inicio\/"},{"@type":"ListItem","position":2,"name":"Acoge y Referentes cuentan con nuevas instituciones colaboradoras"}]},{"@type":"WebSite","@id":"https:\/\/puntdereferencia.org\/es\/#website","url":"https:\/\/puntdereferencia.org\/es\/","name":"Punt de Referencia","description":"","potentialAction":[{"@type":"SearchAction","target":{"@type":"EntryPoint","urlTemplate":"https:\/\/puntdereferencia.org\/es\/?s={search_term_string}"},"query-input":{"@type":"PropertyValueSpecification","valueRequired":true,"valueName":"search_term_string"}}],"inLanguage":"es"},{"@type":"Person","@id":"https:\/\/puntdereferencia.org\/es\/#\/schema\/person\/c475209bcc857303ec6ed0259d3cf078","name":"admin","image":{"@type":"ImageObject","inLanguage":"es","@id":"https:\/\/puntdereferencia.org\/es\/#\/schema\/person\/image\/","url":"https:\/\/secure.gravatar.com\/avatar\/ff306d55f6aedb51a29e838506fafaa76a30bce9f5db9aca2e28921b903aaad2?s=96&d=mm&r=g","contentUrl":"https:\/\/secure.gravatar.com\/avatar\/ff306d55f6aedb51a29e838506fafaa76a30bce9f5db9aca2e28921b903aaad2?s=96&d=mm&r=g","caption":"admin"},"sameAs":["http:\/\/\/home\/puntref\/webapps\/web2024"],"url":"https:\/\/puntdereferencia.org\/es\/author\/admin\/"}]}},"_links":{"self":[{"href":"https:\/\/puntdereferencia.org\/es\/wp-json\/wp\/v2\/posts\/24490","targetHints":{"allow":["GET"]}}],"collection":[{"href":"https:\/\/puntdereferencia.org\/es\/wp-json\/wp\/v2\/posts"}],"about":[{"href":"https:\/\/puntdereferencia.org\/es\/wp-json\/wp\/v2\/types\/post"}],"author":[{"embeddable":true,"href":"https:\/\/puntdereferencia.org\/es\/wp-json\/wp\/v2\/users\/1"}],"replies":[{"embeddable":true,"href":"https:\/\/puntdereferencia.org\/es\/wp-json\/wp\/v2\/comments?post=24490"}],"version-history":[{"count":2,"href":"https:\/\/puntdereferencia.org\/es\/wp-json\/wp\/v2\/posts\/24490\/revisions"}],"predecessor-version":[{"id":26567,"href":"https:\/\/puntdereferencia.org\/es\/wp-json\/wp\/v2\/posts\/24490\/revisions\/26567"}],"wp:featuredmedia":[{"embeddable":true,"href":"https:\/\/puntdereferencia.org\/es\/wp-json\/wp\/v2\/media\/21118"}],"wp:attachment":[{"href":"https:\/\/puntdereferencia.org\/es\/wp-json\/wp\/v2\/media?parent=24490"}],"wp:term":[{"taxonomy":"category","embeddable":true,"href":"https:\/\/puntdereferencia.org\/es\/wp-json\/wp\/v2\/categories?post=24490"},{"taxonomy":"post_tag","embeddable":true,"href":"https:\/\/puntdereferencia.org\/es\/wp-json\/wp\/v2\/tags?post=24490"}],"curies":[{"name":"wp","href":"https:\/\/api.w.org\/{rel}","templated":true}]}}