{"id":24504,"date":"2020-01-29T14:30:39","date_gmt":"2020-01-29T14:30:39","guid":{"rendered":"https:\/\/puntdereferencia.org\/busquem-una-persona-voluntaria-de-suport-en-la-gestio\/"},"modified":"2024-07-31T06:46:36","modified_gmt":"2024-07-31T06:46:36","slug":"busquem-una-persona-voluntaria-de-suport-en-la-gestio","status":"publish","type":"post","link":"https:\/\/puntdereferencia.org\/es\/busquem-una-persona-voluntaria-de-suport-en-la-gestio\/","title":{"rendered":"Buscamos una persona voluntaria de apoyo en la gesti\u00f3n"},"content":{"rendered":"<p>El volumen de trabajo en el \u00e1rea de gesti\u00f3n econ\u00f3mica de la entidad suele ser elevado, y en algunos momentos del a\u00f1o pasa por picos que piden m\u00e1s horas de dedicaci\u00f3n de las que podemos asumir. Por este\u00a0motivo nos hemos planteado abrir una nueva oferta de voluntariado.<\/p>\n<p><strong>Eres una persona con habilidades organizativas y tienes conocimientos de contabilidad?<br \/>\nTe gustar\u00eda dedicar 3 horas semanales a reforzar el \u00e1rea de gesti\u00f3n de Punt de Refer\u00e8ncia?\u00a0<\/strong><\/p>\n<p><img loading=\"lazy\" decoding=\"async\" class=\"wp-image-8087 alignleft\" src=\"http:\/\/puntdereferencia.org\/wp-content\/uploads\/2024\/07\/SAM_0583-scaled-1.jpg\" alt=\"\" width=\"397\" height=\"261\" \/><\/p>\n<p>&nbsp;<\/p>\n<p>&nbsp;<\/p>\n<p>Las tareas que principalmente se te propondr\u00edan ser\u00e1n la de sistematizaci\u00f3n de documentaci\u00f3n y registro de datos en el servidor de la entidad, organizaci\u00f3n de documentaci\u00f3n econ\u00f3mica, seguimiento de presupuestos, preparaci\u00f3n de listados de pagos y finalmente atender a las peticiones de gesti\u00f3n administrativa.<\/p>\n<p>&nbsp;<\/p>\n<p>&nbsp;<\/p>\n<p>&nbsp;<\/p>\n<p>Si quieres sumarte al equipo mediante este voluntariado, puedes escribir un correo a: <strong>gestio@puntdereferencia.org<\/strong><\/p>\n<p>&nbsp;<\/p>\n<p>&nbsp;<\/p>\n","protected":false},"excerpt":{"rendered":"<p>El volumen de trabajo en el \u00e1rea de gesti\u00f3n econ\u00f3mica de la entidad suele ser elevado, y en algunos momentos del a\u00f1o pasa por picos que piden m\u00e1s horas de dedicaci\u00f3n de las que podemos asumir. Por este\u00a0motivo nos hemos planteado abrir una nueva oferta de voluntariado. Eres una persona con habilidades organizativas y tienes [&hellip;]<\/p>\n","protected":false},"author":1,"featured_media":21244,"comment_status":"open","ping_status":"open","sticky":false,"template":"","format":"standard","meta":{"footnotes":""},"categories":[913],"tags":[340,341],"class_list":["post-24504","post","type-post","status-publish","format-standard","has-post-thumbnail","hentry","category-noticias-es","tag-administracio","tag-gestio"],"yoast_head":"<!-- This site is optimized with the Yoast SEO plugin v27.1.1 - https:\/\/yoast.com\/product\/yoast-seo-wordpress\/ -->\n<title>Buscamos una persona voluntaria de apoyo en la gesti\u00f3n - Punt de Referencia<\/title>\n<meta name=\"robots\" content=\"index, follow, max-snippet:-1, max-image-preview:large, max-video-preview:-1\" \/>\n<link rel=\"canonical\" href=\"https:\/\/puntdereferencia.org\/es\/busquem-una-persona-voluntaria-de-suport-en-la-gestio\/\" \/>\n<meta property=\"og:locale\" content=\"es_ES\" \/>\n<meta property=\"og:type\" content=\"article\" \/>\n<meta property=\"og:title\" content=\"Buscamos una persona voluntaria de apoyo en la gesti\u00f3n - Punt de Referencia\" \/>\n<meta property=\"og:description\" content=\"El volumen de trabajo en el \u00e1rea de gesti\u00f3n econ\u00f3mica de la entidad suele ser elevado, y en algunos momentos del a\u00f1o pasa por picos que piden m\u00e1s horas de dedicaci\u00f3n de las que podemos asumir. Por este\u00a0motivo nos hemos planteado abrir una nueva oferta de voluntariado. Eres una persona con habilidades organizativas y tienes [&hellip;]\" \/>\n<meta property=\"og:url\" content=\"https:\/\/puntdereferencia.org\/es\/busquem-una-persona-voluntaria-de-suport-en-la-gestio\/\" \/>\n<meta property=\"og:site_name\" content=\"Punt de Referencia\" \/>\n<meta property=\"article:published_time\" content=\"2020-01-29T14:30:39+00:00\" \/>\n<meta property=\"article:modified_time\" content=\"2024-07-31T06:46:36+00:00\" \/>\n<meta property=\"og:image\" content=\"https:\/\/puntdereferencia.org\/wp-content\/uploads\/2024\/07\/W3A9797-1.jpg\" \/>\n\t<meta property=\"og:image:width\" content=\"1890\" \/>\n\t<meta property=\"og:image:height\" content=\"1056\" \/>\n\t<meta property=\"og:image:type\" content=\"image\/jpeg\" \/>\n<meta name=\"author\" content=\"admin\" \/>\n<meta name=\"twitter:card\" content=\"summary_large_image\" \/>\n<meta name=\"twitter:label1\" content=\"Escrito por\" \/>\n\t<meta name=\"twitter:data1\" content=\"admin\" \/>\n\t<meta name=\"twitter:label2\" content=\"Tiempo de lectura\" \/>\n\t<meta name=\"twitter:data2\" content=\"1 minuto\" \/>\n<script type=\"application\/ld+json\" class=\"yoast-schema-graph\">{\"@context\":\"https:\/\/schema.org\",\"@graph\":[{\"@type\":\"Article\",\"@id\":\"https:\/\/puntdereferencia.org\/es\/busquem-una-persona-voluntaria-de-suport-en-la-gestio\/#article\",\"isPartOf\":{\"@id\":\"https:\/\/puntdereferencia.org\/es\/busquem-una-persona-voluntaria-de-suport-en-la-gestio\/\"},\"author\":{\"name\":\"admin\",\"@id\":\"https:\/\/puntdereferencia.org\/es\/#\/schema\/person\/c475209bcc857303ec6ed0259d3cf078\"},\"headline\":\"Buscamos una persona voluntaria de apoyo en la gesti\u00f3n\",\"datePublished\":\"2020-01-29T14:30:39+00:00\",\"dateModified\":\"2024-07-31T06:46:36+00:00\",\"mainEntityOfPage\":{\"@id\":\"https:\/\/puntdereferencia.org\/es\/busquem-una-persona-voluntaria-de-suport-en-la-gestio\/\"},\"wordCount\":168,\"commentCount\":0,\"image\":{\"@id\":\"https:\/\/puntdereferencia.org\/es\/busquem-una-persona-voluntaria-de-suport-en-la-gestio\/#primaryimage\"},\"thumbnailUrl\":\"https:\/\/puntdereferencia.org\/wp-content\/uploads\/2024\/07\/W3A9797-1.jpg\",\"keywords\":[\"administraci\u00f3\",\"gesti\u00f3\"],\"articleSection\":[\"NOTICIAS\"],\"inLanguage\":\"es\",\"potentialAction\":[{\"@type\":\"CommentAction\",\"name\":\"Comment\",\"target\":[\"https:\/\/puntdereferencia.org\/es\/busquem-una-persona-voluntaria-de-suport-en-la-gestio\/#respond\"]}]},{\"@type\":\"WebPage\",\"@id\":\"https:\/\/puntdereferencia.org\/es\/busquem-una-persona-voluntaria-de-suport-en-la-gestio\/\",\"url\":\"https:\/\/puntdereferencia.org\/es\/busquem-una-persona-voluntaria-de-suport-en-la-gestio\/\",\"name\":\"Buscamos una persona voluntaria de apoyo en la gesti\u00f3n - Punt de Referencia\",\"isPartOf\":{\"@id\":\"https:\/\/puntdereferencia.org\/es\/#website\"},\"primaryImageOfPage\":{\"@id\":\"https:\/\/puntdereferencia.org\/es\/busquem-una-persona-voluntaria-de-suport-en-la-gestio\/#primaryimage\"},\"image\":{\"@id\":\"https:\/\/puntdereferencia.org\/es\/busquem-una-persona-voluntaria-de-suport-en-la-gestio\/#primaryimage\"},\"thumbnailUrl\":\"https:\/\/puntdereferencia.org\/wp-content\/uploads\/2024\/07\/W3A9797-1.jpg\",\"datePublished\":\"2020-01-29T14:30:39+00:00\",\"dateModified\":\"2024-07-31T06:46:36+00:00\",\"author\":{\"@id\":\"https:\/\/puntdereferencia.org\/es\/#\/schema\/person\/c475209bcc857303ec6ed0259d3cf078\"},\"breadcrumb\":{\"@id\":\"https:\/\/puntdereferencia.org\/es\/busquem-una-persona-voluntaria-de-suport-en-la-gestio\/#breadcrumb\"},\"inLanguage\":\"es\",\"potentialAction\":[{\"@type\":\"ReadAction\",\"target\":[\"https:\/\/puntdereferencia.org\/es\/busquem-una-persona-voluntaria-de-suport-en-la-gestio\/\"]}]},{\"@type\":\"ImageObject\",\"inLanguage\":\"es\",\"@id\":\"https:\/\/puntdereferencia.org\/es\/busquem-una-persona-voluntaria-de-suport-en-la-gestio\/#primaryimage\",\"url\":\"https:\/\/puntdereferencia.org\/wp-content\/uploads\/2024\/07\/W3A9797-1.jpg\",\"contentUrl\":\"https:\/\/puntdereferencia.org\/wp-content\/uploads\/2024\/07\/W3A9797-1.jpg\",\"width\":1890,\"height\":1056},{\"@type\":\"BreadcrumbList\",\"@id\":\"https:\/\/puntdereferencia.org\/es\/busquem-una-persona-voluntaria-de-suport-en-la-gestio\/#breadcrumb\",\"itemListElement\":[{\"@type\":\"ListItem\",\"position\":1,\"name\":\"Inici\",\"item\":\"https:\/\/puntdereferencia.org\/es\/inicio\/\"},{\"@type\":\"ListItem\",\"position\":2,\"name\":\"Buscamos una persona voluntaria de apoyo en la gesti\u00f3n\"}]},{\"@type\":\"WebSite\",\"@id\":\"https:\/\/puntdereferencia.org\/es\/#website\",\"url\":\"https:\/\/puntdereferencia.org\/es\/\",\"name\":\"Punt de Referencia\",\"description\":\"\",\"potentialAction\":[{\"@type\":\"SearchAction\",\"target\":{\"@type\":\"EntryPoint\",\"urlTemplate\":\"https:\/\/puntdereferencia.org\/es\/?s={search_term_string}\"},\"query-input\":{\"@type\":\"PropertyValueSpecification\",\"valueRequired\":true,\"valueName\":\"search_term_string\"}}],\"inLanguage\":\"es\"},{\"@type\":\"Person\",\"@id\":\"https:\/\/puntdereferencia.org\/es\/#\/schema\/person\/c475209bcc857303ec6ed0259d3cf078\",\"name\":\"admin\",\"image\":{\"@type\":\"ImageObject\",\"inLanguage\":\"es\",\"@id\":\"https:\/\/puntdereferencia.org\/es\/#\/schema\/person\/image\/\",\"url\":\"https:\/\/secure.gravatar.com\/avatar\/ff306d55f6aedb51a29e838506fafaa76a30bce9f5db9aca2e28921b903aaad2?s=96&d=mm&r=g\",\"contentUrl\":\"https:\/\/secure.gravatar.com\/avatar\/ff306d55f6aedb51a29e838506fafaa76a30bce9f5db9aca2e28921b903aaad2?s=96&d=mm&r=g\",\"caption\":\"admin\"},\"sameAs\":[\"http:\/\/\/home\/puntref\/webapps\/web2024\"],\"url\":\"https:\/\/puntdereferencia.org\/es\/author\/admin\/\"}]}<\/script>\n<!-- \/ Yoast SEO plugin. -->","yoast_head_json":{"title":"Buscamos una persona voluntaria de apoyo en la gesti\u00f3n - Punt de Referencia","robots":{"index":"index","follow":"follow","max-snippet":"max-snippet:-1","max-image-preview":"max-image-preview:large","max-video-preview":"max-video-preview:-1"},"canonical":"https:\/\/puntdereferencia.org\/es\/busquem-una-persona-voluntaria-de-suport-en-la-gestio\/","og_locale":"es_ES","og_type":"article","og_title":"Buscamos una persona voluntaria de apoyo en la gesti\u00f3n - Punt de Referencia","og_description":"El volumen de trabajo en el \u00e1rea de gesti\u00f3n econ\u00f3mica de la entidad suele ser elevado, y en algunos momentos del a\u00f1o pasa por picos que piden m\u00e1s horas de dedicaci\u00f3n de las que podemos asumir. Por este\u00a0motivo nos hemos planteado abrir una nueva oferta de voluntariado. Eres una persona con habilidades organizativas y tienes [&hellip;]","og_url":"https:\/\/puntdereferencia.org\/es\/busquem-una-persona-voluntaria-de-suport-en-la-gestio\/","og_site_name":"Punt de Referencia","article_published_time":"2020-01-29T14:30:39+00:00","article_modified_time":"2024-07-31T06:46:36+00:00","og_image":[{"width":1890,"height":1056,"url":"https:\/\/puntdereferencia.org\/wp-content\/uploads\/2024\/07\/W3A9797-1.jpg","type":"image\/jpeg"}],"author":"admin","twitter_card":"summary_large_image","twitter_misc":{"Escrito por":"admin","Tiempo de lectura":"1 minuto"},"schema":{"@context":"https:\/\/schema.org","@graph":[{"@type":"Article","@id":"https:\/\/puntdereferencia.org\/es\/busquem-una-persona-voluntaria-de-suport-en-la-gestio\/#article","isPartOf":{"@id":"https:\/\/puntdereferencia.org\/es\/busquem-una-persona-voluntaria-de-suport-en-la-gestio\/"},"author":{"name":"admin","@id":"https:\/\/puntdereferencia.org\/es\/#\/schema\/person\/c475209bcc857303ec6ed0259d3cf078"},"headline":"Buscamos una persona voluntaria de apoyo en la gesti\u00f3n","datePublished":"2020-01-29T14:30:39+00:00","dateModified":"2024-07-31T06:46:36+00:00","mainEntityOfPage":{"@id":"https:\/\/puntdereferencia.org\/es\/busquem-una-persona-voluntaria-de-suport-en-la-gestio\/"},"wordCount":168,"commentCount":0,"image":{"@id":"https:\/\/puntdereferencia.org\/es\/busquem-una-persona-voluntaria-de-suport-en-la-gestio\/#primaryimage"},"thumbnailUrl":"https:\/\/puntdereferencia.org\/wp-content\/uploads\/2024\/07\/W3A9797-1.jpg","keywords":["administraci\u00f3","gesti\u00f3"],"articleSection":["NOTICIAS"],"inLanguage":"es","potentialAction":[{"@type":"CommentAction","name":"Comment","target":["https:\/\/puntdereferencia.org\/es\/busquem-una-persona-voluntaria-de-suport-en-la-gestio\/#respond"]}]},{"@type":"WebPage","@id":"https:\/\/puntdereferencia.org\/es\/busquem-una-persona-voluntaria-de-suport-en-la-gestio\/","url":"https:\/\/puntdereferencia.org\/es\/busquem-una-persona-voluntaria-de-suport-en-la-gestio\/","name":"Buscamos una persona voluntaria de apoyo en la gesti\u00f3n - Punt de Referencia","isPartOf":{"@id":"https:\/\/puntdereferencia.org\/es\/#website"},"primaryImageOfPage":{"@id":"https:\/\/puntdereferencia.org\/es\/busquem-una-persona-voluntaria-de-suport-en-la-gestio\/#primaryimage"},"image":{"@id":"https:\/\/puntdereferencia.org\/es\/busquem-una-persona-voluntaria-de-suport-en-la-gestio\/#primaryimage"},"thumbnailUrl":"https:\/\/puntdereferencia.org\/wp-content\/uploads\/2024\/07\/W3A9797-1.jpg","datePublished":"2020-01-29T14:30:39+00:00","dateModified":"2024-07-31T06:46:36+00:00","author":{"@id":"https:\/\/puntdereferencia.org\/es\/#\/schema\/person\/c475209bcc857303ec6ed0259d3cf078"},"breadcrumb":{"@id":"https:\/\/puntdereferencia.org\/es\/busquem-una-persona-voluntaria-de-suport-en-la-gestio\/#breadcrumb"},"inLanguage":"es","potentialAction":[{"@type":"ReadAction","target":["https:\/\/puntdereferencia.org\/es\/busquem-una-persona-voluntaria-de-suport-en-la-gestio\/"]}]},{"@type":"ImageObject","inLanguage":"es","@id":"https:\/\/puntdereferencia.org\/es\/busquem-una-persona-voluntaria-de-suport-en-la-gestio\/#primaryimage","url":"https:\/\/puntdereferencia.org\/wp-content\/uploads\/2024\/07\/W3A9797-1.jpg","contentUrl":"https:\/\/puntdereferencia.org\/wp-content\/uploads\/2024\/07\/W3A9797-1.jpg","width":1890,"height":1056},{"@type":"BreadcrumbList","@id":"https:\/\/puntdereferencia.org\/es\/busquem-una-persona-voluntaria-de-suport-en-la-gestio\/#breadcrumb","itemListElement":[{"@type":"ListItem","position":1,"name":"Inici","item":"https:\/\/puntdereferencia.org\/es\/inicio\/"},{"@type":"ListItem","position":2,"name":"Buscamos una persona voluntaria de apoyo en la gesti\u00f3n"}]},{"@type":"WebSite","@id":"https:\/\/puntdereferencia.org\/es\/#website","url":"https:\/\/puntdereferencia.org\/es\/","name":"Punt de Referencia","description":"","potentialAction":[{"@type":"SearchAction","target":{"@type":"EntryPoint","urlTemplate":"https:\/\/puntdereferencia.org\/es\/?s={search_term_string}"},"query-input":{"@type":"PropertyValueSpecification","valueRequired":true,"valueName":"search_term_string"}}],"inLanguage":"es"},{"@type":"Person","@id":"https:\/\/puntdereferencia.org\/es\/#\/schema\/person\/c475209bcc857303ec6ed0259d3cf078","name":"admin","image":{"@type":"ImageObject","inLanguage":"es","@id":"https:\/\/puntdereferencia.org\/es\/#\/schema\/person\/image\/","url":"https:\/\/secure.gravatar.com\/avatar\/ff306d55f6aedb51a29e838506fafaa76a30bce9f5db9aca2e28921b903aaad2?s=96&d=mm&r=g","contentUrl":"https:\/\/secure.gravatar.com\/avatar\/ff306d55f6aedb51a29e838506fafaa76a30bce9f5db9aca2e28921b903aaad2?s=96&d=mm&r=g","caption":"admin"},"sameAs":["http:\/\/\/home\/puntref\/webapps\/web2024"],"url":"https:\/\/puntdereferencia.org\/es\/author\/admin\/"}]}},"_links":{"self":[{"href":"https:\/\/puntdereferencia.org\/es\/wp-json\/wp\/v2\/posts\/24504","targetHints":{"allow":["GET"]}}],"collection":[{"href":"https:\/\/puntdereferencia.org\/es\/wp-json\/wp\/v2\/posts"}],"about":[{"href":"https:\/\/puntdereferencia.org\/es\/wp-json\/wp\/v2\/types\/post"}],"author":[{"embeddable":true,"href":"https:\/\/puntdereferencia.org\/es\/wp-json\/wp\/v2\/users\/1"}],"replies":[{"embeddable":true,"href":"https:\/\/puntdereferencia.org\/es\/wp-json\/wp\/v2\/comments?post=24504"}],"version-history":[{"count":3,"href":"https:\/\/puntdereferencia.org\/es\/wp-json\/wp\/v2\/posts\/24504\/revisions"}],"predecessor-version":[{"id":26553,"href":"https:\/\/puntdereferencia.org\/es\/wp-json\/wp\/v2\/posts\/24504\/revisions\/26553"}],"wp:featuredmedia":[{"embeddable":true,"href":"https:\/\/puntdereferencia.org\/es\/wp-json\/wp\/v2\/media\/21244"}],"wp:attachment":[{"href":"https:\/\/puntdereferencia.org\/es\/wp-json\/wp\/v2\/media?parent=24504"}],"wp:term":[{"taxonomy":"category","embeddable":true,"href":"https:\/\/puntdereferencia.org\/es\/wp-json\/wp\/v2\/categories?post=24504"},{"taxonomy":"post_tag","embeddable":true,"href":"https:\/\/puntdereferencia.org\/es\/wp-json\/wp\/v2\/tags?post=24504"}],"curies":[{"name":"wp","href":"https:\/\/api.w.org\/{rel}","templated":true}]}}