{"id":24513,"date":"2020-02-28T10:07:51","date_gmt":"2020-02-28T10:07:51","guid":{"rendered":"https:\/\/puntdereferencia.org\/un-dia-diferent-anem-a-veure-el-barca-getafe\/"},"modified":"2024-07-31T06:43:25","modified_gmt":"2024-07-31T06:43:25","slug":"un-dia-diferent-anem-a-veure-el-barca-getafe","status":"publish","type":"post","link":"https:\/\/puntdereferencia.org\/es\/un-dia-diferent-anem-a-veure-el-barca-getafe\/","title":{"rendered":"Un d\u00eda diferente: vamos a ver el Bar\u00e7a &#8211; Getafe"},"content":{"rendered":"<p><span class=\"css-901oao css-16my406 r-1qd0xha r-ad9z0x r-bcqeeo r-qvutc0\">El s\u00e1bado 15 de febrero fue un d\u00eda diferente del resto: un grupo de j\u00f3venes y voluntariado, acompa\u00f1ados del t\u00e9cnico David, de Punt de Refer\u00e8ncia<strong> fueron al Camp Nou a ver el partido de f\u00fatbol Bar\u00e7a-Getafe<\/strong>\u00a0<img loading=\"lazy\" decoding=\"async\" class=\"css-9pa8cd\" draggable=\"false\" src=\"https:\/\/puntdereferencia.org\/wp-content\/uploads\/2024\/07\/26bd.svg\" alt=\"Pilota de futbol\" width=\"15\" height=\"15\" \/>.<\/span><\/p>\n<p><img loading=\"lazy\" decoding=\"async\" class=\"wp-image-8391 alignleft\" src=\"https:\/\/puntdereferencia.org\/wp-content\/uploads\/2024\/07\/IMG-20200215-WA0015.jpg\" alt=\"\" width=\"564\" height=\"338\" \/><\/p>\n<p>&nbsp;<\/p>\n<p>La oportunidad surgi\u00f3 de una propuesta de la\u00a0<a href=\"https:\/\/www.fundacioagbar.org\/es\/inicio\" target=\"_blank\" rel=\"noopener noreferrer\" data-auth=\"NotApplicable\">Fundaci\u00f3n Agbar<\/a>, colaboradora del proyecto Atenea. Nos ofrecieron una tarde de f\u00fatbol privilegiada; desde su palco en el Camp Nou el partido se ve muy diferente!<\/p>\n<p>La propuesta tubo tanto \u00e9xito que lo m\u00e1s dif\u00edcil fue seleccionar a las 14 personas invitadas. Finalmente se decidi\u00f3 que fuese una tarde compartida con j\u00f3venes y voluntariado, no solamente de Atenea, sino tambi\u00e9n de los proyectos Referentes, Acoge y de pisos.<\/p>\n<p>A la emoci\u00f3n del propio juego (un muy buen partido del Bar\u00e7a), se sum\u00f3 la ilusi\u00f3n de compartir este momento unos con los otros y, especialmente, la buena recibida de les personas de la Fundaci\u00f3n Agbar que hicieron de anfitriones. Un s\u00e1bado normal se convirti\u00f3 en un d\u00eda \u00fanico!<\/p>\n<p>&nbsp;<\/p>\n","protected":false},"excerpt":{"rendered":"<p>El s\u00e1bado 15 de febrero fue un d\u00eda diferente del resto: un grupo de j\u00f3venes y voluntariado, acompa\u00f1ados del t\u00e9cnico David, de Punt de Refer\u00e8ncia fueron al Camp Nou a ver el partido de f\u00fatbol Bar\u00e7a-Getafe\u00a0. &nbsp; La oportunidad surgi\u00f3 de una propuesta de la\u00a0Fundaci\u00f3n Agbar, colaboradora del proyecto Atenea. Nos ofrecieron una tarde de [&hellip;]<\/p>\n","protected":false},"author":1,"featured_media":21354,"comment_status":"open","ping_status":"open","sticky":false,"template":"","format":"standard","meta":{"footnotes":""},"categories":[913],"tags":[366,368],"class_list":["post-24513","post","type-post","status-publish","format-standard","has-post-thumbnail","hentry","category-noticias-es","tag-agbar","tag-futbol"],"yoast_head":"<!-- This site is optimized with the Yoast SEO plugin v27.1.1 - https:\/\/yoast.com\/product\/yoast-seo-wordpress\/ -->\n<title>Un d\u00eda diferente: vamos a ver el Bar\u00e7a - Getafe - Punt de Referencia<\/title>\n<meta name=\"robots\" content=\"index, follow, max-snippet:-1, max-image-preview:large, max-video-preview:-1\" \/>\n<link rel=\"canonical\" href=\"https:\/\/puntdereferencia.org\/es\/un-dia-diferent-anem-a-veure-el-barca-getafe\/\" \/>\n<meta property=\"og:locale\" content=\"es_ES\" \/>\n<meta property=\"og:type\" content=\"article\" \/>\n<meta property=\"og:title\" content=\"Un d\u00eda diferente: vamos a ver el Bar\u00e7a - Getafe - Punt de Referencia\" \/>\n<meta property=\"og:description\" content=\"El s\u00e1bado 15 de febrero fue un d\u00eda diferente del resto: un grupo de j\u00f3venes y voluntariado, acompa\u00f1ados del t\u00e9cnico David, de Punt de Refer\u00e8ncia fueron al Camp Nou a ver el partido de f\u00fatbol Bar\u00e7a-Getafe\u00a0. &nbsp; La oportunidad surgi\u00f3 de una propuesta de la\u00a0Fundaci\u00f3n Agbar, colaboradora del proyecto Atenea. Nos ofrecieron una tarde de [&hellip;]\" \/>\n<meta property=\"og:url\" content=\"https:\/\/puntdereferencia.org\/es\/un-dia-diferent-anem-a-veure-el-barca-getafe\/\" \/>\n<meta property=\"og:site_name\" content=\"Punt de Referencia\" \/>\n<meta property=\"article:published_time\" content=\"2020-02-28T10:07:51+00:00\" \/>\n<meta property=\"article:modified_time\" content=\"2024-07-31T06:43:25+00:00\" \/>\n<meta property=\"og:image\" content=\"https:\/\/puntdereferencia.org\/wp-content\/uploads\/2024\/07\/IMG-20200215-WA0023.jpg\" \/>\n\t<meta property=\"og:image:width\" content=\"1599\" \/>\n\t<meta property=\"og:image:height\" content=\"876\" \/>\n\t<meta property=\"og:image:type\" content=\"image\/jpeg\" \/>\n<meta name=\"author\" content=\"admin\" \/>\n<meta name=\"twitter:card\" content=\"summary_large_image\" \/>\n<meta name=\"twitter:label1\" content=\"Escrito por\" \/>\n\t<meta name=\"twitter:data1\" content=\"admin\" \/>\n\t<meta name=\"twitter:label2\" content=\"Tiempo de lectura\" \/>\n\t<meta name=\"twitter:data2\" content=\"2 minutos\" \/>\n<script type=\"application\/ld+json\" class=\"yoast-schema-graph\">{\"@context\":\"https:\/\/schema.org\",\"@graph\":[{\"@type\":\"Article\",\"@id\":\"https:\/\/puntdereferencia.org\/es\/un-dia-diferent-anem-a-veure-el-barca-getafe\/#article\",\"isPartOf\":{\"@id\":\"https:\/\/puntdereferencia.org\/es\/un-dia-diferent-anem-a-veure-el-barca-getafe\/\"},\"author\":{\"name\":\"admin\",\"@id\":\"https:\/\/puntdereferencia.org\/es\/#\/schema\/person\/c475209bcc857303ec6ed0259d3cf078\"},\"headline\":\"Un d\u00eda diferente: vamos a ver el Bar\u00e7a &#8211; Getafe\",\"datePublished\":\"2020-02-28T10:07:51+00:00\",\"dateModified\":\"2024-07-31T06:43:25+00:00\",\"mainEntityOfPage\":{\"@id\":\"https:\/\/puntdereferencia.org\/es\/un-dia-diferent-anem-a-veure-el-barca-getafe\/\"},\"wordCount\":193,\"commentCount\":0,\"image\":{\"@id\":\"https:\/\/puntdereferencia.org\/es\/un-dia-diferent-anem-a-veure-el-barca-getafe\/#primaryimage\"},\"thumbnailUrl\":\"https:\/\/puntdereferencia.org\/wp-content\/uploads\/2024\/07\/IMG-20200215-WA0023.jpg\",\"keywords\":[\"agbar\",\"futbol\"],\"articleSection\":[\"NOTICIAS\"],\"inLanguage\":\"es\",\"potentialAction\":[{\"@type\":\"CommentAction\",\"name\":\"Comment\",\"target\":[\"https:\/\/puntdereferencia.org\/es\/un-dia-diferent-anem-a-veure-el-barca-getafe\/#respond\"]}]},{\"@type\":\"WebPage\",\"@id\":\"https:\/\/puntdereferencia.org\/es\/un-dia-diferent-anem-a-veure-el-barca-getafe\/\",\"url\":\"https:\/\/puntdereferencia.org\/es\/un-dia-diferent-anem-a-veure-el-barca-getafe\/\",\"name\":\"Un d\u00eda diferente: vamos a ver el Bar\u00e7a - Getafe - Punt de Referencia\",\"isPartOf\":{\"@id\":\"https:\/\/puntdereferencia.org\/es\/#website\"},\"primaryImageOfPage\":{\"@id\":\"https:\/\/puntdereferencia.org\/es\/un-dia-diferent-anem-a-veure-el-barca-getafe\/#primaryimage\"},\"image\":{\"@id\":\"https:\/\/puntdereferencia.org\/es\/un-dia-diferent-anem-a-veure-el-barca-getafe\/#primaryimage\"},\"thumbnailUrl\":\"https:\/\/puntdereferencia.org\/wp-content\/uploads\/2024\/07\/IMG-20200215-WA0023.jpg\",\"datePublished\":\"2020-02-28T10:07:51+00:00\",\"dateModified\":\"2024-07-31T06:43:25+00:00\",\"author\":{\"@id\":\"https:\/\/puntdereferencia.org\/es\/#\/schema\/person\/c475209bcc857303ec6ed0259d3cf078\"},\"breadcrumb\":{\"@id\":\"https:\/\/puntdereferencia.org\/es\/un-dia-diferent-anem-a-veure-el-barca-getafe\/#breadcrumb\"},\"inLanguage\":\"es\",\"potentialAction\":[{\"@type\":\"ReadAction\",\"target\":[\"https:\/\/puntdereferencia.org\/es\/un-dia-diferent-anem-a-veure-el-barca-getafe\/\"]}]},{\"@type\":\"ImageObject\",\"inLanguage\":\"es\",\"@id\":\"https:\/\/puntdereferencia.org\/es\/un-dia-diferent-anem-a-veure-el-barca-getafe\/#primaryimage\",\"url\":\"https:\/\/puntdereferencia.org\/wp-content\/uploads\/2024\/07\/IMG-20200215-WA0023.jpg\",\"contentUrl\":\"https:\/\/puntdereferencia.org\/wp-content\/uploads\/2024\/07\/IMG-20200215-WA0023.jpg\",\"width\":1599,\"height\":876},{\"@type\":\"BreadcrumbList\",\"@id\":\"https:\/\/puntdereferencia.org\/es\/un-dia-diferent-anem-a-veure-el-barca-getafe\/#breadcrumb\",\"itemListElement\":[{\"@type\":\"ListItem\",\"position\":1,\"name\":\"Inici\",\"item\":\"https:\/\/puntdereferencia.org\/es\/inicio\/\"},{\"@type\":\"ListItem\",\"position\":2,\"name\":\"Un d\u00eda diferente: vamos a ver el Bar\u00e7a &#8211; Getafe\"}]},{\"@type\":\"WebSite\",\"@id\":\"https:\/\/puntdereferencia.org\/es\/#website\",\"url\":\"https:\/\/puntdereferencia.org\/es\/\",\"name\":\"Punt de Referencia\",\"description\":\"\",\"potentialAction\":[{\"@type\":\"SearchAction\",\"target\":{\"@type\":\"EntryPoint\",\"urlTemplate\":\"https:\/\/puntdereferencia.org\/es\/?s={search_term_string}\"},\"query-input\":{\"@type\":\"PropertyValueSpecification\",\"valueRequired\":true,\"valueName\":\"search_term_string\"}}],\"inLanguage\":\"es\"},{\"@type\":\"Person\",\"@id\":\"https:\/\/puntdereferencia.org\/es\/#\/schema\/person\/c475209bcc857303ec6ed0259d3cf078\",\"name\":\"admin\",\"image\":{\"@type\":\"ImageObject\",\"inLanguage\":\"es\",\"@id\":\"https:\/\/puntdereferencia.org\/es\/#\/schema\/person\/image\/\",\"url\":\"https:\/\/secure.gravatar.com\/avatar\/ff306d55f6aedb51a29e838506fafaa76a30bce9f5db9aca2e28921b903aaad2?s=96&d=mm&r=g\",\"contentUrl\":\"https:\/\/secure.gravatar.com\/avatar\/ff306d55f6aedb51a29e838506fafaa76a30bce9f5db9aca2e28921b903aaad2?s=96&d=mm&r=g\",\"caption\":\"admin\"},\"sameAs\":[\"http:\/\/\/home\/puntref\/webapps\/web2024\"],\"url\":\"https:\/\/puntdereferencia.org\/es\/author\/admin\/\"}]}<\/script>\n<!-- \/ Yoast SEO plugin. -->","yoast_head_json":{"title":"Un d\u00eda diferente: vamos a ver el Bar\u00e7a - Getafe - Punt de Referencia","robots":{"index":"index","follow":"follow","max-snippet":"max-snippet:-1","max-image-preview":"max-image-preview:large","max-video-preview":"max-video-preview:-1"},"canonical":"https:\/\/puntdereferencia.org\/es\/un-dia-diferent-anem-a-veure-el-barca-getafe\/","og_locale":"es_ES","og_type":"article","og_title":"Un d\u00eda diferente: vamos a ver el Bar\u00e7a - Getafe - Punt de Referencia","og_description":"El s\u00e1bado 15 de febrero fue un d\u00eda diferente del resto: un grupo de j\u00f3venes y voluntariado, acompa\u00f1ados del t\u00e9cnico David, de Punt de Refer\u00e8ncia fueron al Camp Nou a ver el partido de f\u00fatbol Bar\u00e7a-Getafe\u00a0. &nbsp; La oportunidad surgi\u00f3 de una propuesta de la\u00a0Fundaci\u00f3n Agbar, colaboradora del proyecto Atenea. Nos ofrecieron una tarde de [&hellip;]","og_url":"https:\/\/puntdereferencia.org\/es\/un-dia-diferent-anem-a-veure-el-barca-getafe\/","og_site_name":"Punt de Referencia","article_published_time":"2020-02-28T10:07:51+00:00","article_modified_time":"2024-07-31T06:43:25+00:00","og_image":[{"width":1599,"height":876,"url":"https:\/\/puntdereferencia.org\/wp-content\/uploads\/2024\/07\/IMG-20200215-WA0023.jpg","type":"image\/jpeg"}],"author":"admin","twitter_card":"summary_large_image","twitter_misc":{"Escrito por":"admin","Tiempo de lectura":"2 minutos"},"schema":{"@context":"https:\/\/schema.org","@graph":[{"@type":"Article","@id":"https:\/\/puntdereferencia.org\/es\/un-dia-diferent-anem-a-veure-el-barca-getafe\/#article","isPartOf":{"@id":"https:\/\/puntdereferencia.org\/es\/un-dia-diferent-anem-a-veure-el-barca-getafe\/"},"author":{"name":"admin","@id":"https:\/\/puntdereferencia.org\/es\/#\/schema\/person\/c475209bcc857303ec6ed0259d3cf078"},"headline":"Un d\u00eda diferente: vamos a ver el Bar\u00e7a &#8211; Getafe","datePublished":"2020-02-28T10:07:51+00:00","dateModified":"2024-07-31T06:43:25+00:00","mainEntityOfPage":{"@id":"https:\/\/puntdereferencia.org\/es\/un-dia-diferent-anem-a-veure-el-barca-getafe\/"},"wordCount":193,"commentCount":0,"image":{"@id":"https:\/\/puntdereferencia.org\/es\/un-dia-diferent-anem-a-veure-el-barca-getafe\/#primaryimage"},"thumbnailUrl":"https:\/\/puntdereferencia.org\/wp-content\/uploads\/2024\/07\/IMG-20200215-WA0023.jpg","keywords":["agbar","futbol"],"articleSection":["NOTICIAS"],"inLanguage":"es","potentialAction":[{"@type":"CommentAction","name":"Comment","target":["https:\/\/puntdereferencia.org\/es\/un-dia-diferent-anem-a-veure-el-barca-getafe\/#respond"]}]},{"@type":"WebPage","@id":"https:\/\/puntdereferencia.org\/es\/un-dia-diferent-anem-a-veure-el-barca-getafe\/","url":"https:\/\/puntdereferencia.org\/es\/un-dia-diferent-anem-a-veure-el-barca-getafe\/","name":"Un d\u00eda diferente: vamos a ver el Bar\u00e7a - Getafe - Punt de Referencia","isPartOf":{"@id":"https:\/\/puntdereferencia.org\/es\/#website"},"primaryImageOfPage":{"@id":"https:\/\/puntdereferencia.org\/es\/un-dia-diferent-anem-a-veure-el-barca-getafe\/#primaryimage"},"image":{"@id":"https:\/\/puntdereferencia.org\/es\/un-dia-diferent-anem-a-veure-el-barca-getafe\/#primaryimage"},"thumbnailUrl":"https:\/\/puntdereferencia.org\/wp-content\/uploads\/2024\/07\/IMG-20200215-WA0023.jpg","datePublished":"2020-02-28T10:07:51+00:00","dateModified":"2024-07-31T06:43:25+00:00","author":{"@id":"https:\/\/puntdereferencia.org\/es\/#\/schema\/person\/c475209bcc857303ec6ed0259d3cf078"},"breadcrumb":{"@id":"https:\/\/puntdereferencia.org\/es\/un-dia-diferent-anem-a-veure-el-barca-getafe\/#breadcrumb"},"inLanguage":"es","potentialAction":[{"@type":"ReadAction","target":["https:\/\/puntdereferencia.org\/es\/un-dia-diferent-anem-a-veure-el-barca-getafe\/"]}]},{"@type":"ImageObject","inLanguage":"es","@id":"https:\/\/puntdereferencia.org\/es\/un-dia-diferent-anem-a-veure-el-barca-getafe\/#primaryimage","url":"https:\/\/puntdereferencia.org\/wp-content\/uploads\/2024\/07\/IMG-20200215-WA0023.jpg","contentUrl":"https:\/\/puntdereferencia.org\/wp-content\/uploads\/2024\/07\/IMG-20200215-WA0023.jpg","width":1599,"height":876},{"@type":"BreadcrumbList","@id":"https:\/\/puntdereferencia.org\/es\/un-dia-diferent-anem-a-veure-el-barca-getafe\/#breadcrumb","itemListElement":[{"@type":"ListItem","position":1,"name":"Inici","item":"https:\/\/puntdereferencia.org\/es\/inicio\/"},{"@type":"ListItem","position":2,"name":"Un d\u00eda diferente: vamos a ver el Bar\u00e7a &#8211; Getafe"}]},{"@type":"WebSite","@id":"https:\/\/puntdereferencia.org\/es\/#website","url":"https:\/\/puntdereferencia.org\/es\/","name":"Punt de Referencia","description":"","potentialAction":[{"@type":"SearchAction","target":{"@type":"EntryPoint","urlTemplate":"https:\/\/puntdereferencia.org\/es\/?s={search_term_string}"},"query-input":{"@type":"PropertyValueSpecification","valueRequired":true,"valueName":"search_term_string"}}],"inLanguage":"es"},{"@type":"Person","@id":"https:\/\/puntdereferencia.org\/es\/#\/schema\/person\/c475209bcc857303ec6ed0259d3cf078","name":"admin","image":{"@type":"ImageObject","inLanguage":"es","@id":"https:\/\/puntdereferencia.org\/es\/#\/schema\/person\/image\/","url":"https:\/\/secure.gravatar.com\/avatar\/ff306d55f6aedb51a29e838506fafaa76a30bce9f5db9aca2e28921b903aaad2?s=96&d=mm&r=g","contentUrl":"https:\/\/secure.gravatar.com\/avatar\/ff306d55f6aedb51a29e838506fafaa76a30bce9f5db9aca2e28921b903aaad2?s=96&d=mm&r=g","caption":"admin"},"sameAs":["http:\/\/\/home\/puntref\/webapps\/web2024"],"url":"https:\/\/puntdereferencia.org\/es\/author\/admin\/"}]}},"_links":{"self":[{"href":"https:\/\/puntdereferencia.org\/es\/wp-json\/wp\/v2\/posts\/24513","targetHints":{"allow":["GET"]}}],"collection":[{"href":"https:\/\/puntdereferencia.org\/es\/wp-json\/wp\/v2\/posts"}],"about":[{"href":"https:\/\/puntdereferencia.org\/es\/wp-json\/wp\/v2\/types\/post"}],"author":[{"embeddable":true,"href":"https:\/\/puntdereferencia.org\/es\/wp-json\/wp\/v2\/users\/1"}],"replies":[{"embeddable":true,"href":"https:\/\/puntdereferencia.org\/es\/wp-json\/wp\/v2\/comments?post=24513"}],"version-history":[{"count":3,"href":"https:\/\/puntdereferencia.org\/es\/wp-json\/wp\/v2\/posts\/24513\/revisions"}],"predecessor-version":[{"id":26545,"href":"https:\/\/puntdereferencia.org\/es\/wp-json\/wp\/v2\/posts\/24513\/revisions\/26545"}],"wp:featuredmedia":[{"embeddable":true,"href":"https:\/\/puntdereferencia.org\/es\/wp-json\/wp\/v2\/media\/21354"}],"wp:attachment":[{"href":"https:\/\/puntdereferencia.org\/es\/wp-json\/wp\/v2\/media?parent=24513"}],"wp:term":[{"taxonomy":"category","embeddable":true,"href":"https:\/\/puntdereferencia.org\/es\/wp-json\/wp\/v2\/categories?post=24513"},{"taxonomy":"post_tag","embeddable":true,"href":"https:\/\/puntdereferencia.org\/es\/wp-json\/wp\/v2\/tags?post=24513"}],"curies":[{"name":"wp","href":"https:\/\/api.w.org\/{rel}","templated":true}]}}