{"id":24531,"date":"2020-04-30T10:05:44","date_gmt":"2020-04-30T10:05:44","guid":{"rendered":"https:\/\/puntdereferencia.org\/en-moments-dificils-afloren-els-suports-per-al-jovent-gracies\/"},"modified":"2024-07-31T06:38:09","modified_gmt":"2024-07-31T06:38:09","slug":"en-moments-dificils-afloren-els-suports-per-al-jovent-gracies","status":"publish","type":"post","link":"https:\/\/puntdereferencia.org\/es\/en-moments-dificils-afloren-els-suports-per-al-jovent-gracies\/","title":{"rendered":"En momentos dif\u00edciles, crecen las ayudas para j\u00f3venes. Gracias!"},"content":{"rendered":"<p>No podemos negar que pasamos por un momento complicado. As\u00ed os lo hemos hecho saber las \u00faltimas semanas a las personas que form\u00e1is parte de Punt de Refer\u00e8ncia. Desde entonces, hemos recibido muchas y diferentes muestras de apoyo. Os las queremos compartir, y sobre todo agradecer.<\/p>\n<p><b>La asociaci\u00f3n<\/b><strong>\u00a0ha crecido en un 10%, con el alta de nuevas personas socias y hemos recibido un degoteo de donativos puntuales.<br \/>\n<\/strong>Para Punt de Refer\u00e8ncia, les personas socias sois muy importantes. Crecer en n\u00famero nos lleva a un mejor horizonte en\u00a0clave de estabilidad econ\u00f3mica para los proyectos de la entidad, y nos permite hacer previsiones fiables del estado de la econom\u00eda en los futuros meses. A la vez, el hecho que las personas que nos conoc\u00e9is, que en muchos casos sois voluntarios\/as previamente, deis el paso a asociaros nos hace pensar que confi\u00e1is en el trabajo que realizamos. Finalmente nos alegra que pod\u00e1is participar m\u00e1s personas en les decisiones que afectan a la entidad. Actualmente en la asociaci\u00f3n Punt de Refer\u00e8ncia ya hemos superado una barrera hist\u00f3rica: somos 107 persones socias.<br \/>\n<a href=\"https:\/\/puntdereferencia.org\/fes-te-soci-a\/\" target=\"_blank\" rel=\"noopener\">Te gustar\u00eda dar el paso<\/a>?<\/p>\n<p>&nbsp;<\/p>\n<p><b>Para dar respuesta a las necesidades b\u00e1sicas de los j\u00f3venes, han salido iniciativas que les est\u00e1n ayudando de una forma muy directa:\u00a0<\/b><\/p>\n<ul>\n<li><strong><a href=\"https:\/\/puntdereferencia.org\/tagradaria-fer-un-consum-mes-responsable-i-solidari-tenim-una-proposta\/\" target=\"_blank\" rel=\"noopener\">Campa\u00f1a #Todasalamesa, de la cooperativa Opcions<\/a>.<br \/>\n<\/strong><br \/>\n<img loading=\"lazy\" decoding=\"async\" class=\"wp-image-9068 alignleft\" src=\"https:\/\/puntdereferencia.org\/wp-content\/uploads\/2024\/07\/fruita5-1.png\" alt=\"\" width=\"335\" height=\"323\" \/><\/li>\n<\/ul>\n<p>Con la llegada de la crisis provocada por el coronavirus, la mayor\u00eda de j\u00f3venes se ha visto afectado por una reducci\u00f3n de jornada, por un ERTO y algunos de ellos, han perdido el trabajo. De estos \u00faltimos, el equipo educativo ha detectado algunos que no pueden hacer frente al pago del alquiler, ni de la comida de les pr\u00f3ximas semanas. En este contexto, la cooperativa Opcions ha creado un fondo solidario, gracias al cual ha\u00a0 hecho llegar cestas de productos frescos y de proximidad para los j\u00f3venes que m\u00e1s lo necesitan.<\/p>\n<p><a href=\"https:\/\/puntdereferencia.org\/tagradaria-fer-un-consum-mes-responsable-i-solidari-tenim-una-proposta\/\" target=\"_blank\" rel=\"noopener\">Desde casa, cualquier persona puede col\u00b7laborar.<\/a>\u00a0El 80% de la cuota de nuevas personas socias de Opcions que usen el c\u00f3digo \u00abATaulaPRefer\u00e8ncia\u00bb har\u00e1 crecer este fondo solidario directamente para j\u00f3venes de Punt de Refer\u00e8ncia, promoviendo a la vez el consumo consciente y de proximidad.<\/p>\n<p>&nbsp;<\/p>\n<p>&nbsp;<\/p>\n<p>&nbsp;<\/p>\n<p>&nbsp;<\/p>\n<ul>\n<li><strong>Gigas para combatir la brecha digital<br \/>\n<\/strong><br \/>\n<img loading=\"lazy\" decoding=\"async\" class=\"wp-image-9268 alignleft\" src=\"https:\/\/puntdereferencia.org\/wp-content\/uploads\/2024\/07\/IMG-20200430-WA0032.jpg\" alt=\"\" width=\"354\" height=\"265\" \/><\/li>\n<\/ul>\n<p>Parte de la juventud a qui\u00e9n acompa\u00f1amos no tiene internet all\u00ed donde reside, pero tiene m\u00e1s necesidad que nunca de mantenerse conectados y hablar con su familia o con los mentores y educadoras, en un momento de m\u00e1ximo distanciamiento f\u00edsico. No tener acceso a internet tambi\u00e9n les pon\u00eda muchas dificultades a la hora de intentar seguir las formaciones que se est\u00e1n dando en l\u00ednea.\u00a0Para superar esta brecha digital, la <a href=\"https:\/\/mobileworldcapital.com\/es\/\" target=\"_blank\" rel=\"noopener\"><strong>Fundaci\u00f3n Mobile World capital Barcelona<\/strong><\/a>\u00a0 nos ha hecho llegar 20 tarjetas SIM de Vodafone de 60G. Gracias a ellas, estos d\u00edas los chicos vuleven a estar conectados a su entorno.<\/p>\n<p>&nbsp;<\/p>\n<blockquote><p>\u00abMuch\u00edsimas gracias por la tarjeta, la voy a usar para hablar con la familia\u00bb\u00a0 Abdelilah, projecte Trajecte<\/p><\/blockquote>\n<p>&nbsp;<\/p>\n","protected":false},"excerpt":{"rendered":"<p>No podemos negar que pasamos por un momento complicado. As\u00ed os lo hemos hecho saber las \u00faltimas semanas a las personas que form\u00e1is parte de Punt de Refer\u00e8ncia. Desde entonces, hemos recibido muchas y diferentes muestras de apoyo. Os las queremos compartir, y sobre todo agradecer. La asociaci\u00f3n\u00a0ha crecido en un 10%, con el alta [&hellip;]<\/p>\n","protected":false},"author":1,"featured_media":21470,"comment_status":"open","ping_status":"open","sticky":false,"template":"","format":"standard","meta":{"footnotes":""},"categories":[913],"tags":[385,387],"class_list":["post-24531","post","type-post","status-publish","format-standard","has-post-thumbnail","hentry","category-noticias-es","tag-covid-19","tag-emergencia"],"yoast_head":"<!-- This site is optimized with the Yoast SEO plugin v27.1.1 - https:\/\/yoast.com\/product\/yoast-seo-wordpress\/ -->\n<title>En momentos dif\u00edciles, crecen las ayudas para j\u00f3venes. Gracias! - Punt de Referencia<\/title>\n<meta name=\"robots\" content=\"index, follow, max-snippet:-1, max-image-preview:large, max-video-preview:-1\" \/>\n<link rel=\"canonical\" href=\"https:\/\/puntdereferencia.org\/es\/en-moments-dificils-afloren-els-suports-per-al-jovent-gracies\/\" \/>\n<meta property=\"og:locale\" content=\"es_ES\" \/>\n<meta property=\"og:type\" content=\"article\" \/>\n<meta property=\"og:title\" content=\"En momentos dif\u00edciles, crecen las ayudas para j\u00f3venes. Gracias! - Punt de Referencia\" \/>\n<meta property=\"og:description\" content=\"No podemos negar que pasamos por un momento complicado. As\u00ed os lo hemos hecho saber las \u00faltimas semanas a las personas que form\u00e1is parte de Punt de Refer\u00e8ncia. Desde entonces, hemos recibido muchas y diferentes muestras de apoyo. Os las queremos compartir, y sobre todo agradecer. La asociaci\u00f3n\u00a0ha crecido en un 10%, con el alta [&hellip;]\" \/>\n<meta property=\"og:url\" content=\"https:\/\/puntdereferencia.org\/es\/en-moments-dificils-afloren-els-suports-per-al-jovent-gracies\/\" \/>\n<meta property=\"og:site_name\" content=\"Punt de Referencia\" \/>\n<meta property=\"article:published_time\" content=\"2020-04-30T10:05:44+00:00\" \/>\n<meta property=\"article:modified_time\" content=\"2024-07-31T06:38:09+00:00\" \/>\n<meta property=\"og:image\" content=\"https:\/\/puntdereferencia.org\/wp-content\/uploads\/2024\/07\/DSCF6520-scaled-2.jpg\" \/>\n\t<meta property=\"og:image:width\" content=\"2560\" \/>\n\t<meta property=\"og:image:height\" content=\"1736\" \/>\n\t<meta property=\"og:image:type\" content=\"image\/jpeg\" \/>\n<meta name=\"author\" content=\"admin\" \/>\n<meta name=\"twitter:card\" content=\"summary_large_image\" \/>\n<meta name=\"twitter:label1\" content=\"Escrito por\" \/>\n\t<meta name=\"twitter:data1\" content=\"admin\" \/>\n\t<meta name=\"twitter:label2\" content=\"Tiempo de lectura\" \/>\n\t<meta name=\"twitter:data2\" content=\"3 minutos\" \/>\n<script type=\"application\/ld+json\" class=\"yoast-schema-graph\">{\"@context\":\"https:\/\/schema.org\",\"@graph\":[{\"@type\":\"Article\",\"@id\":\"https:\/\/puntdereferencia.org\/es\/en-moments-dificils-afloren-els-suports-per-al-jovent-gracies\/#article\",\"isPartOf\":{\"@id\":\"https:\/\/puntdereferencia.org\/es\/en-moments-dificils-afloren-els-suports-per-al-jovent-gracies\/\"},\"author\":{\"name\":\"admin\",\"@id\":\"https:\/\/puntdereferencia.org\/es\/#\/schema\/person\/c475209bcc857303ec6ed0259d3cf078\"},\"headline\":\"En momentos dif\u00edciles, crecen las ayudas para j\u00f3venes. Gracias!\",\"datePublished\":\"2020-04-30T10:05:44+00:00\",\"dateModified\":\"2024-07-31T06:38:09+00:00\",\"mainEntityOfPage\":{\"@id\":\"https:\/\/puntdereferencia.org\/es\/en-moments-dificils-afloren-els-suports-per-al-jovent-gracies\/\"},\"wordCount\":527,\"commentCount\":714,\"image\":{\"@id\":\"https:\/\/puntdereferencia.org\/es\/en-moments-dificils-afloren-els-suports-per-al-jovent-gracies\/#primaryimage\"},\"thumbnailUrl\":\"https:\/\/puntdereferencia.org\/wp-content\/uploads\/2024\/07\/DSCF6520-scaled-2.jpg\",\"keywords\":[\"covid-19\",\"emerg\u00e8ncia\"],\"articleSection\":[\"NOTICIAS\"],\"inLanguage\":\"es\",\"potentialAction\":[{\"@type\":\"CommentAction\",\"name\":\"Comment\",\"target\":[\"https:\/\/puntdereferencia.org\/es\/en-moments-dificils-afloren-els-suports-per-al-jovent-gracies\/#respond\"]}]},{\"@type\":\"WebPage\",\"@id\":\"https:\/\/puntdereferencia.org\/es\/en-moments-dificils-afloren-els-suports-per-al-jovent-gracies\/\",\"url\":\"https:\/\/puntdereferencia.org\/es\/en-moments-dificils-afloren-els-suports-per-al-jovent-gracies\/\",\"name\":\"En momentos dif\u00edciles, crecen las ayudas para j\u00f3venes. Gracias! - Punt de Referencia\",\"isPartOf\":{\"@id\":\"https:\/\/puntdereferencia.org\/es\/#website\"},\"primaryImageOfPage\":{\"@id\":\"https:\/\/puntdereferencia.org\/es\/en-moments-dificils-afloren-els-suports-per-al-jovent-gracies\/#primaryimage\"},\"image\":{\"@id\":\"https:\/\/puntdereferencia.org\/es\/en-moments-dificils-afloren-els-suports-per-al-jovent-gracies\/#primaryimage\"},\"thumbnailUrl\":\"https:\/\/puntdereferencia.org\/wp-content\/uploads\/2024\/07\/DSCF6520-scaled-2.jpg\",\"datePublished\":\"2020-04-30T10:05:44+00:00\",\"dateModified\":\"2024-07-31T06:38:09+00:00\",\"author\":{\"@id\":\"https:\/\/puntdereferencia.org\/es\/#\/schema\/person\/c475209bcc857303ec6ed0259d3cf078\"},\"breadcrumb\":{\"@id\":\"https:\/\/puntdereferencia.org\/es\/en-moments-dificils-afloren-els-suports-per-al-jovent-gracies\/#breadcrumb\"},\"inLanguage\":\"es\",\"potentialAction\":[{\"@type\":\"ReadAction\",\"target\":[\"https:\/\/puntdereferencia.org\/es\/en-moments-dificils-afloren-els-suports-per-al-jovent-gracies\/\"]}]},{\"@type\":\"ImageObject\",\"inLanguage\":\"es\",\"@id\":\"https:\/\/puntdereferencia.org\/es\/en-moments-dificils-afloren-els-suports-per-al-jovent-gracies\/#primaryimage\",\"url\":\"https:\/\/puntdereferencia.org\/wp-content\/uploads\/2024\/07\/DSCF6520-scaled-2.jpg\",\"contentUrl\":\"https:\/\/puntdereferencia.org\/wp-content\/uploads\/2024\/07\/DSCF6520-scaled-2.jpg\",\"width\":2560,\"height\":1736},{\"@type\":\"BreadcrumbList\",\"@id\":\"https:\/\/puntdereferencia.org\/es\/en-moments-dificils-afloren-els-suports-per-al-jovent-gracies\/#breadcrumb\",\"itemListElement\":[{\"@type\":\"ListItem\",\"position\":1,\"name\":\"Inici\",\"item\":\"https:\/\/puntdereferencia.org\/es\/inicio\/\"},{\"@type\":\"ListItem\",\"position\":2,\"name\":\"En momentos dif\u00edciles, crecen las ayudas para j\u00f3venes. Gracias!\"}]},{\"@type\":\"WebSite\",\"@id\":\"https:\/\/puntdereferencia.org\/es\/#website\",\"url\":\"https:\/\/puntdereferencia.org\/es\/\",\"name\":\"Punt de Referencia\",\"description\":\"\",\"potentialAction\":[{\"@type\":\"SearchAction\",\"target\":{\"@type\":\"EntryPoint\",\"urlTemplate\":\"https:\/\/puntdereferencia.org\/es\/?s={search_term_string}\"},\"query-input\":{\"@type\":\"PropertyValueSpecification\",\"valueRequired\":true,\"valueName\":\"search_term_string\"}}],\"inLanguage\":\"es\"},{\"@type\":\"Person\",\"@id\":\"https:\/\/puntdereferencia.org\/es\/#\/schema\/person\/c475209bcc857303ec6ed0259d3cf078\",\"name\":\"admin\",\"image\":{\"@type\":\"ImageObject\",\"inLanguage\":\"es\",\"@id\":\"https:\/\/puntdereferencia.org\/es\/#\/schema\/person\/image\/\",\"url\":\"https:\/\/secure.gravatar.com\/avatar\/ff306d55f6aedb51a29e838506fafaa76a30bce9f5db9aca2e28921b903aaad2?s=96&d=mm&r=g\",\"contentUrl\":\"https:\/\/secure.gravatar.com\/avatar\/ff306d55f6aedb51a29e838506fafaa76a30bce9f5db9aca2e28921b903aaad2?s=96&d=mm&r=g\",\"caption\":\"admin\"},\"sameAs\":[\"http:\/\/\/home\/puntref\/webapps\/web2024\"],\"url\":\"https:\/\/puntdereferencia.org\/es\/author\/admin\/\"}]}<\/script>\n<!-- \/ Yoast SEO plugin. -->","yoast_head_json":{"title":"En momentos dif\u00edciles, crecen las ayudas para j\u00f3venes. Gracias! - Punt de Referencia","robots":{"index":"index","follow":"follow","max-snippet":"max-snippet:-1","max-image-preview":"max-image-preview:large","max-video-preview":"max-video-preview:-1"},"canonical":"https:\/\/puntdereferencia.org\/es\/en-moments-dificils-afloren-els-suports-per-al-jovent-gracies\/","og_locale":"es_ES","og_type":"article","og_title":"En momentos dif\u00edciles, crecen las ayudas para j\u00f3venes. Gracias! - Punt de Referencia","og_description":"No podemos negar que pasamos por un momento complicado. As\u00ed os lo hemos hecho saber las \u00faltimas semanas a las personas que form\u00e1is parte de Punt de Refer\u00e8ncia. Desde entonces, hemos recibido muchas y diferentes muestras de apoyo. Os las queremos compartir, y sobre todo agradecer. La asociaci\u00f3n\u00a0ha crecido en un 10%, con el alta [&hellip;]","og_url":"https:\/\/puntdereferencia.org\/es\/en-moments-dificils-afloren-els-suports-per-al-jovent-gracies\/","og_site_name":"Punt de Referencia","article_published_time":"2020-04-30T10:05:44+00:00","article_modified_time":"2024-07-31T06:38:09+00:00","og_image":[{"width":2560,"height":1736,"url":"https:\/\/puntdereferencia.org\/wp-content\/uploads\/2024\/07\/DSCF6520-scaled-2.jpg","type":"image\/jpeg"}],"author":"admin","twitter_card":"summary_large_image","twitter_misc":{"Escrito por":"admin","Tiempo de lectura":"3 minutos"},"schema":{"@context":"https:\/\/schema.org","@graph":[{"@type":"Article","@id":"https:\/\/puntdereferencia.org\/es\/en-moments-dificils-afloren-els-suports-per-al-jovent-gracies\/#article","isPartOf":{"@id":"https:\/\/puntdereferencia.org\/es\/en-moments-dificils-afloren-els-suports-per-al-jovent-gracies\/"},"author":{"name":"admin","@id":"https:\/\/puntdereferencia.org\/es\/#\/schema\/person\/c475209bcc857303ec6ed0259d3cf078"},"headline":"En momentos dif\u00edciles, crecen las ayudas para j\u00f3venes. Gracias!","datePublished":"2020-04-30T10:05:44+00:00","dateModified":"2024-07-31T06:38:09+00:00","mainEntityOfPage":{"@id":"https:\/\/puntdereferencia.org\/es\/en-moments-dificils-afloren-els-suports-per-al-jovent-gracies\/"},"wordCount":527,"commentCount":714,"image":{"@id":"https:\/\/puntdereferencia.org\/es\/en-moments-dificils-afloren-els-suports-per-al-jovent-gracies\/#primaryimage"},"thumbnailUrl":"https:\/\/puntdereferencia.org\/wp-content\/uploads\/2024\/07\/DSCF6520-scaled-2.jpg","keywords":["covid-19","emerg\u00e8ncia"],"articleSection":["NOTICIAS"],"inLanguage":"es","potentialAction":[{"@type":"CommentAction","name":"Comment","target":["https:\/\/puntdereferencia.org\/es\/en-moments-dificils-afloren-els-suports-per-al-jovent-gracies\/#respond"]}]},{"@type":"WebPage","@id":"https:\/\/puntdereferencia.org\/es\/en-moments-dificils-afloren-els-suports-per-al-jovent-gracies\/","url":"https:\/\/puntdereferencia.org\/es\/en-moments-dificils-afloren-els-suports-per-al-jovent-gracies\/","name":"En momentos dif\u00edciles, crecen las ayudas para j\u00f3venes. Gracias! - Punt de Referencia","isPartOf":{"@id":"https:\/\/puntdereferencia.org\/es\/#website"},"primaryImageOfPage":{"@id":"https:\/\/puntdereferencia.org\/es\/en-moments-dificils-afloren-els-suports-per-al-jovent-gracies\/#primaryimage"},"image":{"@id":"https:\/\/puntdereferencia.org\/es\/en-moments-dificils-afloren-els-suports-per-al-jovent-gracies\/#primaryimage"},"thumbnailUrl":"https:\/\/puntdereferencia.org\/wp-content\/uploads\/2024\/07\/DSCF6520-scaled-2.jpg","datePublished":"2020-04-30T10:05:44+00:00","dateModified":"2024-07-31T06:38:09+00:00","author":{"@id":"https:\/\/puntdereferencia.org\/es\/#\/schema\/person\/c475209bcc857303ec6ed0259d3cf078"},"breadcrumb":{"@id":"https:\/\/puntdereferencia.org\/es\/en-moments-dificils-afloren-els-suports-per-al-jovent-gracies\/#breadcrumb"},"inLanguage":"es","potentialAction":[{"@type":"ReadAction","target":["https:\/\/puntdereferencia.org\/es\/en-moments-dificils-afloren-els-suports-per-al-jovent-gracies\/"]}]},{"@type":"ImageObject","inLanguage":"es","@id":"https:\/\/puntdereferencia.org\/es\/en-moments-dificils-afloren-els-suports-per-al-jovent-gracies\/#primaryimage","url":"https:\/\/puntdereferencia.org\/wp-content\/uploads\/2024\/07\/DSCF6520-scaled-2.jpg","contentUrl":"https:\/\/puntdereferencia.org\/wp-content\/uploads\/2024\/07\/DSCF6520-scaled-2.jpg","width":2560,"height":1736},{"@type":"BreadcrumbList","@id":"https:\/\/puntdereferencia.org\/es\/en-moments-dificils-afloren-els-suports-per-al-jovent-gracies\/#breadcrumb","itemListElement":[{"@type":"ListItem","position":1,"name":"Inici","item":"https:\/\/puntdereferencia.org\/es\/inicio\/"},{"@type":"ListItem","position":2,"name":"En momentos dif\u00edciles, crecen las ayudas para j\u00f3venes. Gracias!"}]},{"@type":"WebSite","@id":"https:\/\/puntdereferencia.org\/es\/#website","url":"https:\/\/puntdereferencia.org\/es\/","name":"Punt de Referencia","description":"","potentialAction":[{"@type":"SearchAction","target":{"@type":"EntryPoint","urlTemplate":"https:\/\/puntdereferencia.org\/es\/?s={search_term_string}"},"query-input":{"@type":"PropertyValueSpecification","valueRequired":true,"valueName":"search_term_string"}}],"inLanguage":"es"},{"@type":"Person","@id":"https:\/\/puntdereferencia.org\/es\/#\/schema\/person\/c475209bcc857303ec6ed0259d3cf078","name":"admin","image":{"@type":"ImageObject","inLanguage":"es","@id":"https:\/\/puntdereferencia.org\/es\/#\/schema\/person\/image\/","url":"https:\/\/secure.gravatar.com\/avatar\/ff306d55f6aedb51a29e838506fafaa76a30bce9f5db9aca2e28921b903aaad2?s=96&d=mm&r=g","contentUrl":"https:\/\/secure.gravatar.com\/avatar\/ff306d55f6aedb51a29e838506fafaa76a30bce9f5db9aca2e28921b903aaad2?s=96&d=mm&r=g","caption":"admin"},"sameAs":["http:\/\/\/home\/puntref\/webapps\/web2024"],"url":"https:\/\/puntdereferencia.org\/es\/author\/admin\/"}]}},"_links":{"self":[{"href":"https:\/\/puntdereferencia.org\/es\/wp-json\/wp\/v2\/posts\/24531","targetHints":{"allow":["GET"]}}],"collection":[{"href":"https:\/\/puntdereferencia.org\/es\/wp-json\/wp\/v2\/posts"}],"about":[{"href":"https:\/\/puntdereferencia.org\/es\/wp-json\/wp\/v2\/types\/post"}],"author":[{"embeddable":true,"href":"https:\/\/puntdereferencia.org\/es\/wp-json\/wp\/v2\/users\/1"}],"replies":[{"embeddable":true,"href":"https:\/\/puntdereferencia.org\/es\/wp-json\/wp\/v2\/comments?post=24531"}],"version-history":[{"count":3,"href":"https:\/\/puntdereferencia.org\/es\/wp-json\/wp\/v2\/posts\/24531\/revisions"}],"predecessor-version":[{"id":26527,"href":"https:\/\/puntdereferencia.org\/es\/wp-json\/wp\/v2\/posts\/24531\/revisions\/26527"}],"wp:featuredmedia":[{"embeddable":true,"href":"https:\/\/puntdereferencia.org\/es\/wp-json\/wp\/v2\/media\/21470"}],"wp:attachment":[{"href":"https:\/\/puntdereferencia.org\/es\/wp-json\/wp\/v2\/media?parent=24531"}],"wp:term":[{"taxonomy":"category","embeddable":true,"href":"https:\/\/puntdereferencia.org\/es\/wp-json\/wp\/v2\/categories?post=24531"},{"taxonomy":"post_tag","embeddable":true,"href":"https:\/\/puntdereferencia.org\/es\/wp-json\/wp\/v2\/tags?post=24531"}],"curies":[{"name":"wp","href":"https:\/\/api.w.org\/{rel}","templated":true}]}}