{"id":24533,"date":"2020-04-30T14:22:37","date_gmt":"2020-04-30T14:22:37","guid":{"rendered":"https:\/\/puntdereferencia.org\/9252\/"},"modified":"2024-07-31T06:37:34","modified_gmt":"2024-07-31T06:37:34","slug":"9252","status":"publish","type":"post","link":"https:\/\/puntdereferencia.org\/es\/9252\/","title":{"rendered":"Afectaciones del Covid-19 a j\u00f3venes tutelados y extutelados: el \u00e1mbito laboral"},"content":{"rendered":"<p><strong>Emanciparse para la juventud tutelada y extutelada tiene una fecha concreta, pase lo que pase y tambi\u00e9n en medio de esta crisis.<\/strong>\u00a0La crisis sanitaria que estamos viviendo, representa un stop en la din\u00e1mica de vida que conoc\u00edamos hasta el momento, pero no representa un stop para el camino a la emancipaci\u00f3n.\u00a0El tiempo contin\u00faa corriendo y las oportunidades se han reducido. Ya que la crisis sanitaria ha llegado acompa\u00f1ada de una crisis social, que aumentar\u00e1 las desigualdades de partida que ya eran presentes en la nuestra sociedad.<\/p>\n<p><img loading=\"lazy\" decoding=\"async\" class=\"size-full wp-image-9253 alignleft\" src=\"https:\/\/puntdereferencia.org\/wp-content\/uploads\/2024\/07\/Lambit-laboral-2.png\" alt=\"\" width=\"500\" height=\"500\" \/><\/p>\n<p>&nbsp;<\/p>\n<p>&nbsp;<\/p>\n<p>Seg\u00fan el <a href=\"https:\/\/www.elcritic.cat\/dades\/vuit-grafics-sobre-la-desigualtat-en-temps-de-confinament-55029\" target=\"_blank\" rel=\"noopener\">El Cr\u00edtic<\/a> 700.000 personas en Catalu\u00f1a han perdido el trabajo de manera temporal; eso representa aproximadamente un 20% de la poblaci\u00f3n ocupada antes de la crisis. <strong>En el caso de la juventud tutelat y extutelada que participa en Punt de Refer\u00e8ncia, la afectaci\u00f3n ha sido para el 69% de los que trabajaban antes de la crisis. De estos, a un 44% se les ha aplicado ERTO, un 33% desconoce su nueva situaci\u00f3n laboral y un 12% han perdido el trabajo.<\/strong><\/p>\n<p>Despu\u00e9s de un mes y medio de confinamiento, recogemos a trav\u00e9s de la juventud que participa en Punt que hay un 50% de los j\u00f3venes que trabajaba a tiempo completo que ha visto afectada su situaci\u00f3n y un 75% de quienes lo hac\u00edan a tiempo parcial. Estos datos nos demuestran c\u00f3mo la afectaci\u00f3n a\u00fan es mayor para los j\u00f3venes en situaciones laborales m\u00e1s precarias de partida.<\/p>\n<p>Si pudi\u00e9ramos tener datos del todo el colectivo de juventud tutelat y extutelada probablemente la tendencia ser\u00eda parecida. Los datos muestran que la afectaci\u00f3n social y econ\u00f3mica de la crisis que estamos viviendo no es igual para todos. Esta crisis sanitaria, est\u00e1 poniendo en relieve a\u00fan m\u00e1s las desigualdades sociales existentes des de antes.<\/p>\n<p>&nbsp;<\/p>\n<p>&nbsp;<\/p>\n<p><strong><br \/>\nA corto, medio y largo plazo, esta crisis social se concretar\u00e1 a nivel\u00a0 laboral par ala juventud tutelada y extutelada en:<\/strong><\/p>\n<ul>\n<li>incertidumbre sobre qu\u00e9 pasar\u00e1 con las tramitaciones de sol\u00b7licitud de permiso de trabajo mediante una oferta de trabajo;<\/li>\n<li>una parada en sus trayectorias profesionales; y sobre todo para aquellos chicos\/as que estaba en fase de transici\u00f3n de estudios al \u00e1mbito laboral y han visto afectada la posibilidad de hacer pr\u00e1cticas formativas;<\/li>\n<li>m\u00e1s dificultades de acceso al trabajo;<\/li>\n<li>m\u00e1s dificultades de conseguir una oportunidad para acceder al permiso de trabajo para aquellos j\u00f3venes que tienen una trayectoria migratoria;<\/li>\n<li>y m\u00e1s precarizaci\u00f3n de los posibles trabajos futuros.<\/li>\n<\/ul>\n<p>Para acompa\u00f1ar j\u00f3venes en este reto, necesitamos continuar construyendo contextos que fomenten su propia resiliencia y les abran oportunidades reales para la emancipaci\u00f3n. Desde el d\u00eda a d\u00eda del acompa\u00f1amiento t\u00e9cnico, desde las personas referentes voluntarias, desde el trabajo en red e incidencia pol\u00edtica mediante las federaciones, desde las colaboraciones con el tejido empresarial, y, sobre todo, desde la escucha hacia los j\u00f3venes y las necesidades que les vayan surgiendo.<\/p>\n<p>Durante estas semanas, <strong>hemos recogido de los j\u00f3venes\u00a0<\/strong><strong>la importancia del apoyo emocional que reciben desde el acompa\u00f1amiento t\u00e9cnico y desde las personas referentes voluntarias<\/strong>, para hacer frente a la icertidumbre laboral\u00a0a la cual hacen frente. Teniendo un espacio afectivo de apoyo donde se escuchan y acogen sus preocupaciones y preguntas;\u00a0 que representen espacios de ocio y distensi\u00f3n que les carguen las energ\u00edas para continuar; que son espacios de reconocimiento de todo el esfuerzo que hacen para continuar; y de construcci\u00f3n conjunta de estrategias concretas para abrir nuevas oportunidades.<\/p>\n<p>Tambi\u00e9n, hemos recogido\u00a0<strong>la necesidad de orientaci\u00f3n para asesoramiento sobre aspectos laborales y legales sobre los procesos administrativos en curso, as\u00ed como la necesidad de conseguir oportunidades de trabajo<\/strong>, donde puedan demostrar todo el potencial que tienen y conseguir los ingresos que les permitan construir su emancipaci\u00f3n con garant\u00edas. Tienes alguna oportunidad para ellos?<\/p>\n<p>Porque la juventud tutelada y extutelada siempre tiene la exigencia de emanciparse sea el contexto que sea, y necesitan, como todas y todos, v\u00ednculos y una red de apoyo para hacerlo.\u00a0 Y necesitan, ahora m\u00e1s que nunca, oportunidades para conseguir su emancipaci\u00f3n con garant\u00edas.<\/p>\n","protected":false},"excerpt":{"rendered":"<p>Emanciparse para la juventud tutelada y extutelada tiene una fecha concreta, pase lo que pase y tambi\u00e9n en medio de esta crisis.\u00a0La crisis sanitaria que estamos viviendo, representa un stop en la din\u00e1mica de vida que conoc\u00edamos hasta el momento, pero no representa un stop para el camino a la emancipaci\u00f3n.\u00a0El tiempo contin\u00faa corriendo y [&hellip;]<\/p>\n","protected":false},"author":1,"featured_media":21478,"comment_status":"open","ping_status":"open","sticky":false,"template":"","format":"standard","meta":{"footnotes":""},"categories":[913],"tags":[385,404],"class_list":["post-24533","post","type-post","status-publish","format-standard","has-post-thumbnail","hentry","category-noticias-es","tag-covid-19","tag-crii"],"yoast_head":"<!-- This site is optimized with the Yoast SEO plugin v27.1.1 - https:\/\/yoast.com\/product\/yoast-seo-wordpress\/ -->\n<title>Afectaciones del Covid-19 a j\u00f3venes tutelados y extutelados: el \u00e1mbito laboral - Punt de Referencia<\/title>\n<meta name=\"robots\" content=\"index, follow, max-snippet:-1, max-image-preview:large, max-video-preview:-1\" \/>\n<link rel=\"canonical\" href=\"https:\/\/puntdereferencia.org\/es\/9252\/\" \/>\n<meta property=\"og:locale\" content=\"es_ES\" \/>\n<meta property=\"og:type\" content=\"article\" \/>\n<meta property=\"og:title\" content=\"Afectaciones del Covid-19 a j\u00f3venes tutelados y extutelados: el \u00e1mbito laboral - Punt de Referencia\" \/>\n<meta property=\"og:description\" content=\"Emanciparse para la juventud tutelada y extutelada tiene una fecha concreta, pase lo que pase y tambi\u00e9n en medio de esta crisis.\u00a0La crisis sanitaria que estamos viviendo, representa un stop en la din\u00e1mica de vida que conoc\u00edamos hasta el momento, pero no representa un stop para el camino a la emancipaci\u00f3n.\u00a0El tiempo contin\u00faa corriendo y [&hellip;]\" \/>\n<meta property=\"og:url\" content=\"https:\/\/puntdereferencia.org\/es\/9252\/\" \/>\n<meta property=\"og:site_name\" content=\"Punt de Referencia\" \/>\n<meta property=\"article:published_time\" content=\"2020-04-30T14:22:37+00:00\" \/>\n<meta property=\"article:modified_time\" content=\"2024-07-31T06:37:34+00:00\" \/>\n<meta property=\"og:image\" content=\"https:\/\/puntdereferencia.org\/wp-content\/uploads\/2024\/07\/DSC_0647-scaled-1.jpg\" \/>\n\t<meta property=\"og:image:width\" content=\"2560\" \/>\n\t<meta property=\"og:image:height\" content=\"1702\" \/>\n\t<meta property=\"og:image:type\" content=\"image\/jpeg\" \/>\n<meta name=\"author\" content=\"admin\" \/>\n<meta name=\"twitter:card\" content=\"summary_large_image\" \/>\n<meta name=\"twitter:label1\" content=\"Escrito por\" \/>\n\t<meta name=\"twitter:data1\" content=\"admin\" \/>\n\t<meta name=\"twitter:label2\" content=\"Tiempo de lectura\" \/>\n\t<meta name=\"twitter:data2\" content=\"4 minutos\" \/>\n<script type=\"application\/ld+json\" class=\"yoast-schema-graph\">{\"@context\":\"https:\/\/schema.org\",\"@graph\":[{\"@type\":\"Article\",\"@id\":\"https:\/\/puntdereferencia.org\/es\/9252\/#article\",\"isPartOf\":{\"@id\":\"https:\/\/puntdereferencia.org\/es\/9252\/\"},\"author\":{\"name\":\"admin\",\"@id\":\"https:\/\/puntdereferencia.org\/es\/#\/schema\/person\/c475209bcc857303ec6ed0259d3cf078\"},\"headline\":\"Afectaciones del Covid-19 a j\u00f3venes tutelados y extutelados: el \u00e1mbito laboral\",\"datePublished\":\"2020-04-30T14:22:37+00:00\",\"dateModified\":\"2024-07-31T06:37:34+00:00\",\"mainEntityOfPage\":{\"@id\":\"https:\/\/puntdereferencia.org\/es\/9252\/\"},\"wordCount\":723,\"commentCount\":0,\"image\":{\"@id\":\"https:\/\/puntdereferencia.org\/es\/9252\/#primaryimage\"},\"thumbnailUrl\":\"https:\/\/puntdereferencia.org\/wp-content\/uploads\/2024\/07\/DSC_0647-scaled-1.jpg\",\"keywords\":[\"covid-19\",\"crii\"],\"articleSection\":[\"NOTICIAS\"],\"inLanguage\":\"es\",\"potentialAction\":[{\"@type\":\"CommentAction\",\"name\":\"Comment\",\"target\":[\"https:\/\/puntdereferencia.org\/es\/9252\/#respond\"]}]},{\"@type\":\"WebPage\",\"@id\":\"https:\/\/puntdereferencia.org\/es\/9252\/\",\"url\":\"https:\/\/puntdereferencia.org\/es\/9252\/\",\"name\":\"Afectaciones del Covid-19 a j\u00f3venes tutelados y extutelados: el \u00e1mbito laboral - Punt de Referencia\",\"isPartOf\":{\"@id\":\"https:\/\/puntdereferencia.org\/es\/#website\"},\"primaryImageOfPage\":{\"@id\":\"https:\/\/puntdereferencia.org\/es\/9252\/#primaryimage\"},\"image\":{\"@id\":\"https:\/\/puntdereferencia.org\/es\/9252\/#primaryimage\"},\"thumbnailUrl\":\"https:\/\/puntdereferencia.org\/wp-content\/uploads\/2024\/07\/DSC_0647-scaled-1.jpg\",\"datePublished\":\"2020-04-30T14:22:37+00:00\",\"dateModified\":\"2024-07-31T06:37:34+00:00\",\"author\":{\"@id\":\"https:\/\/puntdereferencia.org\/es\/#\/schema\/person\/c475209bcc857303ec6ed0259d3cf078\"},\"breadcrumb\":{\"@id\":\"https:\/\/puntdereferencia.org\/es\/9252\/#breadcrumb\"},\"inLanguage\":\"es\",\"potentialAction\":[{\"@type\":\"ReadAction\",\"target\":[\"https:\/\/puntdereferencia.org\/es\/9252\/\"]}]},{\"@type\":\"ImageObject\",\"inLanguage\":\"es\",\"@id\":\"https:\/\/puntdereferencia.org\/es\/9252\/#primaryimage\",\"url\":\"https:\/\/puntdereferencia.org\/wp-content\/uploads\/2024\/07\/DSC_0647-scaled-1.jpg\",\"contentUrl\":\"https:\/\/puntdereferencia.org\/wp-content\/uploads\/2024\/07\/DSC_0647-scaled-1.jpg\",\"width\":2560,\"height\":1702},{\"@type\":\"BreadcrumbList\",\"@id\":\"https:\/\/puntdereferencia.org\/es\/9252\/#breadcrumb\",\"itemListElement\":[{\"@type\":\"ListItem\",\"position\":1,\"name\":\"Inici\",\"item\":\"https:\/\/puntdereferencia.org\/es\/inicio\/\"},{\"@type\":\"ListItem\",\"position\":2,\"name\":\"Afectaciones del Covid-19 a j\u00f3venes tutelados y extutelados: el \u00e1mbito laboral\"}]},{\"@type\":\"WebSite\",\"@id\":\"https:\/\/puntdereferencia.org\/es\/#website\",\"url\":\"https:\/\/puntdereferencia.org\/es\/\",\"name\":\"Punt de Referencia\",\"description\":\"\",\"potentialAction\":[{\"@type\":\"SearchAction\",\"target\":{\"@type\":\"EntryPoint\",\"urlTemplate\":\"https:\/\/puntdereferencia.org\/es\/?s={search_term_string}\"},\"query-input\":{\"@type\":\"PropertyValueSpecification\",\"valueRequired\":true,\"valueName\":\"search_term_string\"}}],\"inLanguage\":\"es\"},{\"@type\":\"Person\",\"@id\":\"https:\/\/puntdereferencia.org\/es\/#\/schema\/person\/c475209bcc857303ec6ed0259d3cf078\",\"name\":\"admin\",\"image\":{\"@type\":\"ImageObject\",\"inLanguage\":\"es\",\"@id\":\"https:\/\/puntdereferencia.org\/es\/#\/schema\/person\/image\/\",\"url\":\"https:\/\/secure.gravatar.com\/avatar\/ff306d55f6aedb51a29e838506fafaa76a30bce9f5db9aca2e28921b903aaad2?s=96&d=mm&r=g\",\"contentUrl\":\"https:\/\/secure.gravatar.com\/avatar\/ff306d55f6aedb51a29e838506fafaa76a30bce9f5db9aca2e28921b903aaad2?s=96&d=mm&r=g\",\"caption\":\"admin\"},\"sameAs\":[\"http:\/\/\/home\/puntref\/webapps\/web2024\"],\"url\":\"https:\/\/puntdereferencia.org\/es\/author\/admin\/\"}]}<\/script>\n<!-- \/ Yoast SEO plugin. -->","yoast_head_json":{"title":"Afectaciones del Covid-19 a j\u00f3venes tutelados y extutelados: el \u00e1mbito laboral - Punt de Referencia","robots":{"index":"index","follow":"follow","max-snippet":"max-snippet:-1","max-image-preview":"max-image-preview:large","max-video-preview":"max-video-preview:-1"},"canonical":"https:\/\/puntdereferencia.org\/es\/9252\/","og_locale":"es_ES","og_type":"article","og_title":"Afectaciones del Covid-19 a j\u00f3venes tutelados y extutelados: el \u00e1mbito laboral - Punt de Referencia","og_description":"Emanciparse para la juventud tutelada y extutelada tiene una fecha concreta, pase lo que pase y tambi\u00e9n en medio de esta crisis.\u00a0La crisis sanitaria que estamos viviendo, representa un stop en la din\u00e1mica de vida que conoc\u00edamos hasta el momento, pero no representa un stop para el camino a la emancipaci\u00f3n.\u00a0El tiempo contin\u00faa corriendo y [&hellip;]","og_url":"https:\/\/puntdereferencia.org\/es\/9252\/","og_site_name":"Punt de Referencia","article_published_time":"2020-04-30T14:22:37+00:00","article_modified_time":"2024-07-31T06:37:34+00:00","og_image":[{"width":2560,"height":1702,"url":"https:\/\/puntdereferencia.org\/wp-content\/uploads\/2024\/07\/DSC_0647-scaled-1.jpg","type":"image\/jpeg"}],"author":"admin","twitter_card":"summary_large_image","twitter_misc":{"Escrito por":"admin","Tiempo de lectura":"4 minutos"},"schema":{"@context":"https:\/\/schema.org","@graph":[{"@type":"Article","@id":"https:\/\/puntdereferencia.org\/es\/9252\/#article","isPartOf":{"@id":"https:\/\/puntdereferencia.org\/es\/9252\/"},"author":{"name":"admin","@id":"https:\/\/puntdereferencia.org\/es\/#\/schema\/person\/c475209bcc857303ec6ed0259d3cf078"},"headline":"Afectaciones del Covid-19 a j\u00f3venes tutelados y extutelados: el \u00e1mbito laboral","datePublished":"2020-04-30T14:22:37+00:00","dateModified":"2024-07-31T06:37:34+00:00","mainEntityOfPage":{"@id":"https:\/\/puntdereferencia.org\/es\/9252\/"},"wordCount":723,"commentCount":0,"image":{"@id":"https:\/\/puntdereferencia.org\/es\/9252\/#primaryimage"},"thumbnailUrl":"https:\/\/puntdereferencia.org\/wp-content\/uploads\/2024\/07\/DSC_0647-scaled-1.jpg","keywords":["covid-19","crii"],"articleSection":["NOTICIAS"],"inLanguage":"es","potentialAction":[{"@type":"CommentAction","name":"Comment","target":["https:\/\/puntdereferencia.org\/es\/9252\/#respond"]}]},{"@type":"WebPage","@id":"https:\/\/puntdereferencia.org\/es\/9252\/","url":"https:\/\/puntdereferencia.org\/es\/9252\/","name":"Afectaciones del Covid-19 a j\u00f3venes tutelados y extutelados: el \u00e1mbito laboral - Punt de Referencia","isPartOf":{"@id":"https:\/\/puntdereferencia.org\/es\/#website"},"primaryImageOfPage":{"@id":"https:\/\/puntdereferencia.org\/es\/9252\/#primaryimage"},"image":{"@id":"https:\/\/puntdereferencia.org\/es\/9252\/#primaryimage"},"thumbnailUrl":"https:\/\/puntdereferencia.org\/wp-content\/uploads\/2024\/07\/DSC_0647-scaled-1.jpg","datePublished":"2020-04-30T14:22:37+00:00","dateModified":"2024-07-31T06:37:34+00:00","author":{"@id":"https:\/\/puntdereferencia.org\/es\/#\/schema\/person\/c475209bcc857303ec6ed0259d3cf078"},"breadcrumb":{"@id":"https:\/\/puntdereferencia.org\/es\/9252\/#breadcrumb"},"inLanguage":"es","potentialAction":[{"@type":"ReadAction","target":["https:\/\/puntdereferencia.org\/es\/9252\/"]}]},{"@type":"ImageObject","inLanguage":"es","@id":"https:\/\/puntdereferencia.org\/es\/9252\/#primaryimage","url":"https:\/\/puntdereferencia.org\/wp-content\/uploads\/2024\/07\/DSC_0647-scaled-1.jpg","contentUrl":"https:\/\/puntdereferencia.org\/wp-content\/uploads\/2024\/07\/DSC_0647-scaled-1.jpg","width":2560,"height":1702},{"@type":"BreadcrumbList","@id":"https:\/\/puntdereferencia.org\/es\/9252\/#breadcrumb","itemListElement":[{"@type":"ListItem","position":1,"name":"Inici","item":"https:\/\/puntdereferencia.org\/es\/inicio\/"},{"@type":"ListItem","position":2,"name":"Afectaciones del Covid-19 a j\u00f3venes tutelados y extutelados: el \u00e1mbito laboral"}]},{"@type":"WebSite","@id":"https:\/\/puntdereferencia.org\/es\/#website","url":"https:\/\/puntdereferencia.org\/es\/","name":"Punt de Referencia","description":"","potentialAction":[{"@type":"SearchAction","target":{"@type":"EntryPoint","urlTemplate":"https:\/\/puntdereferencia.org\/es\/?s={search_term_string}"},"query-input":{"@type":"PropertyValueSpecification","valueRequired":true,"valueName":"search_term_string"}}],"inLanguage":"es"},{"@type":"Person","@id":"https:\/\/puntdereferencia.org\/es\/#\/schema\/person\/c475209bcc857303ec6ed0259d3cf078","name":"admin","image":{"@type":"ImageObject","inLanguage":"es","@id":"https:\/\/puntdereferencia.org\/es\/#\/schema\/person\/image\/","url":"https:\/\/secure.gravatar.com\/avatar\/ff306d55f6aedb51a29e838506fafaa76a30bce9f5db9aca2e28921b903aaad2?s=96&d=mm&r=g","contentUrl":"https:\/\/secure.gravatar.com\/avatar\/ff306d55f6aedb51a29e838506fafaa76a30bce9f5db9aca2e28921b903aaad2?s=96&d=mm&r=g","caption":"admin"},"sameAs":["http:\/\/\/home\/puntref\/webapps\/web2024"],"url":"https:\/\/puntdereferencia.org\/es\/author\/admin\/"}]}},"_links":{"self":[{"href":"https:\/\/puntdereferencia.org\/es\/wp-json\/wp\/v2\/posts\/24533","targetHints":{"allow":["GET"]}}],"collection":[{"href":"https:\/\/puntdereferencia.org\/es\/wp-json\/wp\/v2\/posts"}],"about":[{"href":"https:\/\/puntdereferencia.org\/es\/wp-json\/wp\/v2\/types\/post"}],"author":[{"embeddable":true,"href":"https:\/\/puntdereferencia.org\/es\/wp-json\/wp\/v2\/users\/1"}],"replies":[{"embeddable":true,"href":"https:\/\/puntdereferencia.org\/es\/wp-json\/wp\/v2\/comments?post=24533"}],"version-history":[{"count":3,"href":"https:\/\/puntdereferencia.org\/es\/wp-json\/wp\/v2\/posts\/24533\/revisions"}],"predecessor-version":[{"id":26525,"href":"https:\/\/puntdereferencia.org\/es\/wp-json\/wp\/v2\/posts\/24533\/revisions\/26525"}],"wp:featuredmedia":[{"embeddable":true,"href":"https:\/\/puntdereferencia.org\/es\/wp-json\/wp\/v2\/media\/21478"}],"wp:attachment":[{"href":"https:\/\/puntdereferencia.org\/es\/wp-json\/wp\/v2\/media?parent=24533"}],"wp:term":[{"taxonomy":"category","embeddable":true,"href":"https:\/\/puntdereferencia.org\/es\/wp-json\/wp\/v2\/categories?post=24533"},{"taxonomy":"post_tag","embeddable":true,"href":"https:\/\/puntdereferencia.org\/es\/wp-json\/wp\/v2\/tags?post=24533"}],"curies":[{"name":"wp","href":"https:\/\/api.w.org\/{rel}","templated":true}]}}