{"id":24542,"date":"2020-05-28T17:01:51","date_gmt":"2020-05-28T17:01:51","guid":{"rendered":"https:\/\/puntdereferencia.org\/assemblea-2020-valorem-lany-2019-i-presentem-els-reptes-pel-2020\/"},"modified":"2024-07-31T06:34:58","modified_gmt":"2024-07-31T06:34:58","slug":"assemblea-2020-valorem-lany-2019-i-presentem-els-reptes-pel-2020","status":"publish","type":"post","link":"https:\/\/puntdereferencia.org\/es\/assemblea-2020-valorem-lany-2019-i-presentem-els-reptes-pel-2020\/","title":{"rendered":"Asamblea 2020: valoramos el a\u00f1o 2019 y presentamos los retos para el 2020"},"content":{"rendered":"<p>La Asamblea anual de Punt de Refer\u00e8ncia se ha celebrado de manera virtual, este cambio de formato ha permitido que la participaci\u00f3n haya sido la m\u00e1s alta\u00a0en la historia de la entidad, con 25 socios y socias.<\/p>\n<p><img loading=\"lazy\" decoding=\"async\" class=\"wp-image-9576 alignleft\" src=\"https:\/\/puntdereferencia.org\/wp-content\/uploads\/2024\/07\/Assemblea-socies-tallada.jpg\" alt=\"\" width=\"511\" height=\"261\" \/><\/p>\n<p>La asamblea es un buen espacio para aprovechar y explicar a las\u00a0personas socias de Punt de Refer\u00e8ncia como evoluciona la econom\u00eda de la entidad y el funcionamiento de los proyectos y tener un espacio donde poder realizar propuestas de cara al pr\u00f3ximo curso.<\/p>\n<p>En referencia a la econom\u00eda, <strong>los asistentes aprobaron el cierre econ\u00f3mico del a\u00f1o 2019 <\/strong>(la auditoria econ\u00f3mica se podr\u00e1 consultar en pocas semanas a nuestra web) <strong>y el presupuesto de 2020, que ha hecho falta revisar una vez llegada la pandemia<\/strong>. Las personas socias estuvieron de acuerdo en frenar el crecimiento de la entidad, para garantizar la sostenibilidad.<\/p>\n<p>Tambi\u00e9n <strong>se aprov\u00f3 la incorporaci\u00f3n de Maria Iglesias en la Junta directiva<\/strong>, que ahora est\u00e1 formada por 7 personas: Juanjo Ortega (Presidente), Joan Prat (Secretario), M\u00f3nica Ar\u00fas (Tesorera) y los vocales Isidre Carbonell, Carmen Netzel, Eloi Jerez y Maria Iglesias.<\/p>\n<p>Por lo referente a los Proyectos, Punt de Refer\u00e8ncia explic\u00f3 en detalle las previsiones de cada uno de cara al 2020, hacemos un resumen:<\/p>\n<p><strong>Primeras Acogidas<\/strong>: Es la puerta de entrada en Punt de Refer\u00e8ncia para los j\u00f3venes y el voluntariado. Desde las acogidas prevemos atender m\u00e1s de 150 j\u00f3venes y acoger m\u00e1s de 350 personas en sesiones informativas de voluntariado.<\/p>\n<p><strong>PROYECTOS DE MENTOR\u00cdA: <\/strong>Se destaca el hecho que, desde 2019, todos los proyectos de mentor\u00eda atienden a j\u00f3venes a partir de los 16 a\u00f1os, un hecho que tendr\u00e1 continuidad durante el 2020.<\/p>\n<p><strong>Referentes<\/strong><\/p>\n<ul>\n<li>Acompa\u00f1aremos 50 parejas de mentores, y la duraci\u00f3n de las relaciones entre j\u00f3venes y referentes se alarga a 10 meses.<\/li>\n<li>Incorporamos los aprendizajes en base a la investigaci\u00f3n sobre proyectos de mentor\u00eda en la cual hemos participado: Applying mentoring<\/li>\n<\/ul>\n<p><strong>Atenea<\/strong><\/p>\n<ul>\n<li><strong>Formaremos 15 parejas de mentor\u00eda y abriremos 20 plazas para j\u00f3venes en el espacio de estudio<\/strong>. El proyecto de mentor\u00eda intensificar\u00e1 el trabajo dirigido relacionado con las t\u00e9cnicas de estudio. Atenea contar\u00e1 tambi\u00e9n con parejas de mentor\u00eda que quieran participar por segundo a\u00f1o.<\/li>\n<\/ul>\n<p><strong>GR16-18<\/strong><\/p>\n<ul>\n<li>De cara al curso 2020-21 el modelo de mentor\u00eda ya no ser\u00e1\u00a0grupal sino que pasar\u00e1 a ser de 1 a 1 y complementado con actividades grupales de fotograf\u00eda. Se ampliar\u00e1 el proyecto a 15 parejas y se destacar\u00e1 un trabajo individual e intensivo.<\/li>\n<\/ul>\n<p>&nbsp;<\/p>\n<p><strong>PROYECTOS DE VIVIENDA: Cuentan con j\u00f3venes de 18 a 21 a\u00f1os con los que se quiere tender a ofrecer un itinerario de vivienda m\u00e1s all\u00e1 de un recurso, alargando el apoyo socioeducativo m\u00e1s all\u00e1 de los 21 a\u00f1os.\u00a0<\/strong><\/p>\n<p><strong>Pisos asistidos<\/strong><\/p>\n<ul>\n<li>Se contar\u00e1 con 12 plazas mixtas en 3 pisos (en Barcelona, Cornell\u00e0 y l\u2019Hospitalet).<\/li>\n<li>El m\u00e9todo de trabajo prev\u00e9 un cambio\u00a0 hacia un modelo de trabajo con los j\u00f3venes por competencias. Para el 2020 prevemos tambi\u00e9n un crecimiento en las necesidades de apoyo jur\u00eddico.<\/li>\n<\/ul>\n<p><strong>Acoge<\/strong><\/p>\n<ul>\n<li>Contar\u00e1 con 6 nuevas familias acogedoras de j\u00f3venes migrantes, de poblaciones del \u00c1rea Metropolitana de Barcelona.<\/li>\n<li>Reorganizaremos los seguimientos grupales con los n\u00facleos acogedores, que pasen a ser bimensuales combinados con espacios de ocio compartido.<\/li>\n<\/ul>\n<p>&nbsp;<\/p>\n<p><strong><br \/>\nPROYECTOS DE APOYO SOCIOEDUCATIVO Y PARTICIPACI\u00d3N<\/strong><\/p>\n<p><strong>Trayecto<\/strong><\/p>\n<ul>\n<li>Es prev\u00e9 ofrecer apoyo a 40 j\u00f3venes. Fruto de la creciente demanda de acompa\u00f1amiento, trabajamos para construir alianzas para atender mejor la juventud sin techo.<\/li>\n<\/ul>\n<p><strong>JovesXjoves<\/strong><\/p>\n<ul>\n<li>Se realizar\u00e1n actividades grupales y talleres sobre nuevas masculinidades para construir un grupo de 10 j\u00f3venes impulsores de este proyecto de participaci\u00f3n.<\/li>\n<\/ul>\n<p>&nbsp;<\/p>\n<p><strong>\u00c1REA FORMACI\u00d3N Y CONSULTOR\u00cdA<\/strong><\/p>\n<ul>\n<li>Seguiremos ofreciendo consultor\u00edas a demanda de otras organizaciones sobre el modelo de mentor\u00eda de Punt de Refer\u00e8ncia. De cara al 2020 hay cerradas las demandas del Pla Catal\u00e0 de Refugi de la Generalitat de Catalunya y el programa IncorporaJoven de Fundaci\u00f3 La Caixa.<\/li>\n<li>El 2019 hemos dise\u00f1ado una nueva formaci\u00f3n en acompa\u00f1amiento desde las figuras de referencia, que permitir\u00e1 consolidar las formaciones de esta \u00e1rea.<\/li>\n<li>El 2020 prevemos dise\u00f1ar una nueva formaci\u00f3n para facilitar acogidas familiares.<\/li>\n<\/ul>\n<p>&nbsp;<\/p>\n<p><strong>\u00c1REA INTERNACIONAL<\/strong><\/p>\n<ul>\n<li>Continuar\u00e1 nuestra participaci\u00f3n en el Comit\u00e9 ejecutivo organizativo del European Mentoring Summit de Barcelona.<\/li>\n<li>La colaboraci\u00f3n con el proyecto Re-Generations continuar\u00e1 durante el 2020, y las formaciones previstas con las entidades de It\u00e0lia y Grecia se realizar\u00e1n mediante webinars.<\/li>\n<\/ul>\n<p>&nbsp;<\/p>\n<p>Despu\u00e9s de esta intensa puesta al d\u00eda, esperamos volver a retomar algunas reflexiones de aqu\u00ed unos meses con las personas socias, y poder trabajar conjuntamente el Plan Estrat\u00e9gico o imaginar c\u00f3mo nos gustar\u00eda hacer Punt de Refer\u00e8ncia a lo largo de los pr\u00f3ximos a\u00f1os.<\/p>\n","protected":false},"excerpt":{"rendered":"<p>La Asamblea anual de Punt de Refer\u00e8ncia se ha celebrado de manera virtual, este cambio de formato ha permitido que la participaci\u00f3n haya sido la m\u00e1s alta\u00a0en la historia de la entidad, con 25 socios y socias. La asamblea es un buen espacio para aprovechar y explicar a las\u00a0personas socias de Punt de Refer\u00e8ncia como [&hellip;]<\/p>\n","protected":false},"author":1,"featured_media":21525,"comment_status":"open","ping_status":"open","sticky":false,"template":"","format":"standard","meta":{"footnotes":""},"categories":[913],"tags":[417,418,258],"class_list":["post-24542","post","type-post","status-publish","format-standard","has-post-thumbnail","hentry","category-noticias-es","tag-assemblea","tag-junta","tag-socis"],"yoast_head":"<!-- This site is optimized with the Yoast SEO plugin v27.1.1 - https:\/\/yoast.com\/product\/yoast-seo-wordpress\/ -->\n<title>Asamblea 2020: valoramos el a\u00f1o 2019 y presentamos los retos para el 2020 - Punt de Referencia<\/title>\n<meta name=\"robots\" content=\"index, follow, max-snippet:-1, max-image-preview:large, max-video-preview:-1\" \/>\n<link rel=\"canonical\" href=\"https:\/\/puntdereferencia.org\/es\/assemblea-2020-valorem-lany-2019-i-presentem-els-reptes-pel-2020\/\" \/>\n<meta property=\"og:locale\" content=\"es_ES\" \/>\n<meta property=\"og:type\" content=\"article\" \/>\n<meta property=\"og:title\" content=\"Asamblea 2020: valoramos el a\u00f1o 2019 y presentamos los retos para el 2020 - Punt de Referencia\" \/>\n<meta property=\"og:description\" content=\"La Asamblea anual de Punt de Refer\u00e8ncia se ha celebrado de manera virtual, este cambio de formato ha permitido que la participaci\u00f3n haya sido la m\u00e1s alta\u00a0en la historia de la entidad, con 25 socios y socias. La asamblea es un buen espacio para aprovechar y explicar a las\u00a0personas socias de Punt de Refer\u00e8ncia como [&hellip;]\" \/>\n<meta property=\"og:url\" content=\"https:\/\/puntdereferencia.org\/es\/assemblea-2020-valorem-lany-2019-i-presentem-els-reptes-pel-2020\/\" \/>\n<meta property=\"og:site_name\" content=\"Punt de Referencia\" \/>\n<meta property=\"article:published_time\" content=\"2020-05-28T17:01:51+00:00\" \/>\n<meta property=\"article:modified_time\" content=\"2024-07-31T06:34:58+00:00\" \/>\n<meta property=\"og:image\" content=\"https:\/\/puntdereferencia.org\/wp-content\/uploads\/2024\/07\/IMG_20190605_184342-scaled-1.jpg\" \/>\n\t<meta property=\"og:image:width\" content=\"2560\" \/>\n\t<meta property=\"og:image:height\" content=\"1509\" \/>\n\t<meta property=\"og:image:type\" content=\"image\/jpeg\" \/>\n<meta name=\"author\" content=\"admin\" \/>\n<meta name=\"twitter:card\" content=\"summary_large_image\" \/>\n<meta name=\"twitter:label1\" content=\"Escrito por\" \/>\n\t<meta name=\"twitter:data1\" content=\"admin\" \/>\n\t<meta name=\"twitter:label2\" content=\"Tiempo de lectura\" \/>\n\t<meta name=\"twitter:data2\" content=\"4 minutos\" \/>\n<script type=\"application\/ld+json\" class=\"yoast-schema-graph\">{\"@context\":\"https:\/\/schema.org\",\"@graph\":[{\"@type\":\"Article\",\"@id\":\"https:\/\/puntdereferencia.org\/es\/assemblea-2020-valorem-lany-2019-i-presentem-els-reptes-pel-2020\/#article\",\"isPartOf\":{\"@id\":\"https:\/\/puntdereferencia.org\/es\/assemblea-2020-valorem-lany-2019-i-presentem-els-reptes-pel-2020\/\"},\"author\":{\"name\":\"admin\",\"@id\":\"https:\/\/puntdereferencia.org\/es\/#\/schema\/person\/c475209bcc857303ec6ed0259d3cf078\"},\"headline\":\"Asamblea 2020: valoramos el a\u00f1o 2019 y presentamos los retos para el 2020\",\"datePublished\":\"2020-05-28T17:01:51+00:00\",\"dateModified\":\"2024-07-31T06:34:58+00:00\",\"mainEntityOfPage\":{\"@id\":\"https:\/\/puntdereferencia.org\/es\/assemblea-2020-valorem-lany-2019-i-presentem-els-reptes-pel-2020\/\"},\"wordCount\":807,\"commentCount\":0,\"image\":{\"@id\":\"https:\/\/puntdereferencia.org\/es\/assemblea-2020-valorem-lany-2019-i-presentem-els-reptes-pel-2020\/#primaryimage\"},\"thumbnailUrl\":\"https:\/\/puntdereferencia.org\/wp-content\/uploads\/2024\/07\/IMG_20190605_184342-scaled-1.jpg\",\"keywords\":[\"assemblea\",\"junta\",\"socis\"],\"articleSection\":[\"NOTICIAS\"],\"inLanguage\":\"es\",\"potentialAction\":[{\"@type\":\"CommentAction\",\"name\":\"Comment\",\"target\":[\"https:\/\/puntdereferencia.org\/es\/assemblea-2020-valorem-lany-2019-i-presentem-els-reptes-pel-2020\/#respond\"]}]},{\"@type\":\"WebPage\",\"@id\":\"https:\/\/puntdereferencia.org\/es\/assemblea-2020-valorem-lany-2019-i-presentem-els-reptes-pel-2020\/\",\"url\":\"https:\/\/puntdereferencia.org\/es\/assemblea-2020-valorem-lany-2019-i-presentem-els-reptes-pel-2020\/\",\"name\":\"Asamblea 2020: valoramos el a\u00f1o 2019 y presentamos los retos para el 2020 - Punt de Referencia\",\"isPartOf\":{\"@id\":\"https:\/\/puntdereferencia.org\/es\/#website\"},\"primaryImageOfPage\":{\"@id\":\"https:\/\/puntdereferencia.org\/es\/assemblea-2020-valorem-lany-2019-i-presentem-els-reptes-pel-2020\/#primaryimage\"},\"image\":{\"@id\":\"https:\/\/puntdereferencia.org\/es\/assemblea-2020-valorem-lany-2019-i-presentem-els-reptes-pel-2020\/#primaryimage\"},\"thumbnailUrl\":\"https:\/\/puntdereferencia.org\/wp-content\/uploads\/2024\/07\/IMG_20190605_184342-scaled-1.jpg\",\"datePublished\":\"2020-05-28T17:01:51+00:00\",\"dateModified\":\"2024-07-31T06:34:58+00:00\",\"author\":{\"@id\":\"https:\/\/puntdereferencia.org\/es\/#\/schema\/person\/c475209bcc857303ec6ed0259d3cf078\"},\"breadcrumb\":{\"@id\":\"https:\/\/puntdereferencia.org\/es\/assemblea-2020-valorem-lany-2019-i-presentem-els-reptes-pel-2020\/#breadcrumb\"},\"inLanguage\":\"es\",\"potentialAction\":[{\"@type\":\"ReadAction\",\"target\":[\"https:\/\/puntdereferencia.org\/es\/assemblea-2020-valorem-lany-2019-i-presentem-els-reptes-pel-2020\/\"]}]},{\"@type\":\"ImageObject\",\"inLanguage\":\"es\",\"@id\":\"https:\/\/puntdereferencia.org\/es\/assemblea-2020-valorem-lany-2019-i-presentem-els-reptes-pel-2020\/#primaryimage\",\"url\":\"https:\/\/puntdereferencia.org\/wp-content\/uploads\/2024\/07\/IMG_20190605_184342-scaled-1.jpg\",\"contentUrl\":\"https:\/\/puntdereferencia.org\/wp-content\/uploads\/2024\/07\/IMG_20190605_184342-scaled-1.jpg\",\"width\":2560,\"height\":1509},{\"@type\":\"BreadcrumbList\",\"@id\":\"https:\/\/puntdereferencia.org\/es\/assemblea-2020-valorem-lany-2019-i-presentem-els-reptes-pel-2020\/#breadcrumb\",\"itemListElement\":[{\"@type\":\"ListItem\",\"position\":1,\"name\":\"Inici\",\"item\":\"https:\/\/puntdereferencia.org\/es\/inicio\/\"},{\"@type\":\"ListItem\",\"position\":2,\"name\":\"Asamblea 2020: valoramos el a\u00f1o 2019 y presentamos los retos para el 2020\"}]},{\"@type\":\"WebSite\",\"@id\":\"https:\/\/puntdereferencia.org\/es\/#website\",\"url\":\"https:\/\/puntdereferencia.org\/es\/\",\"name\":\"Punt de Referencia\",\"description\":\"\",\"potentialAction\":[{\"@type\":\"SearchAction\",\"target\":{\"@type\":\"EntryPoint\",\"urlTemplate\":\"https:\/\/puntdereferencia.org\/es\/?s={search_term_string}\"},\"query-input\":{\"@type\":\"PropertyValueSpecification\",\"valueRequired\":true,\"valueName\":\"search_term_string\"}}],\"inLanguage\":\"es\"},{\"@type\":\"Person\",\"@id\":\"https:\/\/puntdereferencia.org\/es\/#\/schema\/person\/c475209bcc857303ec6ed0259d3cf078\",\"name\":\"admin\",\"image\":{\"@type\":\"ImageObject\",\"inLanguage\":\"es\",\"@id\":\"https:\/\/puntdereferencia.org\/es\/#\/schema\/person\/image\/\",\"url\":\"https:\/\/secure.gravatar.com\/avatar\/ff306d55f6aedb51a29e838506fafaa76a30bce9f5db9aca2e28921b903aaad2?s=96&d=mm&r=g\",\"contentUrl\":\"https:\/\/secure.gravatar.com\/avatar\/ff306d55f6aedb51a29e838506fafaa76a30bce9f5db9aca2e28921b903aaad2?s=96&d=mm&r=g\",\"caption\":\"admin\"},\"sameAs\":[\"http:\/\/\/home\/puntref\/webapps\/web2024\"],\"url\":\"https:\/\/puntdereferencia.org\/es\/author\/admin\/\"}]}<\/script>\n<!-- \/ Yoast SEO plugin. -->","yoast_head_json":{"title":"Asamblea 2020: valoramos el a\u00f1o 2019 y presentamos los retos para el 2020 - Punt de Referencia","robots":{"index":"index","follow":"follow","max-snippet":"max-snippet:-1","max-image-preview":"max-image-preview:large","max-video-preview":"max-video-preview:-1"},"canonical":"https:\/\/puntdereferencia.org\/es\/assemblea-2020-valorem-lany-2019-i-presentem-els-reptes-pel-2020\/","og_locale":"es_ES","og_type":"article","og_title":"Asamblea 2020: valoramos el a\u00f1o 2019 y presentamos los retos para el 2020 - Punt de Referencia","og_description":"La Asamblea anual de Punt de Refer\u00e8ncia se ha celebrado de manera virtual, este cambio de formato ha permitido que la participaci\u00f3n haya sido la m\u00e1s alta\u00a0en la historia de la entidad, con 25 socios y socias. La asamblea es un buen espacio para aprovechar y explicar a las\u00a0personas socias de Punt de Refer\u00e8ncia como [&hellip;]","og_url":"https:\/\/puntdereferencia.org\/es\/assemblea-2020-valorem-lany-2019-i-presentem-els-reptes-pel-2020\/","og_site_name":"Punt de Referencia","article_published_time":"2020-05-28T17:01:51+00:00","article_modified_time":"2024-07-31T06:34:58+00:00","og_image":[{"width":2560,"height":1509,"url":"https:\/\/puntdereferencia.org\/wp-content\/uploads\/2024\/07\/IMG_20190605_184342-scaled-1.jpg","type":"image\/jpeg"}],"author":"admin","twitter_card":"summary_large_image","twitter_misc":{"Escrito por":"admin","Tiempo de lectura":"4 minutos"},"schema":{"@context":"https:\/\/schema.org","@graph":[{"@type":"Article","@id":"https:\/\/puntdereferencia.org\/es\/assemblea-2020-valorem-lany-2019-i-presentem-els-reptes-pel-2020\/#article","isPartOf":{"@id":"https:\/\/puntdereferencia.org\/es\/assemblea-2020-valorem-lany-2019-i-presentem-els-reptes-pel-2020\/"},"author":{"name":"admin","@id":"https:\/\/puntdereferencia.org\/es\/#\/schema\/person\/c475209bcc857303ec6ed0259d3cf078"},"headline":"Asamblea 2020: valoramos el a\u00f1o 2019 y presentamos los retos para el 2020","datePublished":"2020-05-28T17:01:51+00:00","dateModified":"2024-07-31T06:34:58+00:00","mainEntityOfPage":{"@id":"https:\/\/puntdereferencia.org\/es\/assemblea-2020-valorem-lany-2019-i-presentem-els-reptes-pel-2020\/"},"wordCount":807,"commentCount":0,"image":{"@id":"https:\/\/puntdereferencia.org\/es\/assemblea-2020-valorem-lany-2019-i-presentem-els-reptes-pel-2020\/#primaryimage"},"thumbnailUrl":"https:\/\/puntdereferencia.org\/wp-content\/uploads\/2024\/07\/IMG_20190605_184342-scaled-1.jpg","keywords":["assemblea","junta","socis"],"articleSection":["NOTICIAS"],"inLanguage":"es","potentialAction":[{"@type":"CommentAction","name":"Comment","target":["https:\/\/puntdereferencia.org\/es\/assemblea-2020-valorem-lany-2019-i-presentem-els-reptes-pel-2020\/#respond"]}]},{"@type":"WebPage","@id":"https:\/\/puntdereferencia.org\/es\/assemblea-2020-valorem-lany-2019-i-presentem-els-reptes-pel-2020\/","url":"https:\/\/puntdereferencia.org\/es\/assemblea-2020-valorem-lany-2019-i-presentem-els-reptes-pel-2020\/","name":"Asamblea 2020: valoramos el a\u00f1o 2019 y presentamos los retos para el 2020 - Punt de Referencia","isPartOf":{"@id":"https:\/\/puntdereferencia.org\/es\/#website"},"primaryImageOfPage":{"@id":"https:\/\/puntdereferencia.org\/es\/assemblea-2020-valorem-lany-2019-i-presentem-els-reptes-pel-2020\/#primaryimage"},"image":{"@id":"https:\/\/puntdereferencia.org\/es\/assemblea-2020-valorem-lany-2019-i-presentem-els-reptes-pel-2020\/#primaryimage"},"thumbnailUrl":"https:\/\/puntdereferencia.org\/wp-content\/uploads\/2024\/07\/IMG_20190605_184342-scaled-1.jpg","datePublished":"2020-05-28T17:01:51+00:00","dateModified":"2024-07-31T06:34:58+00:00","author":{"@id":"https:\/\/puntdereferencia.org\/es\/#\/schema\/person\/c475209bcc857303ec6ed0259d3cf078"},"breadcrumb":{"@id":"https:\/\/puntdereferencia.org\/es\/assemblea-2020-valorem-lany-2019-i-presentem-els-reptes-pel-2020\/#breadcrumb"},"inLanguage":"es","potentialAction":[{"@type":"ReadAction","target":["https:\/\/puntdereferencia.org\/es\/assemblea-2020-valorem-lany-2019-i-presentem-els-reptes-pel-2020\/"]}]},{"@type":"ImageObject","inLanguage":"es","@id":"https:\/\/puntdereferencia.org\/es\/assemblea-2020-valorem-lany-2019-i-presentem-els-reptes-pel-2020\/#primaryimage","url":"https:\/\/puntdereferencia.org\/wp-content\/uploads\/2024\/07\/IMG_20190605_184342-scaled-1.jpg","contentUrl":"https:\/\/puntdereferencia.org\/wp-content\/uploads\/2024\/07\/IMG_20190605_184342-scaled-1.jpg","width":2560,"height":1509},{"@type":"BreadcrumbList","@id":"https:\/\/puntdereferencia.org\/es\/assemblea-2020-valorem-lany-2019-i-presentem-els-reptes-pel-2020\/#breadcrumb","itemListElement":[{"@type":"ListItem","position":1,"name":"Inici","item":"https:\/\/puntdereferencia.org\/es\/inicio\/"},{"@type":"ListItem","position":2,"name":"Asamblea 2020: valoramos el a\u00f1o 2019 y presentamos los retos para el 2020"}]},{"@type":"WebSite","@id":"https:\/\/puntdereferencia.org\/es\/#website","url":"https:\/\/puntdereferencia.org\/es\/","name":"Punt de Referencia","description":"","potentialAction":[{"@type":"SearchAction","target":{"@type":"EntryPoint","urlTemplate":"https:\/\/puntdereferencia.org\/es\/?s={search_term_string}"},"query-input":{"@type":"PropertyValueSpecification","valueRequired":true,"valueName":"search_term_string"}}],"inLanguage":"es"},{"@type":"Person","@id":"https:\/\/puntdereferencia.org\/es\/#\/schema\/person\/c475209bcc857303ec6ed0259d3cf078","name":"admin","image":{"@type":"ImageObject","inLanguage":"es","@id":"https:\/\/puntdereferencia.org\/es\/#\/schema\/person\/image\/","url":"https:\/\/secure.gravatar.com\/avatar\/ff306d55f6aedb51a29e838506fafaa76a30bce9f5db9aca2e28921b903aaad2?s=96&d=mm&r=g","contentUrl":"https:\/\/secure.gravatar.com\/avatar\/ff306d55f6aedb51a29e838506fafaa76a30bce9f5db9aca2e28921b903aaad2?s=96&d=mm&r=g","caption":"admin"},"sameAs":["http:\/\/\/home\/puntref\/webapps\/web2024"],"url":"https:\/\/puntdereferencia.org\/es\/author\/admin\/"}]}},"_links":{"self":[{"href":"https:\/\/puntdereferencia.org\/es\/wp-json\/wp\/v2\/posts\/24542","targetHints":{"allow":["GET"]}}],"collection":[{"href":"https:\/\/puntdereferencia.org\/es\/wp-json\/wp\/v2\/posts"}],"about":[{"href":"https:\/\/puntdereferencia.org\/es\/wp-json\/wp\/v2\/types\/post"}],"author":[{"embeddable":true,"href":"https:\/\/puntdereferencia.org\/es\/wp-json\/wp\/v2\/users\/1"}],"replies":[{"embeddable":true,"href":"https:\/\/puntdereferencia.org\/es\/wp-json\/wp\/v2\/comments?post=24542"}],"version-history":[{"count":3,"href":"https:\/\/puntdereferencia.org\/es\/wp-json\/wp\/v2\/posts\/24542\/revisions"}],"predecessor-version":[{"id":26517,"href":"https:\/\/puntdereferencia.org\/es\/wp-json\/wp\/v2\/posts\/24542\/revisions\/26517"}],"wp:featuredmedia":[{"embeddable":true,"href":"https:\/\/puntdereferencia.org\/es\/wp-json\/wp\/v2\/media\/21525"}],"wp:attachment":[{"href":"https:\/\/puntdereferencia.org\/es\/wp-json\/wp\/v2\/media?parent=24542"}],"wp:term":[{"taxonomy":"category","embeddable":true,"href":"https:\/\/puntdereferencia.org\/es\/wp-json\/wp\/v2\/categories?post=24542"},{"taxonomy":"post_tag","embeddable":true,"href":"https:\/\/puntdereferencia.org\/es\/wp-json\/wp\/v2\/tags?post=24542"}],"curies":[{"name":"wp","href":"https:\/\/api.w.org\/{rel}","templated":true}]}}