{"id":24546,"date":"2020-06-29T09:45:49","date_gmt":"2020-06-29T09:45:49","guid":{"rendered":"https:\/\/puntdereferencia.org\/el-verano-de-punt-de-regerencia\/"},"modified":"2024-07-31T06:33:53","modified_gmt":"2024-07-31T06:33:53","slug":"el-verano-de-punt-de-regerencia","status":"publish","type":"post","link":"https:\/\/puntdereferencia.org\/es\/el-verano-de-punt-de-regerencia\/","title":{"rendered":"El verano de Punt de Refer\u00e8ncia"},"content":{"rendered":"<p><strong>Llega un nuevo verano, que cierra un curso\u00a0<\/strong><b>excepcional<\/b>. Despu\u00e9s de meses ocupadas en mantener los proyectos activos en confinamientos, en compartir semanas enteras en los Pisos Asistidos, en reinventar los encuentros de mentor\u00eda y en aprender a irnos desconfinando, nos hemos encontrado, de repente, a final de curso. Ha llegado el momento en el cual los proyectos de mentor\u00eda realizan los cierres de las relaciones y celebran todo lo vivido durante el curso.<br \/>\nPor suerte, las \u00faltimas semanas han permitido encontrarnos individualmente con j\u00f3venes y voluntariado para cerrar presencialmente y de la mejor manera posible este curso.<\/p>\n<p>Los meses de verano tambi\u00e9n ser\u00e1n diferentes a los de los a\u00f1os anteriores. Esta vez no podremos celebrar los campamentos de verano que hac\u00edamos en Guadalajara, pero hemos encontrar la manera de ofrecer actividades de ocio originales y adaptadas al nuevo contexto, que seguro que gustar\u00e1n mucho a j\u00f3venes.<\/p>\n<p><strong><img loading=\"lazy\" decoding=\"async\" class=\"wp-image-9696 alignleft\" src=\"https:\/\/puntdereferencia.org\/wp-content\/uploads\/2024\/07\/hip.png\" alt=\"\" width=\"263\" height=\"206\" \/><\/strong><\/p>\n<p><strong><a href=\"https:\/\/www.cccb.org\/ca\/activitats\/fitxa\/prendre-la-paraula-en-temps-de-pandemia\/233936\" target=\"_blank\" rel=\"noopener\">Taller de rap y hip hop<\/a>:\u00a0<\/strong>Del 13 al 17 de julio un grupo formado para 7 j\u00f3venes de Punt de Refer\u00e8ncia y 7 j\u00f3venes que no forman parte de la entidad, participaran en este taller que realiza el <strong>CCCB. <\/strong>Durante una semana podr\u00e1n conocer la t\u00e9cnica del hip-hop y aprender a expresar aquello que les mueve. Ya tenemos ganas de ver el resultado!<\/p>\n<p>&nbsp;<\/p>\n<p>&nbsp;<\/p>\n<p>&nbsp;<\/p>\n<p><img loading=\"lazy\" decoding=\"async\" class=\"wp-image-9699 alignleft\" src=\"https:\/\/puntdereferencia.org\/wp-content\/uploads\/2024\/07\/goig.png\" alt=\"\" width=\"259\" height=\"208\" \/><strong><a href=\"https:\/\/www.cccb.org\/ca\/activitats\/fitxa\/oh-my-goig-al-cccb\/233938\" target=\"_blank\" rel=\"noopener\">Oh my Goig:<\/a>\u00a0<\/strong>Cuando habr\u00e1 acabado el taller de rap y hip hop empezar\u00e1 una nueva actividad al CCCB que contar\u00e1 con un segundo grupo de j\u00f3venes de Punt de Refer\u00e8ncia. La semana del 27 de julio un grupo participar\u00e1 en un taller de creaci\u00f3n audiovisual que les permitir\u00e1 reflexionar sobre identidades de g\u00e9nero y la diversidad de identidades y plasmar los aprendizajes en su pieza audiovisual.<\/p>\n<p>Las dos actividades semanales que se realizan en el CCCB contar\u00e1n con el acompa\u00f1amiento de una t\u00e9cnica de Punt de Refer\u00e8ncia, que cada d\u00eda complementar\u00e1 las actividades planificadas con una actividad inicial de apertura y con una sesi\u00f3n final de cierre, con tal de consolidar aprendizajes, atender todo lo que pueda surgir relacionalmente durante la actividad, y hacer un seguimiento con los chicos y chicas a quienes hemos acompa\u00f1ado a lo largo del curso. La participaci\u00f3n de j\u00f3venes de la entidad en este casal es posible gracias a la colaboraci\u00f3n con el CCCB y\u00a0<a href=\"https:\/\/www.omnium.cat\/ca\/\" target=\"_blank\" rel=\"noopener\">\u00d2mnium<\/a>, que ha becado las plazas.<\/p>\n<p>&nbsp;<\/p>\n<p>&nbsp;<\/p>\n<p>M\u00e1s all\u00e1 de estas actividades en red explicadas, <strong>el voluntariado y los j\u00f3venes de los proyectos GR 16-18 y Atenea<\/strong>\u00a0(que habitualmente realizan encuentros grupales que no se han podido hacer por el Covid-19) <strong>se est\u00e1n<\/strong>\u00a0<strong>organizando para hacer una actividad l\u00fadica <\/strong>para\u00a0cerrar el curso con buen sabor de boca y celebrar el tiempo compartido.<\/p>\n<p>Finalmente algunos de los chicos y chicas que conviven en los pisos de Punt de Refer\u00e8ncia se plantean este verano hacer<strong>\u00a0un voluntariado para apoyar a otras personas que est\u00e1n en situaci\u00f3n de vulnerabilidad<\/strong>. Poder dedicar parte del tiempo libre a la solidaridad les est\u00e1 moviendo a buscar este voluntariado en el \u00e1mbito social que se les adapte mejor.<\/p>\n<p>Pronto os lo explicamos!<\/p>\n<p>&nbsp;<\/p>\n","protected":false},"excerpt":{"rendered":"<p>Llega un nuevo verano, que cierra un curso\u00a0excepcional. Despu\u00e9s de meses ocupadas en mantener los proyectos activos en confinamientos, en compartir semanas enteras en los Pisos Asistidos, en reinventar los encuentros de mentor\u00eda y en aprender a irnos desconfinando, nos hemos encontrado, de repente, a final de curso. Ha llegado el momento en el cual [&hellip;]<\/p>\n","protected":false},"author":1,"featured_media":21622,"comment_status":"open","ping_status":"open","sticky":false,"template":"","format":"standard","meta":{"footnotes":""},"categories":[913],"tags":[422,427,32,428],"class_list":["post-24546","post","type-post","status-publish","format-standard","has-post-thumbnail","hentry","category-noticias-es","tag-cccb","tag-covid-es","tag-jovenes","tag-verano"],"yoast_head":"<!-- This site is optimized with the Yoast SEO plugin v27.1.1 - https:\/\/yoast.com\/product\/yoast-seo-wordpress\/ -->\n<title>El verano de Punt de Refer\u00e8ncia - Punt de Referencia<\/title>\n<meta name=\"robots\" content=\"index, follow, max-snippet:-1, max-image-preview:large, max-video-preview:-1\" \/>\n<link rel=\"canonical\" href=\"https:\/\/puntdereferencia.org\/es\/el-verano-de-punt-de-regerencia\/\" \/>\n<meta property=\"og:locale\" content=\"es_ES\" \/>\n<meta property=\"og:type\" content=\"article\" \/>\n<meta property=\"og:title\" content=\"El verano de Punt de Refer\u00e8ncia - Punt de Referencia\" \/>\n<meta property=\"og:description\" content=\"Llega un nuevo verano, que cierra un curso\u00a0excepcional. Despu\u00e9s de meses ocupadas en mantener los proyectos activos en confinamientos, en compartir semanas enteras en los Pisos Asistidos, en reinventar los encuentros de mentor\u00eda y en aprender a irnos desconfinando, nos hemos encontrado, de repente, a final de curso. Ha llegado el momento en el cual [&hellip;]\" \/>\n<meta property=\"og:url\" content=\"https:\/\/puntdereferencia.org\/es\/el-verano-de-punt-de-regerencia\/\" \/>\n<meta property=\"og:site_name\" content=\"Punt de Referencia\" \/>\n<meta property=\"article:published_time\" content=\"2020-06-29T09:45:49+00:00\" \/>\n<meta property=\"article:modified_time\" content=\"2024-07-31T06:33:53+00:00\" \/>\n<meta property=\"og:image\" content=\"https:\/\/puntdereferencia.org\/wp-content\/uploads\/2024\/07\/hip.png\" \/>\n\t<meta property=\"og:image:width\" content=\"687\" \/>\n\t<meta property=\"og:image:height\" content=\"539\" \/>\n\t<meta property=\"og:image:type\" content=\"image\/png\" \/>\n<meta name=\"author\" content=\"admin\" \/>\n<meta name=\"twitter:card\" content=\"summary_large_image\" \/>\n<meta name=\"twitter:label1\" content=\"Escrito por\" \/>\n\t<meta name=\"twitter:data1\" content=\"admin\" \/>\n\t<meta name=\"twitter:label2\" content=\"Tiempo de lectura\" \/>\n\t<meta name=\"twitter:data2\" content=\"3 minutos\" \/>\n<script type=\"application\/ld+json\" class=\"yoast-schema-graph\">{\"@context\":\"https:\/\/schema.org\",\"@graph\":[{\"@type\":\"Article\",\"@id\":\"https:\/\/puntdereferencia.org\/es\/el-verano-de-punt-de-regerencia\/#article\",\"isPartOf\":{\"@id\":\"https:\/\/puntdereferencia.org\/es\/el-verano-de-punt-de-regerencia\/\"},\"author\":{\"name\":\"admin\",\"@id\":\"https:\/\/puntdereferencia.org\/es\/#\/schema\/person\/c475209bcc857303ec6ed0259d3cf078\"},\"headline\":\"El verano de Punt de Refer\u00e8ncia\",\"datePublished\":\"2020-06-29T09:45:49+00:00\",\"dateModified\":\"2024-07-31T06:33:53+00:00\",\"mainEntityOfPage\":{\"@id\":\"https:\/\/puntdereferencia.org\/es\/el-verano-de-punt-de-regerencia\/\"},\"wordCount\":541,\"commentCount\":0,\"image\":{\"@id\":\"https:\/\/puntdereferencia.org\/es\/el-verano-de-punt-de-regerencia\/#primaryimage\"},\"thumbnailUrl\":\"https:\/\/puntdereferencia.org\/wp-content\/uploads\/2024\/07\/hip.png\",\"keywords\":[\"cccb\",\"covid\",\"j\u00f3venes\",\"verano\"],\"articleSection\":[\"NOTICIAS\"],\"inLanguage\":\"es\",\"potentialAction\":[{\"@type\":\"CommentAction\",\"name\":\"Comment\",\"target\":[\"https:\/\/puntdereferencia.org\/es\/el-verano-de-punt-de-regerencia\/#respond\"]}]},{\"@type\":\"WebPage\",\"@id\":\"https:\/\/puntdereferencia.org\/es\/el-verano-de-punt-de-regerencia\/\",\"url\":\"https:\/\/puntdereferencia.org\/es\/el-verano-de-punt-de-regerencia\/\",\"name\":\"El verano de Punt de Refer\u00e8ncia - Punt de Referencia\",\"isPartOf\":{\"@id\":\"https:\/\/puntdereferencia.org\/es\/#website\"},\"primaryImageOfPage\":{\"@id\":\"https:\/\/puntdereferencia.org\/es\/el-verano-de-punt-de-regerencia\/#primaryimage\"},\"image\":{\"@id\":\"https:\/\/puntdereferencia.org\/es\/el-verano-de-punt-de-regerencia\/#primaryimage\"},\"thumbnailUrl\":\"https:\/\/puntdereferencia.org\/wp-content\/uploads\/2024\/07\/hip.png\",\"datePublished\":\"2020-06-29T09:45:49+00:00\",\"dateModified\":\"2024-07-31T06:33:53+00:00\",\"author\":{\"@id\":\"https:\/\/puntdereferencia.org\/es\/#\/schema\/person\/c475209bcc857303ec6ed0259d3cf078\"},\"breadcrumb\":{\"@id\":\"https:\/\/puntdereferencia.org\/es\/el-verano-de-punt-de-regerencia\/#breadcrumb\"},\"inLanguage\":\"es\",\"potentialAction\":[{\"@type\":\"ReadAction\",\"target\":[\"https:\/\/puntdereferencia.org\/es\/el-verano-de-punt-de-regerencia\/\"]}]},{\"@type\":\"ImageObject\",\"inLanguage\":\"es\",\"@id\":\"https:\/\/puntdereferencia.org\/es\/el-verano-de-punt-de-regerencia\/#primaryimage\",\"url\":\"https:\/\/puntdereferencia.org\/wp-content\/uploads\/2024\/07\/hip.png\",\"contentUrl\":\"https:\/\/puntdereferencia.org\/wp-content\/uploads\/2024\/07\/hip.png\",\"width\":687,\"height\":539},{\"@type\":\"BreadcrumbList\",\"@id\":\"https:\/\/puntdereferencia.org\/es\/el-verano-de-punt-de-regerencia\/#breadcrumb\",\"itemListElement\":[{\"@type\":\"ListItem\",\"position\":1,\"name\":\"Inici\",\"item\":\"https:\/\/puntdereferencia.org\/es\/inicio\/\"},{\"@type\":\"ListItem\",\"position\":2,\"name\":\"El verano de Punt de Refer\u00e8ncia\"}]},{\"@type\":\"WebSite\",\"@id\":\"https:\/\/puntdereferencia.org\/es\/#website\",\"url\":\"https:\/\/puntdereferencia.org\/es\/\",\"name\":\"Punt de Referencia\",\"description\":\"\",\"potentialAction\":[{\"@type\":\"SearchAction\",\"target\":{\"@type\":\"EntryPoint\",\"urlTemplate\":\"https:\/\/puntdereferencia.org\/es\/?s={search_term_string}\"},\"query-input\":{\"@type\":\"PropertyValueSpecification\",\"valueRequired\":true,\"valueName\":\"search_term_string\"}}],\"inLanguage\":\"es\"},{\"@type\":\"Person\",\"@id\":\"https:\/\/puntdereferencia.org\/es\/#\/schema\/person\/c475209bcc857303ec6ed0259d3cf078\",\"name\":\"admin\",\"image\":{\"@type\":\"ImageObject\",\"inLanguage\":\"es\",\"@id\":\"https:\/\/puntdereferencia.org\/es\/#\/schema\/person\/image\/\",\"url\":\"https:\/\/secure.gravatar.com\/avatar\/ff306d55f6aedb51a29e838506fafaa76a30bce9f5db9aca2e28921b903aaad2?s=96&d=mm&r=g\",\"contentUrl\":\"https:\/\/secure.gravatar.com\/avatar\/ff306d55f6aedb51a29e838506fafaa76a30bce9f5db9aca2e28921b903aaad2?s=96&d=mm&r=g\",\"caption\":\"admin\"},\"sameAs\":[\"http:\/\/\/home\/puntref\/webapps\/web2024\"],\"url\":\"https:\/\/puntdereferencia.org\/es\/author\/admin\/\"}]}<\/script>\n<!-- \/ Yoast SEO plugin. -->","yoast_head_json":{"title":"El verano de Punt de Refer\u00e8ncia - Punt de Referencia","robots":{"index":"index","follow":"follow","max-snippet":"max-snippet:-1","max-image-preview":"max-image-preview:large","max-video-preview":"max-video-preview:-1"},"canonical":"https:\/\/puntdereferencia.org\/es\/el-verano-de-punt-de-regerencia\/","og_locale":"es_ES","og_type":"article","og_title":"El verano de Punt de Refer\u00e8ncia - Punt de Referencia","og_description":"Llega un nuevo verano, que cierra un curso\u00a0excepcional. Despu\u00e9s de meses ocupadas en mantener los proyectos activos en confinamientos, en compartir semanas enteras en los Pisos Asistidos, en reinventar los encuentros de mentor\u00eda y en aprender a irnos desconfinando, nos hemos encontrado, de repente, a final de curso. Ha llegado el momento en el cual [&hellip;]","og_url":"https:\/\/puntdereferencia.org\/es\/el-verano-de-punt-de-regerencia\/","og_site_name":"Punt de Referencia","article_published_time":"2020-06-29T09:45:49+00:00","article_modified_time":"2024-07-31T06:33:53+00:00","og_image":[{"width":687,"height":539,"url":"https:\/\/puntdereferencia.org\/wp-content\/uploads\/2024\/07\/hip.png","type":"image\/png"}],"author":"admin","twitter_card":"summary_large_image","twitter_misc":{"Escrito por":"admin","Tiempo de lectura":"3 minutos"},"schema":{"@context":"https:\/\/schema.org","@graph":[{"@type":"Article","@id":"https:\/\/puntdereferencia.org\/es\/el-verano-de-punt-de-regerencia\/#article","isPartOf":{"@id":"https:\/\/puntdereferencia.org\/es\/el-verano-de-punt-de-regerencia\/"},"author":{"name":"admin","@id":"https:\/\/puntdereferencia.org\/es\/#\/schema\/person\/c475209bcc857303ec6ed0259d3cf078"},"headline":"El verano de Punt de Refer\u00e8ncia","datePublished":"2020-06-29T09:45:49+00:00","dateModified":"2024-07-31T06:33:53+00:00","mainEntityOfPage":{"@id":"https:\/\/puntdereferencia.org\/es\/el-verano-de-punt-de-regerencia\/"},"wordCount":541,"commentCount":0,"image":{"@id":"https:\/\/puntdereferencia.org\/es\/el-verano-de-punt-de-regerencia\/#primaryimage"},"thumbnailUrl":"https:\/\/puntdereferencia.org\/wp-content\/uploads\/2024\/07\/hip.png","keywords":["cccb","covid","j\u00f3venes","verano"],"articleSection":["NOTICIAS"],"inLanguage":"es","potentialAction":[{"@type":"CommentAction","name":"Comment","target":["https:\/\/puntdereferencia.org\/es\/el-verano-de-punt-de-regerencia\/#respond"]}]},{"@type":"WebPage","@id":"https:\/\/puntdereferencia.org\/es\/el-verano-de-punt-de-regerencia\/","url":"https:\/\/puntdereferencia.org\/es\/el-verano-de-punt-de-regerencia\/","name":"El verano de Punt de Refer\u00e8ncia - Punt de Referencia","isPartOf":{"@id":"https:\/\/puntdereferencia.org\/es\/#website"},"primaryImageOfPage":{"@id":"https:\/\/puntdereferencia.org\/es\/el-verano-de-punt-de-regerencia\/#primaryimage"},"image":{"@id":"https:\/\/puntdereferencia.org\/es\/el-verano-de-punt-de-regerencia\/#primaryimage"},"thumbnailUrl":"https:\/\/puntdereferencia.org\/wp-content\/uploads\/2024\/07\/hip.png","datePublished":"2020-06-29T09:45:49+00:00","dateModified":"2024-07-31T06:33:53+00:00","author":{"@id":"https:\/\/puntdereferencia.org\/es\/#\/schema\/person\/c475209bcc857303ec6ed0259d3cf078"},"breadcrumb":{"@id":"https:\/\/puntdereferencia.org\/es\/el-verano-de-punt-de-regerencia\/#breadcrumb"},"inLanguage":"es","potentialAction":[{"@type":"ReadAction","target":["https:\/\/puntdereferencia.org\/es\/el-verano-de-punt-de-regerencia\/"]}]},{"@type":"ImageObject","inLanguage":"es","@id":"https:\/\/puntdereferencia.org\/es\/el-verano-de-punt-de-regerencia\/#primaryimage","url":"https:\/\/puntdereferencia.org\/wp-content\/uploads\/2024\/07\/hip.png","contentUrl":"https:\/\/puntdereferencia.org\/wp-content\/uploads\/2024\/07\/hip.png","width":687,"height":539},{"@type":"BreadcrumbList","@id":"https:\/\/puntdereferencia.org\/es\/el-verano-de-punt-de-regerencia\/#breadcrumb","itemListElement":[{"@type":"ListItem","position":1,"name":"Inici","item":"https:\/\/puntdereferencia.org\/es\/inicio\/"},{"@type":"ListItem","position":2,"name":"El verano de Punt de Refer\u00e8ncia"}]},{"@type":"WebSite","@id":"https:\/\/puntdereferencia.org\/es\/#website","url":"https:\/\/puntdereferencia.org\/es\/","name":"Punt de Referencia","description":"","potentialAction":[{"@type":"SearchAction","target":{"@type":"EntryPoint","urlTemplate":"https:\/\/puntdereferencia.org\/es\/?s={search_term_string}"},"query-input":{"@type":"PropertyValueSpecification","valueRequired":true,"valueName":"search_term_string"}}],"inLanguage":"es"},{"@type":"Person","@id":"https:\/\/puntdereferencia.org\/es\/#\/schema\/person\/c475209bcc857303ec6ed0259d3cf078","name":"admin","image":{"@type":"ImageObject","inLanguage":"es","@id":"https:\/\/puntdereferencia.org\/es\/#\/schema\/person\/image\/","url":"https:\/\/secure.gravatar.com\/avatar\/ff306d55f6aedb51a29e838506fafaa76a30bce9f5db9aca2e28921b903aaad2?s=96&d=mm&r=g","contentUrl":"https:\/\/secure.gravatar.com\/avatar\/ff306d55f6aedb51a29e838506fafaa76a30bce9f5db9aca2e28921b903aaad2?s=96&d=mm&r=g","caption":"admin"},"sameAs":["http:\/\/\/home\/puntref\/webapps\/web2024"],"url":"https:\/\/puntdereferencia.org\/es\/author\/admin\/"}]}},"_links":{"self":[{"href":"https:\/\/puntdereferencia.org\/es\/wp-json\/wp\/v2\/posts\/24546","targetHints":{"allow":["GET"]}}],"collection":[{"href":"https:\/\/puntdereferencia.org\/es\/wp-json\/wp\/v2\/posts"}],"about":[{"href":"https:\/\/puntdereferencia.org\/es\/wp-json\/wp\/v2\/types\/post"}],"author":[{"embeddable":true,"href":"https:\/\/puntdereferencia.org\/es\/wp-json\/wp\/v2\/users\/1"}],"replies":[{"embeddable":true,"href":"https:\/\/puntdereferencia.org\/es\/wp-json\/wp\/v2\/comments?post=24546"}],"version-history":[{"count":3,"href":"https:\/\/puntdereferencia.org\/es\/wp-json\/wp\/v2\/posts\/24546\/revisions"}],"predecessor-version":[{"id":26513,"href":"https:\/\/puntdereferencia.org\/es\/wp-json\/wp\/v2\/posts\/24546\/revisions\/26513"}],"wp:featuredmedia":[{"embeddable":true,"href":"https:\/\/puntdereferencia.org\/es\/wp-json\/wp\/v2\/media\/21622"}],"wp:attachment":[{"href":"https:\/\/puntdereferencia.org\/es\/wp-json\/wp\/v2\/media?parent=24546"}],"wp:term":[{"taxonomy":"category","embeddable":true,"href":"https:\/\/puntdereferencia.org\/es\/wp-json\/wp\/v2\/categories?post=24546"},{"taxonomy":"post_tag","embeddable":true,"href":"https:\/\/puntdereferencia.org\/es\/wp-json\/wp\/v2\/tags?post=24546"}],"curies":[{"name":"wp","href":"https:\/\/api.w.org\/{rel}","templated":true}]}}