{"id":24548,"date":"2020-06-30T07:47:24","date_gmt":"2020-06-30T07:47:24","guid":{"rendered":"https:\/\/puntdereferencia.org\/el-resultado-economico-de-2019\/"},"modified":"2024-07-31T06:33:23","modified_gmt":"2024-07-31T06:33:23","slug":"el-resultado-economico-de-2019","status":"publish","type":"post","link":"https:\/\/puntdereferencia.org\/es\/el-resultado-economico-de-2019\/","title":{"rendered":"El resultado econ\u00f3mico de 2019"},"content":{"rendered":"<p>Seguramente en la <a href=\"https:\/\/issuu.com\/puntdereferencia\/docs\/mem_ria_2019\" target=\"_blank\" rel=\"noopener\">Memoria<\/a> de la entidad has podido acceder a un resumen de los resultados econ\u00f3micos de 2019. A\u00fan as\u00ed, como cada a\u00f1o, nos gusta hacer un ejercicio de transparencia y dedicar un art\u00edculo a explicarlos en detalle.<\/p>\n<p>&nbsp;<\/p>\n<p><strong>Los resultados<\/strong><\/p>\n<p><strong>En cifras absolutas el volumen econ\u00f3mico de Punt de Refer\u00e8ncia ha crecido un 8\u201968% respeto al cierre de 2018. <\/strong>Aunque\u00a0cerrar el a\u00f1o con un balance positivo de 2.361,24\u20ac, sufrimos una importante tensi\u00f3n de tesorer\u00eda en junio, motivada por el retraso en los pagos de la facturaci\u00f3n correspondiente a los conciertos econ\u00f3micos de los pisos asistidos. Por esta raz\u00f3n necesitamos acceder a un pr\u00e9stamo, signado con Coop57.<\/p>\n<p>&nbsp;<\/p>\n<p><strong>Los ingresos: hacia m\u00e1s financiaci\u00f3n privada<br \/>\n<\/strong><br \/>\nPoco a poco Punt de Refer\u00e8ncia vamos recogiendo los frutos del trabajo hecho para\u00a0<strong>ampliar la base de colaboradores econ\u00f3micos: personas socias, donaciones puntuales, aportaciones de empresas y de fundaciones privadas, que nos aportan mayor diversidad de ingresos y, por lo tanto, m\u00e1s seguridad a la econom\u00eda de cada proyecto que no depende de un \u00fanico finanzador. A pesar de que estos ingresos han crecido, se complementan con los recursos que aportan las Administraciones p\u00fablicas, mediante convocatorias de subvenciones dirigidas a ofrecer apoyo econ\u00f3mico a las organizaciones que trabajamos para la inclusi\u00f3n de las personas m\u00e1s vulnerables.<\/strong><\/p>\n<p><img loading=\"lazy\" decoding=\"async\" class=\" wp-image-9716 alignleft\" src=\"https:\/\/puntdereferencia.org\/wp-content\/uploads\/2024\/07\/ingressos.png\" alt=\"\" width=\"362\" height=\"317\" \/>En este sentido, del 2019 destacamos el crecimiento de los fondos propios, como consecuencia principalmente del<strong> impulso del \u00e1rea de formaci\u00f3n y consultor\u00eda, que aporta el 70% de los fondos propios<\/strong> (12 organizaciones han recibidos acompa\u00f1amiento y 5 han sido formadas para replicar nuestros proyectos, a la vez que tenemos 2 importantes acuerdos de colaboraci\u00f3n con el programa IncorporaJoven de Fundaci\u00f3n La Caixa y \u00d2mnium Cultural)- Tambi\u00e9n para la ampliaci\u00f3n de la base social, que a principios del 2020 ya cuenta con m\u00e1s de 100 personas socias.<\/p>\n<p>Las empresas, fundaciones y organizaciones privadas son la otra rama que da a Punt de Refer\u00e8ncia una mayor estabilidad en la financiaci\u00f3n de los proyectos. Esta red de entidades colaboradoras econ\u00f3micas de los proyectos se ha ido fortaleciendo el a\u00f1o 2019, con la incorporaci\u00f3n de nuevos finanzadores: Fundaci\u00f3n Torres, Fundaci\u00f3n CMJ God\u00f3, la empresa Cargill, las organizaciones UPF Solid\u00e0ria y Minyons Escoltes i Guies de Catalunya. Todas se han sumado a los apoyos que ya ten\u00edamos del a\u00f1o anterior de las Fundaciones Nous Cims, Probitas, Agbar y La Caixa y la cursa solidaria M\u00e0gic Line de Sant Joan de D\u00e9u.<\/p>\n<p>&nbsp;<\/p>\n<p>&nbsp;<\/p>\n<p><strong>C\u00f3mo invertimos los recursos?<br \/>\n<\/strong><br \/>\nTodos los ingresos se traducen en oportunidades para j\u00f3venes, que se trabajan des de los diversos proyectos de la entidad.<br \/>\nA continuaci\u00f3n, explicamos c\u00f3mo se reparten estos recursos entre los proyectos (teniendo en cuenta que los gastos de Gesti\u00f3n, sensibilizaci\u00f3n y difusi\u00f3n forman parte de manera prorrateada de los costes de los programas de mentor\u00eda, vivienda y apoyo socioeducativo).<\/p>\n<p><img loading=\"lazy\" decoding=\"async\" class=\"size-full wp-image-9731 aligncenter\" src=\"https:\/\/puntdereferencia.org\/wp-content\/uploads\/2024\/07\/despeses-per-projecte.png\" alt=\"\" width=\"569\" height=\"409\" \/><\/p>\n<p>&nbsp;<\/p>\n<p><strong>PROGRAMA DE MENTOR\u00cdA<\/strong><\/p>\n<p>Hemos destinado el 37,85% de los recursos econ\u00f3micos totales, repartidos entre:<\/p>\n<ul>\n<li><strong>Proyecto Referentes<\/strong>: 53 relaciones de mentor\u00eda. Representa el 50,69% del coste del programa de mentor\u00eda.<\/li>\n<li><strong>Proyecto Atenea<\/strong>: 25 relaciones de mentor\u00eda y 20 plazas en el espacio de estudio. Representa el 24,45% del coste del programa de mentor\u00eda.<\/li>\n<li><strong>Proyecto GR16-18<\/strong>: 21 grupos de mentor\u00eda (2+1). Representa el 24,86% del coste del programa de mentor\u00eda.<\/li>\n<\/ul>\n<p>&nbsp;<\/p>\n<p><strong>PROGRAMA DE VIVIENDA<br \/>\n<\/strong><br \/>\nHemos dedicado al programa de vivienda el 53,75% de los recursos econ\u00f3micos totales.<\/p>\n<ul>\n<li><strong>Pisos Asistidos:\u00a0<\/strong>4 pisos asistidos durante el a\u00f1o 2019 han representado el 84,44% de esta partida, que est\u00e1 vinculada a los correspondientes conciertos econ\u00f3micos con el Consorci de Serveis Socials de Barcelona y el \u00c0rea de Suport al Jove tutelat i extutelat. Han participado en este proyecto 16 j\u00f3venes, con una estada media a los pisos de 16 meses.<\/li>\n<li><strong>Proyecto Acoge: <\/strong>Ha representado el 10,43% del coste total del programa de vivienda. Este a\u00f1o han participado 6 j\u00f3venes y 6 n\u00facleos acogedores.<\/li>\n<li><strong>Proyecto Equinocci<\/strong>\u00a0ha representado el 5,13% del coste total, hasta agosto, data de cierre del proyecto.<\/li>\n<\/ul>\n<p>&nbsp;<\/p>\n<p><strong>PROGRAMA DE APOYO SOCIOEDUCATIVO Y PARTICIPACI\u00d3N<\/strong><\/p>\n<p>Dedicamos el 8,40% del presupuesto:<\/p>\n<ul>\n<li><strong>Proyecto Trayecto:\u00a0<\/strong>el 67,74% del coste de la partida destinada a programas de apoyo socioeducativo. Trayecto ha acompa\u00f1ado 40 j\u00f3venes.<\/li>\n<li><strong>El proyecto JovesxJoves<\/strong>, a\u00fan en fase piloto con un grupo impulsor de 8 j\u00f3venes, ha tenido un coste correspondiente al 32,26% de esta partida.<\/li>\n<\/ul>\n","protected":false},"excerpt":{"rendered":"<p>Seguramente en la Memoria de la entidad has podido acceder a un resumen de los resultados econ\u00f3micos de 2019. A\u00fan as\u00ed, como cada a\u00f1o, nos gusta hacer un ejercicio de transparencia y dedicar un art\u00edculo a explicarlos en detalle. &nbsp; Los resultados En cifras absolutas el volumen econ\u00f3mico de Punt de Refer\u00e8ncia ha crecido un [&hellip;]<\/p>\n","protected":false},"author":1,"featured_media":21637,"comment_status":"open","ping_status":"open","sticky":false,"template":"","format":"standard","meta":{"footnotes":""},"categories":[913],"tags":[67,34],"class_list":["post-24548","post","type-post","status-publish","format-standard","has-post-thumbnail","hentry","category-noticias-es","tag-economia","tag-memoria"],"yoast_head":"<!-- This site is optimized with the Yoast SEO plugin v27.1.1 - https:\/\/yoast.com\/product\/yoast-seo-wordpress\/ -->\n<title>El resultado econ\u00f3mico de 2019 - Punt de Referencia<\/title>\n<meta name=\"robots\" content=\"index, follow, max-snippet:-1, max-image-preview:large, max-video-preview:-1\" \/>\n<link rel=\"canonical\" href=\"https:\/\/puntdereferencia.org\/es\/el-resultado-economico-de-2019\/\" \/>\n<meta property=\"og:locale\" content=\"es_ES\" \/>\n<meta property=\"og:type\" content=\"article\" \/>\n<meta property=\"og:title\" content=\"El resultado econ\u00f3mico de 2019 - Punt de Referencia\" \/>\n<meta property=\"og:description\" content=\"Seguramente en la Memoria de la entidad has podido acceder a un resumen de los resultados econ\u00f3micos de 2019. A\u00fan as\u00ed, como cada a\u00f1o, nos gusta hacer un ejercicio de transparencia y dedicar un art\u00edculo a explicarlos en detalle. &nbsp; Los resultados En cifras absolutas el volumen econ\u00f3mico de Punt de Refer\u00e8ncia ha crecido un [&hellip;]\" \/>\n<meta property=\"og:url\" content=\"https:\/\/puntdereferencia.org\/es\/el-resultado-economico-de-2019\/\" \/>\n<meta property=\"og:site_name\" content=\"Punt de Referencia\" \/>\n<meta property=\"article:published_time\" content=\"2020-06-30T07:47:24+00:00\" \/>\n<meta property=\"article:modified_time\" content=\"2024-07-31T06:33:23+00:00\" \/>\n<meta property=\"og:image\" content=\"https:\/\/puntdereferencia.org\/wp-content\/uploads\/2024\/07\/DSC_0582-scaled-1.jpg\" \/>\n\t<meta property=\"og:image:width\" content=\"2560\" \/>\n\t<meta property=\"og:image:height\" content=\"1714\" \/>\n\t<meta property=\"og:image:type\" content=\"image\/jpeg\" \/>\n<meta name=\"author\" content=\"admin\" \/>\n<meta name=\"twitter:card\" content=\"summary_large_image\" \/>\n<meta name=\"twitter:label1\" content=\"Escrito por\" \/>\n\t<meta name=\"twitter:data1\" content=\"admin\" \/>\n\t<meta name=\"twitter:label2\" content=\"Tiempo de lectura\" \/>\n\t<meta name=\"twitter:data2\" content=\"4 minutos\" \/>\n<script type=\"application\/ld+json\" class=\"yoast-schema-graph\">{\"@context\":\"https:\/\/schema.org\",\"@graph\":[{\"@type\":\"Article\",\"@id\":\"https:\/\/puntdereferencia.org\/es\/el-resultado-economico-de-2019\/#article\",\"isPartOf\":{\"@id\":\"https:\/\/puntdereferencia.org\/es\/el-resultado-economico-de-2019\/\"},\"author\":{\"name\":\"admin\",\"@id\":\"https:\/\/puntdereferencia.org\/es\/#\/schema\/person\/c475209bcc857303ec6ed0259d3cf078\"},\"headline\":\"El resultado econ\u00f3mico de 2019\",\"datePublished\":\"2020-06-30T07:47:24+00:00\",\"dateModified\":\"2024-07-31T06:33:23+00:00\",\"mainEntityOfPage\":{\"@id\":\"https:\/\/puntdereferencia.org\/es\/el-resultado-economico-de-2019\/\"},\"wordCount\":747,\"commentCount\":0,\"image\":{\"@id\":\"https:\/\/puntdereferencia.org\/es\/el-resultado-economico-de-2019\/#primaryimage\"},\"thumbnailUrl\":\"https:\/\/puntdereferencia.org\/wp-content\/uploads\/2024\/07\/DSC_0582-scaled-1.jpg\",\"keywords\":[\"economia\",\"mem\u00f2ria\"],\"articleSection\":[\"NOTICIAS\"],\"inLanguage\":\"es\",\"potentialAction\":[{\"@type\":\"CommentAction\",\"name\":\"Comment\",\"target\":[\"https:\/\/puntdereferencia.org\/es\/el-resultado-economico-de-2019\/#respond\"]}]},{\"@type\":\"WebPage\",\"@id\":\"https:\/\/puntdereferencia.org\/es\/el-resultado-economico-de-2019\/\",\"url\":\"https:\/\/puntdereferencia.org\/es\/el-resultado-economico-de-2019\/\",\"name\":\"El resultado econ\u00f3mico de 2019 - Punt de Referencia\",\"isPartOf\":{\"@id\":\"https:\/\/puntdereferencia.org\/es\/#website\"},\"primaryImageOfPage\":{\"@id\":\"https:\/\/puntdereferencia.org\/es\/el-resultado-economico-de-2019\/#primaryimage\"},\"image\":{\"@id\":\"https:\/\/puntdereferencia.org\/es\/el-resultado-economico-de-2019\/#primaryimage\"},\"thumbnailUrl\":\"https:\/\/puntdereferencia.org\/wp-content\/uploads\/2024\/07\/DSC_0582-scaled-1.jpg\",\"datePublished\":\"2020-06-30T07:47:24+00:00\",\"dateModified\":\"2024-07-31T06:33:23+00:00\",\"author\":{\"@id\":\"https:\/\/puntdereferencia.org\/es\/#\/schema\/person\/c475209bcc857303ec6ed0259d3cf078\"},\"breadcrumb\":{\"@id\":\"https:\/\/puntdereferencia.org\/es\/el-resultado-economico-de-2019\/#breadcrumb\"},\"inLanguage\":\"es\",\"potentialAction\":[{\"@type\":\"ReadAction\",\"target\":[\"https:\/\/puntdereferencia.org\/es\/el-resultado-economico-de-2019\/\"]}]},{\"@type\":\"ImageObject\",\"inLanguage\":\"es\",\"@id\":\"https:\/\/puntdereferencia.org\/es\/el-resultado-economico-de-2019\/#primaryimage\",\"url\":\"https:\/\/puntdereferencia.org\/wp-content\/uploads\/2024\/07\/DSC_0582-scaled-1.jpg\",\"contentUrl\":\"https:\/\/puntdereferencia.org\/wp-content\/uploads\/2024\/07\/DSC_0582-scaled-1.jpg\",\"width\":2560,\"height\":1714},{\"@type\":\"BreadcrumbList\",\"@id\":\"https:\/\/puntdereferencia.org\/es\/el-resultado-economico-de-2019\/#breadcrumb\",\"itemListElement\":[{\"@type\":\"ListItem\",\"position\":1,\"name\":\"Inici\",\"item\":\"https:\/\/puntdereferencia.org\/es\/inicio\/\"},{\"@type\":\"ListItem\",\"position\":2,\"name\":\"El resultado econ\u00f3mico de 2019\"}]},{\"@type\":\"WebSite\",\"@id\":\"https:\/\/puntdereferencia.org\/es\/#website\",\"url\":\"https:\/\/puntdereferencia.org\/es\/\",\"name\":\"Punt de Referencia\",\"description\":\"\",\"potentialAction\":[{\"@type\":\"SearchAction\",\"target\":{\"@type\":\"EntryPoint\",\"urlTemplate\":\"https:\/\/puntdereferencia.org\/es\/?s={search_term_string}\"},\"query-input\":{\"@type\":\"PropertyValueSpecification\",\"valueRequired\":true,\"valueName\":\"search_term_string\"}}],\"inLanguage\":\"es\"},{\"@type\":\"Person\",\"@id\":\"https:\/\/puntdereferencia.org\/es\/#\/schema\/person\/c475209bcc857303ec6ed0259d3cf078\",\"name\":\"admin\",\"image\":{\"@type\":\"ImageObject\",\"inLanguage\":\"es\",\"@id\":\"https:\/\/puntdereferencia.org\/es\/#\/schema\/person\/image\/\",\"url\":\"https:\/\/secure.gravatar.com\/avatar\/ff306d55f6aedb51a29e838506fafaa76a30bce9f5db9aca2e28921b903aaad2?s=96&d=mm&r=g\",\"contentUrl\":\"https:\/\/secure.gravatar.com\/avatar\/ff306d55f6aedb51a29e838506fafaa76a30bce9f5db9aca2e28921b903aaad2?s=96&d=mm&r=g\",\"caption\":\"admin\"},\"sameAs\":[\"http:\/\/\/home\/puntref\/webapps\/web2024\"],\"url\":\"https:\/\/puntdereferencia.org\/es\/author\/admin\/\"}]}<\/script>\n<!-- \/ Yoast SEO plugin. -->","yoast_head_json":{"title":"El resultado econ\u00f3mico de 2019 - Punt de Referencia","robots":{"index":"index","follow":"follow","max-snippet":"max-snippet:-1","max-image-preview":"max-image-preview:large","max-video-preview":"max-video-preview:-1"},"canonical":"https:\/\/puntdereferencia.org\/es\/el-resultado-economico-de-2019\/","og_locale":"es_ES","og_type":"article","og_title":"El resultado econ\u00f3mico de 2019 - Punt de Referencia","og_description":"Seguramente en la Memoria de la entidad has podido acceder a un resumen de los resultados econ\u00f3micos de 2019. A\u00fan as\u00ed, como cada a\u00f1o, nos gusta hacer un ejercicio de transparencia y dedicar un art\u00edculo a explicarlos en detalle. &nbsp; Los resultados En cifras absolutas el volumen econ\u00f3mico de Punt de Refer\u00e8ncia ha crecido un [&hellip;]","og_url":"https:\/\/puntdereferencia.org\/es\/el-resultado-economico-de-2019\/","og_site_name":"Punt de Referencia","article_published_time":"2020-06-30T07:47:24+00:00","article_modified_time":"2024-07-31T06:33:23+00:00","og_image":[{"width":2560,"height":1714,"url":"https:\/\/puntdereferencia.org\/wp-content\/uploads\/2024\/07\/DSC_0582-scaled-1.jpg","type":"image\/jpeg"}],"author":"admin","twitter_card":"summary_large_image","twitter_misc":{"Escrito por":"admin","Tiempo de lectura":"4 minutos"},"schema":{"@context":"https:\/\/schema.org","@graph":[{"@type":"Article","@id":"https:\/\/puntdereferencia.org\/es\/el-resultado-economico-de-2019\/#article","isPartOf":{"@id":"https:\/\/puntdereferencia.org\/es\/el-resultado-economico-de-2019\/"},"author":{"name":"admin","@id":"https:\/\/puntdereferencia.org\/es\/#\/schema\/person\/c475209bcc857303ec6ed0259d3cf078"},"headline":"El resultado econ\u00f3mico de 2019","datePublished":"2020-06-30T07:47:24+00:00","dateModified":"2024-07-31T06:33:23+00:00","mainEntityOfPage":{"@id":"https:\/\/puntdereferencia.org\/es\/el-resultado-economico-de-2019\/"},"wordCount":747,"commentCount":0,"image":{"@id":"https:\/\/puntdereferencia.org\/es\/el-resultado-economico-de-2019\/#primaryimage"},"thumbnailUrl":"https:\/\/puntdereferencia.org\/wp-content\/uploads\/2024\/07\/DSC_0582-scaled-1.jpg","keywords":["economia","mem\u00f2ria"],"articleSection":["NOTICIAS"],"inLanguage":"es","potentialAction":[{"@type":"CommentAction","name":"Comment","target":["https:\/\/puntdereferencia.org\/es\/el-resultado-economico-de-2019\/#respond"]}]},{"@type":"WebPage","@id":"https:\/\/puntdereferencia.org\/es\/el-resultado-economico-de-2019\/","url":"https:\/\/puntdereferencia.org\/es\/el-resultado-economico-de-2019\/","name":"El resultado econ\u00f3mico de 2019 - Punt de Referencia","isPartOf":{"@id":"https:\/\/puntdereferencia.org\/es\/#website"},"primaryImageOfPage":{"@id":"https:\/\/puntdereferencia.org\/es\/el-resultado-economico-de-2019\/#primaryimage"},"image":{"@id":"https:\/\/puntdereferencia.org\/es\/el-resultado-economico-de-2019\/#primaryimage"},"thumbnailUrl":"https:\/\/puntdereferencia.org\/wp-content\/uploads\/2024\/07\/DSC_0582-scaled-1.jpg","datePublished":"2020-06-30T07:47:24+00:00","dateModified":"2024-07-31T06:33:23+00:00","author":{"@id":"https:\/\/puntdereferencia.org\/es\/#\/schema\/person\/c475209bcc857303ec6ed0259d3cf078"},"breadcrumb":{"@id":"https:\/\/puntdereferencia.org\/es\/el-resultado-economico-de-2019\/#breadcrumb"},"inLanguage":"es","potentialAction":[{"@type":"ReadAction","target":["https:\/\/puntdereferencia.org\/es\/el-resultado-economico-de-2019\/"]}]},{"@type":"ImageObject","inLanguage":"es","@id":"https:\/\/puntdereferencia.org\/es\/el-resultado-economico-de-2019\/#primaryimage","url":"https:\/\/puntdereferencia.org\/wp-content\/uploads\/2024\/07\/DSC_0582-scaled-1.jpg","contentUrl":"https:\/\/puntdereferencia.org\/wp-content\/uploads\/2024\/07\/DSC_0582-scaled-1.jpg","width":2560,"height":1714},{"@type":"BreadcrumbList","@id":"https:\/\/puntdereferencia.org\/es\/el-resultado-economico-de-2019\/#breadcrumb","itemListElement":[{"@type":"ListItem","position":1,"name":"Inici","item":"https:\/\/puntdereferencia.org\/es\/inicio\/"},{"@type":"ListItem","position":2,"name":"El resultado econ\u00f3mico de 2019"}]},{"@type":"WebSite","@id":"https:\/\/puntdereferencia.org\/es\/#website","url":"https:\/\/puntdereferencia.org\/es\/","name":"Punt de Referencia","description":"","potentialAction":[{"@type":"SearchAction","target":{"@type":"EntryPoint","urlTemplate":"https:\/\/puntdereferencia.org\/es\/?s={search_term_string}"},"query-input":{"@type":"PropertyValueSpecification","valueRequired":true,"valueName":"search_term_string"}}],"inLanguage":"es"},{"@type":"Person","@id":"https:\/\/puntdereferencia.org\/es\/#\/schema\/person\/c475209bcc857303ec6ed0259d3cf078","name":"admin","image":{"@type":"ImageObject","inLanguage":"es","@id":"https:\/\/puntdereferencia.org\/es\/#\/schema\/person\/image\/","url":"https:\/\/secure.gravatar.com\/avatar\/ff306d55f6aedb51a29e838506fafaa76a30bce9f5db9aca2e28921b903aaad2?s=96&d=mm&r=g","contentUrl":"https:\/\/secure.gravatar.com\/avatar\/ff306d55f6aedb51a29e838506fafaa76a30bce9f5db9aca2e28921b903aaad2?s=96&d=mm&r=g","caption":"admin"},"sameAs":["http:\/\/\/home\/puntref\/webapps\/web2024"],"url":"https:\/\/puntdereferencia.org\/es\/author\/admin\/"}]}},"_links":{"self":[{"href":"https:\/\/puntdereferencia.org\/es\/wp-json\/wp\/v2\/posts\/24548","targetHints":{"allow":["GET"]}}],"collection":[{"href":"https:\/\/puntdereferencia.org\/es\/wp-json\/wp\/v2\/posts"}],"about":[{"href":"https:\/\/puntdereferencia.org\/es\/wp-json\/wp\/v2\/types\/post"}],"author":[{"embeddable":true,"href":"https:\/\/puntdereferencia.org\/es\/wp-json\/wp\/v2\/users\/1"}],"replies":[{"embeddable":true,"href":"https:\/\/puntdereferencia.org\/es\/wp-json\/wp\/v2\/comments?post=24548"}],"version-history":[{"count":3,"href":"https:\/\/puntdereferencia.org\/es\/wp-json\/wp\/v2\/posts\/24548\/revisions"}],"predecessor-version":[{"id":26511,"href":"https:\/\/puntdereferencia.org\/es\/wp-json\/wp\/v2\/posts\/24548\/revisions\/26511"}],"wp:featuredmedia":[{"embeddable":true,"href":"https:\/\/puntdereferencia.org\/es\/wp-json\/wp\/v2\/media\/21637"}],"wp:attachment":[{"href":"https:\/\/puntdereferencia.org\/es\/wp-json\/wp\/v2\/media?parent=24548"}],"wp:term":[{"taxonomy":"category","embeddable":true,"href":"https:\/\/puntdereferencia.org\/es\/wp-json\/wp\/v2\/categories?post=24548"},{"taxonomy":"post_tag","embeddable":true,"href":"https:\/\/puntdereferencia.org\/es\/wp-json\/wp\/v2\/tags?post=24548"}],"curies":[{"name":"wp","href":"https:\/\/api.w.org\/{rel}","templated":true}]}}