{"id":24570,"date":"2020-10-28T15:30:32","date_gmt":"2020-10-28T15:30:32","guid":{"rendered":"https:\/\/puntdereferencia.org\/heu-estat-molt-bons-veins\/"},"modified":"2024-07-31T06:26:54","modified_gmt":"2024-07-31T06:26:54","slug":"heu-estat-molt-bons-veins","status":"publish","type":"post","link":"https:\/\/puntdereferencia.org\/es\/heu-estat-molt-bons-veins\/","title":{"rendered":"\u00abHab\u00e9is sido muy buenos vecinos\u00bb"},"content":{"rendered":"<p><strong>Este mes de octubre tambi\u00e9n viene marcado por el traslado de uno de los pisos asistidos. Los j\u00f3venes que viven en el piso\u00a0<em>Fem Cam\u00ed\u00a0<\/em>cambian Cornell\u00e0 por la Izquierda del ensanche de Barcelona<\/strong>. El alquiler de este piso, donde han vivido los \u00faltimos 3 a\u00f1os, lo hab\u00edamos encontrado con muchas dificultades, dentro del mercado inmobiliario.\u00a0 Al acabarse el contrato, la propiedad no ha querido renovar por razones econ\u00f3micas.<\/p>\n<p>Este piso lo abrimos a finales del 2017, cuando la Generalitat nos propuso ofrecer nuevas plazas para j\u00f3venes extutelados (en el marco de las resoluciones de emergencia para ofrecer vivienda a los j\u00f3venes migrantes que han llegado solos). Tuvimos muchas dificultades para conseguir que alguien alquilara un piso a j\u00f3venes de origen extranjero. A menudo o\u00edmos la frase \u00absolamente queremos familias de aqu\u00ed\u00bb. La \u00fanica opci\u00f3n que tuvimos fue alquilarlo a un fondo de inversi\u00f3n.<\/p>\n<p>Tres a\u00f1os m\u00e1s tarde ha llegado la ilusi\u00f3n, porque la alternativa ha venido gracias a la colaboraci\u00f3n que ya tenemos con la <a href=\"https:\/\/www.fundaciomambre.org\/\" target=\"_blank\" rel=\"noopener\">Fundaci\u00f3 Mambr\u00e9<\/a>, entidad que ha apostado por ofrecer sus viviendas a precios asequibles para colectivos vulnerables. El cambio pues, ha sido muy positivo para todos.<\/p>\n<p><img loading=\"lazy\" decoding=\"async\" class=\"wp-image-10016 alignleft\" src=\"https:\/\/puntdereferencia.org\/wp-content\/uploads\/2024\/07\/IMG-20201026-WA0013.jpg\" alt=\"\" width=\"391\" height=\"293\" \/><\/p>\n<p>Siguiendo con la apuesta para fomentar la econom\u00eda social, hemos contratado a <a href=\"http:\/\/diomcoop.org\/?lang=ca\" target=\"_blank\" rel=\"noopener\">Diomcoop<\/a> para los servicios de\u00a0limpieza y de traslado del piso. La cooperativa ofrece servicios buscando generar oportunidades justas y honestas en la contrataci\u00f3n de personas inmigrantes. Los chicos y la chica del piso participaron en el traslado, y aunque est\u00e1n muy contentas del cambio, nos explican que han pasado una buena etapa en Cornell\u00e0. Sus vecinos les han dicho adi\u00f3s con pena, \u00ab<b>hab\u00e9is sido muy buenos vecinos, os echaremos\u00a0de menos<\/b>\u00bb les dijeron en salir a despedirlos, con gran sorpresa y emoci\u00f3n para los j\u00f3venes.<\/p>\n<p>Nos quedamos con el buen sabor de boca de ver que el grupo de j\u00f3venes ha hecho comunidad y buenas migas con los vecinos y vecinas.<\/p>\n","protected":false},"excerpt":{"rendered":"<p>Este mes de octubre tambi\u00e9n viene marcado por el traslado de uno de los pisos asistidos. Los j\u00f3venes que viven en el piso\u00a0Fem Cam\u00ed\u00a0cambian Cornell\u00e0 por la Izquierda del ensanche de Barcelona. El alquiler de este piso, donde han vivido los \u00faltimos 3 a\u00f1os, lo hab\u00edamos encontrado con muchas dificultades, dentro del mercado inmobiliario.\u00a0 Al [&hellip;]<\/p>\n","protected":false},"author":1,"featured_media":21707,"comment_status":"open","ping_status":"open","sticky":false,"template":"","format":"standard","meta":{"footnotes":""},"categories":[913],"tags":[45,267],"class_list":["post-24570","post","type-post","status-publish","format-standard","has-post-thumbnail","hentry","category-noticias-es","tag-barcelona","tag-mambre"],"yoast_head":"<!-- This site is optimized with the Yoast SEO plugin v27.1.1 - https:\/\/yoast.com\/product\/yoast-seo-wordpress\/ -->\n<title>&quot;Hab\u00e9is sido muy buenos vecinos&quot; - Punt de Referencia<\/title>\n<meta name=\"robots\" content=\"index, follow, max-snippet:-1, max-image-preview:large, max-video-preview:-1\" \/>\n<link rel=\"canonical\" href=\"https:\/\/puntdereferencia.org\/es\/heu-estat-molt-bons-veins\/\" \/>\n<meta property=\"og:locale\" content=\"es_ES\" \/>\n<meta property=\"og:type\" content=\"article\" \/>\n<meta property=\"og:title\" content=\"&quot;Hab\u00e9is sido muy buenos vecinos&quot; - Punt de Referencia\" \/>\n<meta property=\"og:description\" content=\"Este mes de octubre tambi\u00e9n viene marcado por el traslado de uno de los pisos asistidos. Los j\u00f3venes que viven en el piso\u00a0Fem Cam\u00ed\u00a0cambian Cornell\u00e0 por la Izquierda del ensanche de Barcelona. El alquiler de este piso, donde han vivido los \u00faltimos 3 a\u00f1os, lo hab\u00edamos encontrado con muchas dificultades, dentro del mercado inmobiliario.\u00a0 Al [&hellip;]\" \/>\n<meta property=\"og:url\" content=\"https:\/\/puntdereferencia.org\/es\/heu-estat-molt-bons-veins\/\" \/>\n<meta property=\"og:site_name\" content=\"Punt de Referencia\" \/>\n<meta property=\"article:published_time\" content=\"2020-10-28T15:30:32+00:00\" \/>\n<meta property=\"article:modified_time\" content=\"2024-07-31T06:26:54+00:00\" \/>\n<meta property=\"og:image\" content=\"https:\/\/puntdereferencia.org\/wp-content\/uploads\/2024\/07\/IMG-20201026-WA0007.jpg\" \/>\n\t<meta property=\"og:image:width\" content=\"1977\" \/>\n\t<meta property=\"og:image:height\" content=\"1109\" \/>\n\t<meta property=\"og:image:type\" content=\"image\/jpeg\" \/>\n<meta name=\"author\" content=\"admin\" \/>\n<meta name=\"twitter:card\" content=\"summary_large_image\" \/>\n<meta name=\"twitter:label1\" content=\"Escrito por\" \/>\n\t<meta name=\"twitter:data1\" content=\"admin\" \/>\n\t<meta name=\"twitter:label2\" content=\"Tiempo de lectura\" \/>\n\t<meta name=\"twitter:data2\" content=\"2 minutos\" \/>\n<script type=\"application\/ld+json\" class=\"yoast-schema-graph\">{\"@context\":\"https:\/\/schema.org\",\"@graph\":[{\"@type\":\"Article\",\"@id\":\"https:\/\/puntdereferencia.org\/es\/heu-estat-molt-bons-veins\/#article\",\"isPartOf\":{\"@id\":\"https:\/\/puntdereferencia.org\/es\/heu-estat-molt-bons-veins\/\"},\"author\":{\"name\":\"admin\",\"@id\":\"https:\/\/puntdereferencia.org\/es\/#\/schema\/person\/c475209bcc857303ec6ed0259d3cf078\"},\"headline\":\"\u00abHab\u00e9is sido muy buenos vecinos\u00bb\",\"datePublished\":\"2020-10-28T15:30:32+00:00\",\"dateModified\":\"2024-07-31T06:26:54+00:00\",\"mainEntityOfPage\":{\"@id\":\"https:\/\/puntdereferencia.org\/es\/heu-estat-molt-bons-veins\/\"},\"wordCount\":342,\"commentCount\":0,\"image\":{\"@id\":\"https:\/\/puntdereferencia.org\/es\/heu-estat-molt-bons-veins\/#primaryimage\"},\"thumbnailUrl\":\"https:\/\/puntdereferencia.org\/wp-content\/uploads\/2024\/07\/IMG-20201026-WA0007.jpg\",\"keywords\":[\"barcelona\",\"mambr\u00e9\"],\"articleSection\":[\"NOTICIAS\"],\"inLanguage\":\"es\",\"potentialAction\":[{\"@type\":\"CommentAction\",\"name\":\"Comment\",\"target\":[\"https:\/\/puntdereferencia.org\/es\/heu-estat-molt-bons-veins\/#respond\"]}]},{\"@type\":\"WebPage\",\"@id\":\"https:\/\/puntdereferencia.org\/es\/heu-estat-molt-bons-veins\/\",\"url\":\"https:\/\/puntdereferencia.org\/es\/heu-estat-molt-bons-veins\/\",\"name\":\"\\\"Hab\u00e9is sido muy buenos vecinos\\\" - Punt de Referencia\",\"isPartOf\":{\"@id\":\"https:\/\/puntdereferencia.org\/es\/#website\"},\"primaryImageOfPage\":{\"@id\":\"https:\/\/puntdereferencia.org\/es\/heu-estat-molt-bons-veins\/#primaryimage\"},\"image\":{\"@id\":\"https:\/\/puntdereferencia.org\/es\/heu-estat-molt-bons-veins\/#primaryimage\"},\"thumbnailUrl\":\"https:\/\/puntdereferencia.org\/wp-content\/uploads\/2024\/07\/IMG-20201026-WA0007.jpg\",\"datePublished\":\"2020-10-28T15:30:32+00:00\",\"dateModified\":\"2024-07-31T06:26:54+00:00\",\"author\":{\"@id\":\"https:\/\/puntdereferencia.org\/es\/#\/schema\/person\/c475209bcc857303ec6ed0259d3cf078\"},\"breadcrumb\":{\"@id\":\"https:\/\/puntdereferencia.org\/es\/heu-estat-molt-bons-veins\/#breadcrumb\"},\"inLanguage\":\"es\",\"potentialAction\":[{\"@type\":\"ReadAction\",\"target\":[\"https:\/\/puntdereferencia.org\/es\/heu-estat-molt-bons-veins\/\"]}]},{\"@type\":\"ImageObject\",\"inLanguage\":\"es\",\"@id\":\"https:\/\/puntdereferencia.org\/es\/heu-estat-molt-bons-veins\/#primaryimage\",\"url\":\"https:\/\/puntdereferencia.org\/wp-content\/uploads\/2024\/07\/IMG-20201026-WA0007.jpg\",\"contentUrl\":\"https:\/\/puntdereferencia.org\/wp-content\/uploads\/2024\/07\/IMG-20201026-WA0007.jpg\",\"width\":1977,\"height\":1109},{\"@type\":\"BreadcrumbList\",\"@id\":\"https:\/\/puntdereferencia.org\/es\/heu-estat-molt-bons-veins\/#breadcrumb\",\"itemListElement\":[{\"@type\":\"ListItem\",\"position\":1,\"name\":\"Inici\",\"item\":\"https:\/\/puntdereferencia.org\/es\/inicio\/\"},{\"@type\":\"ListItem\",\"position\":2,\"name\":\"&#8220;Hab\u00e9is sido muy buenos vecinos&#8221;\"}]},{\"@type\":\"WebSite\",\"@id\":\"https:\/\/puntdereferencia.org\/es\/#website\",\"url\":\"https:\/\/puntdereferencia.org\/es\/\",\"name\":\"Punt de Referencia\",\"description\":\"\",\"potentialAction\":[{\"@type\":\"SearchAction\",\"target\":{\"@type\":\"EntryPoint\",\"urlTemplate\":\"https:\/\/puntdereferencia.org\/es\/?s={search_term_string}\"},\"query-input\":{\"@type\":\"PropertyValueSpecification\",\"valueRequired\":true,\"valueName\":\"search_term_string\"}}],\"inLanguage\":\"es\"},{\"@type\":\"Person\",\"@id\":\"https:\/\/puntdereferencia.org\/es\/#\/schema\/person\/c475209bcc857303ec6ed0259d3cf078\",\"name\":\"admin\",\"image\":{\"@type\":\"ImageObject\",\"inLanguage\":\"es\",\"@id\":\"https:\/\/puntdereferencia.org\/es\/#\/schema\/person\/image\/\",\"url\":\"https:\/\/secure.gravatar.com\/avatar\/ff306d55f6aedb51a29e838506fafaa76a30bce9f5db9aca2e28921b903aaad2?s=96&d=mm&r=g\",\"contentUrl\":\"https:\/\/secure.gravatar.com\/avatar\/ff306d55f6aedb51a29e838506fafaa76a30bce9f5db9aca2e28921b903aaad2?s=96&d=mm&r=g\",\"caption\":\"admin\"},\"sameAs\":[\"http:\/\/\/home\/puntref\/webapps\/web2024\"],\"url\":\"https:\/\/puntdereferencia.org\/es\/author\/admin\/\"}]}<\/script>\n<!-- \/ Yoast SEO plugin. -->","yoast_head_json":{"title":"\"Hab\u00e9is sido muy buenos vecinos\" - Punt de Referencia","robots":{"index":"index","follow":"follow","max-snippet":"max-snippet:-1","max-image-preview":"max-image-preview:large","max-video-preview":"max-video-preview:-1"},"canonical":"https:\/\/puntdereferencia.org\/es\/heu-estat-molt-bons-veins\/","og_locale":"es_ES","og_type":"article","og_title":"\"Hab\u00e9is sido muy buenos vecinos\" - Punt de Referencia","og_description":"Este mes de octubre tambi\u00e9n viene marcado por el traslado de uno de los pisos asistidos. Los j\u00f3venes que viven en el piso\u00a0Fem Cam\u00ed\u00a0cambian Cornell\u00e0 por la Izquierda del ensanche de Barcelona. El alquiler de este piso, donde han vivido los \u00faltimos 3 a\u00f1os, lo hab\u00edamos encontrado con muchas dificultades, dentro del mercado inmobiliario.\u00a0 Al [&hellip;]","og_url":"https:\/\/puntdereferencia.org\/es\/heu-estat-molt-bons-veins\/","og_site_name":"Punt de Referencia","article_published_time":"2020-10-28T15:30:32+00:00","article_modified_time":"2024-07-31T06:26:54+00:00","og_image":[{"width":1977,"height":1109,"url":"https:\/\/puntdereferencia.org\/wp-content\/uploads\/2024\/07\/IMG-20201026-WA0007.jpg","type":"image\/jpeg"}],"author":"admin","twitter_card":"summary_large_image","twitter_misc":{"Escrito por":"admin","Tiempo de lectura":"2 minutos"},"schema":{"@context":"https:\/\/schema.org","@graph":[{"@type":"Article","@id":"https:\/\/puntdereferencia.org\/es\/heu-estat-molt-bons-veins\/#article","isPartOf":{"@id":"https:\/\/puntdereferencia.org\/es\/heu-estat-molt-bons-veins\/"},"author":{"name":"admin","@id":"https:\/\/puntdereferencia.org\/es\/#\/schema\/person\/c475209bcc857303ec6ed0259d3cf078"},"headline":"\u00abHab\u00e9is sido muy buenos vecinos\u00bb","datePublished":"2020-10-28T15:30:32+00:00","dateModified":"2024-07-31T06:26:54+00:00","mainEntityOfPage":{"@id":"https:\/\/puntdereferencia.org\/es\/heu-estat-molt-bons-veins\/"},"wordCount":342,"commentCount":0,"image":{"@id":"https:\/\/puntdereferencia.org\/es\/heu-estat-molt-bons-veins\/#primaryimage"},"thumbnailUrl":"https:\/\/puntdereferencia.org\/wp-content\/uploads\/2024\/07\/IMG-20201026-WA0007.jpg","keywords":["barcelona","mambr\u00e9"],"articleSection":["NOTICIAS"],"inLanguage":"es","potentialAction":[{"@type":"CommentAction","name":"Comment","target":["https:\/\/puntdereferencia.org\/es\/heu-estat-molt-bons-veins\/#respond"]}]},{"@type":"WebPage","@id":"https:\/\/puntdereferencia.org\/es\/heu-estat-molt-bons-veins\/","url":"https:\/\/puntdereferencia.org\/es\/heu-estat-molt-bons-veins\/","name":"\"Hab\u00e9is sido muy buenos vecinos\" - Punt de Referencia","isPartOf":{"@id":"https:\/\/puntdereferencia.org\/es\/#website"},"primaryImageOfPage":{"@id":"https:\/\/puntdereferencia.org\/es\/heu-estat-molt-bons-veins\/#primaryimage"},"image":{"@id":"https:\/\/puntdereferencia.org\/es\/heu-estat-molt-bons-veins\/#primaryimage"},"thumbnailUrl":"https:\/\/puntdereferencia.org\/wp-content\/uploads\/2024\/07\/IMG-20201026-WA0007.jpg","datePublished":"2020-10-28T15:30:32+00:00","dateModified":"2024-07-31T06:26:54+00:00","author":{"@id":"https:\/\/puntdereferencia.org\/es\/#\/schema\/person\/c475209bcc857303ec6ed0259d3cf078"},"breadcrumb":{"@id":"https:\/\/puntdereferencia.org\/es\/heu-estat-molt-bons-veins\/#breadcrumb"},"inLanguage":"es","potentialAction":[{"@type":"ReadAction","target":["https:\/\/puntdereferencia.org\/es\/heu-estat-molt-bons-veins\/"]}]},{"@type":"ImageObject","inLanguage":"es","@id":"https:\/\/puntdereferencia.org\/es\/heu-estat-molt-bons-veins\/#primaryimage","url":"https:\/\/puntdereferencia.org\/wp-content\/uploads\/2024\/07\/IMG-20201026-WA0007.jpg","contentUrl":"https:\/\/puntdereferencia.org\/wp-content\/uploads\/2024\/07\/IMG-20201026-WA0007.jpg","width":1977,"height":1109},{"@type":"BreadcrumbList","@id":"https:\/\/puntdereferencia.org\/es\/heu-estat-molt-bons-veins\/#breadcrumb","itemListElement":[{"@type":"ListItem","position":1,"name":"Inici","item":"https:\/\/puntdereferencia.org\/es\/inicio\/"},{"@type":"ListItem","position":2,"name":"&#8220;Hab\u00e9is sido muy buenos vecinos&#8221;"}]},{"@type":"WebSite","@id":"https:\/\/puntdereferencia.org\/es\/#website","url":"https:\/\/puntdereferencia.org\/es\/","name":"Punt de Referencia","description":"","potentialAction":[{"@type":"SearchAction","target":{"@type":"EntryPoint","urlTemplate":"https:\/\/puntdereferencia.org\/es\/?s={search_term_string}"},"query-input":{"@type":"PropertyValueSpecification","valueRequired":true,"valueName":"search_term_string"}}],"inLanguage":"es"},{"@type":"Person","@id":"https:\/\/puntdereferencia.org\/es\/#\/schema\/person\/c475209bcc857303ec6ed0259d3cf078","name":"admin","image":{"@type":"ImageObject","inLanguage":"es","@id":"https:\/\/puntdereferencia.org\/es\/#\/schema\/person\/image\/","url":"https:\/\/secure.gravatar.com\/avatar\/ff306d55f6aedb51a29e838506fafaa76a30bce9f5db9aca2e28921b903aaad2?s=96&d=mm&r=g","contentUrl":"https:\/\/secure.gravatar.com\/avatar\/ff306d55f6aedb51a29e838506fafaa76a30bce9f5db9aca2e28921b903aaad2?s=96&d=mm&r=g","caption":"admin"},"sameAs":["http:\/\/\/home\/puntref\/webapps\/web2024"],"url":"https:\/\/puntdereferencia.org\/es\/author\/admin\/"}]}},"_links":{"self":[{"href":"https:\/\/puntdereferencia.org\/es\/wp-json\/wp\/v2\/posts\/24570","targetHints":{"allow":["GET"]}}],"collection":[{"href":"https:\/\/puntdereferencia.org\/es\/wp-json\/wp\/v2\/posts"}],"about":[{"href":"https:\/\/puntdereferencia.org\/es\/wp-json\/wp\/v2\/types\/post"}],"author":[{"embeddable":true,"href":"https:\/\/puntdereferencia.org\/es\/wp-json\/wp\/v2\/users\/1"}],"replies":[{"embeddable":true,"href":"https:\/\/puntdereferencia.org\/es\/wp-json\/wp\/v2\/comments?post=24570"}],"version-history":[{"count":3,"href":"https:\/\/puntdereferencia.org\/es\/wp-json\/wp\/v2\/posts\/24570\/revisions"}],"predecessor-version":[{"id":25741,"href":"https:\/\/puntdereferencia.org\/es\/wp-json\/wp\/v2\/posts\/24570\/revisions\/25741"}],"wp:featuredmedia":[{"embeddable":true,"href":"https:\/\/puntdereferencia.org\/es\/wp-json\/wp\/v2\/media\/21707"}],"wp:attachment":[{"href":"https:\/\/puntdereferencia.org\/es\/wp-json\/wp\/v2\/media?parent=24570"}],"wp:term":[{"taxonomy":"category","embeddable":true,"href":"https:\/\/puntdereferencia.org\/es\/wp-json\/wp\/v2\/categories?post=24570"},{"taxonomy":"post_tag","embeddable":true,"href":"https:\/\/puntdereferencia.org\/es\/wp-json\/wp\/v2\/tags?post=24570"}],"curies":[{"name":"wp","href":"https:\/\/api.w.org\/{rel}","templated":true}]}}