{"id":24579,"date":"2020-11-30T18:20:22","date_gmt":"2020-11-30T18:20:22","guid":{"rendered":"https:\/\/puntdereferencia.org\/punt-de-referencia-entra-a-la-junta-de-la-taula-del-tercer-sector-social\/"},"modified":"2024-07-30T12:17:59","modified_gmt":"2024-07-30T12:17:59","slug":"punt-de-referencia-entra-a-la-junta-de-la-taula-del-tercer-sector-social","status":"publish","type":"post","link":"https:\/\/puntdereferencia.org\/es\/punt-de-referencia-entra-a-la-junta-de-la-taula-del-tercer-sector-social\/","title":{"rendered":"Punt de Refer\u00e8ncia entra en la Junta de la Taula del Tercer Sector Social"},"content":{"rendered":"<blockquote><p><strong>La coyuntura actual marcada por la crisis social, sanitaria y econ\u00f3mica provocada por la COVID-19 nos lleva hacia un escenario de mucha incertidumbre y alta complejidad, donde las personas en situaci\u00f3n m\u00e1s vulnerable pueden ser las principales damnificadas si no acaban siendo una prioridad en la implementaci\u00f3n de pol\u00edticas p\u00fablicas por parte de los diferentes Gobiernos y Administraciones. As\u00ed pues, y ante este contexto, necesitamos un Tercer Sector Social fuerte y unificado capaz de combatir todas las desigualdades.\u00a0<\/strong><\/p>\n<p>&nbsp;<\/p><\/blockquote>\n<p><img loading=\"lazy\" decoding=\"async\" class=\"wp-image-10384 alignleft\" src=\"https:\/\/puntdereferencia.org\/wp-content\/uploads\/2024\/07\/Sin-titulo-1-4.png\" alt=\"\" width=\"438\" height=\"248\" \/><\/p>\n<p>Y para fortalecer el sector, <a href=\"https:\/\/www.fepa18.org\/\" target=\"_blank\" rel=\"noopener\">FEPA, la Federaci\u00f3n que representa el colectivo de j\u00f3venes extutelados<\/a> ,presentamos la candidatura y hemos entrado a formar parte de la Junta directiva de la Taula de Entitats del Tercer Sector Social. En la Junta directiva de la Taula asistir\u00e1n, en representaci\u00f3n de de FEPA, Ferran Rodr\u00edguez, director de Fundaci\u00f3n Eveho y Presidente de FEPA y Rita Gran\u00e9, directora de Punt de Refer\u00e8ncia.<\/p>\n<p>Hemos tomado la decisi\u00f3n para defender los derechos de los j\u00f3venes extutelados en este nuevo espacio, porque nos permite hacer m\u00e1s incidencia en los espacios de decisi\u00f3n, llevar la voz del colectivo de j\u00f3venes a las mesas de debate, reivindicar sus derechos, y dedicarnos a\u00fan m\u00e1s a la mejora de las oportunidades de vida de un colectivo en situaci\u00f3n vulnerable en nuestra sociedad.<\/p>\n<p>El contexto de emergencia social derivado de la COVID-19 nos exige tambi\u00e9n m\u00e1s perseverancia y tenacidad para acompa\u00f1ar a la juventud en momentos adversos.<br \/>\nEstaremos all\u00ed, con la mirada puesta en abrir m\u00e1s oportunidades para garantizar la igualdad de oportunidades de los j\u00f3venes en el camino hacia\u00a0su emancipaci\u00f3n. Cogemos pues, una nueva responsabilidad que estamos seguras que aportar\u00e1 luz y nuevos caminos para trabajar para los chicos y chicas extutelados.<\/p>\n","protected":false},"excerpt":{"rendered":"<p>La coyuntura actual marcada por la crisis social, sanitaria y econ\u00f3mica provocada por la COVID-19 nos lleva hacia un escenario de mucha incertidumbre y alta complejidad, donde las personas en situaci\u00f3n m\u00e1s vulnerable pueden ser las principales damnificadas si no acaban siendo una prioridad en la implementaci\u00f3n de pol\u00edticas p\u00fablicas por parte de los diferentes [&hellip;]<\/p>\n","protected":false},"author":1,"featured_media":21743,"comment_status":"open","ping_status":"open","sticky":false,"template":"","format":"standard","meta":{"footnotes":""},"categories":[913],"tags":[40,95,418,475],"class_list":["post-24579","post","type-post","status-publish","format-standard","has-post-thumbnail","hentry","category-noticias-es","tag-extutelat","tag-fepa","tag-junta","tag-sector"],"yoast_head":"<!-- This site is optimized with the Yoast SEO plugin v27.1.1 - https:\/\/yoast.com\/product\/yoast-seo-wordpress\/ -->\n<title>Punt de Refer\u00e8ncia entra en la Junta de la Taula del Tercer Sector Social - Punt de Referencia<\/title>\n<meta name=\"robots\" content=\"index, follow, max-snippet:-1, max-image-preview:large, max-video-preview:-1\" \/>\n<link rel=\"canonical\" href=\"https:\/\/puntdereferencia.org\/es\/punt-de-referencia-entra-a-la-junta-de-la-taula-del-tercer-sector-social\/\" \/>\n<meta property=\"og:locale\" content=\"es_ES\" \/>\n<meta property=\"og:type\" content=\"article\" \/>\n<meta property=\"og:title\" content=\"Punt de Refer\u00e8ncia entra en la Junta de la Taula del Tercer Sector Social - Punt de Referencia\" \/>\n<meta property=\"og:description\" content=\"La coyuntura actual marcada por la crisis social, sanitaria y econ\u00f3mica provocada por la COVID-19 nos lleva hacia un escenario de mucha incertidumbre y alta complejidad, donde las personas en situaci\u00f3n m\u00e1s vulnerable pueden ser las principales damnificadas si no acaban siendo una prioridad en la implementaci\u00f3n de pol\u00edticas p\u00fablicas por parte de los diferentes [&hellip;]\" \/>\n<meta property=\"og:url\" content=\"https:\/\/puntdereferencia.org\/es\/punt-de-referencia-entra-a-la-junta-de-la-taula-del-tercer-sector-social\/\" \/>\n<meta property=\"og:site_name\" content=\"Punt de Referencia\" \/>\n<meta property=\"article:published_time\" content=\"2020-11-30T18:20:22+00:00\" \/>\n<meta property=\"article:modified_time\" content=\"2024-07-30T12:17:59+00:00\" \/>\n<meta property=\"og:image\" content=\"https:\/\/puntdereferencia.org\/wp-content\/uploads\/2024\/07\/DSC_0582-scaled-2.jpg\" \/>\n\t<meta property=\"og:image:width\" content=\"2560\" \/>\n\t<meta property=\"og:image:height\" content=\"1714\" \/>\n\t<meta property=\"og:image:type\" content=\"image\/jpeg\" \/>\n<meta name=\"author\" content=\"admin\" \/>\n<meta name=\"twitter:card\" content=\"summary_large_image\" \/>\n<meta name=\"twitter:label1\" content=\"Escrito por\" \/>\n\t<meta name=\"twitter:data1\" content=\"admin\" \/>\n\t<meta name=\"twitter:label2\" content=\"Tiempo de lectura\" \/>\n\t<meta name=\"twitter:data2\" content=\"2 minutos\" \/>\n<script type=\"application\/ld+json\" class=\"yoast-schema-graph\">{\"@context\":\"https:\/\/schema.org\",\"@graph\":[{\"@type\":\"Article\",\"@id\":\"https:\/\/puntdereferencia.org\/es\/punt-de-referencia-entra-a-la-junta-de-la-taula-del-tercer-sector-social\/#article\",\"isPartOf\":{\"@id\":\"https:\/\/puntdereferencia.org\/es\/punt-de-referencia-entra-a-la-junta-de-la-taula-del-tercer-sector-social\/\"},\"author\":{\"name\":\"admin\",\"@id\":\"https:\/\/puntdereferencia.org\/es\/#\/schema\/person\/c475209bcc857303ec6ed0259d3cf078\"},\"headline\":\"Punt de Refer\u00e8ncia entra en la Junta de la Taula del Tercer Sector Social\",\"datePublished\":\"2020-11-30T18:20:22+00:00\",\"dateModified\":\"2024-07-30T12:17:59+00:00\",\"mainEntityOfPage\":{\"@id\":\"https:\/\/puntdereferencia.org\/es\/punt-de-referencia-entra-a-la-junta-de-la-taula-del-tercer-sector-social\/\"},\"wordCount\":323,\"commentCount\":539,\"image\":{\"@id\":\"https:\/\/puntdereferencia.org\/es\/punt-de-referencia-entra-a-la-junta-de-la-taula-del-tercer-sector-social\/#primaryimage\"},\"thumbnailUrl\":\"https:\/\/puntdereferencia.org\/wp-content\/uploads\/2024\/07\/DSC_0582-scaled-2.jpg\",\"keywords\":[\"extutelat\",\"FEPA\",\"junta\",\"sector\"],\"articleSection\":[\"NOTICIAS\"],\"inLanguage\":\"es\",\"potentialAction\":[{\"@type\":\"CommentAction\",\"name\":\"Comment\",\"target\":[\"https:\/\/puntdereferencia.org\/es\/punt-de-referencia-entra-a-la-junta-de-la-taula-del-tercer-sector-social\/#respond\"]}]},{\"@type\":\"WebPage\",\"@id\":\"https:\/\/puntdereferencia.org\/es\/punt-de-referencia-entra-a-la-junta-de-la-taula-del-tercer-sector-social\/\",\"url\":\"https:\/\/puntdereferencia.org\/es\/punt-de-referencia-entra-a-la-junta-de-la-taula-del-tercer-sector-social\/\",\"name\":\"Punt de Refer\u00e8ncia entra en la Junta de la Taula del Tercer Sector Social - Punt de Referencia\",\"isPartOf\":{\"@id\":\"https:\/\/puntdereferencia.org\/es\/#website\"},\"primaryImageOfPage\":{\"@id\":\"https:\/\/puntdereferencia.org\/es\/punt-de-referencia-entra-a-la-junta-de-la-taula-del-tercer-sector-social\/#primaryimage\"},\"image\":{\"@id\":\"https:\/\/puntdereferencia.org\/es\/punt-de-referencia-entra-a-la-junta-de-la-taula-del-tercer-sector-social\/#primaryimage\"},\"thumbnailUrl\":\"https:\/\/puntdereferencia.org\/wp-content\/uploads\/2024\/07\/DSC_0582-scaled-2.jpg\",\"datePublished\":\"2020-11-30T18:20:22+00:00\",\"dateModified\":\"2024-07-30T12:17:59+00:00\",\"author\":{\"@id\":\"https:\/\/puntdereferencia.org\/es\/#\/schema\/person\/c475209bcc857303ec6ed0259d3cf078\"},\"breadcrumb\":{\"@id\":\"https:\/\/puntdereferencia.org\/es\/punt-de-referencia-entra-a-la-junta-de-la-taula-del-tercer-sector-social\/#breadcrumb\"},\"inLanguage\":\"es\",\"potentialAction\":[{\"@type\":\"ReadAction\",\"target\":[\"https:\/\/puntdereferencia.org\/es\/punt-de-referencia-entra-a-la-junta-de-la-taula-del-tercer-sector-social\/\"]}]},{\"@type\":\"ImageObject\",\"inLanguage\":\"es\",\"@id\":\"https:\/\/puntdereferencia.org\/es\/punt-de-referencia-entra-a-la-junta-de-la-taula-del-tercer-sector-social\/#primaryimage\",\"url\":\"https:\/\/puntdereferencia.org\/wp-content\/uploads\/2024\/07\/DSC_0582-scaled-2.jpg\",\"contentUrl\":\"https:\/\/puntdereferencia.org\/wp-content\/uploads\/2024\/07\/DSC_0582-scaled-2.jpg\",\"width\":2560,\"height\":1714},{\"@type\":\"BreadcrumbList\",\"@id\":\"https:\/\/puntdereferencia.org\/es\/punt-de-referencia-entra-a-la-junta-de-la-taula-del-tercer-sector-social\/#breadcrumb\",\"itemListElement\":[{\"@type\":\"ListItem\",\"position\":1,\"name\":\"Inici\",\"item\":\"https:\/\/puntdereferencia.org\/es\/inicio\/\"},{\"@type\":\"ListItem\",\"position\":2,\"name\":\"Punt de Refer\u00e8ncia entra en la Junta de la Taula del Tercer Sector Social\"}]},{\"@type\":\"WebSite\",\"@id\":\"https:\/\/puntdereferencia.org\/es\/#website\",\"url\":\"https:\/\/puntdereferencia.org\/es\/\",\"name\":\"Punt de Referencia\",\"description\":\"\",\"potentialAction\":[{\"@type\":\"SearchAction\",\"target\":{\"@type\":\"EntryPoint\",\"urlTemplate\":\"https:\/\/puntdereferencia.org\/es\/?s={search_term_string}\"},\"query-input\":{\"@type\":\"PropertyValueSpecification\",\"valueRequired\":true,\"valueName\":\"search_term_string\"}}],\"inLanguage\":\"es\"},{\"@type\":\"Person\",\"@id\":\"https:\/\/puntdereferencia.org\/es\/#\/schema\/person\/c475209bcc857303ec6ed0259d3cf078\",\"name\":\"admin\",\"image\":{\"@type\":\"ImageObject\",\"inLanguage\":\"es\",\"@id\":\"https:\/\/puntdereferencia.org\/es\/#\/schema\/person\/image\/\",\"url\":\"https:\/\/secure.gravatar.com\/avatar\/ff306d55f6aedb51a29e838506fafaa76a30bce9f5db9aca2e28921b903aaad2?s=96&d=mm&r=g\",\"contentUrl\":\"https:\/\/secure.gravatar.com\/avatar\/ff306d55f6aedb51a29e838506fafaa76a30bce9f5db9aca2e28921b903aaad2?s=96&d=mm&r=g\",\"caption\":\"admin\"},\"sameAs\":[\"http:\/\/\/home\/puntref\/webapps\/web2024\"],\"url\":\"https:\/\/puntdereferencia.org\/es\/author\/admin\/\"}]}<\/script>\n<!-- \/ Yoast SEO plugin. -->","yoast_head_json":{"title":"Punt de Refer\u00e8ncia entra en la Junta de la Taula del Tercer Sector Social - Punt de Referencia","robots":{"index":"index","follow":"follow","max-snippet":"max-snippet:-1","max-image-preview":"max-image-preview:large","max-video-preview":"max-video-preview:-1"},"canonical":"https:\/\/puntdereferencia.org\/es\/punt-de-referencia-entra-a-la-junta-de-la-taula-del-tercer-sector-social\/","og_locale":"es_ES","og_type":"article","og_title":"Punt de Refer\u00e8ncia entra en la Junta de la Taula del Tercer Sector Social - Punt de Referencia","og_description":"La coyuntura actual marcada por la crisis social, sanitaria y econ\u00f3mica provocada por la COVID-19 nos lleva hacia un escenario de mucha incertidumbre y alta complejidad, donde las personas en situaci\u00f3n m\u00e1s vulnerable pueden ser las principales damnificadas si no acaban siendo una prioridad en la implementaci\u00f3n de pol\u00edticas p\u00fablicas por parte de los diferentes [&hellip;]","og_url":"https:\/\/puntdereferencia.org\/es\/punt-de-referencia-entra-a-la-junta-de-la-taula-del-tercer-sector-social\/","og_site_name":"Punt de Referencia","article_published_time":"2020-11-30T18:20:22+00:00","article_modified_time":"2024-07-30T12:17:59+00:00","og_image":[{"width":2560,"height":1714,"url":"https:\/\/puntdereferencia.org\/wp-content\/uploads\/2024\/07\/DSC_0582-scaled-2.jpg","type":"image\/jpeg"}],"author":"admin","twitter_card":"summary_large_image","twitter_misc":{"Escrito por":"admin","Tiempo de lectura":"2 minutos"},"schema":{"@context":"https:\/\/schema.org","@graph":[{"@type":"Article","@id":"https:\/\/puntdereferencia.org\/es\/punt-de-referencia-entra-a-la-junta-de-la-taula-del-tercer-sector-social\/#article","isPartOf":{"@id":"https:\/\/puntdereferencia.org\/es\/punt-de-referencia-entra-a-la-junta-de-la-taula-del-tercer-sector-social\/"},"author":{"name":"admin","@id":"https:\/\/puntdereferencia.org\/es\/#\/schema\/person\/c475209bcc857303ec6ed0259d3cf078"},"headline":"Punt de Refer\u00e8ncia entra en la Junta de la Taula del Tercer Sector Social","datePublished":"2020-11-30T18:20:22+00:00","dateModified":"2024-07-30T12:17:59+00:00","mainEntityOfPage":{"@id":"https:\/\/puntdereferencia.org\/es\/punt-de-referencia-entra-a-la-junta-de-la-taula-del-tercer-sector-social\/"},"wordCount":323,"commentCount":539,"image":{"@id":"https:\/\/puntdereferencia.org\/es\/punt-de-referencia-entra-a-la-junta-de-la-taula-del-tercer-sector-social\/#primaryimage"},"thumbnailUrl":"https:\/\/puntdereferencia.org\/wp-content\/uploads\/2024\/07\/DSC_0582-scaled-2.jpg","keywords":["extutelat","FEPA","junta","sector"],"articleSection":["NOTICIAS"],"inLanguage":"es","potentialAction":[{"@type":"CommentAction","name":"Comment","target":["https:\/\/puntdereferencia.org\/es\/punt-de-referencia-entra-a-la-junta-de-la-taula-del-tercer-sector-social\/#respond"]}]},{"@type":"WebPage","@id":"https:\/\/puntdereferencia.org\/es\/punt-de-referencia-entra-a-la-junta-de-la-taula-del-tercer-sector-social\/","url":"https:\/\/puntdereferencia.org\/es\/punt-de-referencia-entra-a-la-junta-de-la-taula-del-tercer-sector-social\/","name":"Punt de Refer\u00e8ncia entra en la Junta de la Taula del Tercer Sector Social - Punt de Referencia","isPartOf":{"@id":"https:\/\/puntdereferencia.org\/es\/#website"},"primaryImageOfPage":{"@id":"https:\/\/puntdereferencia.org\/es\/punt-de-referencia-entra-a-la-junta-de-la-taula-del-tercer-sector-social\/#primaryimage"},"image":{"@id":"https:\/\/puntdereferencia.org\/es\/punt-de-referencia-entra-a-la-junta-de-la-taula-del-tercer-sector-social\/#primaryimage"},"thumbnailUrl":"https:\/\/puntdereferencia.org\/wp-content\/uploads\/2024\/07\/DSC_0582-scaled-2.jpg","datePublished":"2020-11-30T18:20:22+00:00","dateModified":"2024-07-30T12:17:59+00:00","author":{"@id":"https:\/\/puntdereferencia.org\/es\/#\/schema\/person\/c475209bcc857303ec6ed0259d3cf078"},"breadcrumb":{"@id":"https:\/\/puntdereferencia.org\/es\/punt-de-referencia-entra-a-la-junta-de-la-taula-del-tercer-sector-social\/#breadcrumb"},"inLanguage":"es","potentialAction":[{"@type":"ReadAction","target":["https:\/\/puntdereferencia.org\/es\/punt-de-referencia-entra-a-la-junta-de-la-taula-del-tercer-sector-social\/"]}]},{"@type":"ImageObject","inLanguage":"es","@id":"https:\/\/puntdereferencia.org\/es\/punt-de-referencia-entra-a-la-junta-de-la-taula-del-tercer-sector-social\/#primaryimage","url":"https:\/\/puntdereferencia.org\/wp-content\/uploads\/2024\/07\/DSC_0582-scaled-2.jpg","contentUrl":"https:\/\/puntdereferencia.org\/wp-content\/uploads\/2024\/07\/DSC_0582-scaled-2.jpg","width":2560,"height":1714},{"@type":"BreadcrumbList","@id":"https:\/\/puntdereferencia.org\/es\/punt-de-referencia-entra-a-la-junta-de-la-taula-del-tercer-sector-social\/#breadcrumb","itemListElement":[{"@type":"ListItem","position":1,"name":"Inici","item":"https:\/\/puntdereferencia.org\/es\/inicio\/"},{"@type":"ListItem","position":2,"name":"Punt de Refer\u00e8ncia entra en la Junta de la Taula del Tercer Sector Social"}]},{"@type":"WebSite","@id":"https:\/\/puntdereferencia.org\/es\/#website","url":"https:\/\/puntdereferencia.org\/es\/","name":"Punt de Referencia","description":"","potentialAction":[{"@type":"SearchAction","target":{"@type":"EntryPoint","urlTemplate":"https:\/\/puntdereferencia.org\/es\/?s={search_term_string}"},"query-input":{"@type":"PropertyValueSpecification","valueRequired":true,"valueName":"search_term_string"}}],"inLanguage":"es"},{"@type":"Person","@id":"https:\/\/puntdereferencia.org\/es\/#\/schema\/person\/c475209bcc857303ec6ed0259d3cf078","name":"admin","image":{"@type":"ImageObject","inLanguage":"es","@id":"https:\/\/puntdereferencia.org\/es\/#\/schema\/person\/image\/","url":"https:\/\/secure.gravatar.com\/avatar\/ff306d55f6aedb51a29e838506fafaa76a30bce9f5db9aca2e28921b903aaad2?s=96&d=mm&r=g","contentUrl":"https:\/\/secure.gravatar.com\/avatar\/ff306d55f6aedb51a29e838506fafaa76a30bce9f5db9aca2e28921b903aaad2?s=96&d=mm&r=g","caption":"admin"},"sameAs":["http:\/\/\/home\/puntref\/webapps\/web2024"],"url":"https:\/\/puntdereferencia.org\/es\/author\/admin\/"}]}},"_links":{"self":[{"href":"https:\/\/puntdereferencia.org\/es\/wp-json\/wp\/v2\/posts\/24579","targetHints":{"allow":["GET"]}}],"collection":[{"href":"https:\/\/puntdereferencia.org\/es\/wp-json\/wp\/v2\/posts"}],"about":[{"href":"https:\/\/puntdereferencia.org\/es\/wp-json\/wp\/v2\/types\/post"}],"author":[{"embeddable":true,"href":"https:\/\/puntdereferencia.org\/es\/wp-json\/wp\/v2\/users\/1"}],"replies":[{"embeddable":true,"href":"https:\/\/puntdereferencia.org\/es\/wp-json\/wp\/v2\/comments?post=24579"}],"version-history":[{"count":3,"href":"https:\/\/puntdereferencia.org\/es\/wp-json\/wp\/v2\/posts\/24579\/revisions"}],"predecessor-version":[{"id":26375,"href":"https:\/\/puntdereferencia.org\/es\/wp-json\/wp\/v2\/posts\/24579\/revisions\/26375"}],"wp:featuredmedia":[{"embeddable":true,"href":"https:\/\/puntdereferencia.org\/es\/wp-json\/wp\/v2\/media\/21743"}],"wp:attachment":[{"href":"https:\/\/puntdereferencia.org\/es\/wp-json\/wp\/v2\/media?parent=24579"}],"wp:term":[{"taxonomy":"category","embeddable":true,"href":"https:\/\/puntdereferencia.org\/es\/wp-json\/wp\/v2\/categories?post=24579"},{"taxonomy":"post_tag","embeddable":true,"href":"https:\/\/puntdereferencia.org\/es\/wp-json\/wp\/v2\/tags?post=24579"}],"curies":[{"name":"wp","href":"https:\/\/api.w.org\/{rel}","templated":true}]}}