{"id":24581,"date":"2020-12-01T08:33:06","date_gmt":"2020-12-01T08:33:06","guid":{"rendered":"https:\/\/puntdereferencia.org\/recollir-el-que-has-sembrat-layoub-semancipa\/"},"modified":"2024-07-30T12:17:29","modified_gmt":"2024-07-30T12:17:29","slug":"recollir-el-que-has-sembrat-layoub-semancipa","status":"publish","type":"post","link":"https:\/\/puntdereferencia.org\/es\/recollir-el-que-has-sembrat-layoub-semancipa\/","title":{"rendered":"Recoger lo que has sembrado: Ayoub se emancipa"},"content":{"rendered":"<p>Ayoub piensa en cuando dej\u00f3 el centro de menores y entr\u00f3 a convivir en el piso &#8216;El Trampol\u00ed&#8217; de Punt de Refer\u00e8ncia.<br \/>\nYa hace tres a\u00f1os de aquel momento y a\u00fan recuerda cu\u00e1les eran sus prioridades: necesitaba entender el idioma y poderse comunicar. Tambi\u00e9n recuerda que por entonces, su educadora lo apunt\u00f3 a un curso de castellano. En sus encuentros le preguntaba qu\u00e9 le gustar\u00eda hacer, qu\u00e9 intereses ten\u00eda, y le relat\u00f3 su pasi\u00f3n por la mec\u00e1nica y su experiencia arreglando bicicletas en un taller de la familia en Marruecos. Ella lo orient\u00f3 hasta que Ayoub se decidi\u00f3 a cursar el PFI de Auxiliar de Reparaci\u00f3n y Mantenimiento de Veh\u00edculos Ligeros.<\/p>\n<p>&nbsp;<\/p>\n<p><img loading=\"lazy\" decoding=\"async\" class=\"wp-image-10411 alignleft\" src=\"http:\/\/puntdereferencia.org\/wp-content\/uploads\/2024\/07\/DSC_2276-1-scaled-1.jpg\" alt=\"\" width=\"506\" height=\"337\" \/><\/p>\n<p>Ayoub, David (su educador) y yo nos hemos sentado en el sof\u00e1, desde donde puedo ver una bicicleta aparcada a en la entrada. Es de Ayoub, y la usa para moverse por Barcelona, sobre todo en los viajes de ida y vuelta del trabajo. Trabaja en una tienda y taller de bicicletas el\u00e9ctricas en el barrio de Gr\u00e0cia, un trabajo que encontr\u00f3 gracias a que lo recomendaran por su dedicaci\u00f3n y ma\u00f1a con la mec\u00e1nica, del taller donde hab\u00eda hecho las pr\u00e1cticas.<\/p>\n<p>Le ha costado tiempo y paciencia conseguir un contrato de un a\u00f1o, finalmente fue en junio de 2019 que con esta oferta de trabajo pudo regularizar su situaci\u00f3n documental. Ahora tiene un contrato indefinido.<\/p>\n<p>&nbsp;<\/p>\n<p>&nbsp;<\/p>\n<p>&nbsp;<\/p>\n<p><strong>Ayoub cumplir\u00e1 21 a\u00f1os en mayo de 2021 y pronto dejar\u00e1 el piso asistido para emanciparse<\/strong>. F\u00edsicamente ha crecido mucho desde la \u00faltima vez que lo vi, quiz\u00e1 haga m\u00e1s de un a\u00f1o. David tambi\u00e9n lo ha visto crecer, y perder timidez y desarrollarse mejor con el entorno. Est\u00e1 muy satisfecho del itinerario de Ayoub, un chico que dentro de unos meses se emancipar\u00e1 y recoger\u00e1 los frutos del esfuerzo que ha hecho para tirar adelante.\u00a0<em>Se ha dejado acompa\u00f1ar, y se ha tomado muy seriamente todas las recomendaciones, y eso no siempre es f\u00e1cil<\/em>, dice David.<\/p>\n<p>Para acabar, le pedimos a Ayoub que mire atr\u00e1s y piense en su proceso personal: ha cambiado a lo largo de estos a\u00f1os? <strong>Ayoub siente que\u00a0ha ganado en control sobre su vida, en autoconfianza, en seguridad y en adquirir herramientas para poder continuar solo. Dice que enfrenta la etapa de la emancipaci\u00f3n con pena por tener que dejar el piso, pero sin miedo &#8216;<em>porque David me ha dicho que puedo encontrarlo en Punt de Refer\u00e8ncia siempre que lo necesite&#8217;.<\/em><\/strong><\/p>\n<p><img loading=\"lazy\" decoding=\"async\" class=\"wp-image-10400 aligncenter\" src=\"http:\/\/puntdereferencia.org\/wp-content\/uploads\/2024\/07\/DSC_2281-scaled-1.jpg\" alt=\"\" width=\"592\" height=\"394\" \/><\/p>\n<p>&nbsp;<\/p>\n","protected":false},"excerpt":{"rendered":"<p>Ayoub piensa en cuando dej\u00f3 el centro de menores y entr\u00f3 a convivir en el piso &#8216;El Trampol\u00ed&#8217; de Punt de Refer\u00e8ncia. Ya hace tres a\u00f1os de aquel momento y a\u00fan recuerda cu\u00e1les eran sus prioridades: necesitaba entender el idioma y poderse comunicar. Tambi\u00e9n recuerda que por entonces, su educadora lo apunt\u00f3 a un curso [&hellip;]<\/p>\n","protected":false},"author":1,"featured_media":21757,"comment_status":"open","ping_status":"open","sticky":false,"template":"","format":"standard","meta":{"footnotes":""},"categories":[913],"tags":[39,477,71,129,82],"class_list":["post-24581","post","type-post","status-publish","format-standard","has-post-thumbnail","hentry","category-noticias-es","tag-emancipacio","tag-esforc","tag-exit","tag-jove","tag-pis"],"yoast_head":"<!-- This site is optimized with the Yoast SEO plugin v27.1.1 - https:\/\/yoast.com\/product\/yoast-seo-wordpress\/ -->\n<title>Recoger lo que has sembrado: Ayoub se emancipa - Punt de Referencia<\/title>\n<meta name=\"robots\" content=\"index, follow, max-snippet:-1, max-image-preview:large, max-video-preview:-1\" \/>\n<link rel=\"canonical\" href=\"https:\/\/puntdereferencia.org\/es\/recollir-el-que-has-sembrat-layoub-semancipa\/\" \/>\n<meta property=\"og:locale\" content=\"es_ES\" \/>\n<meta property=\"og:type\" content=\"article\" \/>\n<meta property=\"og:title\" content=\"Recoger lo que has sembrado: Ayoub se emancipa - Punt de Referencia\" \/>\n<meta property=\"og:description\" content=\"Ayoub piensa en cuando dej\u00f3 el centro de menores y entr\u00f3 a convivir en el piso &#8216;El Trampol\u00ed&#8217; de Punt de Refer\u00e8ncia. Ya hace tres a\u00f1os de aquel momento y a\u00fan recuerda cu\u00e1les eran sus prioridades: necesitaba entender el idioma y poderse comunicar. Tambi\u00e9n recuerda que por entonces, su educadora lo apunt\u00f3 a un curso [&hellip;]\" \/>\n<meta property=\"og:url\" content=\"https:\/\/puntdereferencia.org\/es\/recollir-el-que-has-sembrat-layoub-semancipa\/\" \/>\n<meta property=\"og:site_name\" content=\"Punt de Referencia\" \/>\n<meta property=\"article:published_time\" content=\"2020-12-01T08:33:06+00:00\" \/>\n<meta property=\"article:modified_time\" content=\"2024-07-30T12:17:29+00:00\" \/>\n<meta property=\"og:image\" content=\"https:\/\/puntdereferencia.org\/wp-content\/uploads\/2024\/07\/DSC_2283-scaled-1.jpg\" \/>\n\t<meta property=\"og:image:width\" content=\"2560\" \/>\n\t<meta property=\"og:image:height\" content=\"1702\" \/>\n\t<meta property=\"og:image:type\" content=\"image\/jpeg\" \/>\n<meta name=\"author\" content=\"admin\" \/>\n<meta name=\"twitter:card\" content=\"summary_large_image\" \/>\n<meta name=\"twitter:label1\" content=\"Escrito por\" \/>\n\t<meta name=\"twitter:data1\" content=\"admin\" \/>\n\t<meta name=\"twitter:label2\" content=\"Tiempo de lectura\" \/>\n\t<meta name=\"twitter:data2\" content=\"3 minutos\" \/>\n<script type=\"application\/ld+json\" class=\"yoast-schema-graph\">{\"@context\":\"https:\/\/schema.org\",\"@graph\":[{\"@type\":\"Article\",\"@id\":\"https:\/\/puntdereferencia.org\/es\/recollir-el-que-has-sembrat-layoub-semancipa\/#article\",\"isPartOf\":{\"@id\":\"https:\/\/puntdereferencia.org\/es\/recollir-el-que-has-sembrat-layoub-semancipa\/\"},\"author\":{\"name\":\"admin\",\"@id\":\"https:\/\/puntdereferencia.org\/es\/#\/schema\/person\/c475209bcc857303ec6ed0259d3cf078\"},\"headline\":\"Recoger lo que has sembrado: Ayoub se emancipa\",\"datePublished\":\"2020-12-01T08:33:06+00:00\",\"dateModified\":\"2024-07-30T12:17:29+00:00\",\"mainEntityOfPage\":{\"@id\":\"https:\/\/puntdereferencia.org\/es\/recollir-el-que-has-sembrat-layoub-semancipa\/\"},\"wordCount\":445,\"commentCount\":0,\"image\":{\"@id\":\"https:\/\/puntdereferencia.org\/es\/recollir-el-que-has-sembrat-layoub-semancipa\/#primaryimage\"},\"thumbnailUrl\":\"https:\/\/puntdereferencia.org\/wp-content\/uploads\/2024\/07\/DSC_2283-scaled-1.jpg\",\"keywords\":[\"emancipaci\u00f3\",\"esfor\u00e7\",\"\u00e8xit\",\"jove\",\"pis\"],\"articleSection\":[\"NOTICIAS\"],\"inLanguage\":\"es\",\"potentialAction\":[{\"@type\":\"CommentAction\",\"name\":\"Comment\",\"target\":[\"https:\/\/puntdereferencia.org\/es\/recollir-el-que-has-sembrat-layoub-semancipa\/#respond\"]}]},{\"@type\":\"WebPage\",\"@id\":\"https:\/\/puntdereferencia.org\/es\/recollir-el-que-has-sembrat-layoub-semancipa\/\",\"url\":\"https:\/\/puntdereferencia.org\/es\/recollir-el-que-has-sembrat-layoub-semancipa\/\",\"name\":\"Recoger lo que has sembrado: Ayoub se emancipa - Punt de Referencia\",\"isPartOf\":{\"@id\":\"https:\/\/puntdereferencia.org\/es\/#website\"},\"primaryImageOfPage\":{\"@id\":\"https:\/\/puntdereferencia.org\/es\/recollir-el-que-has-sembrat-layoub-semancipa\/#primaryimage\"},\"image\":{\"@id\":\"https:\/\/puntdereferencia.org\/es\/recollir-el-que-has-sembrat-layoub-semancipa\/#primaryimage\"},\"thumbnailUrl\":\"https:\/\/puntdereferencia.org\/wp-content\/uploads\/2024\/07\/DSC_2283-scaled-1.jpg\",\"datePublished\":\"2020-12-01T08:33:06+00:00\",\"dateModified\":\"2024-07-30T12:17:29+00:00\",\"author\":{\"@id\":\"https:\/\/puntdereferencia.org\/es\/#\/schema\/person\/c475209bcc857303ec6ed0259d3cf078\"},\"breadcrumb\":{\"@id\":\"https:\/\/puntdereferencia.org\/es\/recollir-el-que-has-sembrat-layoub-semancipa\/#breadcrumb\"},\"inLanguage\":\"es\",\"potentialAction\":[{\"@type\":\"ReadAction\",\"target\":[\"https:\/\/puntdereferencia.org\/es\/recollir-el-que-has-sembrat-layoub-semancipa\/\"]}]},{\"@type\":\"ImageObject\",\"inLanguage\":\"es\",\"@id\":\"https:\/\/puntdereferencia.org\/es\/recollir-el-que-has-sembrat-layoub-semancipa\/#primaryimage\",\"url\":\"https:\/\/puntdereferencia.org\/wp-content\/uploads\/2024\/07\/DSC_2283-scaled-1.jpg\",\"contentUrl\":\"https:\/\/puntdereferencia.org\/wp-content\/uploads\/2024\/07\/DSC_2283-scaled-1.jpg\",\"width\":2560,\"height\":1702},{\"@type\":\"BreadcrumbList\",\"@id\":\"https:\/\/puntdereferencia.org\/es\/recollir-el-que-has-sembrat-layoub-semancipa\/#breadcrumb\",\"itemListElement\":[{\"@type\":\"ListItem\",\"position\":1,\"name\":\"Inici\",\"item\":\"https:\/\/puntdereferencia.org\/es\/inicio\/\"},{\"@type\":\"ListItem\",\"position\":2,\"name\":\"Recoger lo que has sembrado: Ayoub se emancipa\"}]},{\"@type\":\"WebSite\",\"@id\":\"https:\/\/puntdereferencia.org\/es\/#website\",\"url\":\"https:\/\/puntdereferencia.org\/es\/\",\"name\":\"Punt de Referencia\",\"description\":\"\",\"potentialAction\":[{\"@type\":\"SearchAction\",\"target\":{\"@type\":\"EntryPoint\",\"urlTemplate\":\"https:\/\/puntdereferencia.org\/es\/?s={search_term_string}\"},\"query-input\":{\"@type\":\"PropertyValueSpecification\",\"valueRequired\":true,\"valueName\":\"search_term_string\"}}],\"inLanguage\":\"es\"},{\"@type\":\"Person\",\"@id\":\"https:\/\/puntdereferencia.org\/es\/#\/schema\/person\/c475209bcc857303ec6ed0259d3cf078\",\"name\":\"admin\",\"image\":{\"@type\":\"ImageObject\",\"inLanguage\":\"es\",\"@id\":\"https:\/\/puntdereferencia.org\/es\/#\/schema\/person\/image\/\",\"url\":\"https:\/\/secure.gravatar.com\/avatar\/ff306d55f6aedb51a29e838506fafaa76a30bce9f5db9aca2e28921b903aaad2?s=96&d=mm&r=g\",\"contentUrl\":\"https:\/\/secure.gravatar.com\/avatar\/ff306d55f6aedb51a29e838506fafaa76a30bce9f5db9aca2e28921b903aaad2?s=96&d=mm&r=g\",\"caption\":\"admin\"},\"sameAs\":[\"http:\/\/\/home\/puntref\/webapps\/web2024\"],\"url\":\"https:\/\/puntdereferencia.org\/es\/author\/admin\/\"}]}<\/script>\n<!-- \/ Yoast SEO plugin. -->","yoast_head_json":{"title":"Recoger lo que has sembrado: Ayoub se emancipa - Punt de Referencia","robots":{"index":"index","follow":"follow","max-snippet":"max-snippet:-1","max-image-preview":"max-image-preview:large","max-video-preview":"max-video-preview:-1"},"canonical":"https:\/\/puntdereferencia.org\/es\/recollir-el-que-has-sembrat-layoub-semancipa\/","og_locale":"es_ES","og_type":"article","og_title":"Recoger lo que has sembrado: Ayoub se emancipa - Punt de Referencia","og_description":"Ayoub piensa en cuando dej\u00f3 el centro de menores y entr\u00f3 a convivir en el piso &#8216;El Trampol\u00ed&#8217; de Punt de Refer\u00e8ncia. Ya hace tres a\u00f1os de aquel momento y a\u00fan recuerda cu\u00e1les eran sus prioridades: necesitaba entender el idioma y poderse comunicar. Tambi\u00e9n recuerda que por entonces, su educadora lo apunt\u00f3 a un curso [&hellip;]","og_url":"https:\/\/puntdereferencia.org\/es\/recollir-el-que-has-sembrat-layoub-semancipa\/","og_site_name":"Punt de Referencia","article_published_time":"2020-12-01T08:33:06+00:00","article_modified_time":"2024-07-30T12:17:29+00:00","og_image":[{"width":2560,"height":1702,"url":"https:\/\/puntdereferencia.org\/wp-content\/uploads\/2024\/07\/DSC_2283-scaled-1.jpg","type":"image\/jpeg"}],"author":"admin","twitter_card":"summary_large_image","twitter_misc":{"Escrito por":"admin","Tiempo de lectura":"3 minutos"},"schema":{"@context":"https:\/\/schema.org","@graph":[{"@type":"Article","@id":"https:\/\/puntdereferencia.org\/es\/recollir-el-que-has-sembrat-layoub-semancipa\/#article","isPartOf":{"@id":"https:\/\/puntdereferencia.org\/es\/recollir-el-que-has-sembrat-layoub-semancipa\/"},"author":{"name":"admin","@id":"https:\/\/puntdereferencia.org\/es\/#\/schema\/person\/c475209bcc857303ec6ed0259d3cf078"},"headline":"Recoger lo que has sembrado: Ayoub se emancipa","datePublished":"2020-12-01T08:33:06+00:00","dateModified":"2024-07-30T12:17:29+00:00","mainEntityOfPage":{"@id":"https:\/\/puntdereferencia.org\/es\/recollir-el-que-has-sembrat-layoub-semancipa\/"},"wordCount":445,"commentCount":0,"image":{"@id":"https:\/\/puntdereferencia.org\/es\/recollir-el-que-has-sembrat-layoub-semancipa\/#primaryimage"},"thumbnailUrl":"https:\/\/puntdereferencia.org\/wp-content\/uploads\/2024\/07\/DSC_2283-scaled-1.jpg","keywords":["emancipaci\u00f3","esfor\u00e7","\u00e8xit","jove","pis"],"articleSection":["NOTICIAS"],"inLanguage":"es","potentialAction":[{"@type":"CommentAction","name":"Comment","target":["https:\/\/puntdereferencia.org\/es\/recollir-el-que-has-sembrat-layoub-semancipa\/#respond"]}]},{"@type":"WebPage","@id":"https:\/\/puntdereferencia.org\/es\/recollir-el-que-has-sembrat-layoub-semancipa\/","url":"https:\/\/puntdereferencia.org\/es\/recollir-el-que-has-sembrat-layoub-semancipa\/","name":"Recoger lo que has sembrado: Ayoub se emancipa - Punt de Referencia","isPartOf":{"@id":"https:\/\/puntdereferencia.org\/es\/#website"},"primaryImageOfPage":{"@id":"https:\/\/puntdereferencia.org\/es\/recollir-el-que-has-sembrat-layoub-semancipa\/#primaryimage"},"image":{"@id":"https:\/\/puntdereferencia.org\/es\/recollir-el-que-has-sembrat-layoub-semancipa\/#primaryimage"},"thumbnailUrl":"https:\/\/puntdereferencia.org\/wp-content\/uploads\/2024\/07\/DSC_2283-scaled-1.jpg","datePublished":"2020-12-01T08:33:06+00:00","dateModified":"2024-07-30T12:17:29+00:00","author":{"@id":"https:\/\/puntdereferencia.org\/es\/#\/schema\/person\/c475209bcc857303ec6ed0259d3cf078"},"breadcrumb":{"@id":"https:\/\/puntdereferencia.org\/es\/recollir-el-que-has-sembrat-layoub-semancipa\/#breadcrumb"},"inLanguage":"es","potentialAction":[{"@type":"ReadAction","target":["https:\/\/puntdereferencia.org\/es\/recollir-el-que-has-sembrat-layoub-semancipa\/"]}]},{"@type":"ImageObject","inLanguage":"es","@id":"https:\/\/puntdereferencia.org\/es\/recollir-el-que-has-sembrat-layoub-semancipa\/#primaryimage","url":"https:\/\/puntdereferencia.org\/wp-content\/uploads\/2024\/07\/DSC_2283-scaled-1.jpg","contentUrl":"https:\/\/puntdereferencia.org\/wp-content\/uploads\/2024\/07\/DSC_2283-scaled-1.jpg","width":2560,"height":1702},{"@type":"BreadcrumbList","@id":"https:\/\/puntdereferencia.org\/es\/recollir-el-que-has-sembrat-layoub-semancipa\/#breadcrumb","itemListElement":[{"@type":"ListItem","position":1,"name":"Inici","item":"https:\/\/puntdereferencia.org\/es\/inicio\/"},{"@type":"ListItem","position":2,"name":"Recoger lo que has sembrado: Ayoub se emancipa"}]},{"@type":"WebSite","@id":"https:\/\/puntdereferencia.org\/es\/#website","url":"https:\/\/puntdereferencia.org\/es\/","name":"Punt de Referencia","description":"","potentialAction":[{"@type":"SearchAction","target":{"@type":"EntryPoint","urlTemplate":"https:\/\/puntdereferencia.org\/es\/?s={search_term_string}"},"query-input":{"@type":"PropertyValueSpecification","valueRequired":true,"valueName":"search_term_string"}}],"inLanguage":"es"},{"@type":"Person","@id":"https:\/\/puntdereferencia.org\/es\/#\/schema\/person\/c475209bcc857303ec6ed0259d3cf078","name":"admin","image":{"@type":"ImageObject","inLanguage":"es","@id":"https:\/\/puntdereferencia.org\/es\/#\/schema\/person\/image\/","url":"https:\/\/secure.gravatar.com\/avatar\/ff306d55f6aedb51a29e838506fafaa76a30bce9f5db9aca2e28921b903aaad2?s=96&d=mm&r=g","contentUrl":"https:\/\/secure.gravatar.com\/avatar\/ff306d55f6aedb51a29e838506fafaa76a30bce9f5db9aca2e28921b903aaad2?s=96&d=mm&r=g","caption":"admin"},"sameAs":["http:\/\/\/home\/puntref\/webapps\/web2024"],"url":"https:\/\/puntdereferencia.org\/es\/author\/admin\/"}]}},"_links":{"self":[{"href":"https:\/\/puntdereferencia.org\/es\/wp-json\/wp\/v2\/posts\/24581","targetHints":{"allow":["GET"]}}],"collection":[{"href":"https:\/\/puntdereferencia.org\/es\/wp-json\/wp\/v2\/posts"}],"about":[{"href":"https:\/\/puntdereferencia.org\/es\/wp-json\/wp\/v2\/types\/post"}],"author":[{"embeddable":true,"href":"https:\/\/puntdereferencia.org\/es\/wp-json\/wp\/v2\/users\/1"}],"replies":[{"embeddable":true,"href":"https:\/\/puntdereferencia.org\/es\/wp-json\/wp\/v2\/comments?post=24581"}],"version-history":[{"count":3,"href":"https:\/\/puntdereferencia.org\/es\/wp-json\/wp\/v2\/posts\/24581\/revisions"}],"predecessor-version":[{"id":26374,"href":"https:\/\/puntdereferencia.org\/es\/wp-json\/wp\/v2\/posts\/24581\/revisions\/26374"}],"wp:featuredmedia":[{"embeddable":true,"href":"https:\/\/puntdereferencia.org\/es\/wp-json\/wp\/v2\/media\/21757"}],"wp:attachment":[{"href":"https:\/\/puntdereferencia.org\/es\/wp-json\/wp\/v2\/media?parent=24581"}],"wp:term":[{"taxonomy":"category","embeddable":true,"href":"https:\/\/puntdereferencia.org\/es\/wp-json\/wp\/v2\/categories?post=24581"},{"taxonomy":"post_tag","embeddable":true,"href":"https:\/\/puntdereferencia.org\/es\/wp-json\/wp\/v2\/tags?post=24581"}],"curies":[{"name":"wp","href":"https:\/\/api.w.org\/{rel}","templated":true}]}}