{"id":24586,"date":"2021-01-07T11:14:23","date_gmt":"2021-01-07T11:14:23","guid":{"rendered":"https:\/\/puntdereferencia.org\/laltra-cara-del-2020\/"},"modified":"2024-07-30T12:11:08","modified_gmt":"2024-07-30T12:11:08","slug":"laltra-cara-del-2020","status":"publish","type":"post","link":"https:\/\/puntdereferencia.org\/es\/laltra-cara-del-2020\/","title":{"rendered":"Una mirada a las otras caras del 2020"},"content":{"rendered":"<h5>El 2020 ha sido un a\u00f1o que nos ha hecho vivir momentos ins\u00f3litos y en el que hemos abierto nuevos canales para compartir las nuevas vivencias a las que hemos hecho frente: art\u00edculos para explicar los cambios de enfoque de los proyectos, las afectaciones del coronavirus en las vidas de los j\u00f3venes, v\u00eddeos para estar m\u00e1s cerca unos de los otros en los momentos del confinamiento, y para ofrecer m\u00e1s herramientas a mentores y mentoras (qui\u00e9n no recuerda el confinadillu?)<br \/>\nHoy pero, tenemos ganas de recordar el a\u00f1o desde una perspectiva diferente, parando atenci\u00f3n a datos que permiten nuevas miradas sobre el duro a\u00f1o que acabamos de cerrar.<\/h5>\n<p>&nbsp;<\/p>\n<h3>+ juventud acompa\u00f1ada<\/h3>\n<p>148 j\u00f3venes han participado en los proyectos de Punt de Refer\u00e8ncia. Un 2% m\u00e1s que el a\u00f1o pasado. A cada uno de estos chicos y chicas les hemos ampliado considerablemente\u00a0las horas de acompa\u00f1amiento, debido a dos causas: la primera es que el Proyecto Referentes ha alargado de 6 a 10 meses las relaciones de mentor\u00eda del proyecto, y por lo tanto ha dedicado 4 meses m\u00e1s que los a\u00f1os anteriores a hacer seguimiento de las relaciones de mentor\u00eda. La segunda causa ha sido la necesidad creciente de los j\u00f3venes de ser acompa\u00f1ados durante la incertidumbre de la pandemia del coronavirus,\u00a0 por lo que hemos incrementado un 33% las tutor\u00edas que hemos hecho a lo largo del a\u00f1o.<\/p>\n<p>&nbsp;<\/p>\n<h3>+ voluntariado<\/h3>\n<p>El a\u00f1o que cerramos tambi\u00e9n destacan por haber sumado m\u00e1s personas voluntarias en los proyectos de mentor\u00eda, que en los anteriores a\u00f1os.\u00a0 Esta vez, que hemos tenido dificultades para garantizar la presencialidad en los encuentros con j\u00f3venes,\u00a0 la solidaridad ciudadana ha sido m\u00e1s grande que nunca. Tenemos un 20% de personas que se han querido implicar en ser mentoras. Celebramos una respuesta tan positiva!<\/p>\n<p>&nbsp;<\/p>\n<h3>+ conocimiento para acompa\u00f1ar a\u00a0j\u00f3venes<\/h3>\n<p>El formato virtual nos ha permitido continuar en contacto con organizaciones con las que compartimos y sumamos conocimiento. Hemos formado parte de la organizaci\u00f3n del <a href=\"https:\/\/mentoringsummit.eu\/\" target=\"_blank\" rel=\"noopener\"><strong>Congreso Europeo de Mentoria<\/strong><\/a>\u00a0donde hemos participado activamente en las sesiones formativas para continuar mejorando nuestro modelo de mentor\u00eda social. Tambi\u00e9n participamos en las <a href=\"https:\/\/www.fepa18.org\/activitats\/jornades-fepa-2020-2\/\" target=\"_blank\" rel=\"noopener\"><strong>Jornadas de FEPA<\/strong><\/a>, per mejorar la atenci\u00f3n a j\u00f3venes de los Pisos Asistidos. Hemos ampliado las formaciones y consultor\u00edas a entidades que nos piden un traspaso de conocimiento para implementar sus proyectos de mentor\u00eda, empezando un nuevo programa de buenas pr\u00e1cticas en la acogida.<\/p>\n<p>&nbsp;<\/p>\n<h3>+ alianzas y nuevas oportunidades<\/h3>\n<p>Estamos muy contentas de haber trabajado para generar nuevas oportunidades para j\u00f3venes. El esfuerzo se ha visto recompensado con la apertura (de la mano de la Fundaci\u00f3n Mambr\u00e9) de un nuevo piso de convivencia para j\u00f3venes que finalizan la estancia en el\u00a0Proyecto Acoge y contin\u00faan necesitando acompa\u00f1amiento por falta de recursos propios. Ha empezado a ver la luz el nuevo proyecto de\u00a0<a href=\"http:\/\/grupecos.coop\/noticies\/sostre-civic-i-les-llars-cooperatives-per-jovent-extutelat\/\">viviendas cooperativas para j\u00f3venes extutelados, dise\u00f1ado con la cooperativa Sostre C\u00edvic<\/a>, que apronto ofrecer\u00e1 uno de los pisos de la vivienda La Balma a nuestros j\u00f3venes.<\/p>\n<h3><img loading=\"lazy\" decoding=\"async\" class=\"wp-image-10632 aligncenter\" style=\"font-size: 16px;\" src=\"http:\/\/puntdereferencia.org\/wp-content\/uploads\/2024\/07\/IMG-20201116-WA0003.jpg\" alt=\"\" width=\"418\" height=\"314\" \/><\/h3>\n<h3>+ valores<\/h3>\n<p>La responsabilidad, la paciencia, la cura hacia los dem\u00e1s, la creatividad y la humanidad han pasado a primera l\u00ednea. Ha sido bonito verlo en todas las personas que forman parte de la entidad: los\u00a0 j\u00f3venes que intentaban esforzarse para continuar los estudios a distancia, los que viv\u00edan\u00a0confinados en un centro de menores o en un piso asistido, los que contin\u00faan luchando para encontrar un trabajo, el voluntariado que ha persistido en ser a su lado, aunque fuera virtualmente&#8230;este a\u00f1o\u00a0ha pedido un esfuerzo extra, y entre todas lo hemos superado, construyendo una red de confianza m\u00e1s s\u00f3lida.<\/p>\n","protected":false},"excerpt":{"rendered":"<p>El 2020 ha sido un a\u00f1o que nos ha hecho vivir momentos ins\u00f3litos y en el que hemos abierto nuevos canales para compartir las nuevas vivencias a las que hemos hecho frente: art\u00edculos para explicar los cambios de enfoque de los proyectos, las afectaciones del coronavirus en las vidas de los j\u00f3venes, v\u00eddeos para estar [&hellip;]<\/p>\n","protected":false},"author":1,"featured_media":21834,"comment_status":"open","ping_status":"open","sticky":false,"template":"","format":"standard","meta":{"footnotes":""},"categories":[913],"tags":[501,378,34,502],"class_list":["post-24586","post","type-post","status-publish","format-standard","has-post-thumbnail","hentry","category-noticias-es","tag-501","tag-coronavirus","tag-memoria","tag-punt-de-referencia"],"yoast_head":"<!-- This site is optimized with the Yoast SEO plugin v27.1.1 - https:\/\/yoast.com\/product\/yoast-seo-wordpress\/ -->\n<title>Una mirada a las otras caras del 2020 - Punt de Referencia<\/title>\n<meta name=\"robots\" content=\"index, follow, max-snippet:-1, max-image-preview:large, max-video-preview:-1\" \/>\n<link rel=\"canonical\" href=\"https:\/\/puntdereferencia.org\/es\/laltra-cara-del-2020\/\" \/>\n<meta property=\"og:locale\" content=\"es_ES\" \/>\n<meta property=\"og:type\" content=\"article\" \/>\n<meta property=\"og:title\" content=\"Una mirada a las otras caras del 2020 - Punt de Referencia\" \/>\n<meta property=\"og:description\" content=\"El 2020 ha sido un a\u00f1o que nos ha hecho vivir momentos ins\u00f3litos y en el que hemos abierto nuevos canales para compartir las nuevas vivencias a las que hemos hecho frente: art\u00edculos para explicar los cambios de enfoque de los proyectos, las afectaciones del coronavirus en las vidas de los j\u00f3venes, v\u00eddeos para estar [&hellip;]\" \/>\n<meta property=\"og:url\" content=\"https:\/\/puntdereferencia.org\/es\/laltra-cara-del-2020\/\" \/>\n<meta property=\"og:site_name\" content=\"Punt de Referencia\" \/>\n<meta property=\"article:published_time\" content=\"2021-01-07T11:14:23+00:00\" \/>\n<meta property=\"article:modified_time\" content=\"2024-07-30T12:11:08+00:00\" \/>\n<meta property=\"og:image\" content=\"https:\/\/puntdereferencia.org\/wp-content\/uploads\/2024\/07\/DSC_9505-1.jpg\" \/>\n\t<meta property=\"og:image:width\" content=\"1772\" \/>\n\t<meta property=\"og:image:height\" content=\"1183\" \/>\n\t<meta property=\"og:image:type\" content=\"image\/jpeg\" \/>\n<meta name=\"author\" content=\"admin\" \/>\n<meta name=\"twitter:card\" content=\"summary_large_image\" \/>\n<meta name=\"twitter:label1\" content=\"Escrito por\" \/>\n\t<meta name=\"twitter:data1\" content=\"admin\" \/>\n\t<meta name=\"twitter:label2\" content=\"Tiempo de lectura\" \/>\n\t<meta name=\"twitter:data2\" content=\"3 minutos\" \/>\n<script type=\"application\/ld+json\" class=\"yoast-schema-graph\">{\"@context\":\"https:\/\/schema.org\",\"@graph\":[{\"@type\":\"Article\",\"@id\":\"https:\/\/puntdereferencia.org\/es\/laltra-cara-del-2020\/#article\",\"isPartOf\":{\"@id\":\"https:\/\/puntdereferencia.org\/es\/laltra-cara-del-2020\/\"},\"author\":{\"name\":\"admin\",\"@id\":\"https:\/\/puntdereferencia.org\/es\/#\/schema\/person\/c475209bcc857303ec6ed0259d3cf078\"},\"headline\":\"Una mirada a las otras caras del 2020\",\"datePublished\":\"2021-01-07T11:14:23+00:00\",\"dateModified\":\"2024-07-30T12:11:08+00:00\",\"mainEntityOfPage\":{\"@id\":\"https:\/\/puntdereferencia.org\/es\/laltra-cara-del-2020\/\"},\"wordCount\":646,\"commentCount\":1,\"image\":{\"@id\":\"https:\/\/puntdereferencia.org\/es\/laltra-cara-del-2020\/#primaryimage\"},\"thumbnailUrl\":\"https:\/\/puntdereferencia.org\/wp-content\/uploads\/2024\/07\/DSC_9505-1.jpg\",\"keywords\":[\"2020\",\"coronavirus\",\"mem\u00f2ria\",\"punt de refer\u00e8ncia\"],\"articleSection\":[\"NOTICIAS\"],\"inLanguage\":\"es\",\"potentialAction\":[{\"@type\":\"CommentAction\",\"name\":\"Comment\",\"target\":[\"https:\/\/puntdereferencia.org\/es\/laltra-cara-del-2020\/#respond\"]}]},{\"@type\":\"WebPage\",\"@id\":\"https:\/\/puntdereferencia.org\/es\/laltra-cara-del-2020\/\",\"url\":\"https:\/\/puntdereferencia.org\/es\/laltra-cara-del-2020\/\",\"name\":\"Una mirada a las otras caras del 2020 - Punt de Referencia\",\"isPartOf\":{\"@id\":\"https:\/\/puntdereferencia.org\/es\/#website\"},\"primaryImageOfPage\":{\"@id\":\"https:\/\/puntdereferencia.org\/es\/laltra-cara-del-2020\/#primaryimage\"},\"image\":{\"@id\":\"https:\/\/puntdereferencia.org\/es\/laltra-cara-del-2020\/#primaryimage\"},\"thumbnailUrl\":\"https:\/\/puntdereferencia.org\/wp-content\/uploads\/2024\/07\/DSC_9505-1.jpg\",\"datePublished\":\"2021-01-07T11:14:23+00:00\",\"dateModified\":\"2024-07-30T12:11:08+00:00\",\"author\":{\"@id\":\"https:\/\/puntdereferencia.org\/es\/#\/schema\/person\/c475209bcc857303ec6ed0259d3cf078\"},\"breadcrumb\":{\"@id\":\"https:\/\/puntdereferencia.org\/es\/laltra-cara-del-2020\/#breadcrumb\"},\"inLanguage\":\"es\",\"potentialAction\":[{\"@type\":\"ReadAction\",\"target\":[\"https:\/\/puntdereferencia.org\/es\/laltra-cara-del-2020\/\"]}]},{\"@type\":\"ImageObject\",\"inLanguage\":\"es\",\"@id\":\"https:\/\/puntdereferencia.org\/es\/laltra-cara-del-2020\/#primaryimage\",\"url\":\"https:\/\/puntdereferencia.org\/wp-content\/uploads\/2024\/07\/DSC_9505-1.jpg\",\"contentUrl\":\"https:\/\/puntdereferencia.org\/wp-content\/uploads\/2024\/07\/DSC_9505-1.jpg\",\"width\":1772,\"height\":1183},{\"@type\":\"BreadcrumbList\",\"@id\":\"https:\/\/puntdereferencia.org\/es\/laltra-cara-del-2020\/#breadcrumb\",\"itemListElement\":[{\"@type\":\"ListItem\",\"position\":1,\"name\":\"Inici\",\"item\":\"https:\/\/puntdereferencia.org\/es\/inicio\/\"},{\"@type\":\"ListItem\",\"position\":2,\"name\":\"Una mirada a las otras caras del 2020\"}]},{\"@type\":\"WebSite\",\"@id\":\"https:\/\/puntdereferencia.org\/es\/#website\",\"url\":\"https:\/\/puntdereferencia.org\/es\/\",\"name\":\"Punt de Referencia\",\"description\":\"\",\"potentialAction\":[{\"@type\":\"SearchAction\",\"target\":{\"@type\":\"EntryPoint\",\"urlTemplate\":\"https:\/\/puntdereferencia.org\/es\/?s={search_term_string}\"},\"query-input\":{\"@type\":\"PropertyValueSpecification\",\"valueRequired\":true,\"valueName\":\"search_term_string\"}}],\"inLanguage\":\"es\"},{\"@type\":\"Person\",\"@id\":\"https:\/\/puntdereferencia.org\/es\/#\/schema\/person\/c475209bcc857303ec6ed0259d3cf078\",\"name\":\"admin\",\"image\":{\"@type\":\"ImageObject\",\"inLanguage\":\"es\",\"@id\":\"https:\/\/puntdereferencia.org\/es\/#\/schema\/person\/image\/\",\"url\":\"https:\/\/secure.gravatar.com\/avatar\/ff306d55f6aedb51a29e838506fafaa76a30bce9f5db9aca2e28921b903aaad2?s=96&d=mm&r=g\",\"contentUrl\":\"https:\/\/secure.gravatar.com\/avatar\/ff306d55f6aedb51a29e838506fafaa76a30bce9f5db9aca2e28921b903aaad2?s=96&d=mm&r=g\",\"caption\":\"admin\"},\"sameAs\":[\"http:\/\/\/home\/puntref\/webapps\/web2024\"],\"url\":\"https:\/\/puntdereferencia.org\/es\/author\/admin\/\"}]}<\/script>\n<!-- \/ Yoast SEO plugin. -->","yoast_head_json":{"title":"Una mirada a las otras caras del 2020 - Punt de Referencia","robots":{"index":"index","follow":"follow","max-snippet":"max-snippet:-1","max-image-preview":"max-image-preview:large","max-video-preview":"max-video-preview:-1"},"canonical":"https:\/\/puntdereferencia.org\/es\/laltra-cara-del-2020\/","og_locale":"es_ES","og_type":"article","og_title":"Una mirada a las otras caras del 2020 - Punt de Referencia","og_description":"El 2020 ha sido un a\u00f1o que nos ha hecho vivir momentos ins\u00f3litos y en el que hemos abierto nuevos canales para compartir las nuevas vivencias a las que hemos hecho frente: art\u00edculos para explicar los cambios de enfoque de los proyectos, las afectaciones del coronavirus en las vidas de los j\u00f3venes, v\u00eddeos para estar [&hellip;]","og_url":"https:\/\/puntdereferencia.org\/es\/laltra-cara-del-2020\/","og_site_name":"Punt de Referencia","article_published_time":"2021-01-07T11:14:23+00:00","article_modified_time":"2024-07-30T12:11:08+00:00","og_image":[{"width":1772,"height":1183,"url":"https:\/\/puntdereferencia.org\/wp-content\/uploads\/2024\/07\/DSC_9505-1.jpg","type":"image\/jpeg"}],"author":"admin","twitter_card":"summary_large_image","twitter_misc":{"Escrito por":"admin","Tiempo de lectura":"3 minutos"},"schema":{"@context":"https:\/\/schema.org","@graph":[{"@type":"Article","@id":"https:\/\/puntdereferencia.org\/es\/laltra-cara-del-2020\/#article","isPartOf":{"@id":"https:\/\/puntdereferencia.org\/es\/laltra-cara-del-2020\/"},"author":{"name":"admin","@id":"https:\/\/puntdereferencia.org\/es\/#\/schema\/person\/c475209bcc857303ec6ed0259d3cf078"},"headline":"Una mirada a las otras caras del 2020","datePublished":"2021-01-07T11:14:23+00:00","dateModified":"2024-07-30T12:11:08+00:00","mainEntityOfPage":{"@id":"https:\/\/puntdereferencia.org\/es\/laltra-cara-del-2020\/"},"wordCount":646,"commentCount":1,"image":{"@id":"https:\/\/puntdereferencia.org\/es\/laltra-cara-del-2020\/#primaryimage"},"thumbnailUrl":"https:\/\/puntdereferencia.org\/wp-content\/uploads\/2024\/07\/DSC_9505-1.jpg","keywords":["2020","coronavirus","mem\u00f2ria","punt de refer\u00e8ncia"],"articleSection":["NOTICIAS"],"inLanguage":"es","potentialAction":[{"@type":"CommentAction","name":"Comment","target":["https:\/\/puntdereferencia.org\/es\/laltra-cara-del-2020\/#respond"]}]},{"@type":"WebPage","@id":"https:\/\/puntdereferencia.org\/es\/laltra-cara-del-2020\/","url":"https:\/\/puntdereferencia.org\/es\/laltra-cara-del-2020\/","name":"Una mirada a las otras caras del 2020 - Punt de Referencia","isPartOf":{"@id":"https:\/\/puntdereferencia.org\/es\/#website"},"primaryImageOfPage":{"@id":"https:\/\/puntdereferencia.org\/es\/laltra-cara-del-2020\/#primaryimage"},"image":{"@id":"https:\/\/puntdereferencia.org\/es\/laltra-cara-del-2020\/#primaryimage"},"thumbnailUrl":"https:\/\/puntdereferencia.org\/wp-content\/uploads\/2024\/07\/DSC_9505-1.jpg","datePublished":"2021-01-07T11:14:23+00:00","dateModified":"2024-07-30T12:11:08+00:00","author":{"@id":"https:\/\/puntdereferencia.org\/es\/#\/schema\/person\/c475209bcc857303ec6ed0259d3cf078"},"breadcrumb":{"@id":"https:\/\/puntdereferencia.org\/es\/laltra-cara-del-2020\/#breadcrumb"},"inLanguage":"es","potentialAction":[{"@type":"ReadAction","target":["https:\/\/puntdereferencia.org\/es\/laltra-cara-del-2020\/"]}]},{"@type":"ImageObject","inLanguage":"es","@id":"https:\/\/puntdereferencia.org\/es\/laltra-cara-del-2020\/#primaryimage","url":"https:\/\/puntdereferencia.org\/wp-content\/uploads\/2024\/07\/DSC_9505-1.jpg","contentUrl":"https:\/\/puntdereferencia.org\/wp-content\/uploads\/2024\/07\/DSC_9505-1.jpg","width":1772,"height":1183},{"@type":"BreadcrumbList","@id":"https:\/\/puntdereferencia.org\/es\/laltra-cara-del-2020\/#breadcrumb","itemListElement":[{"@type":"ListItem","position":1,"name":"Inici","item":"https:\/\/puntdereferencia.org\/es\/inicio\/"},{"@type":"ListItem","position":2,"name":"Una mirada a las otras caras del 2020"}]},{"@type":"WebSite","@id":"https:\/\/puntdereferencia.org\/es\/#website","url":"https:\/\/puntdereferencia.org\/es\/","name":"Punt de Referencia","description":"","potentialAction":[{"@type":"SearchAction","target":{"@type":"EntryPoint","urlTemplate":"https:\/\/puntdereferencia.org\/es\/?s={search_term_string}"},"query-input":{"@type":"PropertyValueSpecification","valueRequired":true,"valueName":"search_term_string"}}],"inLanguage":"es"},{"@type":"Person","@id":"https:\/\/puntdereferencia.org\/es\/#\/schema\/person\/c475209bcc857303ec6ed0259d3cf078","name":"admin","image":{"@type":"ImageObject","inLanguage":"es","@id":"https:\/\/puntdereferencia.org\/es\/#\/schema\/person\/image\/","url":"https:\/\/secure.gravatar.com\/avatar\/ff306d55f6aedb51a29e838506fafaa76a30bce9f5db9aca2e28921b903aaad2?s=96&d=mm&r=g","contentUrl":"https:\/\/secure.gravatar.com\/avatar\/ff306d55f6aedb51a29e838506fafaa76a30bce9f5db9aca2e28921b903aaad2?s=96&d=mm&r=g","caption":"admin"},"sameAs":["http:\/\/\/home\/puntref\/webapps\/web2024"],"url":"https:\/\/puntdereferencia.org\/es\/author\/admin\/"}]}},"_links":{"self":[{"href":"https:\/\/puntdereferencia.org\/es\/wp-json\/wp\/v2\/posts\/24586","targetHints":{"allow":["GET"]}}],"collection":[{"href":"https:\/\/puntdereferencia.org\/es\/wp-json\/wp\/v2\/posts"}],"about":[{"href":"https:\/\/puntdereferencia.org\/es\/wp-json\/wp\/v2\/types\/post"}],"author":[{"embeddable":true,"href":"https:\/\/puntdereferencia.org\/es\/wp-json\/wp\/v2\/users\/1"}],"replies":[{"embeddable":true,"href":"https:\/\/puntdereferencia.org\/es\/wp-json\/wp\/v2\/comments?post=24586"}],"version-history":[{"count":3,"href":"https:\/\/puntdereferencia.org\/es\/wp-json\/wp\/v2\/posts\/24586\/revisions"}],"predecessor-version":[{"id":25287,"href":"https:\/\/puntdereferencia.org\/es\/wp-json\/wp\/v2\/posts\/24586\/revisions\/25287"}],"wp:featuredmedia":[{"embeddable":true,"href":"https:\/\/puntdereferencia.org\/es\/wp-json\/wp\/v2\/media\/21834"}],"wp:attachment":[{"href":"https:\/\/puntdereferencia.org\/es\/wp-json\/wp\/v2\/media?parent=24586"}],"wp:term":[{"taxonomy":"category","embeddable":true,"href":"https:\/\/puntdereferencia.org\/es\/wp-json\/wp\/v2\/categories?post=24586"},{"taxonomy":"post_tag","embeddable":true,"href":"https:\/\/puntdereferencia.org\/es\/wp-json\/wp\/v2\/tags?post=24586"}],"curies":[{"name":"wp","href":"https:\/\/api.w.org\/{rel}","templated":true}]}}