{"id":24588,"date":"2021-01-21T08:09:11","date_gmt":"2021-01-21T08:09:11","guid":{"rendered":"https:\/\/puntdereferencia.org\/guanyem-el-premi-civisme-a-la-cohesio-social\/"},"modified":"2024-07-30T12:10:34","modified_gmt":"2024-07-30T12:10:34","slug":"guanyem-el-premi-civisme-a-la-cohesio-social","status":"publish","type":"post","link":"https:\/\/puntdereferencia.org\/es\/guanyem-el-premi-civisme-a-la-cohesio-social\/","title":{"rendered":"Ganamos el Premio Civismo a la Cohesi\u00f3n social"},"content":{"rendered":"<p><strong>El Departament de Treball, Afers Socials i Fam\u00edlia de la Generalitat de Catalunya ha premiado Punt de Refer\u00e8ncia con el primer<\/strong><strong>\u00a0<a href=\"https:\/\/treballiaferssocials.gencat.cat\/ca\/tramits\/tramits-temes\/Premis-Civisme\" target=\"_blank\" rel=\"noopener\">Premio Civismo a la Cohesi\u00f3n Social 2020,<\/a>\u00a0unos guardones que premian proyectos que tienen por finalidad, generar una mejor convivencia en diferentes \u00e1mbitos de la sociedad.<br \/>\n<\/strong><\/p>\n<p><strong>Hemos sido premiadas por nuestro programa de <a href=\"https:\/\/www.puntdereferencia.org\/mentoria-social\/\" target=\"_blank\" rel=\"noopener\">mentor\u00eda<\/a><\/strong> <strong>social<\/strong>. Nos alegra que se hayan puesto en valor las relaciones de mentor\u00eda que, m\u00e1s all\u00e1 de ser enriquecedoras en todos los aspectos relacionales y de desarrollo personal, son sobre todo, para los j\u00f3venes tutelados y extutelados, un enlace que les permite formar parte de la sociedad m\u00e1s all\u00e1 de los circuitos de atenci\u00f3n a la juventud vulnerable.\u00a0Acompa\u00f1ar a j\u00f3venes en su proceso de emancipaci\u00f3n significa tambi\u00e9n generarles un entorno m\u00e1s favorable para su desarrollo, procurarles un rol activo en la sociedad, reconocerlos como ciudadanos de pleno derecho y ponerlos en valor en el conjunto de la sociedad. Como sab\u00e9is, Punt de Refer\u00e8ncia somos la entidad pionera del Estado Espa\u00f1ol en desarrollar la mentor\u00eda social, mediante la cual conseguimos construir puentes entre personas y conseguir los v\u00ednculos necesarios para una cohesi\u00f3n social real y una transformaci\u00f3n del entorno.<\/p>\n<p><img loading=\"lazy\" decoding=\"async\" class=\"wp-image-10682 alignleft\" src=\"https:\/\/puntdereferencia.org\/wp-content\/uploads\/2024\/07\/IMG-20210115-WA0004tallat.jpg\" alt=\"\" width=\"429\" height=\"457\" \/>La entrega de los premios se hizo virtualmente el d\u00eda 12 de enero, en un breve acto institucional donde pudimos conocer los dem\u00e1s proyectos premiados, como el\u00a0<a href=\"https:\/\/www.projectehome.cat\/\" target=\"_blank\" rel=\"noopener\">Projecte Home<\/a>,\u00a0con quien hemos compartido el Primer Premio, que promueve la dignidad y la autonom\u00eda de las personas con drogodependencia.\u00a0Estamos muy orgullosas de haber sido escogidas de entre m\u00e1s de 30 candidaturas de la misma categor\u00eda.<\/p>\n<p>Recibir este premio nos hace empezar el a\u00f1o con una buena dosis de energ\u00eda, lo guardaremos con ilusi\u00f3n!<\/p>\n<p><a href=\"https:\/\/www.puntdereferencia.org\/lentitat\/#reconeixements\" target=\"_blank\" rel=\"noopener\">Consulta los Premios y Reconocimientos que ha ganado Punt de Refer\u00e8ncia a lo largo de los a\u00f1os<\/a>.<\/p>\n","protected":false},"excerpt":{"rendered":"<p>El Departament de Treball, Afers Socials i Fam\u00edlia de la Generalitat de Catalunya ha premiado Punt de Refer\u00e8ncia con el primer\u00a0Premio Civismo a la Cohesi\u00f3n Social 2020,\u00a0unos guardones que premian proyectos que tienen por finalidad, generar una mejor convivencia en diferentes \u00e1mbitos de la sociedad. Hemos sido premiadas por nuestro programa de mentor\u00eda social. Nos [&hellip;]<\/p>\n","protected":false},"author":1,"featured_media":21814,"comment_status":"open","ping_status":"open","sticky":false,"template":"","format":"standard","meta":{"footnotes":""},"categories":[913],"tags":[498,499],"class_list":["post-24588","post","type-post","status-publish","format-standard","has-post-thumbnail","hentry","category-noticias-es","tag-civisme","tag-guardo"],"yoast_head":"<!-- This site is optimized with the Yoast SEO plugin v27.1.1 - https:\/\/yoast.com\/product\/yoast-seo-wordpress\/ -->\n<title>Ganamos el Premio Civismo a la Cohesi\u00f3n social - Punt de Referencia<\/title>\n<meta name=\"robots\" content=\"index, follow, max-snippet:-1, max-image-preview:large, max-video-preview:-1\" \/>\n<link rel=\"canonical\" href=\"https:\/\/puntdereferencia.org\/es\/guanyem-el-premi-civisme-a-la-cohesio-social\/\" \/>\n<meta property=\"og:locale\" content=\"es_ES\" \/>\n<meta property=\"og:type\" content=\"article\" \/>\n<meta property=\"og:title\" content=\"Ganamos el Premio Civismo a la Cohesi\u00f3n social - Punt de Referencia\" \/>\n<meta property=\"og:description\" content=\"El Departament de Treball, Afers Socials i Fam\u00edlia de la Generalitat de Catalunya ha premiado Punt de Refer\u00e8ncia con el primer\u00a0Premio Civismo a la Cohesi\u00f3n Social 2020,\u00a0unos guardones que premian proyectos que tienen por finalidad, generar una mejor convivencia en diferentes \u00e1mbitos de la sociedad. Hemos sido premiadas por nuestro programa de mentor\u00eda social. Nos [&hellip;]\" \/>\n<meta property=\"og:url\" content=\"https:\/\/puntdereferencia.org\/es\/guanyem-el-premi-civisme-a-la-cohesio-social\/\" \/>\n<meta property=\"og:site_name\" content=\"Punt de Referencia\" \/>\n<meta property=\"article:published_time\" content=\"2021-01-21T08:09:11+00:00\" \/>\n<meta property=\"article:modified_time\" content=\"2024-07-30T12:10:34+00:00\" \/>\n<meta property=\"og:image\" content=\"https:\/\/puntdereferencia.org\/wp-content\/uploads\/2024\/07\/premi-scaled-1.jpg\" \/>\n\t<meta property=\"og:image:width\" content=\"2560\" \/>\n\t<meta property=\"og:image:height\" content=\"1671\" \/>\n\t<meta property=\"og:image:type\" content=\"image\/jpeg\" \/>\n<meta name=\"author\" content=\"admin\" \/>\n<meta name=\"twitter:card\" content=\"summary_large_image\" \/>\n<meta name=\"twitter:label1\" content=\"Escrito por\" \/>\n\t<meta name=\"twitter:data1\" content=\"admin\" \/>\n\t<meta name=\"twitter:label2\" content=\"Tiempo de lectura\" \/>\n\t<meta name=\"twitter:data2\" content=\"2 minutos\" \/>\n<script type=\"application\/ld+json\" class=\"yoast-schema-graph\">{\"@context\":\"https:\/\/schema.org\",\"@graph\":[{\"@type\":\"Article\",\"@id\":\"https:\/\/puntdereferencia.org\/es\/guanyem-el-premi-civisme-a-la-cohesio-social\/#article\",\"isPartOf\":{\"@id\":\"https:\/\/puntdereferencia.org\/es\/guanyem-el-premi-civisme-a-la-cohesio-social\/\"},\"author\":{\"name\":\"admin\",\"@id\":\"https:\/\/puntdereferencia.org\/es\/#\/schema\/person\/c475209bcc857303ec6ed0259d3cf078\"},\"headline\":\"Ganamos el Premio Civismo a la Cohesi\u00f3n social\",\"datePublished\":\"2021-01-21T08:09:11+00:00\",\"dateModified\":\"2024-07-30T12:10:34+00:00\",\"mainEntityOfPage\":{\"@id\":\"https:\/\/puntdereferencia.org\/es\/guanyem-el-premi-civisme-a-la-cohesio-social\/\"},\"wordCount\":331,\"commentCount\":692,\"image\":{\"@id\":\"https:\/\/puntdereferencia.org\/es\/guanyem-el-premi-civisme-a-la-cohesio-social\/#primaryimage\"},\"thumbnailUrl\":\"https:\/\/puntdereferencia.org\/wp-content\/uploads\/2024\/07\/premi-scaled-1.jpg\",\"keywords\":[\"civisme\",\"guard\u00f3\"],\"articleSection\":[\"NOTICIAS\"],\"inLanguage\":\"es\",\"potentialAction\":[{\"@type\":\"CommentAction\",\"name\":\"Comment\",\"target\":[\"https:\/\/puntdereferencia.org\/es\/guanyem-el-premi-civisme-a-la-cohesio-social\/#respond\"]}]},{\"@type\":\"WebPage\",\"@id\":\"https:\/\/puntdereferencia.org\/es\/guanyem-el-premi-civisme-a-la-cohesio-social\/\",\"url\":\"https:\/\/puntdereferencia.org\/es\/guanyem-el-premi-civisme-a-la-cohesio-social\/\",\"name\":\"Ganamos el Premio Civismo a la Cohesi\u00f3n social - Punt de Referencia\",\"isPartOf\":{\"@id\":\"https:\/\/puntdereferencia.org\/es\/#website\"},\"primaryImageOfPage\":{\"@id\":\"https:\/\/puntdereferencia.org\/es\/guanyem-el-premi-civisme-a-la-cohesio-social\/#primaryimage\"},\"image\":{\"@id\":\"https:\/\/puntdereferencia.org\/es\/guanyem-el-premi-civisme-a-la-cohesio-social\/#primaryimage\"},\"thumbnailUrl\":\"https:\/\/puntdereferencia.org\/wp-content\/uploads\/2024\/07\/premi-scaled-1.jpg\",\"datePublished\":\"2021-01-21T08:09:11+00:00\",\"dateModified\":\"2024-07-30T12:10:34+00:00\",\"author\":{\"@id\":\"https:\/\/puntdereferencia.org\/es\/#\/schema\/person\/c475209bcc857303ec6ed0259d3cf078\"},\"breadcrumb\":{\"@id\":\"https:\/\/puntdereferencia.org\/es\/guanyem-el-premi-civisme-a-la-cohesio-social\/#breadcrumb\"},\"inLanguage\":\"es\",\"potentialAction\":[{\"@type\":\"ReadAction\",\"target\":[\"https:\/\/puntdereferencia.org\/es\/guanyem-el-premi-civisme-a-la-cohesio-social\/\"]}]},{\"@type\":\"ImageObject\",\"inLanguage\":\"es\",\"@id\":\"https:\/\/puntdereferencia.org\/es\/guanyem-el-premi-civisme-a-la-cohesio-social\/#primaryimage\",\"url\":\"https:\/\/puntdereferencia.org\/wp-content\/uploads\/2024\/07\/premi-scaled-1.jpg\",\"contentUrl\":\"https:\/\/puntdereferencia.org\/wp-content\/uploads\/2024\/07\/premi-scaled-1.jpg\",\"width\":2560,\"height\":1671},{\"@type\":\"BreadcrumbList\",\"@id\":\"https:\/\/puntdereferencia.org\/es\/guanyem-el-premi-civisme-a-la-cohesio-social\/#breadcrumb\",\"itemListElement\":[{\"@type\":\"ListItem\",\"position\":1,\"name\":\"Inici\",\"item\":\"https:\/\/puntdereferencia.org\/es\/inicio\/\"},{\"@type\":\"ListItem\",\"position\":2,\"name\":\"Ganamos el Premio Civismo a la Cohesi\u00f3n social\"}]},{\"@type\":\"WebSite\",\"@id\":\"https:\/\/puntdereferencia.org\/es\/#website\",\"url\":\"https:\/\/puntdereferencia.org\/es\/\",\"name\":\"Punt de Referencia\",\"description\":\"\",\"potentialAction\":[{\"@type\":\"SearchAction\",\"target\":{\"@type\":\"EntryPoint\",\"urlTemplate\":\"https:\/\/puntdereferencia.org\/es\/?s={search_term_string}\"},\"query-input\":{\"@type\":\"PropertyValueSpecification\",\"valueRequired\":true,\"valueName\":\"search_term_string\"}}],\"inLanguage\":\"es\"},{\"@type\":\"Person\",\"@id\":\"https:\/\/puntdereferencia.org\/es\/#\/schema\/person\/c475209bcc857303ec6ed0259d3cf078\",\"name\":\"admin\",\"image\":{\"@type\":\"ImageObject\",\"inLanguage\":\"es\",\"@id\":\"https:\/\/puntdereferencia.org\/es\/#\/schema\/person\/image\/\",\"url\":\"https:\/\/secure.gravatar.com\/avatar\/ff306d55f6aedb51a29e838506fafaa76a30bce9f5db9aca2e28921b903aaad2?s=96&d=mm&r=g\",\"contentUrl\":\"https:\/\/secure.gravatar.com\/avatar\/ff306d55f6aedb51a29e838506fafaa76a30bce9f5db9aca2e28921b903aaad2?s=96&d=mm&r=g\",\"caption\":\"admin\"},\"sameAs\":[\"http:\/\/\/home\/puntref\/webapps\/web2024\"],\"url\":\"https:\/\/puntdereferencia.org\/es\/author\/admin\/\"}]}<\/script>\n<!-- \/ Yoast SEO plugin. -->","yoast_head_json":{"title":"Ganamos el Premio Civismo a la Cohesi\u00f3n social - Punt de Referencia","robots":{"index":"index","follow":"follow","max-snippet":"max-snippet:-1","max-image-preview":"max-image-preview:large","max-video-preview":"max-video-preview:-1"},"canonical":"https:\/\/puntdereferencia.org\/es\/guanyem-el-premi-civisme-a-la-cohesio-social\/","og_locale":"es_ES","og_type":"article","og_title":"Ganamos el Premio Civismo a la Cohesi\u00f3n social - Punt de Referencia","og_description":"El Departament de Treball, Afers Socials i Fam\u00edlia de la Generalitat de Catalunya ha premiado Punt de Refer\u00e8ncia con el primer\u00a0Premio Civismo a la Cohesi\u00f3n Social 2020,\u00a0unos guardones que premian proyectos que tienen por finalidad, generar una mejor convivencia en diferentes \u00e1mbitos de la sociedad. Hemos sido premiadas por nuestro programa de mentor\u00eda social. Nos [&hellip;]","og_url":"https:\/\/puntdereferencia.org\/es\/guanyem-el-premi-civisme-a-la-cohesio-social\/","og_site_name":"Punt de Referencia","article_published_time":"2021-01-21T08:09:11+00:00","article_modified_time":"2024-07-30T12:10:34+00:00","og_image":[{"width":2560,"height":1671,"url":"https:\/\/puntdereferencia.org\/wp-content\/uploads\/2024\/07\/premi-scaled-1.jpg","type":"image\/jpeg"}],"author":"admin","twitter_card":"summary_large_image","twitter_misc":{"Escrito por":"admin","Tiempo de lectura":"2 minutos"},"schema":{"@context":"https:\/\/schema.org","@graph":[{"@type":"Article","@id":"https:\/\/puntdereferencia.org\/es\/guanyem-el-premi-civisme-a-la-cohesio-social\/#article","isPartOf":{"@id":"https:\/\/puntdereferencia.org\/es\/guanyem-el-premi-civisme-a-la-cohesio-social\/"},"author":{"name":"admin","@id":"https:\/\/puntdereferencia.org\/es\/#\/schema\/person\/c475209bcc857303ec6ed0259d3cf078"},"headline":"Ganamos el Premio Civismo a la Cohesi\u00f3n social","datePublished":"2021-01-21T08:09:11+00:00","dateModified":"2024-07-30T12:10:34+00:00","mainEntityOfPage":{"@id":"https:\/\/puntdereferencia.org\/es\/guanyem-el-premi-civisme-a-la-cohesio-social\/"},"wordCount":331,"commentCount":692,"image":{"@id":"https:\/\/puntdereferencia.org\/es\/guanyem-el-premi-civisme-a-la-cohesio-social\/#primaryimage"},"thumbnailUrl":"https:\/\/puntdereferencia.org\/wp-content\/uploads\/2024\/07\/premi-scaled-1.jpg","keywords":["civisme","guard\u00f3"],"articleSection":["NOTICIAS"],"inLanguage":"es","potentialAction":[{"@type":"CommentAction","name":"Comment","target":["https:\/\/puntdereferencia.org\/es\/guanyem-el-premi-civisme-a-la-cohesio-social\/#respond"]}]},{"@type":"WebPage","@id":"https:\/\/puntdereferencia.org\/es\/guanyem-el-premi-civisme-a-la-cohesio-social\/","url":"https:\/\/puntdereferencia.org\/es\/guanyem-el-premi-civisme-a-la-cohesio-social\/","name":"Ganamos el Premio Civismo a la Cohesi\u00f3n social - Punt de Referencia","isPartOf":{"@id":"https:\/\/puntdereferencia.org\/es\/#website"},"primaryImageOfPage":{"@id":"https:\/\/puntdereferencia.org\/es\/guanyem-el-premi-civisme-a-la-cohesio-social\/#primaryimage"},"image":{"@id":"https:\/\/puntdereferencia.org\/es\/guanyem-el-premi-civisme-a-la-cohesio-social\/#primaryimage"},"thumbnailUrl":"https:\/\/puntdereferencia.org\/wp-content\/uploads\/2024\/07\/premi-scaled-1.jpg","datePublished":"2021-01-21T08:09:11+00:00","dateModified":"2024-07-30T12:10:34+00:00","author":{"@id":"https:\/\/puntdereferencia.org\/es\/#\/schema\/person\/c475209bcc857303ec6ed0259d3cf078"},"breadcrumb":{"@id":"https:\/\/puntdereferencia.org\/es\/guanyem-el-premi-civisme-a-la-cohesio-social\/#breadcrumb"},"inLanguage":"es","potentialAction":[{"@type":"ReadAction","target":["https:\/\/puntdereferencia.org\/es\/guanyem-el-premi-civisme-a-la-cohesio-social\/"]}]},{"@type":"ImageObject","inLanguage":"es","@id":"https:\/\/puntdereferencia.org\/es\/guanyem-el-premi-civisme-a-la-cohesio-social\/#primaryimage","url":"https:\/\/puntdereferencia.org\/wp-content\/uploads\/2024\/07\/premi-scaled-1.jpg","contentUrl":"https:\/\/puntdereferencia.org\/wp-content\/uploads\/2024\/07\/premi-scaled-1.jpg","width":2560,"height":1671},{"@type":"BreadcrumbList","@id":"https:\/\/puntdereferencia.org\/es\/guanyem-el-premi-civisme-a-la-cohesio-social\/#breadcrumb","itemListElement":[{"@type":"ListItem","position":1,"name":"Inici","item":"https:\/\/puntdereferencia.org\/es\/inicio\/"},{"@type":"ListItem","position":2,"name":"Ganamos el Premio Civismo a la Cohesi\u00f3n social"}]},{"@type":"WebSite","@id":"https:\/\/puntdereferencia.org\/es\/#website","url":"https:\/\/puntdereferencia.org\/es\/","name":"Punt de Referencia","description":"","potentialAction":[{"@type":"SearchAction","target":{"@type":"EntryPoint","urlTemplate":"https:\/\/puntdereferencia.org\/es\/?s={search_term_string}"},"query-input":{"@type":"PropertyValueSpecification","valueRequired":true,"valueName":"search_term_string"}}],"inLanguage":"es"},{"@type":"Person","@id":"https:\/\/puntdereferencia.org\/es\/#\/schema\/person\/c475209bcc857303ec6ed0259d3cf078","name":"admin","image":{"@type":"ImageObject","inLanguage":"es","@id":"https:\/\/puntdereferencia.org\/es\/#\/schema\/person\/image\/","url":"https:\/\/secure.gravatar.com\/avatar\/ff306d55f6aedb51a29e838506fafaa76a30bce9f5db9aca2e28921b903aaad2?s=96&d=mm&r=g","contentUrl":"https:\/\/secure.gravatar.com\/avatar\/ff306d55f6aedb51a29e838506fafaa76a30bce9f5db9aca2e28921b903aaad2?s=96&d=mm&r=g","caption":"admin"},"sameAs":["http:\/\/\/home\/puntref\/webapps\/web2024"],"url":"https:\/\/puntdereferencia.org\/es\/author\/admin\/"}]}},"_links":{"self":[{"href":"https:\/\/puntdereferencia.org\/es\/wp-json\/wp\/v2\/posts\/24588","targetHints":{"allow":["GET"]}}],"collection":[{"href":"https:\/\/puntdereferencia.org\/es\/wp-json\/wp\/v2\/posts"}],"about":[{"href":"https:\/\/puntdereferencia.org\/es\/wp-json\/wp\/v2\/types\/post"}],"author":[{"embeddable":true,"href":"https:\/\/puntdereferencia.org\/es\/wp-json\/wp\/v2\/users\/1"}],"replies":[{"embeddable":true,"href":"https:\/\/puntdereferencia.org\/es\/wp-json\/wp\/v2\/comments?post=24588"}],"version-history":[{"count":3,"href":"https:\/\/puntdereferencia.org\/es\/wp-json\/wp\/v2\/posts\/24588\/revisions"}],"predecessor-version":[{"id":26369,"href":"https:\/\/puntdereferencia.org\/es\/wp-json\/wp\/v2\/posts\/24588\/revisions\/26369"}],"wp:featuredmedia":[{"embeddable":true,"href":"https:\/\/puntdereferencia.org\/es\/wp-json\/wp\/v2\/media\/21814"}],"wp:attachment":[{"href":"https:\/\/puntdereferencia.org\/es\/wp-json\/wp\/v2\/media?parent=24588"}],"wp:term":[{"taxonomy":"category","embeddable":true,"href":"https:\/\/puntdereferencia.org\/es\/wp-json\/wp\/v2\/categories?post=24588"},{"taxonomy":"post_tag","embeddable":true,"href":"https:\/\/puntdereferencia.org\/es\/wp-json\/wp\/v2\/tags?post=24588"}],"curies":[{"name":"wp","href":"https:\/\/api.w.org\/{rel}","templated":true}]}}