{"id":24590,"date":"2021-01-22T11:43:22","date_gmt":"2021-01-22T11:43:22","guid":{"rendered":"https:\/\/puntdereferencia.org\/coneix-els-canvis-que-hi-ha-hagut-a-lequip-professional\/"},"modified":"2024-07-30T12:10:10","modified_gmt":"2024-07-30T12:10:10","slug":"coneix-els-canvis-que-hi-ha-hagut-a-lequip-professional","status":"publish","type":"post","link":"https:\/\/puntdereferencia.org\/es\/coneix-els-canvis-que-hi-ha-hagut-a-lequip-professional\/","title":{"rendered":"Nuevas caras en el equipo profesional!"},"content":{"rendered":"<p>Quiz\u00e1 estos d\u00edas hab\u00e9is echado de menos caras conocidas entre el equipo de profesionales de Punt y a cambio hab\u00e9is visto otras de nuevas o, quiz\u00e1, la falta de presencialidad no os ha permitido daros cuenta. Hemos cerrado el a\u00f1o 2020 con algunos cambios que os queremos explicar:<\/p>\n<p>Uno de los proyectos en los que ha habido cambios es el Proyecto Referentes: N\u00faria Mart\u00ednez, t\u00e9cnica durante 4 a\u00f1os del proyecto, finaliz\u00f3 su etapa profesional con la llegada del a\u00f1o nuevo, siendo sustituida por <strong>Al\u00edcia Garcia<\/strong>, que ha tomado su relieve empezando a llevar el grupo de j\u00f3venes y voluntariado Referentes G-45.<\/p>\n<blockquote><p>A lo largo de estos \u00faltimos cuatro a\u00f1os he tenido la suerte de poder formar parte de Punt de Refer\u00e8ncia. A\u00fan recuerdo el d\u00eda que ten\u00eda que hacer la segunda entrevista y la compa\u00f1era que me entrevist\u00f3 en primer lugar me dijo \u00abhazlo muy bien\u00bb. Des de ese primer instante not\u00e9 mucha confianza hacia mi, hecho que ha posibilitado que haya podido aprovechar al m\u00e1ximo cada oportunidad, y que me ha hecho sentir segura para poder preguntar cada duda. Esta es la esencia que he querido transmitir tambi\u00e9n a trav\u00e9s de mi acompa\u00f1amiento a los j\u00f3venes y al voluntariado: Punt de Refer\u00e8ncia como espacio de aprendizaje. Un sitio donde poder poner encima de la mesa las dudas, preocupaciones y los objetivos conseguidos, para pensar nuevas ideas de forma compartida. Sobre todo, un espacio donde realmente poder hacer equipo: con las compa\u00f1eras, con el voluntariado, con los j\u00f3venes, con otras entidades, etc. Porque realmente la emancipaci\u00f3n de la juventud tutelada y extutelada es un gran reto, y sumando entre todas lo haremos mucho m\u00e1s asequible.<br \/>\n<strong>N\u00faria Mart\u00ednez<\/strong><\/p><\/blockquote>\n<p>&nbsp;<\/p>\n<p>Este a\u00f1o hemos tenido muchos m\u00e1s j\u00f3venes que nos piden participar en el Proyecto Referentes. Conociendo las posibilidades de nuestro proyecto m\u00e1s veterano, hemos decidido abrir un nuevo grupo (G47) de manera extraordinario, ya que inicialmente no estaba previsto hacerlo. Por este motivo se ha incorporado\u00a0<strong>Mariona Sement\u00e9<\/strong>, que tambi\u00e9n cubrir\u00e1 las Primeras Acogidas de voluntariado y se har\u00e1 cargo del Taller de estudio del Proyecto Atenea.<\/p>\n<p>Tambi\u00e9n ha sido nueva incorporaci\u00f3n la\u00a0<strong>Marina Nadal,<\/strong> que est\u00e1 con nosotras des de el mes de octubre para cubrir la baja temporal de Teresa Rodr\u00edguez, haci\u00e9ndose cargo del Piso Asistido Fent Cam\u00ed, y de la supervisi\u00f3n de j\u00f3venes que viven en los pisos de la Fundaci\u00f3 Mambr\u00e9, en el marco del Proyecto Llars El Pas.<\/p>\n<p><a href=\"https:\/\/www.puntdereferencia.org\/lentitat\/#equip\" target=\"_blank\" rel=\"noopener\">Con este equipo encaramos el a\u00f1o que empieza. Con\u00f3cenos!<\/a><\/p>\n<p><a href=\"https:\/\/www.puntdereferencia.org\/lentitat\/#equip\" target=\"_blank\" rel=\"noopener\"><img loading=\"lazy\" decoding=\"async\" class=\"alignnone size-full wp-image-10726\" src=\"https:\/\/puntdereferencia.org\/wp-content\/uploads\/2024\/07\/equip.png\" alt=\"\" width=\"689\" height=\"538\" \/><\/a><\/p>\n<p>&nbsp;<\/p>\n","protected":false},"excerpt":{"rendered":"<p>Quiz\u00e1 estos d\u00edas hab\u00e9is echado de menos caras conocidas entre el equipo de profesionales de Punt y a cambio hab\u00e9is visto otras de nuevas o, quiz\u00e1, la falta de presencialidad no os ha permitido daros cuenta. Hemos cerrado el a\u00f1o 2020 con algunos cambios que os queremos explicar: Uno de los proyectos en los que [&hellip;]<\/p>\n","protected":false},"author":1,"featured_media":21803,"comment_status":"open","ping_status":"open","sticky":false,"template":"","format":"standard","meta":{"footnotes":""},"categories":[913],"tags":[495,496],"class_list":["post-24590","post","type-post","status-publish","format-standard","has-post-thumbnail","hentry","category-noticias-es","tag-495","tag-equip"],"yoast_head":"<!-- This site is optimized with the Yoast SEO plugin v27.1.1 - https:\/\/yoast.com\/product\/yoast-seo-wordpress\/ -->\n<title>Nuevas caras en el equipo profesional! - Punt de Referencia<\/title>\n<meta name=\"robots\" content=\"index, follow, max-snippet:-1, max-image-preview:large, max-video-preview:-1\" \/>\n<link rel=\"canonical\" href=\"https:\/\/puntdereferencia.org\/es\/coneix-els-canvis-que-hi-ha-hagut-a-lequip-professional\/\" \/>\n<meta property=\"og:locale\" content=\"es_ES\" \/>\n<meta property=\"og:type\" content=\"article\" \/>\n<meta property=\"og:title\" content=\"Nuevas caras en el equipo profesional! - Punt de Referencia\" \/>\n<meta property=\"og:description\" content=\"Quiz\u00e1 estos d\u00edas hab\u00e9is echado de menos caras conocidas entre el equipo de profesionales de Punt y a cambio hab\u00e9is visto otras de nuevas o, quiz\u00e1, la falta de presencialidad no os ha permitido daros cuenta. Hemos cerrado el a\u00f1o 2020 con algunos cambios que os queremos explicar: Uno de los proyectos en los que [&hellip;]\" \/>\n<meta property=\"og:url\" content=\"https:\/\/puntdereferencia.org\/es\/coneix-els-canvis-que-hi-ha-hagut-a-lequip-professional\/\" \/>\n<meta property=\"og:site_name\" content=\"Punt de Referencia\" \/>\n<meta property=\"article:published_time\" content=\"2021-01-22T11:43:22+00:00\" \/>\n<meta property=\"article:modified_time\" content=\"2024-07-30T12:10:10+00:00\" \/>\n<meta property=\"og:image\" content=\"https:\/\/puntdereferencia.org\/wp-content\/uploads\/2024\/07\/IMG_20201216_125537-scaled-1.jpg\" \/>\n\t<meta property=\"og:image:width\" content=\"2560\" \/>\n\t<meta property=\"og:image:height\" content=\"1307\" \/>\n\t<meta property=\"og:image:type\" content=\"image\/jpeg\" \/>\n<meta name=\"author\" content=\"admin\" \/>\n<meta name=\"twitter:card\" content=\"summary_large_image\" \/>\n<meta name=\"twitter:label1\" content=\"Escrito por\" \/>\n\t<meta name=\"twitter:data1\" content=\"admin\" \/>\n\t<meta name=\"twitter:label2\" content=\"Tiempo de lectura\" \/>\n\t<meta name=\"twitter:data2\" content=\"2 minutos\" \/>\n<script type=\"application\/ld+json\" class=\"yoast-schema-graph\">{\"@context\":\"https:\/\/schema.org\",\"@graph\":[{\"@type\":\"Article\",\"@id\":\"https:\/\/puntdereferencia.org\/es\/coneix-els-canvis-que-hi-ha-hagut-a-lequip-professional\/#article\",\"isPartOf\":{\"@id\":\"https:\/\/puntdereferencia.org\/es\/coneix-els-canvis-que-hi-ha-hagut-a-lequip-professional\/\"},\"author\":{\"name\":\"admin\",\"@id\":\"https:\/\/puntdereferencia.org\/es\/#\/schema\/person\/c475209bcc857303ec6ed0259d3cf078\"},\"headline\":\"Nuevas caras en el equipo profesional!\",\"datePublished\":\"2021-01-22T11:43:22+00:00\",\"dateModified\":\"2024-07-30T12:10:10+00:00\",\"mainEntityOfPage\":{\"@id\":\"https:\/\/puntdereferencia.org\/es\/coneix-els-canvis-que-hi-ha-hagut-a-lequip-professional\/\"},\"wordCount\":457,\"commentCount\":559,\"image\":{\"@id\":\"https:\/\/puntdereferencia.org\/es\/coneix-els-canvis-que-hi-ha-hagut-a-lequip-professional\/#primaryimage\"},\"thumbnailUrl\":\"https:\/\/puntdereferencia.org\/wp-content\/uploads\/2024\/07\/IMG_20201216_125537-scaled-1.jpg\",\"keywords\":[\"2021\",\"equip\"],\"articleSection\":[\"NOTICIAS\"],\"inLanguage\":\"es\",\"potentialAction\":[{\"@type\":\"CommentAction\",\"name\":\"Comment\",\"target\":[\"https:\/\/puntdereferencia.org\/es\/coneix-els-canvis-que-hi-ha-hagut-a-lequip-professional\/#respond\"]}]},{\"@type\":\"WebPage\",\"@id\":\"https:\/\/puntdereferencia.org\/es\/coneix-els-canvis-que-hi-ha-hagut-a-lequip-professional\/\",\"url\":\"https:\/\/puntdereferencia.org\/es\/coneix-els-canvis-que-hi-ha-hagut-a-lequip-professional\/\",\"name\":\"Nuevas caras en el equipo profesional! - Punt de Referencia\",\"isPartOf\":{\"@id\":\"https:\/\/puntdereferencia.org\/es\/#website\"},\"primaryImageOfPage\":{\"@id\":\"https:\/\/puntdereferencia.org\/es\/coneix-els-canvis-que-hi-ha-hagut-a-lequip-professional\/#primaryimage\"},\"image\":{\"@id\":\"https:\/\/puntdereferencia.org\/es\/coneix-els-canvis-que-hi-ha-hagut-a-lequip-professional\/#primaryimage\"},\"thumbnailUrl\":\"https:\/\/puntdereferencia.org\/wp-content\/uploads\/2024\/07\/IMG_20201216_125537-scaled-1.jpg\",\"datePublished\":\"2021-01-22T11:43:22+00:00\",\"dateModified\":\"2024-07-30T12:10:10+00:00\",\"author\":{\"@id\":\"https:\/\/puntdereferencia.org\/es\/#\/schema\/person\/c475209bcc857303ec6ed0259d3cf078\"},\"breadcrumb\":{\"@id\":\"https:\/\/puntdereferencia.org\/es\/coneix-els-canvis-que-hi-ha-hagut-a-lequip-professional\/#breadcrumb\"},\"inLanguage\":\"es\",\"potentialAction\":[{\"@type\":\"ReadAction\",\"target\":[\"https:\/\/puntdereferencia.org\/es\/coneix-els-canvis-que-hi-ha-hagut-a-lequip-professional\/\"]}]},{\"@type\":\"ImageObject\",\"inLanguage\":\"es\",\"@id\":\"https:\/\/puntdereferencia.org\/es\/coneix-els-canvis-que-hi-ha-hagut-a-lequip-professional\/#primaryimage\",\"url\":\"https:\/\/puntdereferencia.org\/wp-content\/uploads\/2024\/07\/IMG_20201216_125537-scaled-1.jpg\",\"contentUrl\":\"https:\/\/puntdereferencia.org\/wp-content\/uploads\/2024\/07\/IMG_20201216_125537-scaled-1.jpg\",\"width\":2560,\"height\":1307},{\"@type\":\"BreadcrumbList\",\"@id\":\"https:\/\/puntdereferencia.org\/es\/coneix-els-canvis-que-hi-ha-hagut-a-lequip-professional\/#breadcrumb\",\"itemListElement\":[{\"@type\":\"ListItem\",\"position\":1,\"name\":\"Inici\",\"item\":\"https:\/\/puntdereferencia.org\/es\/inicio\/\"},{\"@type\":\"ListItem\",\"position\":2,\"name\":\"Nuevas caras en el equipo profesional!\"}]},{\"@type\":\"WebSite\",\"@id\":\"https:\/\/puntdereferencia.org\/es\/#website\",\"url\":\"https:\/\/puntdereferencia.org\/es\/\",\"name\":\"Punt de Referencia\",\"description\":\"\",\"potentialAction\":[{\"@type\":\"SearchAction\",\"target\":{\"@type\":\"EntryPoint\",\"urlTemplate\":\"https:\/\/puntdereferencia.org\/es\/?s={search_term_string}\"},\"query-input\":{\"@type\":\"PropertyValueSpecification\",\"valueRequired\":true,\"valueName\":\"search_term_string\"}}],\"inLanguage\":\"es\"},{\"@type\":\"Person\",\"@id\":\"https:\/\/puntdereferencia.org\/es\/#\/schema\/person\/c475209bcc857303ec6ed0259d3cf078\",\"name\":\"admin\",\"image\":{\"@type\":\"ImageObject\",\"inLanguage\":\"es\",\"@id\":\"https:\/\/puntdereferencia.org\/es\/#\/schema\/person\/image\/\",\"url\":\"https:\/\/secure.gravatar.com\/avatar\/ff306d55f6aedb51a29e838506fafaa76a30bce9f5db9aca2e28921b903aaad2?s=96&d=mm&r=g\",\"contentUrl\":\"https:\/\/secure.gravatar.com\/avatar\/ff306d55f6aedb51a29e838506fafaa76a30bce9f5db9aca2e28921b903aaad2?s=96&d=mm&r=g\",\"caption\":\"admin\"},\"sameAs\":[\"http:\/\/\/home\/puntref\/webapps\/web2024\"],\"url\":\"https:\/\/puntdereferencia.org\/es\/author\/admin\/\"}]}<\/script>\n<!-- \/ Yoast SEO plugin. -->","yoast_head_json":{"title":"Nuevas caras en el equipo profesional! - Punt de Referencia","robots":{"index":"index","follow":"follow","max-snippet":"max-snippet:-1","max-image-preview":"max-image-preview:large","max-video-preview":"max-video-preview:-1"},"canonical":"https:\/\/puntdereferencia.org\/es\/coneix-els-canvis-que-hi-ha-hagut-a-lequip-professional\/","og_locale":"es_ES","og_type":"article","og_title":"Nuevas caras en el equipo profesional! - Punt de Referencia","og_description":"Quiz\u00e1 estos d\u00edas hab\u00e9is echado de menos caras conocidas entre el equipo de profesionales de Punt y a cambio hab\u00e9is visto otras de nuevas o, quiz\u00e1, la falta de presencialidad no os ha permitido daros cuenta. Hemos cerrado el a\u00f1o 2020 con algunos cambios que os queremos explicar: Uno de los proyectos en los que [&hellip;]","og_url":"https:\/\/puntdereferencia.org\/es\/coneix-els-canvis-que-hi-ha-hagut-a-lequip-professional\/","og_site_name":"Punt de Referencia","article_published_time":"2021-01-22T11:43:22+00:00","article_modified_time":"2024-07-30T12:10:10+00:00","og_image":[{"width":2560,"height":1307,"url":"https:\/\/puntdereferencia.org\/wp-content\/uploads\/2024\/07\/IMG_20201216_125537-scaled-1.jpg","type":"image\/jpeg"}],"author":"admin","twitter_card":"summary_large_image","twitter_misc":{"Escrito por":"admin","Tiempo de lectura":"2 minutos"},"schema":{"@context":"https:\/\/schema.org","@graph":[{"@type":"Article","@id":"https:\/\/puntdereferencia.org\/es\/coneix-els-canvis-que-hi-ha-hagut-a-lequip-professional\/#article","isPartOf":{"@id":"https:\/\/puntdereferencia.org\/es\/coneix-els-canvis-que-hi-ha-hagut-a-lequip-professional\/"},"author":{"name":"admin","@id":"https:\/\/puntdereferencia.org\/es\/#\/schema\/person\/c475209bcc857303ec6ed0259d3cf078"},"headline":"Nuevas caras en el equipo profesional!","datePublished":"2021-01-22T11:43:22+00:00","dateModified":"2024-07-30T12:10:10+00:00","mainEntityOfPage":{"@id":"https:\/\/puntdereferencia.org\/es\/coneix-els-canvis-que-hi-ha-hagut-a-lequip-professional\/"},"wordCount":457,"commentCount":559,"image":{"@id":"https:\/\/puntdereferencia.org\/es\/coneix-els-canvis-que-hi-ha-hagut-a-lequip-professional\/#primaryimage"},"thumbnailUrl":"https:\/\/puntdereferencia.org\/wp-content\/uploads\/2024\/07\/IMG_20201216_125537-scaled-1.jpg","keywords":["2021","equip"],"articleSection":["NOTICIAS"],"inLanguage":"es","potentialAction":[{"@type":"CommentAction","name":"Comment","target":["https:\/\/puntdereferencia.org\/es\/coneix-els-canvis-que-hi-ha-hagut-a-lequip-professional\/#respond"]}]},{"@type":"WebPage","@id":"https:\/\/puntdereferencia.org\/es\/coneix-els-canvis-que-hi-ha-hagut-a-lequip-professional\/","url":"https:\/\/puntdereferencia.org\/es\/coneix-els-canvis-que-hi-ha-hagut-a-lequip-professional\/","name":"Nuevas caras en el equipo profesional! - Punt de Referencia","isPartOf":{"@id":"https:\/\/puntdereferencia.org\/es\/#website"},"primaryImageOfPage":{"@id":"https:\/\/puntdereferencia.org\/es\/coneix-els-canvis-que-hi-ha-hagut-a-lequip-professional\/#primaryimage"},"image":{"@id":"https:\/\/puntdereferencia.org\/es\/coneix-els-canvis-que-hi-ha-hagut-a-lequip-professional\/#primaryimage"},"thumbnailUrl":"https:\/\/puntdereferencia.org\/wp-content\/uploads\/2024\/07\/IMG_20201216_125537-scaled-1.jpg","datePublished":"2021-01-22T11:43:22+00:00","dateModified":"2024-07-30T12:10:10+00:00","author":{"@id":"https:\/\/puntdereferencia.org\/es\/#\/schema\/person\/c475209bcc857303ec6ed0259d3cf078"},"breadcrumb":{"@id":"https:\/\/puntdereferencia.org\/es\/coneix-els-canvis-que-hi-ha-hagut-a-lequip-professional\/#breadcrumb"},"inLanguage":"es","potentialAction":[{"@type":"ReadAction","target":["https:\/\/puntdereferencia.org\/es\/coneix-els-canvis-que-hi-ha-hagut-a-lequip-professional\/"]}]},{"@type":"ImageObject","inLanguage":"es","@id":"https:\/\/puntdereferencia.org\/es\/coneix-els-canvis-que-hi-ha-hagut-a-lequip-professional\/#primaryimage","url":"https:\/\/puntdereferencia.org\/wp-content\/uploads\/2024\/07\/IMG_20201216_125537-scaled-1.jpg","contentUrl":"https:\/\/puntdereferencia.org\/wp-content\/uploads\/2024\/07\/IMG_20201216_125537-scaled-1.jpg","width":2560,"height":1307},{"@type":"BreadcrumbList","@id":"https:\/\/puntdereferencia.org\/es\/coneix-els-canvis-que-hi-ha-hagut-a-lequip-professional\/#breadcrumb","itemListElement":[{"@type":"ListItem","position":1,"name":"Inici","item":"https:\/\/puntdereferencia.org\/es\/inicio\/"},{"@type":"ListItem","position":2,"name":"Nuevas caras en el equipo profesional!"}]},{"@type":"WebSite","@id":"https:\/\/puntdereferencia.org\/es\/#website","url":"https:\/\/puntdereferencia.org\/es\/","name":"Punt de Referencia","description":"","potentialAction":[{"@type":"SearchAction","target":{"@type":"EntryPoint","urlTemplate":"https:\/\/puntdereferencia.org\/es\/?s={search_term_string}"},"query-input":{"@type":"PropertyValueSpecification","valueRequired":true,"valueName":"search_term_string"}}],"inLanguage":"es"},{"@type":"Person","@id":"https:\/\/puntdereferencia.org\/es\/#\/schema\/person\/c475209bcc857303ec6ed0259d3cf078","name":"admin","image":{"@type":"ImageObject","inLanguage":"es","@id":"https:\/\/puntdereferencia.org\/es\/#\/schema\/person\/image\/","url":"https:\/\/secure.gravatar.com\/avatar\/ff306d55f6aedb51a29e838506fafaa76a30bce9f5db9aca2e28921b903aaad2?s=96&d=mm&r=g","contentUrl":"https:\/\/secure.gravatar.com\/avatar\/ff306d55f6aedb51a29e838506fafaa76a30bce9f5db9aca2e28921b903aaad2?s=96&d=mm&r=g","caption":"admin"},"sameAs":["http:\/\/\/home\/puntref\/webapps\/web2024"],"url":"https:\/\/puntdereferencia.org\/es\/author\/admin\/"}]}},"_links":{"self":[{"href":"https:\/\/puntdereferencia.org\/es\/wp-json\/wp\/v2\/posts\/24590","targetHints":{"allow":["GET"]}}],"collection":[{"href":"https:\/\/puntdereferencia.org\/es\/wp-json\/wp\/v2\/posts"}],"about":[{"href":"https:\/\/puntdereferencia.org\/es\/wp-json\/wp\/v2\/types\/post"}],"author":[{"embeddable":true,"href":"https:\/\/puntdereferencia.org\/es\/wp-json\/wp\/v2\/users\/1"}],"replies":[{"embeddable":true,"href":"https:\/\/puntdereferencia.org\/es\/wp-json\/wp\/v2\/comments?post=24590"}],"version-history":[{"count":3,"href":"https:\/\/puntdereferencia.org\/es\/wp-json\/wp\/v2\/posts\/24590\/revisions"}],"predecessor-version":[{"id":26367,"href":"https:\/\/puntdereferencia.org\/es\/wp-json\/wp\/v2\/posts\/24590\/revisions\/26367"}],"wp:featuredmedia":[{"embeddable":true,"href":"https:\/\/puntdereferencia.org\/es\/wp-json\/wp\/v2\/media\/21803"}],"wp:attachment":[{"href":"https:\/\/puntdereferencia.org\/es\/wp-json\/wp\/v2\/media?parent=24590"}],"wp:term":[{"taxonomy":"category","embeddable":true,"href":"https:\/\/puntdereferencia.org\/es\/wp-json\/wp\/v2\/categories?post=24590"},{"taxonomy":"post_tag","embeddable":true,"href":"https:\/\/puntdereferencia.org\/es\/wp-json\/wp\/v2\/tags?post=24590"}],"curies":[{"name":"wp","href":"https:\/\/api.w.org\/{rel}","templated":true}]}}