{"id":24592,"date":"2021-01-26T08:37:09","date_gmt":"2021-01-26T08:37:09","guid":{"rendered":"https:\/\/puntdereferencia.org\/les-relacions-de-mentoria-de-10-mesos-de-durada-les-mes-consolidades\/"},"modified":"2024-07-30T12:09:43","modified_gmt":"2024-07-30T12:09:43","slug":"les-relacions-de-mentoria-de-10-mesos-de-durada-les-mes-consolidades","status":"publish","type":"post","link":"https:\/\/puntdereferencia.org\/es\/les-relacions-de-mentoria-de-10-mesos-de-durada-les-mes-consolidades\/","title":{"rendered":"Las relaciones de mentor\u00eda de 10 meses de duraci\u00f3n, las m\u00e1s consolidadas"},"content":{"rendered":"<p><strong>Hemos recogido los primeros datos que nos permiten valorar el funcionamiento de los proyectos durante el 2020.<\/strong> Este a\u00f1o excepcional en el que la pandemia ha amenazado la continuidad de las relaciones de mentor\u00eda, no ha impedido que j\u00f3venes y voluntariado se hayan acompa\u00f1ado y lleguen a tener relaciones de calidad.<\/p>\n<p><strong>Una de las novedades del 2020 fue que el Proyecto Referentes opt\u00f3 por alargar las relaciones de mentor\u00eda, pasando de ser de 6 meses a ser ahora de 10 meses de duraci\u00f3n.<\/strong>\u00a0Desde entonces, hemos<strong>\u00a0observado algunos beneficios claros de las relaciones que se cuidan m\u00e1s tiempo desde dentro del proyecto, <\/strong>aunque deber\u00edamos seguir unas ediciones m\u00e1s con esta apuesta para poder extraer conclusiones definitivas en cuanto al impacto en la juventud en funci\u00f3n de la duraci\u00f3n de las relaciones.<\/p>\n<p>&nbsp;<\/p>\n<h3>Qu\u00e9 beneficios ha tra\u00eddo alargar las relaciones a 10 meses?<\/h3>\n<p>&nbsp;<\/p>\n<p><img loading=\"lazy\" decoding=\"async\" class=\"wp-image-10750 alignleft\" src=\"https:\/\/puntdereferencia.org\/wp-content\/uploads\/2024\/07\/G44-Sadat-Ibrahim-Roser-Catala-20200816-CosmoCaixa.jpeg\" alt=\"\" width=\"502\" height=\"377\" \/><\/p>\n<p><b>\u00abSi las relaciones hubiesen\u00a0sido de 6 meses como antes, no habr\u00edan resistido al asilamiento causado por la pandemia\u00bb<\/b>\u00a0explica Cristina Ruano, t\u00e9cnica del proyecto. Es un \u00e9xito que este a\u00f1o de pandemia haya habido relaciones que en situaci\u00f3n de confinamiento, con restricciones de movilidad y con las vacaciones de verano de por medio, hayan continuado su proceso, y eso se ha conseguido gracias a las participantes que no han tirado la toalla, y tambi\u00e9n al marco del proyecto, que dise\u00f1aba relaciones para que tengan continuidad meses m\u00e1s adelante.<\/p>\n<p>&nbsp;<\/p>\n<p><strong>En este a\u00f1o extraordinario celebramos que el 72% de la juventud y voluntariado hayan mantenido las relaciones a lo largo de los 6 meses, y un 64% durante los 10 meses, todo un \u00e9xito.\u00a0<\/strong><br \/>\nLos datos cuentan que los 4 meses a\u00f1adidos permiten a las personas j\u00f3venes y a\u00a0sus mentores finalizar la participaci\u00f3n en el proyecto con una relaci\u00f3n entre ellos m\u00e1s naturalizada, y eso hace que\u00a0 los posteriores encuentros (una veza fuera del proyecto) sean m\u00e1s frecuentes y tengan m\u00e1s compromiso. Esta naturalizaci\u00f3n del v\u00ednculo se ha observado tambi\u00e9n desde el seguimiento que hacen las profesionales del proyecto.<\/p>\n<p>&nbsp;<\/p>\n","protected":false},"excerpt":{"rendered":"<p>Hemos recogido los primeros datos que nos permiten valorar el funcionamiento de los proyectos durante el 2020. Este a\u00f1o excepcional en el que la pandemia ha amenazado la continuidad de las relaciones de mentor\u00eda, no ha impedido que j\u00f3venes y voluntariado se hayan acompa\u00f1ado y lleguen a tener relaciones de calidad. Una de las novedades [&hellip;]<\/p>\n","protected":false},"author":1,"featured_media":21792,"comment_status":"open","ping_status":"open","sticky":false,"template":"","format":"standard","meta":{"footnotes":""},"categories":[913],"tags":[11,494,111],"class_list":["post-24592","post","type-post","status-publish","format-standard","has-post-thumbnail","hentry","category-noticias-es","tag-mentoria","tag-novetat","tag-referents"],"yoast_head":"<!-- This site is optimized with the Yoast SEO plugin v27.1.1 - https:\/\/yoast.com\/product\/yoast-seo-wordpress\/ -->\n<title>Las relaciones de mentor\u00eda de 10 meses de duraci\u00f3n, las m\u00e1s consolidadas - Punt de Referencia<\/title>\n<meta name=\"robots\" content=\"index, follow, max-snippet:-1, max-image-preview:large, max-video-preview:-1\" \/>\n<link rel=\"canonical\" href=\"https:\/\/puntdereferencia.org\/es\/les-relacions-de-mentoria-de-10-mesos-de-durada-les-mes-consolidades\/\" \/>\n<meta property=\"og:locale\" content=\"es_ES\" \/>\n<meta property=\"og:type\" content=\"article\" \/>\n<meta property=\"og:title\" content=\"Las relaciones de mentor\u00eda de 10 meses de duraci\u00f3n, las m\u00e1s consolidadas - Punt de Referencia\" \/>\n<meta property=\"og:description\" content=\"Hemos recogido los primeros datos que nos permiten valorar el funcionamiento de los proyectos durante el 2020. Este a\u00f1o excepcional en el que la pandemia ha amenazado la continuidad de las relaciones de mentor\u00eda, no ha impedido que j\u00f3venes y voluntariado se hayan acompa\u00f1ado y lleguen a tener relaciones de calidad. Una de las novedades [&hellip;]\" \/>\n<meta property=\"og:url\" content=\"https:\/\/puntdereferencia.org\/es\/les-relacions-de-mentoria-de-10-mesos-de-durada-les-mes-consolidades\/\" \/>\n<meta property=\"og:site_name\" content=\"Punt de Referencia\" \/>\n<meta property=\"article:published_time\" content=\"2021-01-26T08:37:09+00:00\" \/>\n<meta property=\"article:modified_time\" content=\"2024-07-30T12:09:43+00:00\" \/>\n<meta property=\"og:image\" content=\"https:\/\/puntdereferencia.org\/wp-content\/uploads\/2024\/07\/Anas-i-Isabel.jpg\" \/>\n\t<meta property=\"og:image:width\" content=\"1024\" \/>\n\t<meta property=\"og:image:height\" content=\"769\" \/>\n\t<meta property=\"og:image:type\" content=\"image\/jpeg\" \/>\n<meta name=\"author\" content=\"admin\" \/>\n<meta name=\"twitter:card\" content=\"summary_large_image\" \/>\n<meta name=\"twitter:label1\" content=\"Escrito por\" \/>\n\t<meta name=\"twitter:data1\" content=\"admin\" \/>\n\t<meta name=\"twitter:label2\" content=\"Tiempo de lectura\" \/>\n\t<meta name=\"twitter:data2\" content=\"2 minutos\" \/>\n<script type=\"application\/ld+json\" class=\"yoast-schema-graph\">{\"@context\":\"https:\/\/schema.org\",\"@graph\":[{\"@type\":\"Article\",\"@id\":\"https:\/\/puntdereferencia.org\/es\/les-relacions-de-mentoria-de-10-mesos-de-durada-les-mes-consolidades\/#article\",\"isPartOf\":{\"@id\":\"https:\/\/puntdereferencia.org\/es\/les-relacions-de-mentoria-de-10-mesos-de-durada-les-mes-consolidades\/\"},\"author\":{\"name\":\"admin\",\"@id\":\"https:\/\/puntdereferencia.org\/es\/#\/schema\/person\/c475209bcc857303ec6ed0259d3cf078\"},\"headline\":\"Las relaciones de mentor\u00eda de 10 meses de duraci\u00f3n, las m\u00e1s consolidadas\",\"datePublished\":\"2021-01-26T08:37:09+00:00\",\"dateModified\":\"2024-07-30T12:09:43+00:00\",\"mainEntityOfPage\":{\"@id\":\"https:\/\/puntdereferencia.org\/es\/les-relacions-de-mentoria-de-10-mesos-de-durada-les-mes-consolidades\/\"},\"wordCount\":367,\"commentCount\":538,\"image\":{\"@id\":\"https:\/\/puntdereferencia.org\/es\/les-relacions-de-mentoria-de-10-mesos-de-durada-les-mes-consolidades\/#primaryimage\"},\"thumbnailUrl\":\"https:\/\/puntdereferencia.org\/wp-content\/uploads\/2024\/07\/Anas-i-Isabel.jpg\",\"keywords\":[\"mentoria\",\"novetat\",\"referents\"],\"articleSection\":[\"NOTICIAS\"],\"inLanguage\":\"es\",\"potentialAction\":[{\"@type\":\"CommentAction\",\"name\":\"Comment\",\"target\":[\"https:\/\/puntdereferencia.org\/es\/les-relacions-de-mentoria-de-10-mesos-de-durada-les-mes-consolidades\/#respond\"]}]},{\"@type\":\"WebPage\",\"@id\":\"https:\/\/puntdereferencia.org\/es\/les-relacions-de-mentoria-de-10-mesos-de-durada-les-mes-consolidades\/\",\"url\":\"https:\/\/puntdereferencia.org\/es\/les-relacions-de-mentoria-de-10-mesos-de-durada-les-mes-consolidades\/\",\"name\":\"Las relaciones de mentor\u00eda de 10 meses de duraci\u00f3n, las m\u00e1s consolidadas - Punt de Referencia\",\"isPartOf\":{\"@id\":\"https:\/\/puntdereferencia.org\/es\/#website\"},\"primaryImageOfPage\":{\"@id\":\"https:\/\/puntdereferencia.org\/es\/les-relacions-de-mentoria-de-10-mesos-de-durada-les-mes-consolidades\/#primaryimage\"},\"image\":{\"@id\":\"https:\/\/puntdereferencia.org\/es\/les-relacions-de-mentoria-de-10-mesos-de-durada-les-mes-consolidades\/#primaryimage\"},\"thumbnailUrl\":\"https:\/\/puntdereferencia.org\/wp-content\/uploads\/2024\/07\/Anas-i-Isabel.jpg\",\"datePublished\":\"2021-01-26T08:37:09+00:00\",\"dateModified\":\"2024-07-30T12:09:43+00:00\",\"author\":{\"@id\":\"https:\/\/puntdereferencia.org\/es\/#\/schema\/person\/c475209bcc857303ec6ed0259d3cf078\"},\"breadcrumb\":{\"@id\":\"https:\/\/puntdereferencia.org\/es\/les-relacions-de-mentoria-de-10-mesos-de-durada-les-mes-consolidades\/#breadcrumb\"},\"inLanguage\":\"es\",\"potentialAction\":[{\"@type\":\"ReadAction\",\"target\":[\"https:\/\/puntdereferencia.org\/es\/les-relacions-de-mentoria-de-10-mesos-de-durada-les-mes-consolidades\/\"]}]},{\"@type\":\"ImageObject\",\"inLanguage\":\"es\",\"@id\":\"https:\/\/puntdereferencia.org\/es\/les-relacions-de-mentoria-de-10-mesos-de-durada-les-mes-consolidades\/#primaryimage\",\"url\":\"https:\/\/puntdereferencia.org\/wp-content\/uploads\/2024\/07\/Anas-i-Isabel.jpg\",\"contentUrl\":\"https:\/\/puntdereferencia.org\/wp-content\/uploads\/2024\/07\/Anas-i-Isabel.jpg\",\"width\":1024,\"height\":769},{\"@type\":\"BreadcrumbList\",\"@id\":\"https:\/\/puntdereferencia.org\/es\/les-relacions-de-mentoria-de-10-mesos-de-durada-les-mes-consolidades\/#breadcrumb\",\"itemListElement\":[{\"@type\":\"ListItem\",\"position\":1,\"name\":\"Inici\",\"item\":\"https:\/\/puntdereferencia.org\/es\/inicio\/\"},{\"@type\":\"ListItem\",\"position\":2,\"name\":\"Las relaciones de mentor\u00eda de 10 meses de duraci\u00f3n, las m\u00e1s consolidadas\"}]},{\"@type\":\"WebSite\",\"@id\":\"https:\/\/puntdereferencia.org\/es\/#website\",\"url\":\"https:\/\/puntdereferencia.org\/es\/\",\"name\":\"Punt de Referencia\",\"description\":\"\",\"potentialAction\":[{\"@type\":\"SearchAction\",\"target\":{\"@type\":\"EntryPoint\",\"urlTemplate\":\"https:\/\/puntdereferencia.org\/es\/?s={search_term_string}\"},\"query-input\":{\"@type\":\"PropertyValueSpecification\",\"valueRequired\":true,\"valueName\":\"search_term_string\"}}],\"inLanguage\":\"es\"},{\"@type\":\"Person\",\"@id\":\"https:\/\/puntdereferencia.org\/es\/#\/schema\/person\/c475209bcc857303ec6ed0259d3cf078\",\"name\":\"admin\",\"image\":{\"@type\":\"ImageObject\",\"inLanguage\":\"es\",\"@id\":\"https:\/\/puntdereferencia.org\/es\/#\/schema\/person\/image\/\",\"url\":\"https:\/\/secure.gravatar.com\/avatar\/ff306d55f6aedb51a29e838506fafaa76a30bce9f5db9aca2e28921b903aaad2?s=96&d=mm&r=g\",\"contentUrl\":\"https:\/\/secure.gravatar.com\/avatar\/ff306d55f6aedb51a29e838506fafaa76a30bce9f5db9aca2e28921b903aaad2?s=96&d=mm&r=g\",\"caption\":\"admin\"},\"sameAs\":[\"http:\/\/\/home\/puntref\/webapps\/web2024\"],\"url\":\"https:\/\/puntdereferencia.org\/es\/author\/admin\/\"}]}<\/script>\n<!-- \/ Yoast SEO plugin. -->","yoast_head_json":{"title":"Las relaciones de mentor\u00eda de 10 meses de duraci\u00f3n, las m\u00e1s consolidadas - Punt de Referencia","robots":{"index":"index","follow":"follow","max-snippet":"max-snippet:-1","max-image-preview":"max-image-preview:large","max-video-preview":"max-video-preview:-1"},"canonical":"https:\/\/puntdereferencia.org\/es\/les-relacions-de-mentoria-de-10-mesos-de-durada-les-mes-consolidades\/","og_locale":"es_ES","og_type":"article","og_title":"Las relaciones de mentor\u00eda de 10 meses de duraci\u00f3n, las m\u00e1s consolidadas - Punt de Referencia","og_description":"Hemos recogido los primeros datos que nos permiten valorar el funcionamiento de los proyectos durante el 2020. Este a\u00f1o excepcional en el que la pandemia ha amenazado la continuidad de las relaciones de mentor\u00eda, no ha impedido que j\u00f3venes y voluntariado se hayan acompa\u00f1ado y lleguen a tener relaciones de calidad. Una de las novedades [&hellip;]","og_url":"https:\/\/puntdereferencia.org\/es\/les-relacions-de-mentoria-de-10-mesos-de-durada-les-mes-consolidades\/","og_site_name":"Punt de Referencia","article_published_time":"2021-01-26T08:37:09+00:00","article_modified_time":"2024-07-30T12:09:43+00:00","og_image":[{"width":1024,"height":769,"url":"https:\/\/puntdereferencia.org\/wp-content\/uploads\/2024\/07\/Anas-i-Isabel.jpg","type":"image\/jpeg"}],"author":"admin","twitter_card":"summary_large_image","twitter_misc":{"Escrito por":"admin","Tiempo de lectura":"2 minutos"},"schema":{"@context":"https:\/\/schema.org","@graph":[{"@type":"Article","@id":"https:\/\/puntdereferencia.org\/es\/les-relacions-de-mentoria-de-10-mesos-de-durada-les-mes-consolidades\/#article","isPartOf":{"@id":"https:\/\/puntdereferencia.org\/es\/les-relacions-de-mentoria-de-10-mesos-de-durada-les-mes-consolidades\/"},"author":{"name":"admin","@id":"https:\/\/puntdereferencia.org\/es\/#\/schema\/person\/c475209bcc857303ec6ed0259d3cf078"},"headline":"Las relaciones de mentor\u00eda de 10 meses de duraci\u00f3n, las m\u00e1s consolidadas","datePublished":"2021-01-26T08:37:09+00:00","dateModified":"2024-07-30T12:09:43+00:00","mainEntityOfPage":{"@id":"https:\/\/puntdereferencia.org\/es\/les-relacions-de-mentoria-de-10-mesos-de-durada-les-mes-consolidades\/"},"wordCount":367,"commentCount":538,"image":{"@id":"https:\/\/puntdereferencia.org\/es\/les-relacions-de-mentoria-de-10-mesos-de-durada-les-mes-consolidades\/#primaryimage"},"thumbnailUrl":"https:\/\/puntdereferencia.org\/wp-content\/uploads\/2024\/07\/Anas-i-Isabel.jpg","keywords":["mentoria","novetat","referents"],"articleSection":["NOTICIAS"],"inLanguage":"es","potentialAction":[{"@type":"CommentAction","name":"Comment","target":["https:\/\/puntdereferencia.org\/es\/les-relacions-de-mentoria-de-10-mesos-de-durada-les-mes-consolidades\/#respond"]}]},{"@type":"WebPage","@id":"https:\/\/puntdereferencia.org\/es\/les-relacions-de-mentoria-de-10-mesos-de-durada-les-mes-consolidades\/","url":"https:\/\/puntdereferencia.org\/es\/les-relacions-de-mentoria-de-10-mesos-de-durada-les-mes-consolidades\/","name":"Las relaciones de mentor\u00eda de 10 meses de duraci\u00f3n, las m\u00e1s consolidadas - Punt de Referencia","isPartOf":{"@id":"https:\/\/puntdereferencia.org\/es\/#website"},"primaryImageOfPage":{"@id":"https:\/\/puntdereferencia.org\/es\/les-relacions-de-mentoria-de-10-mesos-de-durada-les-mes-consolidades\/#primaryimage"},"image":{"@id":"https:\/\/puntdereferencia.org\/es\/les-relacions-de-mentoria-de-10-mesos-de-durada-les-mes-consolidades\/#primaryimage"},"thumbnailUrl":"https:\/\/puntdereferencia.org\/wp-content\/uploads\/2024\/07\/Anas-i-Isabel.jpg","datePublished":"2021-01-26T08:37:09+00:00","dateModified":"2024-07-30T12:09:43+00:00","author":{"@id":"https:\/\/puntdereferencia.org\/es\/#\/schema\/person\/c475209bcc857303ec6ed0259d3cf078"},"breadcrumb":{"@id":"https:\/\/puntdereferencia.org\/es\/les-relacions-de-mentoria-de-10-mesos-de-durada-les-mes-consolidades\/#breadcrumb"},"inLanguage":"es","potentialAction":[{"@type":"ReadAction","target":["https:\/\/puntdereferencia.org\/es\/les-relacions-de-mentoria-de-10-mesos-de-durada-les-mes-consolidades\/"]}]},{"@type":"ImageObject","inLanguage":"es","@id":"https:\/\/puntdereferencia.org\/es\/les-relacions-de-mentoria-de-10-mesos-de-durada-les-mes-consolidades\/#primaryimage","url":"https:\/\/puntdereferencia.org\/wp-content\/uploads\/2024\/07\/Anas-i-Isabel.jpg","contentUrl":"https:\/\/puntdereferencia.org\/wp-content\/uploads\/2024\/07\/Anas-i-Isabel.jpg","width":1024,"height":769},{"@type":"BreadcrumbList","@id":"https:\/\/puntdereferencia.org\/es\/les-relacions-de-mentoria-de-10-mesos-de-durada-les-mes-consolidades\/#breadcrumb","itemListElement":[{"@type":"ListItem","position":1,"name":"Inici","item":"https:\/\/puntdereferencia.org\/es\/inicio\/"},{"@type":"ListItem","position":2,"name":"Las relaciones de mentor\u00eda de 10 meses de duraci\u00f3n, las m\u00e1s consolidadas"}]},{"@type":"WebSite","@id":"https:\/\/puntdereferencia.org\/es\/#website","url":"https:\/\/puntdereferencia.org\/es\/","name":"Punt de Referencia","description":"","potentialAction":[{"@type":"SearchAction","target":{"@type":"EntryPoint","urlTemplate":"https:\/\/puntdereferencia.org\/es\/?s={search_term_string}"},"query-input":{"@type":"PropertyValueSpecification","valueRequired":true,"valueName":"search_term_string"}}],"inLanguage":"es"},{"@type":"Person","@id":"https:\/\/puntdereferencia.org\/es\/#\/schema\/person\/c475209bcc857303ec6ed0259d3cf078","name":"admin","image":{"@type":"ImageObject","inLanguage":"es","@id":"https:\/\/puntdereferencia.org\/es\/#\/schema\/person\/image\/","url":"https:\/\/secure.gravatar.com\/avatar\/ff306d55f6aedb51a29e838506fafaa76a30bce9f5db9aca2e28921b903aaad2?s=96&d=mm&r=g","contentUrl":"https:\/\/secure.gravatar.com\/avatar\/ff306d55f6aedb51a29e838506fafaa76a30bce9f5db9aca2e28921b903aaad2?s=96&d=mm&r=g","caption":"admin"},"sameAs":["http:\/\/\/home\/puntref\/webapps\/web2024"],"url":"https:\/\/puntdereferencia.org\/es\/author\/admin\/"}]}},"_links":{"self":[{"href":"https:\/\/puntdereferencia.org\/es\/wp-json\/wp\/v2\/posts\/24592","targetHints":{"allow":["GET"]}}],"collection":[{"href":"https:\/\/puntdereferencia.org\/es\/wp-json\/wp\/v2\/posts"}],"about":[{"href":"https:\/\/puntdereferencia.org\/es\/wp-json\/wp\/v2\/types\/post"}],"author":[{"embeddable":true,"href":"https:\/\/puntdereferencia.org\/es\/wp-json\/wp\/v2\/users\/1"}],"replies":[{"embeddable":true,"href":"https:\/\/puntdereferencia.org\/es\/wp-json\/wp\/v2\/comments?post=24592"}],"version-history":[{"count":3,"href":"https:\/\/puntdereferencia.org\/es\/wp-json\/wp\/v2\/posts\/24592\/revisions"}],"predecessor-version":[{"id":26365,"href":"https:\/\/puntdereferencia.org\/es\/wp-json\/wp\/v2\/posts\/24592\/revisions\/26365"}],"wp:featuredmedia":[{"embeddable":true,"href":"https:\/\/puntdereferencia.org\/es\/wp-json\/wp\/v2\/media\/21792"}],"wp:attachment":[{"href":"https:\/\/puntdereferencia.org\/es\/wp-json\/wp\/v2\/media?parent=24592"}],"wp:term":[{"taxonomy":"category","embeddable":true,"href":"https:\/\/puntdereferencia.org\/es\/wp-json\/wp\/v2\/categories?post=24592"},{"taxonomy":"post_tag","embeddable":true,"href":"https:\/\/puntdereferencia.org\/es\/wp-json\/wp\/v2\/tags?post=24592"}],"curies":[{"name":"wp","href":"https:\/\/api.w.org\/{rel}","templated":true}]}}