{"id":24604,"date":"2021-01-29T11:27:49","date_gmt":"2021-01-29T11:27:49","guid":{"rendered":"https:\/\/puntdereferencia.org\/el-jovent-datenea-sendinsa-en-rols-professionals-gracies-a-empreses-collaboradores\/"},"modified":"2024-07-30T12:08:28","modified_gmt":"2024-07-30T12:08:28","slug":"el-jovent-datenea-sendinsa-en-rols-professionals-gracies-a-empreses-collaboradores","status":"publish","type":"post","link":"https:\/\/puntdereferencia.org\/es\/el-jovent-datenea-sendinsa-en-rols-professionals-gracies-a-empreses-collaboradores\/","title":{"rendered":"La juventud conoce de primera mano roles profesionales gracias a empresas colaboradoras"},"content":{"rendered":"<p>El mes de marzo ha sido muy enriquecedor para los chicos y chicas del Proyecto Atenea ya que, a banda de entrenar sus habilidades de estudio y centrarse en su trayectoria formativa, han podido complementar sus conocimientos en relaci\u00f3n a la ocupabilidad y competencias aplicadas a los roles de trabajo gracias a la colaboraci\u00f3n de proyectos con el\u00a0restaurante\u00a0<a href=\"https:\/\/canametller.com\/\" target=\"_blank\" rel=\"noopener\">Masia Can Ametller y el\u00a0<\/a><a href=\"http:\/\/www.rotarymillennium.org\/\" target=\"_blank\" rel=\"noopener\">Rotary Club Barcelona Millenium.<\/a><\/p>\n<p>Nos hizo mucha ilusi\u00f3n que el restaurante Can Ametller nos propusiese ofrecer una visita guiada para j\u00f3venes y voluntariado donde pudiesen descubrir las personas profesionales que trabajan all\u00ed y las caracter\u00edsticas de sus roles laborales. La propuesta despert\u00f3 mucho inter\u00e9s entre j\u00f3venes, de manera que el d\u00eda 16 de marzo por la tarde un grupo numeroso de Punt nos dirig\u00edamos hacia a la mas\u00eda situada en Sant Cugat.<\/p>\n<p><img loading=\"lazy\" decoding=\"async\" class=\"alignnone wp-image-11095\" src=\"http:\/\/puntdereferencia.org\/wp-content\/uploads\/2024\/07\/DSC_2592-scaled-1.jpg\" alt=\"\" width=\"538\" height=\"358\" \/>\u00a0 \u00a0<img loading=\"lazy\" decoding=\"async\" class=\"alignnone wp-image-11098\" src=\"http:\/\/puntdereferencia.org\/wp-content\/uploads\/2024\/07\/DSC_2597-scaled-1.jpg\" alt=\"\" width=\"539\" height=\"358\" \/><\/p>\n<p>Tan acogedores fueron los trabajadores del restaurante como lo era el mismo espacio. Divididos en dos grupos, los j\u00f3venes y voluntariado fueron descubriendo cada sala y los diferentes servicios que Can Ametller ofrece. En el recorrido, contaron con el relato en primera persona de diferentes roles profesionales que integran el engranaje de este restaurante: desde el cocinero, a la encargada de recursos humanos, pasando por socios propietarios o la encargada de la responsabilidad social corporativa. Esta mirada global y la predisposici\u00f3n de responder todas las dudas, permitieron a los j\u00f3venes entender c\u00f3mo podr\u00eda ser dedicarse a la restauraci\u00f3n y hasta aprendieron, gracias a los consejos de la responsable de RRHH, c\u00f3mo presentar sus candidaturas.<\/p>\n<p><img loading=\"lazy\" decoding=\"async\" class=\"alignnone wp-image-11103\" src=\"http:\/\/puntdereferencia.org\/wp-content\/uploads\/2024\/07\/tallada2-scaled-1.jpg\" alt=\"\" width=\"545\" height=\"378\" \/>\u00a0 \u00a0<img loading=\"lazy\" decoding=\"async\" class=\" wp-image-11114\" src=\"http:\/\/puntdereferencia.org\/wp-content\/uploads\/2024\/07\/IMG_20210316_190737-scaled-1.jpg\" alt=\"\" width=\"504\" height=\"378\" \/><\/p>\n<p>Salimos muy satisfechos por haber tenido estra oportunidad, y animados por el mensaje que nos dirigieron:<strong>\u00a0cuando hay ganas de trabajar y no se pierde la lucha por conseguirlo, es m\u00e1s f\u00e1cil que se abran nuevas oportunidades.\u00a0<\/strong><\/p>\n<p>Otra experiencia muy positiva fue la tarde en la cual, profesionales de diferentes sectores empresariales, que a la vez forman parte del Rotary Club Barcelona Millenium, dedicaron una sesi\u00f3n con j\u00f3venes y voluntariado para practicar una entrevista de trabajo virtual. Fue muy \u00fatil para los j\u00f3venes aprender a explicarse en este formato que ha llegado para quedarse, seg\u00fan lo que los profesionales de RRHH que estaban presentes nos explicaron. Orientaron a los j\u00f3venes, quienes se apuntaron loc consejos sobre c\u00f3mo poner en valor sus competencias a\u00a0la hora de dirigirse a las empresas y hacer frente a una selecci\u00f3n de personal.<\/p>\n<p>Tanto el voluntariado de Atenea como los chicos y chicas quedaron muy satisfechos con esta sesi\u00f3n y agradecieron a\u00a0 Rotary por haber tenido este espacio. Muchas gracias!<\/p>\n","protected":false},"excerpt":{"rendered":"<p>El mes de marzo ha sido muy enriquecedor para los chicos y chicas del Proyecto Atenea ya que, a banda de entrenar sus habilidades de estudio y centrarse en su trayectoria formativa, han podido complementar sus conocimientos en relaci\u00f3n a la ocupabilidad y competencias aplicadas a los roles de trabajo gracias a la colaboraci\u00f3n de [&hellip;]<\/p>\n","protected":false},"author":1,"featured_media":21983,"comment_status":"open","ping_status":"open","sticky":false,"template":"","format":"standard","meta":{"footnotes":""},"categories":[913],"tags":[107,546,547,548],"class_list":["post-24604","post","type-post","status-publish","format-standard","has-post-thumbnail","hentry","category-noticias-es","tag-collaboracio","tag-ocupabilitat","tag-professio","tag-restaurant"],"yoast_head":"<!-- This site is optimized with the Yoast SEO plugin v27.1.1 - https:\/\/yoast.com\/product\/yoast-seo-wordpress\/ -->\n<title>La juventud conoce de primera mano roles profesionales gracias a empresas colaboradoras - Punt de Referencia<\/title>\n<meta name=\"robots\" content=\"index, follow, max-snippet:-1, max-image-preview:large, max-video-preview:-1\" \/>\n<link rel=\"canonical\" href=\"https:\/\/puntdereferencia.org\/es\/el-jovent-datenea-sendinsa-en-rols-professionals-gracies-a-empreses-collaboradores\/\" \/>\n<meta property=\"og:locale\" content=\"es_ES\" \/>\n<meta property=\"og:type\" content=\"article\" \/>\n<meta property=\"og:title\" content=\"La juventud conoce de primera mano roles profesionales gracias a empresas colaboradoras - Punt de Referencia\" \/>\n<meta property=\"og:description\" content=\"El mes de marzo ha sido muy enriquecedor para los chicos y chicas del Proyecto Atenea ya que, a banda de entrenar sus habilidades de estudio y centrarse en su trayectoria formativa, han podido complementar sus conocimientos en relaci\u00f3n a la ocupabilidad y competencias aplicadas a los roles de trabajo gracias a la colaboraci\u00f3n de [&hellip;]\" \/>\n<meta property=\"og:url\" content=\"https:\/\/puntdereferencia.org\/es\/el-jovent-datenea-sendinsa-en-rols-professionals-gracies-a-empreses-collaboradores\/\" \/>\n<meta property=\"og:site_name\" content=\"Punt de Referencia\" \/>\n<meta property=\"article:published_time\" content=\"2021-01-29T11:27:49+00:00\" \/>\n<meta property=\"article:modified_time\" content=\"2024-07-30T12:08:28+00:00\" \/>\n<meta property=\"og:image\" content=\"https:\/\/puntdereferencia.org\/wp-content\/uploads\/2024\/07\/buu-scaled-1.jpg\" \/>\n\t<meta property=\"og:image:width\" content=\"2560\" \/>\n\t<meta property=\"og:image:height\" content=\"1559\" \/>\n\t<meta property=\"og:image:type\" content=\"image\/jpeg\" \/>\n<meta name=\"author\" content=\"admin\" \/>\n<meta name=\"twitter:card\" content=\"summary_large_image\" \/>\n<meta name=\"twitter:label1\" content=\"Escrito por\" \/>\n\t<meta name=\"twitter:data1\" content=\"admin\" \/>\n\t<meta name=\"twitter:label2\" content=\"Tiempo de lectura\" \/>\n\t<meta name=\"twitter:data2\" content=\"3 minutos\" \/>\n<script type=\"application\/ld+json\" class=\"yoast-schema-graph\">{\"@context\":\"https:\/\/schema.org\",\"@graph\":[{\"@type\":\"Article\",\"@id\":\"https:\/\/puntdereferencia.org\/es\/el-jovent-datenea-sendinsa-en-rols-professionals-gracies-a-empreses-collaboradores\/#article\",\"isPartOf\":{\"@id\":\"https:\/\/puntdereferencia.org\/es\/el-jovent-datenea-sendinsa-en-rols-professionals-gracies-a-empreses-collaboradores\/\"},\"author\":{\"name\":\"admin\",\"@id\":\"https:\/\/puntdereferencia.org\/es\/#\/schema\/person\/c475209bcc857303ec6ed0259d3cf078\"},\"headline\":\"La juventud conoce de primera mano roles profesionales gracias a empresas colaboradoras\",\"datePublished\":\"2021-01-29T11:27:49+00:00\",\"dateModified\":\"2024-07-30T12:08:28+00:00\",\"mainEntityOfPage\":{\"@id\":\"https:\/\/puntdereferencia.org\/es\/el-jovent-datenea-sendinsa-en-rols-professionals-gracies-a-empreses-collaboradores\/\"},\"wordCount\":453,\"commentCount\":0,\"image\":{\"@id\":\"https:\/\/puntdereferencia.org\/es\/el-jovent-datenea-sendinsa-en-rols-professionals-gracies-a-empreses-collaboradores\/#primaryimage\"},\"thumbnailUrl\":\"https:\/\/puntdereferencia.org\/wp-content\/uploads\/2024\/07\/buu-scaled-1.jpg\",\"keywords\":[\"col\u00b7laboraci\u00f3\",\"ocupabilitat\",\"professi\u00f3\",\"restaurant\"],\"articleSection\":[\"NOTICIAS\"],\"inLanguage\":\"es\",\"potentialAction\":[{\"@type\":\"CommentAction\",\"name\":\"Comment\",\"target\":[\"https:\/\/puntdereferencia.org\/es\/el-jovent-datenea-sendinsa-en-rols-professionals-gracies-a-empreses-collaboradores\/#respond\"]}]},{\"@type\":\"WebPage\",\"@id\":\"https:\/\/puntdereferencia.org\/es\/el-jovent-datenea-sendinsa-en-rols-professionals-gracies-a-empreses-collaboradores\/\",\"url\":\"https:\/\/puntdereferencia.org\/es\/el-jovent-datenea-sendinsa-en-rols-professionals-gracies-a-empreses-collaboradores\/\",\"name\":\"La juventud conoce de primera mano roles profesionales gracias a empresas colaboradoras - Punt de Referencia\",\"isPartOf\":{\"@id\":\"https:\/\/puntdereferencia.org\/es\/#website\"},\"primaryImageOfPage\":{\"@id\":\"https:\/\/puntdereferencia.org\/es\/el-jovent-datenea-sendinsa-en-rols-professionals-gracies-a-empreses-collaboradores\/#primaryimage\"},\"image\":{\"@id\":\"https:\/\/puntdereferencia.org\/es\/el-jovent-datenea-sendinsa-en-rols-professionals-gracies-a-empreses-collaboradores\/#primaryimage\"},\"thumbnailUrl\":\"https:\/\/puntdereferencia.org\/wp-content\/uploads\/2024\/07\/buu-scaled-1.jpg\",\"datePublished\":\"2021-01-29T11:27:49+00:00\",\"dateModified\":\"2024-07-30T12:08:28+00:00\",\"author\":{\"@id\":\"https:\/\/puntdereferencia.org\/es\/#\/schema\/person\/c475209bcc857303ec6ed0259d3cf078\"},\"breadcrumb\":{\"@id\":\"https:\/\/puntdereferencia.org\/es\/el-jovent-datenea-sendinsa-en-rols-professionals-gracies-a-empreses-collaboradores\/#breadcrumb\"},\"inLanguage\":\"es\",\"potentialAction\":[{\"@type\":\"ReadAction\",\"target\":[\"https:\/\/puntdereferencia.org\/es\/el-jovent-datenea-sendinsa-en-rols-professionals-gracies-a-empreses-collaboradores\/\"]}]},{\"@type\":\"ImageObject\",\"inLanguage\":\"es\",\"@id\":\"https:\/\/puntdereferencia.org\/es\/el-jovent-datenea-sendinsa-en-rols-professionals-gracies-a-empreses-collaboradores\/#primaryimage\",\"url\":\"https:\/\/puntdereferencia.org\/wp-content\/uploads\/2024\/07\/buu-scaled-1.jpg\",\"contentUrl\":\"https:\/\/puntdereferencia.org\/wp-content\/uploads\/2024\/07\/buu-scaled-1.jpg\",\"width\":2560,\"height\":1559},{\"@type\":\"BreadcrumbList\",\"@id\":\"https:\/\/puntdereferencia.org\/es\/el-jovent-datenea-sendinsa-en-rols-professionals-gracies-a-empreses-collaboradores\/#breadcrumb\",\"itemListElement\":[{\"@type\":\"ListItem\",\"position\":1,\"name\":\"Inici\",\"item\":\"https:\/\/puntdereferencia.org\/es\/inicio\/\"},{\"@type\":\"ListItem\",\"position\":2,\"name\":\"La juventud conoce de primera mano roles profesionales gracias a empresas colaboradoras\"}]},{\"@type\":\"WebSite\",\"@id\":\"https:\/\/puntdereferencia.org\/es\/#website\",\"url\":\"https:\/\/puntdereferencia.org\/es\/\",\"name\":\"Punt de Referencia\",\"description\":\"\",\"potentialAction\":[{\"@type\":\"SearchAction\",\"target\":{\"@type\":\"EntryPoint\",\"urlTemplate\":\"https:\/\/puntdereferencia.org\/es\/?s={search_term_string}\"},\"query-input\":{\"@type\":\"PropertyValueSpecification\",\"valueRequired\":true,\"valueName\":\"search_term_string\"}}],\"inLanguage\":\"es\"},{\"@type\":\"Person\",\"@id\":\"https:\/\/puntdereferencia.org\/es\/#\/schema\/person\/c475209bcc857303ec6ed0259d3cf078\",\"name\":\"admin\",\"image\":{\"@type\":\"ImageObject\",\"inLanguage\":\"es\",\"@id\":\"https:\/\/puntdereferencia.org\/es\/#\/schema\/person\/image\/\",\"url\":\"https:\/\/secure.gravatar.com\/avatar\/ff306d55f6aedb51a29e838506fafaa76a30bce9f5db9aca2e28921b903aaad2?s=96&d=mm&r=g\",\"contentUrl\":\"https:\/\/secure.gravatar.com\/avatar\/ff306d55f6aedb51a29e838506fafaa76a30bce9f5db9aca2e28921b903aaad2?s=96&d=mm&r=g\",\"caption\":\"admin\"},\"sameAs\":[\"http:\/\/\/home\/puntref\/webapps\/web2024\"],\"url\":\"https:\/\/puntdereferencia.org\/es\/author\/admin\/\"}]}<\/script>\n<!-- \/ Yoast SEO plugin. -->","yoast_head_json":{"title":"La juventud conoce de primera mano roles profesionales gracias a empresas colaboradoras - Punt de Referencia","robots":{"index":"index","follow":"follow","max-snippet":"max-snippet:-1","max-image-preview":"max-image-preview:large","max-video-preview":"max-video-preview:-1"},"canonical":"https:\/\/puntdereferencia.org\/es\/el-jovent-datenea-sendinsa-en-rols-professionals-gracies-a-empreses-collaboradores\/","og_locale":"es_ES","og_type":"article","og_title":"La juventud conoce de primera mano roles profesionales gracias a empresas colaboradoras - Punt de Referencia","og_description":"El mes de marzo ha sido muy enriquecedor para los chicos y chicas del Proyecto Atenea ya que, a banda de entrenar sus habilidades de estudio y centrarse en su trayectoria formativa, han podido complementar sus conocimientos en relaci\u00f3n a la ocupabilidad y competencias aplicadas a los roles de trabajo gracias a la colaboraci\u00f3n de [&hellip;]","og_url":"https:\/\/puntdereferencia.org\/es\/el-jovent-datenea-sendinsa-en-rols-professionals-gracies-a-empreses-collaboradores\/","og_site_name":"Punt de Referencia","article_published_time":"2021-01-29T11:27:49+00:00","article_modified_time":"2024-07-30T12:08:28+00:00","og_image":[{"width":2560,"height":1559,"url":"https:\/\/puntdereferencia.org\/wp-content\/uploads\/2024\/07\/buu-scaled-1.jpg","type":"image\/jpeg"}],"author":"admin","twitter_card":"summary_large_image","twitter_misc":{"Escrito por":"admin","Tiempo de lectura":"3 minutos"},"schema":{"@context":"https:\/\/schema.org","@graph":[{"@type":"Article","@id":"https:\/\/puntdereferencia.org\/es\/el-jovent-datenea-sendinsa-en-rols-professionals-gracies-a-empreses-collaboradores\/#article","isPartOf":{"@id":"https:\/\/puntdereferencia.org\/es\/el-jovent-datenea-sendinsa-en-rols-professionals-gracies-a-empreses-collaboradores\/"},"author":{"name":"admin","@id":"https:\/\/puntdereferencia.org\/es\/#\/schema\/person\/c475209bcc857303ec6ed0259d3cf078"},"headline":"La juventud conoce de primera mano roles profesionales gracias a empresas colaboradoras","datePublished":"2021-01-29T11:27:49+00:00","dateModified":"2024-07-30T12:08:28+00:00","mainEntityOfPage":{"@id":"https:\/\/puntdereferencia.org\/es\/el-jovent-datenea-sendinsa-en-rols-professionals-gracies-a-empreses-collaboradores\/"},"wordCount":453,"commentCount":0,"image":{"@id":"https:\/\/puntdereferencia.org\/es\/el-jovent-datenea-sendinsa-en-rols-professionals-gracies-a-empreses-collaboradores\/#primaryimage"},"thumbnailUrl":"https:\/\/puntdereferencia.org\/wp-content\/uploads\/2024\/07\/buu-scaled-1.jpg","keywords":["col\u00b7laboraci\u00f3","ocupabilitat","professi\u00f3","restaurant"],"articleSection":["NOTICIAS"],"inLanguage":"es","potentialAction":[{"@type":"CommentAction","name":"Comment","target":["https:\/\/puntdereferencia.org\/es\/el-jovent-datenea-sendinsa-en-rols-professionals-gracies-a-empreses-collaboradores\/#respond"]}]},{"@type":"WebPage","@id":"https:\/\/puntdereferencia.org\/es\/el-jovent-datenea-sendinsa-en-rols-professionals-gracies-a-empreses-collaboradores\/","url":"https:\/\/puntdereferencia.org\/es\/el-jovent-datenea-sendinsa-en-rols-professionals-gracies-a-empreses-collaboradores\/","name":"La juventud conoce de primera mano roles profesionales gracias a empresas colaboradoras - Punt de Referencia","isPartOf":{"@id":"https:\/\/puntdereferencia.org\/es\/#website"},"primaryImageOfPage":{"@id":"https:\/\/puntdereferencia.org\/es\/el-jovent-datenea-sendinsa-en-rols-professionals-gracies-a-empreses-collaboradores\/#primaryimage"},"image":{"@id":"https:\/\/puntdereferencia.org\/es\/el-jovent-datenea-sendinsa-en-rols-professionals-gracies-a-empreses-collaboradores\/#primaryimage"},"thumbnailUrl":"https:\/\/puntdereferencia.org\/wp-content\/uploads\/2024\/07\/buu-scaled-1.jpg","datePublished":"2021-01-29T11:27:49+00:00","dateModified":"2024-07-30T12:08:28+00:00","author":{"@id":"https:\/\/puntdereferencia.org\/es\/#\/schema\/person\/c475209bcc857303ec6ed0259d3cf078"},"breadcrumb":{"@id":"https:\/\/puntdereferencia.org\/es\/el-jovent-datenea-sendinsa-en-rols-professionals-gracies-a-empreses-collaboradores\/#breadcrumb"},"inLanguage":"es","potentialAction":[{"@type":"ReadAction","target":["https:\/\/puntdereferencia.org\/es\/el-jovent-datenea-sendinsa-en-rols-professionals-gracies-a-empreses-collaboradores\/"]}]},{"@type":"ImageObject","inLanguage":"es","@id":"https:\/\/puntdereferencia.org\/es\/el-jovent-datenea-sendinsa-en-rols-professionals-gracies-a-empreses-collaboradores\/#primaryimage","url":"https:\/\/puntdereferencia.org\/wp-content\/uploads\/2024\/07\/buu-scaled-1.jpg","contentUrl":"https:\/\/puntdereferencia.org\/wp-content\/uploads\/2024\/07\/buu-scaled-1.jpg","width":2560,"height":1559},{"@type":"BreadcrumbList","@id":"https:\/\/puntdereferencia.org\/es\/el-jovent-datenea-sendinsa-en-rols-professionals-gracies-a-empreses-collaboradores\/#breadcrumb","itemListElement":[{"@type":"ListItem","position":1,"name":"Inici","item":"https:\/\/puntdereferencia.org\/es\/inicio\/"},{"@type":"ListItem","position":2,"name":"La juventud conoce de primera mano roles profesionales gracias a empresas colaboradoras"}]},{"@type":"WebSite","@id":"https:\/\/puntdereferencia.org\/es\/#website","url":"https:\/\/puntdereferencia.org\/es\/","name":"Punt de Referencia","description":"","potentialAction":[{"@type":"SearchAction","target":{"@type":"EntryPoint","urlTemplate":"https:\/\/puntdereferencia.org\/es\/?s={search_term_string}"},"query-input":{"@type":"PropertyValueSpecification","valueRequired":true,"valueName":"search_term_string"}}],"inLanguage":"es"},{"@type":"Person","@id":"https:\/\/puntdereferencia.org\/es\/#\/schema\/person\/c475209bcc857303ec6ed0259d3cf078","name":"admin","image":{"@type":"ImageObject","inLanguage":"es","@id":"https:\/\/puntdereferencia.org\/es\/#\/schema\/person\/image\/","url":"https:\/\/secure.gravatar.com\/avatar\/ff306d55f6aedb51a29e838506fafaa76a30bce9f5db9aca2e28921b903aaad2?s=96&d=mm&r=g","contentUrl":"https:\/\/secure.gravatar.com\/avatar\/ff306d55f6aedb51a29e838506fafaa76a30bce9f5db9aca2e28921b903aaad2?s=96&d=mm&r=g","caption":"admin"},"sameAs":["http:\/\/\/home\/puntref\/webapps\/web2024"],"url":"https:\/\/puntdereferencia.org\/es\/author\/admin\/"}]}},"_links":{"self":[{"href":"https:\/\/puntdereferencia.org\/es\/wp-json\/wp\/v2\/posts\/24604","targetHints":{"allow":["GET"]}}],"collection":[{"href":"https:\/\/puntdereferencia.org\/es\/wp-json\/wp\/v2\/posts"}],"about":[{"href":"https:\/\/puntdereferencia.org\/es\/wp-json\/wp\/v2\/types\/post"}],"author":[{"embeddable":true,"href":"https:\/\/puntdereferencia.org\/es\/wp-json\/wp\/v2\/users\/1"}],"replies":[{"embeddable":true,"href":"https:\/\/puntdereferencia.org\/es\/wp-json\/wp\/v2\/comments?post=24604"}],"version-history":[{"count":3,"href":"https:\/\/puntdereferencia.org\/es\/wp-json\/wp\/v2\/posts\/24604\/revisions"}],"predecessor-version":[{"id":26363,"href":"https:\/\/puntdereferencia.org\/es\/wp-json\/wp\/v2\/posts\/24604\/revisions\/26363"}],"wp:featuredmedia":[{"embeddable":true,"href":"https:\/\/puntdereferencia.org\/es\/wp-json\/wp\/v2\/media\/21983"}],"wp:attachment":[{"href":"https:\/\/puntdereferencia.org\/es\/wp-json\/wp\/v2\/media?parent=24604"}],"wp:term":[{"taxonomy":"category","embeddable":true,"href":"https:\/\/puntdereferencia.org\/es\/wp-json\/wp\/v2\/categories?post=24604"},{"taxonomy":"post_tag","embeddable":true,"href":"https:\/\/puntdereferencia.org\/es\/wp-json\/wp\/v2\/tags?post=24604"}],"curies":[{"name":"wp","href":"https:\/\/api.w.org\/{rel}","templated":true}]}}