{"id":24606,"date":"2021-03-24T15:13:31","date_gmt":"2021-03-24T15:13:31","guid":{"rendered":"https:\/\/puntdereferencia.org\/llars-el-pas-el-circuit-dhabitatge-inclusiu-que-no-deixa-ningu-enrere\/"},"modified":"2024-07-30T12:03:41","modified_gmt":"2024-07-30T12:03:41","slug":"llars-el-pas-el-circuit-dhabitatge-inclusiu-que-no-deixa-ningu-enrere","status":"publish","type":"post","link":"https:\/\/puntdereferencia.org\/es\/llars-el-pas-el-circuit-dhabitatge-inclusiu-que-no-deixa-ningu-enrere\/","title":{"rendered":"Llars El Pas: el circuito inclusivo de vivienda que no deja nadie atr\u00e1s"},"content":{"rendered":"<h5>Cada a\u00f1o, algunos de los 12 j\u00f3venes que viven en los pisos asistidos de Punt de Refer\u00e8ncia celebran los 21 a\u00f1os, la edad que marca el final de su etapa en los recursos que ofrece el \u00c1rea de Suport al Jove Tutelat i extutelat de la Generalitat de Catalunya. Una edad en la que tan solo el 23,9% de los j\u00f3venes no viven en su vivienda de origen (la edad media de emancipaci\u00f3n en Catalunya es a los 29 a\u00f1os). Es frecuente que entre los chicos y chicas alguno tenga que dejar su recurso de vivienda sin tener asimilados todos los objetivos previstos en su plan de emancipaci\u00f3n, o bien sin tener un trabajo consolidado que le permita una total autonom\u00eda.<\/h5>\n<p>Una situaci\u00f3n similar pasa en el Proyecto Acoge cuando algunos adolescentes finalizan su estada con la familia acogedora sin tener un sitio de trabajo, o sin disponer a\u00fan de permiso de residencia o de trabajo, sin un lugar donde vivir. A esta situaci\u00f3n se le debe sumar la gran dificultad que los chicos y chicas tienen por acceder al mercado ordinario de vivienda ( por razones econ\u00f3mica, pero tambi\u00e9n en algunos casos por su origen migrante).<\/p>\n<p><strong>Identificada esta situaci\u00f3n, Punt de Refer\u00e8ncia apost\u00f3 por dise\u00f1ar un nuevo proyecto, a\u00fan en fase piloto: el proyecto Llars El Pas<\/strong>. Su finalidad es ofrecer viviendas compartidas a largo plazo para facilitar la continuidad del propio proceso de autonom\u00eda en j\u00f3venes de entre 19 y 25 a\u00f1os. En este tiempo, ampl\u00edan sus recursos personales para conseguir emanciparse y hacerlo contando con v\u00ednculos de importancia con las personas con quienes conviven y con la educadora que les proporciona apoyo socioeducativo.<\/p>\n<p><img loading=\"lazy\" decoding=\"async\" class=\"alignnone wp-image-11222\" src=\"https:\/\/puntdereferencia.org\/wp-content\/uploads\/2024\/07\/LLARS-EL-PAS-2.png\" alt=\"\" width=\"743\" height=\"501\" \/><\/p>\n<p>&nbsp;<\/p>\n<h3><strong>Covivienda<\/strong><\/h3>\n<p>El nuevo proyecto de covivienda permite a los j\u00f3venes compartir piso con otros j\u00f3venes, que tambi\u00e9n se encuentran al final de su proceso de emancipaci\u00f3n. En los 3 pisos, que son propiedad de la Fundaci\u00f3 Mambr\u00e9, conviven chicos y chicas de Punt que consolidan sus h\u00e1bitos de cura del piso durante su estada de 3 a\u00f1os y gozan de un seguimiento profesional por parte de una educadora de Punt\u00a0(menos intenso que el que encuentran en los Pisos Asistidos).<\/p>\n<p>&nbsp;<\/p>\n<h3><strong>Vivienda Cooperativa<\/strong><\/h3>\n<p>Hemos apostado por acercar j\u00f3venes a un modelo de vivienda que les permite formar parte de una comunidad vecinal que se organiza en comisiones y se implica en la vida comunitaria.<\/p>\n<p><img loading=\"lazy\" decoding=\"async\" class=\" wp-image-11176 alignleft\" src=\"https:\/\/puntdereferencia.org\/wp-content\/uploads\/2024\/07\/IMG-20201116-WA0006.jpg\" alt=\"\" width=\"474\" height=\"632\" \/><\/p>\n<p>Nama y Abdelkader son los primeros que vivir\u00e1n en una vivienda cooperativa, una oportunidad que se ha conseguido gracias al convenio entre Punt de Refer\u00e8ncia y la Cooperativa Sostre C\u00edvic, que ahora\u00a0destina una de las viviendas de cada edificio cooperativo a personas en riesgo de exclusi\u00f3n. Los dos chicos han sido recibidos por la comisi\u00f3n de acogida de <a href=\"https:\/\/sostrecivic.coop\/projectes\/la-balma\/\" target=\"_blank\" rel=\"noopener\">La Balma<\/a>\u00a0(su futuro piso en el Poblenou), han participado en dos reuniones virtuales y se instalar\u00e1n el mes de junio.<\/p>\n<p>Estamos muy satisfechas por haber podido crear una nueva red relacional para los j\u00f3venes, que ya les est\u00e1 permitiendo relacionarse con personas adultas con quien interact\u00faan en el d\u00eda a d\u00eda y con quien tomar decisiones de manera conjunta para mejorar su comunidad. A la vez, habr\u00e1n tenido acceso a una vivienda m\u00e1s accesible y ajustada a sus posibilidades.<\/p>\n","protected":false},"excerpt":{"rendered":"<p>Cada a\u00f1o, algunos de los 12 j\u00f3venes que viven en los pisos asistidos de Punt de Refer\u00e8ncia celebran los 21 a\u00f1os, la edad que marca el final de su etapa en los recursos que ofrece el \u00c1rea de Suport al Jove Tutelat i extutelat de la Generalitat de Catalunya. Una edad en la que tan [&hellip;]<\/p>\n","protected":false},"author":1,"featured_media":21948,"comment_status":"open","ping_status":"open","sticky":false,"template":"","format":"standard","meta":{"footnotes":""},"categories":[913],"tags":[541,542],"class_list":["post-24606","post","type-post","status-publish","format-standard","has-post-thumbnail","hentry","category-noticias-es","tag-circuit","tag-cohabitatge"],"yoast_head":"<!-- This site is optimized with the Yoast SEO plugin v27.1.1 - https:\/\/yoast.com\/product\/yoast-seo-wordpress\/ -->\n<title>Llars El Pas: el circuito inclusivo de vivienda que no deja nadie atr\u00e1s - Punt de Referencia<\/title>\n<meta name=\"robots\" content=\"index, follow, max-snippet:-1, max-image-preview:large, max-video-preview:-1\" \/>\n<link rel=\"canonical\" href=\"https:\/\/puntdereferencia.org\/es\/llars-el-pas-el-circuit-dhabitatge-inclusiu-que-no-deixa-ningu-enrere\/\" \/>\n<meta property=\"og:locale\" content=\"es_ES\" \/>\n<meta property=\"og:type\" content=\"article\" \/>\n<meta property=\"og:title\" content=\"Llars El Pas: el circuito inclusivo de vivienda que no deja nadie atr\u00e1s - Punt de Referencia\" \/>\n<meta property=\"og:description\" content=\"Cada a\u00f1o, algunos de los 12 j\u00f3venes que viven en los pisos asistidos de Punt de Refer\u00e8ncia celebran los 21 a\u00f1os, la edad que marca el final de su etapa en los recursos que ofrece el \u00c1rea de Suport al Jove Tutelat i extutelat de la Generalitat de Catalunya. Una edad en la que tan [&hellip;]\" \/>\n<meta property=\"og:url\" content=\"https:\/\/puntdereferencia.org\/es\/llars-el-pas-el-circuit-dhabitatge-inclusiu-que-no-deixa-ningu-enrere\/\" \/>\n<meta property=\"og:site_name\" content=\"Punt de Referencia\" \/>\n<meta property=\"article:published_time\" content=\"2021-03-24T15:13:31+00:00\" \/>\n<meta property=\"article:modified_time\" content=\"2024-07-30T12:03:41+00:00\" \/>\n<meta property=\"og:image\" content=\"https:\/\/puntdereferencia.org\/wp-content\/uploads\/2024\/07\/20200821_164559-scaled-1.jpg\" \/>\n\t<meta property=\"og:image:width\" content=\"2560\" \/>\n\t<meta property=\"og:image:height\" content=\"1213\" \/>\n\t<meta property=\"og:image:type\" content=\"image\/jpeg\" \/>\n<meta name=\"author\" content=\"admin\" \/>\n<meta name=\"twitter:card\" content=\"summary_large_image\" \/>\n<meta name=\"twitter:label1\" content=\"Escrito por\" \/>\n\t<meta name=\"twitter:data1\" content=\"admin\" \/>\n\t<meta name=\"twitter:label2\" content=\"Tiempo de lectura\" \/>\n\t<meta name=\"twitter:data2\" content=\"3 minutos\" \/>\n<script type=\"application\/ld+json\" class=\"yoast-schema-graph\">{\"@context\":\"https:\/\/schema.org\",\"@graph\":[{\"@type\":\"Article\",\"@id\":\"https:\/\/puntdereferencia.org\/es\/llars-el-pas-el-circuit-dhabitatge-inclusiu-que-no-deixa-ningu-enrere\/#article\",\"isPartOf\":{\"@id\":\"https:\/\/puntdereferencia.org\/es\/llars-el-pas-el-circuit-dhabitatge-inclusiu-que-no-deixa-ningu-enrere\/\"},\"author\":{\"name\":\"admin\",\"@id\":\"https:\/\/puntdereferencia.org\/es\/#\/schema\/person\/c475209bcc857303ec6ed0259d3cf078\"},\"headline\":\"Llars El Pas: el circuito inclusivo de vivienda que no deja nadie atr\u00e1s\",\"datePublished\":\"2021-03-24T15:13:31+00:00\",\"dateModified\":\"2024-07-30T12:03:41+00:00\",\"mainEntityOfPage\":{\"@id\":\"https:\/\/puntdereferencia.org\/es\/llars-el-pas-el-circuit-dhabitatge-inclusiu-que-no-deixa-ningu-enrere\/\"},\"wordCount\":577,\"commentCount\":0,\"image\":{\"@id\":\"https:\/\/puntdereferencia.org\/es\/llars-el-pas-el-circuit-dhabitatge-inclusiu-que-no-deixa-ningu-enrere\/#primaryimage\"},\"thumbnailUrl\":\"https:\/\/puntdereferencia.org\/wp-content\/uploads\/2024\/07\/20200821_164559-scaled-1.jpg\",\"keywords\":[\"circuit\",\"cohabitatge\"],\"articleSection\":[\"NOTICIAS\"],\"inLanguage\":\"es\",\"potentialAction\":[{\"@type\":\"CommentAction\",\"name\":\"Comment\",\"target\":[\"https:\/\/puntdereferencia.org\/es\/llars-el-pas-el-circuit-dhabitatge-inclusiu-que-no-deixa-ningu-enrere\/#respond\"]}]},{\"@type\":\"WebPage\",\"@id\":\"https:\/\/puntdereferencia.org\/es\/llars-el-pas-el-circuit-dhabitatge-inclusiu-que-no-deixa-ningu-enrere\/\",\"url\":\"https:\/\/puntdereferencia.org\/es\/llars-el-pas-el-circuit-dhabitatge-inclusiu-que-no-deixa-ningu-enrere\/\",\"name\":\"Llars El Pas: el circuito inclusivo de vivienda que no deja nadie atr\u00e1s - Punt de Referencia\",\"isPartOf\":{\"@id\":\"https:\/\/puntdereferencia.org\/es\/#website\"},\"primaryImageOfPage\":{\"@id\":\"https:\/\/puntdereferencia.org\/es\/llars-el-pas-el-circuit-dhabitatge-inclusiu-que-no-deixa-ningu-enrere\/#primaryimage\"},\"image\":{\"@id\":\"https:\/\/puntdereferencia.org\/es\/llars-el-pas-el-circuit-dhabitatge-inclusiu-que-no-deixa-ningu-enrere\/#primaryimage\"},\"thumbnailUrl\":\"https:\/\/puntdereferencia.org\/wp-content\/uploads\/2024\/07\/20200821_164559-scaled-1.jpg\",\"datePublished\":\"2021-03-24T15:13:31+00:00\",\"dateModified\":\"2024-07-30T12:03:41+00:00\",\"author\":{\"@id\":\"https:\/\/puntdereferencia.org\/es\/#\/schema\/person\/c475209bcc857303ec6ed0259d3cf078\"},\"breadcrumb\":{\"@id\":\"https:\/\/puntdereferencia.org\/es\/llars-el-pas-el-circuit-dhabitatge-inclusiu-que-no-deixa-ningu-enrere\/#breadcrumb\"},\"inLanguage\":\"es\",\"potentialAction\":[{\"@type\":\"ReadAction\",\"target\":[\"https:\/\/puntdereferencia.org\/es\/llars-el-pas-el-circuit-dhabitatge-inclusiu-que-no-deixa-ningu-enrere\/\"]}]},{\"@type\":\"ImageObject\",\"inLanguage\":\"es\",\"@id\":\"https:\/\/puntdereferencia.org\/es\/llars-el-pas-el-circuit-dhabitatge-inclusiu-que-no-deixa-ningu-enrere\/#primaryimage\",\"url\":\"https:\/\/puntdereferencia.org\/wp-content\/uploads\/2024\/07\/20200821_164559-scaled-1.jpg\",\"contentUrl\":\"https:\/\/puntdereferencia.org\/wp-content\/uploads\/2024\/07\/20200821_164559-scaled-1.jpg\",\"width\":2560,\"height\":1213},{\"@type\":\"BreadcrumbList\",\"@id\":\"https:\/\/puntdereferencia.org\/es\/llars-el-pas-el-circuit-dhabitatge-inclusiu-que-no-deixa-ningu-enrere\/#breadcrumb\",\"itemListElement\":[{\"@type\":\"ListItem\",\"position\":1,\"name\":\"Inici\",\"item\":\"https:\/\/puntdereferencia.org\/es\/inicio\/\"},{\"@type\":\"ListItem\",\"position\":2,\"name\":\"Llars El Pas: el circuito inclusivo de vivienda que no deja nadie atr\u00e1s\"}]},{\"@type\":\"WebSite\",\"@id\":\"https:\/\/puntdereferencia.org\/es\/#website\",\"url\":\"https:\/\/puntdereferencia.org\/es\/\",\"name\":\"Punt de Referencia\",\"description\":\"\",\"potentialAction\":[{\"@type\":\"SearchAction\",\"target\":{\"@type\":\"EntryPoint\",\"urlTemplate\":\"https:\/\/puntdereferencia.org\/es\/?s={search_term_string}\"},\"query-input\":{\"@type\":\"PropertyValueSpecification\",\"valueRequired\":true,\"valueName\":\"search_term_string\"}}],\"inLanguage\":\"es\"},{\"@type\":\"Person\",\"@id\":\"https:\/\/puntdereferencia.org\/es\/#\/schema\/person\/c475209bcc857303ec6ed0259d3cf078\",\"name\":\"admin\",\"image\":{\"@type\":\"ImageObject\",\"inLanguage\":\"es\",\"@id\":\"https:\/\/puntdereferencia.org\/es\/#\/schema\/person\/image\/\",\"url\":\"https:\/\/secure.gravatar.com\/avatar\/ff306d55f6aedb51a29e838506fafaa76a30bce9f5db9aca2e28921b903aaad2?s=96&d=mm&r=g\",\"contentUrl\":\"https:\/\/secure.gravatar.com\/avatar\/ff306d55f6aedb51a29e838506fafaa76a30bce9f5db9aca2e28921b903aaad2?s=96&d=mm&r=g\",\"caption\":\"admin\"},\"sameAs\":[\"http:\/\/\/home\/puntref\/webapps\/web2024\"],\"url\":\"https:\/\/puntdereferencia.org\/es\/author\/admin\/\"}]}<\/script>\n<!-- \/ Yoast SEO plugin. -->","yoast_head_json":{"title":"Llars El Pas: el circuito inclusivo de vivienda que no deja nadie atr\u00e1s - Punt de Referencia","robots":{"index":"index","follow":"follow","max-snippet":"max-snippet:-1","max-image-preview":"max-image-preview:large","max-video-preview":"max-video-preview:-1"},"canonical":"https:\/\/puntdereferencia.org\/es\/llars-el-pas-el-circuit-dhabitatge-inclusiu-que-no-deixa-ningu-enrere\/","og_locale":"es_ES","og_type":"article","og_title":"Llars El Pas: el circuito inclusivo de vivienda que no deja nadie atr\u00e1s - Punt de Referencia","og_description":"Cada a\u00f1o, algunos de los 12 j\u00f3venes que viven en los pisos asistidos de Punt de Refer\u00e8ncia celebran los 21 a\u00f1os, la edad que marca el final de su etapa en los recursos que ofrece el \u00c1rea de Suport al Jove Tutelat i extutelat de la Generalitat de Catalunya. Una edad en la que tan [&hellip;]","og_url":"https:\/\/puntdereferencia.org\/es\/llars-el-pas-el-circuit-dhabitatge-inclusiu-que-no-deixa-ningu-enrere\/","og_site_name":"Punt de Referencia","article_published_time":"2021-03-24T15:13:31+00:00","article_modified_time":"2024-07-30T12:03:41+00:00","og_image":[{"width":2560,"height":1213,"url":"https:\/\/puntdereferencia.org\/wp-content\/uploads\/2024\/07\/20200821_164559-scaled-1.jpg","type":"image\/jpeg"}],"author":"admin","twitter_card":"summary_large_image","twitter_misc":{"Escrito por":"admin","Tiempo de lectura":"3 minutos"},"schema":{"@context":"https:\/\/schema.org","@graph":[{"@type":"Article","@id":"https:\/\/puntdereferencia.org\/es\/llars-el-pas-el-circuit-dhabitatge-inclusiu-que-no-deixa-ningu-enrere\/#article","isPartOf":{"@id":"https:\/\/puntdereferencia.org\/es\/llars-el-pas-el-circuit-dhabitatge-inclusiu-que-no-deixa-ningu-enrere\/"},"author":{"name":"admin","@id":"https:\/\/puntdereferencia.org\/es\/#\/schema\/person\/c475209bcc857303ec6ed0259d3cf078"},"headline":"Llars El Pas: el circuito inclusivo de vivienda que no deja nadie atr\u00e1s","datePublished":"2021-03-24T15:13:31+00:00","dateModified":"2024-07-30T12:03:41+00:00","mainEntityOfPage":{"@id":"https:\/\/puntdereferencia.org\/es\/llars-el-pas-el-circuit-dhabitatge-inclusiu-que-no-deixa-ningu-enrere\/"},"wordCount":577,"commentCount":0,"image":{"@id":"https:\/\/puntdereferencia.org\/es\/llars-el-pas-el-circuit-dhabitatge-inclusiu-que-no-deixa-ningu-enrere\/#primaryimage"},"thumbnailUrl":"https:\/\/puntdereferencia.org\/wp-content\/uploads\/2024\/07\/20200821_164559-scaled-1.jpg","keywords":["circuit","cohabitatge"],"articleSection":["NOTICIAS"],"inLanguage":"es","potentialAction":[{"@type":"CommentAction","name":"Comment","target":["https:\/\/puntdereferencia.org\/es\/llars-el-pas-el-circuit-dhabitatge-inclusiu-que-no-deixa-ningu-enrere\/#respond"]}]},{"@type":"WebPage","@id":"https:\/\/puntdereferencia.org\/es\/llars-el-pas-el-circuit-dhabitatge-inclusiu-que-no-deixa-ningu-enrere\/","url":"https:\/\/puntdereferencia.org\/es\/llars-el-pas-el-circuit-dhabitatge-inclusiu-que-no-deixa-ningu-enrere\/","name":"Llars El Pas: el circuito inclusivo de vivienda que no deja nadie atr\u00e1s - Punt de Referencia","isPartOf":{"@id":"https:\/\/puntdereferencia.org\/es\/#website"},"primaryImageOfPage":{"@id":"https:\/\/puntdereferencia.org\/es\/llars-el-pas-el-circuit-dhabitatge-inclusiu-que-no-deixa-ningu-enrere\/#primaryimage"},"image":{"@id":"https:\/\/puntdereferencia.org\/es\/llars-el-pas-el-circuit-dhabitatge-inclusiu-que-no-deixa-ningu-enrere\/#primaryimage"},"thumbnailUrl":"https:\/\/puntdereferencia.org\/wp-content\/uploads\/2024\/07\/20200821_164559-scaled-1.jpg","datePublished":"2021-03-24T15:13:31+00:00","dateModified":"2024-07-30T12:03:41+00:00","author":{"@id":"https:\/\/puntdereferencia.org\/es\/#\/schema\/person\/c475209bcc857303ec6ed0259d3cf078"},"breadcrumb":{"@id":"https:\/\/puntdereferencia.org\/es\/llars-el-pas-el-circuit-dhabitatge-inclusiu-que-no-deixa-ningu-enrere\/#breadcrumb"},"inLanguage":"es","potentialAction":[{"@type":"ReadAction","target":["https:\/\/puntdereferencia.org\/es\/llars-el-pas-el-circuit-dhabitatge-inclusiu-que-no-deixa-ningu-enrere\/"]}]},{"@type":"ImageObject","inLanguage":"es","@id":"https:\/\/puntdereferencia.org\/es\/llars-el-pas-el-circuit-dhabitatge-inclusiu-que-no-deixa-ningu-enrere\/#primaryimage","url":"https:\/\/puntdereferencia.org\/wp-content\/uploads\/2024\/07\/20200821_164559-scaled-1.jpg","contentUrl":"https:\/\/puntdereferencia.org\/wp-content\/uploads\/2024\/07\/20200821_164559-scaled-1.jpg","width":2560,"height":1213},{"@type":"BreadcrumbList","@id":"https:\/\/puntdereferencia.org\/es\/llars-el-pas-el-circuit-dhabitatge-inclusiu-que-no-deixa-ningu-enrere\/#breadcrumb","itemListElement":[{"@type":"ListItem","position":1,"name":"Inici","item":"https:\/\/puntdereferencia.org\/es\/inicio\/"},{"@type":"ListItem","position":2,"name":"Llars El Pas: el circuito inclusivo de vivienda que no deja nadie atr\u00e1s"}]},{"@type":"WebSite","@id":"https:\/\/puntdereferencia.org\/es\/#website","url":"https:\/\/puntdereferencia.org\/es\/","name":"Punt de Referencia","description":"","potentialAction":[{"@type":"SearchAction","target":{"@type":"EntryPoint","urlTemplate":"https:\/\/puntdereferencia.org\/es\/?s={search_term_string}"},"query-input":{"@type":"PropertyValueSpecification","valueRequired":true,"valueName":"search_term_string"}}],"inLanguage":"es"},{"@type":"Person","@id":"https:\/\/puntdereferencia.org\/es\/#\/schema\/person\/c475209bcc857303ec6ed0259d3cf078","name":"admin","image":{"@type":"ImageObject","inLanguage":"es","@id":"https:\/\/puntdereferencia.org\/es\/#\/schema\/person\/image\/","url":"https:\/\/secure.gravatar.com\/avatar\/ff306d55f6aedb51a29e838506fafaa76a30bce9f5db9aca2e28921b903aaad2?s=96&d=mm&r=g","contentUrl":"https:\/\/secure.gravatar.com\/avatar\/ff306d55f6aedb51a29e838506fafaa76a30bce9f5db9aca2e28921b903aaad2?s=96&d=mm&r=g","caption":"admin"},"sameAs":["http:\/\/\/home\/puntref\/webapps\/web2024"],"url":"https:\/\/puntdereferencia.org\/es\/author\/admin\/"}]}},"_links":{"self":[{"href":"https:\/\/puntdereferencia.org\/es\/wp-json\/wp\/v2\/posts\/24606","targetHints":{"allow":["GET"]}}],"collection":[{"href":"https:\/\/puntdereferencia.org\/es\/wp-json\/wp\/v2\/posts"}],"about":[{"href":"https:\/\/puntdereferencia.org\/es\/wp-json\/wp\/v2\/types\/post"}],"author":[{"embeddable":true,"href":"https:\/\/puntdereferencia.org\/es\/wp-json\/wp\/v2\/users\/1"}],"replies":[{"embeddable":true,"href":"https:\/\/puntdereferencia.org\/es\/wp-json\/wp\/v2\/comments?post=24606"}],"version-history":[{"count":4,"href":"https:\/\/puntdereferencia.org\/es\/wp-json\/wp\/v2\/posts\/24606\/revisions"}],"predecessor-version":[{"id":26356,"href":"https:\/\/puntdereferencia.org\/es\/wp-json\/wp\/v2\/posts\/24606\/revisions\/26356"}],"wp:featuredmedia":[{"embeddable":true,"href":"https:\/\/puntdereferencia.org\/es\/wp-json\/wp\/v2\/media\/21948"}],"wp:attachment":[{"href":"https:\/\/puntdereferencia.org\/es\/wp-json\/wp\/v2\/media?parent=24606"}],"wp:term":[{"taxonomy":"category","embeddable":true,"href":"https:\/\/puntdereferencia.org\/es\/wp-json\/wp\/v2\/categories?post=24606"},{"taxonomy":"post_tag","embeddable":true,"href":"https:\/\/puntdereferencia.org\/es\/wp-json\/wp\/v2\/tags?post=24606"}],"curies":[{"name":"wp","href":"https:\/\/api.w.org\/{rel}","templated":true}]}}