{"id":24612,"date":"2021-04-20T07:14:31","date_gmt":"2021-04-20T07:14:31","guid":{"rendered":"https:\/\/puntdereferencia.org\/la-formacio-ens-fa-millors-referents\/"},"modified":"2024-07-30T12:02:33","modified_gmt":"2024-07-30T12:02:33","slug":"la-formacio-ens-fa-millors-referents","status":"publish","type":"post","link":"https:\/\/puntdereferencia.org\/es\/la-formacio-ens-fa-millors-referents\/","title":{"rendered":"La formaci\u00f3n nos hace mejores referentes"},"content":{"rendered":"<p>En las \u00faltimas semanas, las personas referentes de los diferentes proyectos de mentor\u00eda han participado en formaciones relevantes para mejorar su rol de acompa\u00f1amiento a la juventud: <strong>una formaci\u00f3n en masculinidades y otra sobre el efecto Pigmali\u00f3n.<\/strong><\/p>\n<p>Estas formaciones complementarias son muy \u00fatiles para entrenar las competencias y habilidades en el acompa\u00f1amiento a j\u00f3venes y est\u00e1n muy bien valoradas por el voluntariado. Por este motivo en Punt de Refer\u00e8ncia ofrecemos estas formaciones de manera habitual, dando valor a\u00f1adido a las personas mentoras. Os\u00a0 explicamos qu\u00e9 hemos aprendido en cada una de ellas:<\/p>\n<p><img loading=\"lazy\" decoding=\"async\" class=\"alignnone wp-image-11284\" src=\"https:\/\/puntdereferencia.org\/wp-content\/uploads\/2024\/07\/WhatsApp-Image-2021-04-20-at-08.42.26.jpeg\" alt=\"\" width=\"624\" height=\"258\" \/><\/p>\n<h3><strong>Formaci\u00f3n en masculinidades<\/strong><\/h3>\n<p>24 personas mentoras asistieron al taller de masculinidades, impartido virtualmente por el <a href=\"https:\/\/ajuntament.barcelona.cat\/dones\/ca\/informacio-i-atencio\/informacio-i-atencio-als-homes\/programa-datencio-homes-sah\" target=\"_blank\" rel=\"noopener\">Programa de Atenci\u00f3n a los Hombres (SAH)<\/a>. El contenido de la formaci\u00f3n estaba adaptado a las necesidades de los chicos y chicas a quienes acompa\u00f1amos con tal que las herramientas aportadas fueran \u00fatiles para el voluntariado y para su relaci\u00f3n con los j\u00f3venes. La sesi\u00f3n se dividi\u00f3 en dos partes:<strong> en la primera\u00a0aprendimos sobre la interculturalidad<\/strong>, ya que, en la mayor\u00eda de casos, los mentorados han venido de otros pa\u00edses. El duelo migratorio que sufren al venir y el choque cultural cuando llegan, tambi\u00e9n son aspectos a tener en cuenta para aprender c\u00f3mo apoyarles.\u00a0<strong>En la segunda parte, profundizamos en el mundo de la masculinidad<\/strong>, trabajando los roles sociales, los estereotipos, la identidad, las relaciones y el deseo, y en definitiva las masculinidades y c\u00f3mo \u00e9stas pueden ser distintas seg\u00fan las perciba una cultura u otra. Cual es el rol social que se espera de un chico y chica en Marruecos? seguramente se le atribuyen cargas muy diferentes a las que tiene un chico nacido aqu\u00ed.\u00a0Conocer estas realidades permite, tanto a la persona mentora como al joven, poder establecer una relaci\u00f3n de mentor\u00eda sana y comprensiva con el otro.<\/p>\n<blockquote><p>A nivel general, mi valoraci\u00f3n del taller es muy positiva. Me pareci\u00f3 muy \u00fatil, cuanto a la informaci\u00f3n proporcionada, ya que la situaci\u00f3n de la mentor\u00eda que estoy viviendo me lleva a la necesidad de saber \u00e9stos conceptos y saberlos poner en pr\u00e1ctica con mi joven mentorado.\u00a0 Recomiendo mucho esta formaci\u00f3n a aquellas personas que, como yo, est\u00e9n en el mundo del voluntariado en mentor\u00eda social con j\u00f3venes, ya que el conocimiento aprendido durante el taller, es muy interesante y muy valioso para el d\u00eda a d\u00eda de la mentor\u00eda y la relaci\u00f3n establecida entre mentor\/a y mentorat\/da.\u00a0 \u00a0 \u00a0 \u00a0 \u00a0 \u00a0 \u00a0 \u00a0 \u00a0Anna, referente.<\/p><\/blockquote>\n<p>&nbsp;<\/p>\n<h3><strong>Formaci\u00f3n en el efecto Pigmali\u00f3n<\/strong><\/h3>\n<p>18 personas tambi\u00e9n hicieron la <a href=\"https:\/\/ajuntament.barcelona.cat\/bcnacciointercultural\/ca\/estrategia-bcn-antirumors\/cataleg-activitats-antirumors\/lefecte-pigmalio-el-poder-de-les\" target=\"_blank\" rel=\"noopener\">formaci\u00f3n sobre el efecto Pigmali\u00f3n, de la Xarxa Antirumors<\/a> del Ayuntamiento de Barcelona. <strong>La actividad explica el concepto del Efecto Pigmali\u00f3n: c\u00f3mo el hecho que las otras personas valoren en positivo nuestros actos tiene efectos directos en la percepci\u00f3n y autoestima que tenemos sobre nosotros mismos.<\/strong>\u00a0Este efecto lo recibimos y lo generamos constantemente en nuestras conciencia de sus puntos fuertes y mejore su autoestima, en un momento en que \u00e9sta puede ser la clave para tirar adelante en un entorno y sociedad que no se lo reconoce. Las\u00a0personas referentes han visto la importancia que tiene generar mensajes positivos al j\u00f3venes para repercutir positivamente sobre su autoconciencia.<\/p>\n<p><img loading=\"lazy\" decoding=\"async\" class=\"wp-image-11280 alignleft\" src=\"https:\/\/puntdereferencia.org\/wp-content\/uploads\/2024\/07\/Antirumors-2.png\" alt=\"\" width=\"354\" height=\"241\" \/><br \/>\nEsta formaci\u00f3n la hemos realizado en las recientes ediciones de los proyectos de mentor\u00eda, y vista lo bien que se han sido recibidas entre referentes, continuamos teni\u00e9ndola en cuenta en la formaci\u00f3n complementaria para voluntariado.<\/p>\n","protected":false},"excerpt":{"rendered":"<p>En las \u00faltimas semanas, las personas referentes de los diferentes proyectos de mentor\u00eda han participado en formaciones relevantes para mejorar su rol de acompa\u00f1amiento a la juventud: una formaci\u00f3n en masculinidades y otra sobre el efecto Pigmali\u00f3n. Estas formaciones complementarias son muy \u00fatiles para entrenar las competencias y habilidades en el acompa\u00f1amiento a j\u00f3venes y [&hellip;]<\/p>\n","protected":false},"author":1,"featured_media":22041,"comment_status":"open","ping_status":"open","sticky":false,"template":"","format":"standard","meta":{"footnotes":""},"categories":[913],"tags":[54,337,11,13],"class_list":["post-24612","post","type-post","status-publish","format-standard","has-post-thumbnail","hentry","category-noticias-es","tag-formacio","tag-masculinitats","tag-mentoria","tag-voluntariat"],"yoast_head":"<!-- This site is optimized with the Yoast SEO plugin v27.1.1 - https:\/\/yoast.com\/product\/yoast-seo-wordpress\/ -->\n<title>La formaci\u00f3n nos hace mejores referentes - Punt de Referencia<\/title>\n<meta name=\"robots\" content=\"index, follow, max-snippet:-1, max-image-preview:large, max-video-preview:-1\" \/>\n<link rel=\"canonical\" href=\"https:\/\/puntdereferencia.org\/es\/la-formacio-ens-fa-millors-referents\/\" \/>\n<meta property=\"og:locale\" content=\"es_ES\" \/>\n<meta property=\"og:type\" content=\"article\" \/>\n<meta property=\"og:title\" content=\"La formaci\u00f3n nos hace mejores referentes - Punt de Referencia\" \/>\n<meta property=\"og:description\" content=\"En las \u00faltimas semanas, las personas referentes de los diferentes proyectos de mentor\u00eda han participado en formaciones relevantes para mejorar su rol de acompa\u00f1amiento a la juventud: una formaci\u00f3n en masculinidades y otra sobre el efecto Pigmali\u00f3n. Estas formaciones complementarias son muy \u00fatiles para entrenar las competencias y habilidades en el acompa\u00f1amiento a j\u00f3venes y [&hellip;]\" \/>\n<meta property=\"og:url\" content=\"https:\/\/puntdereferencia.org\/es\/la-formacio-ens-fa-millors-referents\/\" \/>\n<meta property=\"og:site_name\" content=\"Punt de Referencia\" \/>\n<meta property=\"article:published_time\" content=\"2021-04-20T07:14:31+00:00\" \/>\n<meta property=\"article:modified_time\" content=\"2024-07-30T12:02:33+00:00\" \/>\n<meta property=\"og:image\" content=\"https:\/\/puntdereferencia.org\/wp-content\/uploads\/2024\/07\/W3A0193-1.jpg\" \/>\n\t<meta property=\"og:image:width\" content=\"1890\" \/>\n\t<meta property=\"og:image:height\" content=\"1134\" \/>\n\t<meta property=\"og:image:type\" content=\"image\/jpeg\" \/>\n<meta name=\"author\" content=\"admin\" \/>\n<meta name=\"twitter:card\" content=\"summary_large_image\" \/>\n<meta name=\"twitter:label1\" content=\"Escrito por\" \/>\n\t<meta name=\"twitter:data1\" content=\"admin\" \/>\n\t<meta name=\"twitter:label2\" content=\"Tiempo de lectura\" \/>\n\t<meta name=\"twitter:data2\" content=\"3 minutos\" \/>\n<script type=\"application\/ld+json\" class=\"yoast-schema-graph\">{\"@context\":\"https:\/\/schema.org\",\"@graph\":[{\"@type\":\"Article\",\"@id\":\"https:\/\/puntdereferencia.org\/es\/la-formacio-ens-fa-millors-referents\/#article\",\"isPartOf\":{\"@id\":\"https:\/\/puntdereferencia.org\/es\/la-formacio-ens-fa-millors-referents\/\"},\"author\":{\"name\":\"admin\",\"@id\":\"https:\/\/puntdereferencia.org\/es\/#\/schema\/person\/c475209bcc857303ec6ed0259d3cf078\"},\"headline\":\"La formaci\u00f3n nos hace mejores referentes\",\"datePublished\":\"2021-04-20T07:14:31+00:00\",\"dateModified\":\"2024-07-30T12:02:33+00:00\",\"mainEntityOfPage\":{\"@id\":\"https:\/\/puntdereferencia.org\/es\/la-formacio-ens-fa-millors-referents\/\"},\"wordCount\":609,\"commentCount\":617,\"image\":{\"@id\":\"https:\/\/puntdereferencia.org\/es\/la-formacio-ens-fa-millors-referents\/#primaryimage\"},\"thumbnailUrl\":\"https:\/\/puntdereferencia.org\/wp-content\/uploads\/2024\/07\/W3A0193-1.jpg\",\"keywords\":[\"formaci\u00f3\",\"masculinitats\",\"mentoria\",\"voluntariat\"],\"articleSection\":[\"NOTICIAS\"],\"inLanguage\":\"es\",\"potentialAction\":[{\"@type\":\"CommentAction\",\"name\":\"Comment\",\"target\":[\"https:\/\/puntdereferencia.org\/es\/la-formacio-ens-fa-millors-referents\/#respond\"]}]},{\"@type\":\"WebPage\",\"@id\":\"https:\/\/puntdereferencia.org\/es\/la-formacio-ens-fa-millors-referents\/\",\"url\":\"https:\/\/puntdereferencia.org\/es\/la-formacio-ens-fa-millors-referents\/\",\"name\":\"La formaci\u00f3n nos hace mejores referentes - Punt de Referencia\",\"isPartOf\":{\"@id\":\"https:\/\/puntdereferencia.org\/es\/#website\"},\"primaryImageOfPage\":{\"@id\":\"https:\/\/puntdereferencia.org\/es\/la-formacio-ens-fa-millors-referents\/#primaryimage\"},\"image\":{\"@id\":\"https:\/\/puntdereferencia.org\/es\/la-formacio-ens-fa-millors-referents\/#primaryimage\"},\"thumbnailUrl\":\"https:\/\/puntdereferencia.org\/wp-content\/uploads\/2024\/07\/W3A0193-1.jpg\",\"datePublished\":\"2021-04-20T07:14:31+00:00\",\"dateModified\":\"2024-07-30T12:02:33+00:00\",\"author\":{\"@id\":\"https:\/\/puntdereferencia.org\/es\/#\/schema\/person\/c475209bcc857303ec6ed0259d3cf078\"},\"breadcrumb\":{\"@id\":\"https:\/\/puntdereferencia.org\/es\/la-formacio-ens-fa-millors-referents\/#breadcrumb\"},\"inLanguage\":\"es\",\"potentialAction\":[{\"@type\":\"ReadAction\",\"target\":[\"https:\/\/puntdereferencia.org\/es\/la-formacio-ens-fa-millors-referents\/\"]}]},{\"@type\":\"ImageObject\",\"inLanguage\":\"es\",\"@id\":\"https:\/\/puntdereferencia.org\/es\/la-formacio-ens-fa-millors-referents\/#primaryimage\",\"url\":\"https:\/\/puntdereferencia.org\/wp-content\/uploads\/2024\/07\/W3A0193-1.jpg\",\"contentUrl\":\"https:\/\/puntdereferencia.org\/wp-content\/uploads\/2024\/07\/W3A0193-1.jpg\",\"width\":1890,\"height\":1134},{\"@type\":\"BreadcrumbList\",\"@id\":\"https:\/\/puntdereferencia.org\/es\/la-formacio-ens-fa-millors-referents\/#breadcrumb\",\"itemListElement\":[{\"@type\":\"ListItem\",\"position\":1,\"name\":\"Inici\",\"item\":\"https:\/\/puntdereferencia.org\/es\/inicio\/\"},{\"@type\":\"ListItem\",\"position\":2,\"name\":\"La formaci\u00f3n nos hace mejores referentes\"}]},{\"@type\":\"WebSite\",\"@id\":\"https:\/\/puntdereferencia.org\/es\/#website\",\"url\":\"https:\/\/puntdereferencia.org\/es\/\",\"name\":\"Punt de Referencia\",\"description\":\"\",\"potentialAction\":[{\"@type\":\"SearchAction\",\"target\":{\"@type\":\"EntryPoint\",\"urlTemplate\":\"https:\/\/puntdereferencia.org\/es\/?s={search_term_string}\"},\"query-input\":{\"@type\":\"PropertyValueSpecification\",\"valueRequired\":true,\"valueName\":\"search_term_string\"}}],\"inLanguage\":\"es\"},{\"@type\":\"Person\",\"@id\":\"https:\/\/puntdereferencia.org\/es\/#\/schema\/person\/c475209bcc857303ec6ed0259d3cf078\",\"name\":\"admin\",\"image\":{\"@type\":\"ImageObject\",\"inLanguage\":\"es\",\"@id\":\"https:\/\/puntdereferencia.org\/es\/#\/schema\/person\/image\/\",\"url\":\"https:\/\/secure.gravatar.com\/avatar\/ff306d55f6aedb51a29e838506fafaa76a30bce9f5db9aca2e28921b903aaad2?s=96&d=mm&r=g\",\"contentUrl\":\"https:\/\/secure.gravatar.com\/avatar\/ff306d55f6aedb51a29e838506fafaa76a30bce9f5db9aca2e28921b903aaad2?s=96&d=mm&r=g\",\"caption\":\"admin\"},\"sameAs\":[\"http:\/\/\/home\/puntref\/webapps\/web2024\"],\"url\":\"https:\/\/puntdereferencia.org\/es\/author\/admin\/\"}]}<\/script>\n<!-- \/ Yoast SEO plugin. -->","yoast_head_json":{"title":"La formaci\u00f3n nos hace mejores referentes - Punt de Referencia","robots":{"index":"index","follow":"follow","max-snippet":"max-snippet:-1","max-image-preview":"max-image-preview:large","max-video-preview":"max-video-preview:-1"},"canonical":"https:\/\/puntdereferencia.org\/es\/la-formacio-ens-fa-millors-referents\/","og_locale":"es_ES","og_type":"article","og_title":"La formaci\u00f3n nos hace mejores referentes - Punt de Referencia","og_description":"En las \u00faltimas semanas, las personas referentes de los diferentes proyectos de mentor\u00eda han participado en formaciones relevantes para mejorar su rol de acompa\u00f1amiento a la juventud: una formaci\u00f3n en masculinidades y otra sobre el efecto Pigmali\u00f3n. Estas formaciones complementarias son muy \u00fatiles para entrenar las competencias y habilidades en el acompa\u00f1amiento a j\u00f3venes y [&hellip;]","og_url":"https:\/\/puntdereferencia.org\/es\/la-formacio-ens-fa-millors-referents\/","og_site_name":"Punt de Referencia","article_published_time":"2021-04-20T07:14:31+00:00","article_modified_time":"2024-07-30T12:02:33+00:00","og_image":[{"width":1890,"height":1134,"url":"https:\/\/puntdereferencia.org\/wp-content\/uploads\/2024\/07\/W3A0193-1.jpg","type":"image\/jpeg"}],"author":"admin","twitter_card":"summary_large_image","twitter_misc":{"Escrito por":"admin","Tiempo de lectura":"3 minutos"},"schema":{"@context":"https:\/\/schema.org","@graph":[{"@type":"Article","@id":"https:\/\/puntdereferencia.org\/es\/la-formacio-ens-fa-millors-referents\/#article","isPartOf":{"@id":"https:\/\/puntdereferencia.org\/es\/la-formacio-ens-fa-millors-referents\/"},"author":{"name":"admin","@id":"https:\/\/puntdereferencia.org\/es\/#\/schema\/person\/c475209bcc857303ec6ed0259d3cf078"},"headline":"La formaci\u00f3n nos hace mejores referentes","datePublished":"2021-04-20T07:14:31+00:00","dateModified":"2024-07-30T12:02:33+00:00","mainEntityOfPage":{"@id":"https:\/\/puntdereferencia.org\/es\/la-formacio-ens-fa-millors-referents\/"},"wordCount":609,"commentCount":617,"image":{"@id":"https:\/\/puntdereferencia.org\/es\/la-formacio-ens-fa-millors-referents\/#primaryimage"},"thumbnailUrl":"https:\/\/puntdereferencia.org\/wp-content\/uploads\/2024\/07\/W3A0193-1.jpg","keywords":["formaci\u00f3","masculinitats","mentoria","voluntariat"],"articleSection":["NOTICIAS"],"inLanguage":"es","potentialAction":[{"@type":"CommentAction","name":"Comment","target":["https:\/\/puntdereferencia.org\/es\/la-formacio-ens-fa-millors-referents\/#respond"]}]},{"@type":"WebPage","@id":"https:\/\/puntdereferencia.org\/es\/la-formacio-ens-fa-millors-referents\/","url":"https:\/\/puntdereferencia.org\/es\/la-formacio-ens-fa-millors-referents\/","name":"La formaci\u00f3n nos hace mejores referentes - Punt de Referencia","isPartOf":{"@id":"https:\/\/puntdereferencia.org\/es\/#website"},"primaryImageOfPage":{"@id":"https:\/\/puntdereferencia.org\/es\/la-formacio-ens-fa-millors-referents\/#primaryimage"},"image":{"@id":"https:\/\/puntdereferencia.org\/es\/la-formacio-ens-fa-millors-referents\/#primaryimage"},"thumbnailUrl":"https:\/\/puntdereferencia.org\/wp-content\/uploads\/2024\/07\/W3A0193-1.jpg","datePublished":"2021-04-20T07:14:31+00:00","dateModified":"2024-07-30T12:02:33+00:00","author":{"@id":"https:\/\/puntdereferencia.org\/es\/#\/schema\/person\/c475209bcc857303ec6ed0259d3cf078"},"breadcrumb":{"@id":"https:\/\/puntdereferencia.org\/es\/la-formacio-ens-fa-millors-referents\/#breadcrumb"},"inLanguage":"es","potentialAction":[{"@type":"ReadAction","target":["https:\/\/puntdereferencia.org\/es\/la-formacio-ens-fa-millors-referents\/"]}]},{"@type":"ImageObject","inLanguage":"es","@id":"https:\/\/puntdereferencia.org\/es\/la-formacio-ens-fa-millors-referents\/#primaryimage","url":"https:\/\/puntdereferencia.org\/wp-content\/uploads\/2024\/07\/W3A0193-1.jpg","contentUrl":"https:\/\/puntdereferencia.org\/wp-content\/uploads\/2024\/07\/W3A0193-1.jpg","width":1890,"height":1134},{"@type":"BreadcrumbList","@id":"https:\/\/puntdereferencia.org\/es\/la-formacio-ens-fa-millors-referents\/#breadcrumb","itemListElement":[{"@type":"ListItem","position":1,"name":"Inici","item":"https:\/\/puntdereferencia.org\/es\/inicio\/"},{"@type":"ListItem","position":2,"name":"La formaci\u00f3n nos hace mejores referentes"}]},{"@type":"WebSite","@id":"https:\/\/puntdereferencia.org\/es\/#website","url":"https:\/\/puntdereferencia.org\/es\/","name":"Punt de Referencia","description":"","potentialAction":[{"@type":"SearchAction","target":{"@type":"EntryPoint","urlTemplate":"https:\/\/puntdereferencia.org\/es\/?s={search_term_string}"},"query-input":{"@type":"PropertyValueSpecification","valueRequired":true,"valueName":"search_term_string"}}],"inLanguage":"es"},{"@type":"Person","@id":"https:\/\/puntdereferencia.org\/es\/#\/schema\/person\/c475209bcc857303ec6ed0259d3cf078","name":"admin","image":{"@type":"ImageObject","inLanguage":"es","@id":"https:\/\/puntdereferencia.org\/es\/#\/schema\/person\/image\/","url":"https:\/\/secure.gravatar.com\/avatar\/ff306d55f6aedb51a29e838506fafaa76a30bce9f5db9aca2e28921b903aaad2?s=96&d=mm&r=g","contentUrl":"https:\/\/secure.gravatar.com\/avatar\/ff306d55f6aedb51a29e838506fafaa76a30bce9f5db9aca2e28921b903aaad2?s=96&d=mm&r=g","caption":"admin"},"sameAs":["http:\/\/\/home\/puntref\/webapps\/web2024"],"url":"https:\/\/puntdereferencia.org\/es\/author\/admin\/"}]}},"_links":{"self":[{"href":"https:\/\/puntdereferencia.org\/es\/wp-json\/wp\/v2\/posts\/24612","targetHints":{"allow":["GET"]}}],"collection":[{"href":"https:\/\/puntdereferencia.org\/es\/wp-json\/wp\/v2\/posts"}],"about":[{"href":"https:\/\/puntdereferencia.org\/es\/wp-json\/wp\/v2\/types\/post"}],"author":[{"embeddable":true,"href":"https:\/\/puntdereferencia.org\/es\/wp-json\/wp\/v2\/users\/1"}],"replies":[{"embeddable":true,"href":"https:\/\/puntdereferencia.org\/es\/wp-json\/wp\/v2\/comments?post=24612"}],"version-history":[{"count":3,"href":"https:\/\/puntdereferencia.org\/es\/wp-json\/wp\/v2\/posts\/24612\/revisions"}],"predecessor-version":[{"id":26353,"href":"https:\/\/puntdereferencia.org\/es\/wp-json\/wp\/v2\/posts\/24612\/revisions\/26353"}],"wp:featuredmedia":[{"embeddable":true,"href":"https:\/\/puntdereferencia.org\/es\/wp-json\/wp\/v2\/media\/22041"}],"wp:attachment":[{"href":"https:\/\/puntdereferencia.org\/es\/wp-json\/wp\/v2\/media?parent=24612"}],"wp:term":[{"taxonomy":"category","embeddable":true,"href":"https:\/\/puntdereferencia.org\/es\/wp-json\/wp\/v2\/categories?post=24612"},{"taxonomy":"post_tag","embeddable":true,"href":"https:\/\/puntdereferencia.org\/es\/wp-json\/wp\/v2\/tags?post=24612"}],"curies":[{"name":"wp","href":"https:\/\/api.w.org\/{rel}","templated":true}]}}