{"id":24648,"date":"2021-10-29T15:46:17","date_gmt":"2021-10-29T15:46:17","guid":{"rendered":"https:\/\/puntdereferencia.org\/mentoria-per-la-inclusio-premis-innovacio-social-2021\/"},"modified":"2024-07-30T11:52:58","modified_gmt":"2024-07-30T11:52:58","slug":"mentoria-per-la-inclusio-premis-innovacio-social-2021","status":"publish","type":"post","link":"https:\/\/puntdereferencia.org\/es\/mentoria-per-la-inclusio-premis-innovacio-social-2021\/","title":{"rendered":"Mentor\u00eda para la inclusi\u00f3n: Premios Innovaci\u00f3n Social 2021"},"content":{"rendered":"<p><img loading=\"lazy\" decoding=\"async\" class=\"wp-image-12546 alignnone\" src=\"http:\/\/puntdereferencia.org\/wp-content\/uploads\/2024\/07\/53-scaled-1.jpg\" alt=\"\" width=\"828\" height=\"551\" \/><\/p>\n<h5>Recordad que desde el \u00c1rea de Formaci\u00f3n y Consultor\u00eda impulsamos un programa para replicar nuestro modelo de mentor\u00eda social de calidad? Gracias a este trabajo hemos podido adaptar nuestra mentor\u00eda a las caracter\u00edsticas de diferentes ciudades, comarcas o pa\u00edses, i as\u00ed, acompa\u00f1ar a la emancipaci\u00f3n de m\u00e1s juventud tutelada.<\/h5>\n<p><strong>Esta transferencia de conocimiento (que todo seguido os detallamos) ha sido premiada con el Premio a la Innovaci\u00f3n Social 2021, de la Fundaci\u00f3n la Caixa<\/strong>. El reconocimiento pone en valor el gran esfuerzo de estos a\u00f1os para generar conocimiento colectivo, y tejer complicidades: para nosotras la mejor manera de transformar la sociedad. La entrega de premios va tuvo lugar el d\u00eda 20 de octubre en Madrid.<\/p>\n<h3>Mentoria per a la inclusi\u00f3<\/h3>\n<p>El 2019 la Fundaci\u00f3 La Caixa ens va atorgar els recursos econ\u00f2mics per replicar el model fent partenariat amb l\u2019<a href=\"https:\/\/quilometrezero.cat\/\" target=\"_blank\" rel=\"noopener\">Associaci\u00f3 Quil\u00f2metre Zero<\/a> de Tarragona.\u00a0<strong>Aix\u00ed \u00e9s com v\u00e0rem crear el projecte Mentoria per a la inclusi\u00f3, amb l&#8217;objectiu de donar un impuls a la mentoria social de qualitat en els programes d\u2019acompanyament al jovent tutelat i extutelat<\/strong>. Conjuntament amb Quil\u00f2metre Zero v\u00e0rem dissenyar un nou model de transfer\u00e8ncia de coneixement, centrat en la metodologia de la mentoria social. Vam adaptar el model a les singularitats territorials de Tarragona i al seu model d\u2019organitzaci\u00f3 i naixia aix\u00ed el projecte \u201cAmbTu\u201d.\u00a0Durant el proc\u00e9s, l&#8217;equip del projecte Referents hem format a l\u2019equip t\u00e8cnic de Tarragona, i hem acompanyat el disseny i posada en marxa d\u2019aquest nou projecte inspirant en el model del projecte Referents adaptat al territori del Camp de Tarragona.<\/p>\n<div class='avia-iframe-wrap'><iframe loading=\"lazy\" title=\"Mentor\u00eda para la inclusi\u00f3n | Premios Innovaci\u00f3n Social (2021)\" width=\"1500\" height=\"844\" src=\"https:\/\/www.youtube.com\/embed\/pcAcRlcvudM?feature=oembed\" frameborder=\"0\" allow=\"accelerometer; autoplay; clipboard-write; encrypted-media; gyroscope; picture-in-picture; web-share\" referrerpolicy=\"strict-origin-when-cross-origin\" allowfullscreen><\/iframe><\/div>\n<p>La Marina Claveria, directora i responsable de projectes de l\u2019Associaci\u00f3 Quil\u00f2metre Zero valora que \u201cRebre acompanyament i suport en la posada en marxa d&#8217;un projecte nou \u00e9s un avantatge que genera confian\u00e7a i seguretat a nivell professional, institucional i tamb\u00e9 en relaci\u00f3 al voluntariat. Aquests tres elements, imprescindibles per engegar el programa, compten gr\u00e0cies a aquest suport, amb una garantia afegida d&#8217;\u00e8xit gr\u00e0cies a la traject\u00f2ria de l&#8217;entitat experta\u201d.<\/p>\n<p><strong>Punt de Refer\u00e8ncia trobem important donar continu\u00eftat a aquest model de transfer\u00e8ncia de coneixement<\/strong> i tamb\u00e9 hem impulsat la creaci\u00f3 d\u2019un grup de treball estable amb t\u00e8cniques i t\u00e8cnics dels projectes de mentoria social dirigits a nois i noies tutelades i extutelades. Creiem que l\u2019intercanvi de bones pr\u00e0ctiques ens ajuda a millorar el model de mentoria de cada entitat. Per aquesta ra\u00f3 aquest grup de treball l\u2019hem volgut vincular a la Coordinadora de Mentoria Social, amb l\u2019objectiu que esdevingui un espai de trobada estable.<\/p>\n","protected":false},"excerpt":{"rendered":"<p>Recordad que desde el \u00c1rea de Formaci\u00f3n y Consultor\u00eda impulsamos un programa para replicar nuestro modelo de mentor\u00eda social de calidad? Gracias a este trabajo hemos podido adaptar nuestra mentor\u00eda a las caracter\u00edsticas de diferentes ciudades, comarcas o pa\u00edses, i as\u00ed, acompa\u00f1ar a la emancipaci\u00f3n de m\u00e1s juventud tutelada. Esta transferencia de conocimiento (que todo [&hellip;]<\/p>\n","protected":false},"author":1,"featured_media":22448,"comment_status":"open","ping_status":"open","sticky":false,"template":"","format":"standard","meta":{"footnotes":""},"categories":[913],"tags":[266,7,111,489],"class_list":["post-24648","post","type-post","status-publish","format-standard","has-post-thumbnail","hentry","category-noticias-es","tag-la-caixa","tag-premi","tag-referents","tag-tarragona"],"yoast_head":"<!-- This site is optimized with the Yoast SEO plugin v27.1.1 - https:\/\/yoast.com\/product\/yoast-seo-wordpress\/ -->\n<title>Mentor\u00eda para la inclusi\u00f3n: Premios Innovaci\u00f3n Social 2021 - Punt de Referencia<\/title>\n<meta name=\"robots\" content=\"index, follow, max-snippet:-1, max-image-preview:large, max-video-preview:-1\" \/>\n<link rel=\"canonical\" href=\"https:\/\/puntdereferencia.org\/es\/mentoria-per-la-inclusio-premis-innovacio-social-2021\/\" \/>\n<meta property=\"og:locale\" content=\"es_ES\" \/>\n<meta property=\"og:type\" content=\"article\" \/>\n<meta property=\"og:title\" content=\"Mentor\u00eda para la inclusi\u00f3n: Premios Innovaci\u00f3n Social 2021 - Punt de Referencia\" \/>\n<meta property=\"og:description\" content=\"Recordad que desde el \u00c1rea de Formaci\u00f3n y Consultor\u00eda impulsamos un programa para replicar nuestro modelo de mentor\u00eda social de calidad? Gracias a este trabajo hemos podido adaptar nuestra mentor\u00eda a las caracter\u00edsticas de diferentes ciudades, comarcas o pa\u00edses, i as\u00ed, acompa\u00f1ar a la emancipaci\u00f3n de m\u00e1s juventud tutelada. Esta transferencia de conocimiento (que todo [&hellip;]\" \/>\n<meta property=\"og:url\" content=\"https:\/\/puntdereferencia.org\/es\/mentoria-per-la-inclusio-premis-innovacio-social-2021\/\" \/>\n<meta property=\"og:site_name\" content=\"Punt de Referencia\" \/>\n<meta property=\"article:published_time\" content=\"2021-10-29T15:46:17+00:00\" \/>\n<meta property=\"article:modified_time\" content=\"2024-07-30T11:52:58+00:00\" \/>\n<meta property=\"og:image\" content=\"https:\/\/puntdereferencia.org\/wp-content\/uploads\/2024\/07\/IMG_20211026_131356-scaled-1.jpg\" \/>\n\t<meta property=\"og:image:width\" content=\"2560\" \/>\n\t<meta property=\"og:image:height\" content=\"1920\" \/>\n\t<meta property=\"og:image:type\" content=\"image\/jpeg\" \/>\n<meta name=\"author\" content=\"admin\" \/>\n<meta name=\"twitter:card\" content=\"summary_large_image\" \/>\n<meta name=\"twitter:label1\" content=\"Escrito por\" \/>\n\t<meta name=\"twitter:data1\" content=\"admin\" \/>\n\t<meta name=\"twitter:label2\" content=\"Tiempo de lectura\" \/>\n\t<meta name=\"twitter:data2\" content=\"3 minutos\" \/>\n<script type=\"application\/ld+json\" class=\"yoast-schema-graph\">{\"@context\":\"https:\/\/schema.org\",\"@graph\":[{\"@type\":\"Article\",\"@id\":\"https:\/\/puntdereferencia.org\/es\/mentoria-per-la-inclusio-premis-innovacio-social-2021\/#article\",\"isPartOf\":{\"@id\":\"https:\/\/puntdereferencia.org\/es\/mentoria-per-la-inclusio-premis-innovacio-social-2021\/\"},\"author\":{\"name\":\"admin\",\"@id\":\"https:\/\/puntdereferencia.org\/es\/#\/schema\/person\/c475209bcc857303ec6ed0259d3cf078\"},\"headline\":\"Mentor\u00eda para la inclusi\u00f3n: Premios Innovaci\u00f3n Social 2021\",\"datePublished\":\"2021-10-29T15:46:17+00:00\",\"dateModified\":\"2024-07-30T11:52:58+00:00\",\"mainEntityOfPage\":{\"@id\":\"https:\/\/puntdereferencia.org\/es\/mentoria-per-la-inclusio-premis-innovacio-social-2021\/\"},\"wordCount\":473,\"commentCount\":0,\"image\":{\"@id\":\"https:\/\/puntdereferencia.org\/es\/mentoria-per-la-inclusio-premis-innovacio-social-2021\/#primaryimage\"},\"thumbnailUrl\":\"https:\/\/puntdereferencia.org\/wp-content\/uploads\/2024\/07\/IMG_20211026_131356-scaled-1.jpg\",\"keywords\":[\"la caixa\",\"Premi\",\"referents\",\"Tarragona\"],\"articleSection\":[\"NOTICIAS\"],\"inLanguage\":\"es\",\"potentialAction\":[{\"@type\":\"CommentAction\",\"name\":\"Comment\",\"target\":[\"https:\/\/puntdereferencia.org\/es\/mentoria-per-la-inclusio-premis-innovacio-social-2021\/#respond\"]}]},{\"@type\":\"WebPage\",\"@id\":\"https:\/\/puntdereferencia.org\/es\/mentoria-per-la-inclusio-premis-innovacio-social-2021\/\",\"url\":\"https:\/\/puntdereferencia.org\/es\/mentoria-per-la-inclusio-premis-innovacio-social-2021\/\",\"name\":\"Mentor\u00eda para la inclusi\u00f3n: Premios Innovaci\u00f3n Social 2021 - Punt de Referencia\",\"isPartOf\":{\"@id\":\"https:\/\/puntdereferencia.org\/es\/#website\"},\"primaryImageOfPage\":{\"@id\":\"https:\/\/puntdereferencia.org\/es\/mentoria-per-la-inclusio-premis-innovacio-social-2021\/#primaryimage\"},\"image\":{\"@id\":\"https:\/\/puntdereferencia.org\/es\/mentoria-per-la-inclusio-premis-innovacio-social-2021\/#primaryimage\"},\"thumbnailUrl\":\"https:\/\/puntdereferencia.org\/wp-content\/uploads\/2024\/07\/IMG_20211026_131356-scaled-1.jpg\",\"datePublished\":\"2021-10-29T15:46:17+00:00\",\"dateModified\":\"2024-07-30T11:52:58+00:00\",\"author\":{\"@id\":\"https:\/\/puntdereferencia.org\/es\/#\/schema\/person\/c475209bcc857303ec6ed0259d3cf078\"},\"breadcrumb\":{\"@id\":\"https:\/\/puntdereferencia.org\/es\/mentoria-per-la-inclusio-premis-innovacio-social-2021\/#breadcrumb\"},\"inLanguage\":\"es\",\"potentialAction\":[{\"@type\":\"ReadAction\",\"target\":[\"https:\/\/puntdereferencia.org\/es\/mentoria-per-la-inclusio-premis-innovacio-social-2021\/\"]}]},{\"@type\":\"ImageObject\",\"inLanguage\":\"es\",\"@id\":\"https:\/\/puntdereferencia.org\/es\/mentoria-per-la-inclusio-premis-innovacio-social-2021\/#primaryimage\",\"url\":\"https:\/\/puntdereferencia.org\/wp-content\/uploads\/2024\/07\/IMG_20211026_131356-scaled-1.jpg\",\"contentUrl\":\"https:\/\/puntdereferencia.org\/wp-content\/uploads\/2024\/07\/IMG_20211026_131356-scaled-1.jpg\",\"width\":2560,\"height\":1920},{\"@type\":\"BreadcrumbList\",\"@id\":\"https:\/\/puntdereferencia.org\/es\/mentoria-per-la-inclusio-premis-innovacio-social-2021\/#breadcrumb\",\"itemListElement\":[{\"@type\":\"ListItem\",\"position\":1,\"name\":\"Inici\",\"item\":\"https:\/\/puntdereferencia.org\/es\/inicio\/\"},{\"@type\":\"ListItem\",\"position\":2,\"name\":\"Mentor\u00eda para la inclusi\u00f3n: Premios Innovaci\u00f3n Social 2021\"}]},{\"@type\":\"WebSite\",\"@id\":\"https:\/\/puntdereferencia.org\/es\/#website\",\"url\":\"https:\/\/puntdereferencia.org\/es\/\",\"name\":\"Punt de Referencia\",\"description\":\"\",\"potentialAction\":[{\"@type\":\"SearchAction\",\"target\":{\"@type\":\"EntryPoint\",\"urlTemplate\":\"https:\/\/puntdereferencia.org\/es\/?s={search_term_string}\"},\"query-input\":{\"@type\":\"PropertyValueSpecification\",\"valueRequired\":true,\"valueName\":\"search_term_string\"}}],\"inLanguage\":\"es\"},{\"@type\":\"Person\",\"@id\":\"https:\/\/puntdereferencia.org\/es\/#\/schema\/person\/c475209bcc857303ec6ed0259d3cf078\",\"name\":\"admin\",\"image\":{\"@type\":\"ImageObject\",\"inLanguage\":\"es\",\"@id\":\"https:\/\/puntdereferencia.org\/es\/#\/schema\/person\/image\/\",\"url\":\"https:\/\/secure.gravatar.com\/avatar\/ff306d55f6aedb51a29e838506fafaa76a30bce9f5db9aca2e28921b903aaad2?s=96&d=mm&r=g\",\"contentUrl\":\"https:\/\/secure.gravatar.com\/avatar\/ff306d55f6aedb51a29e838506fafaa76a30bce9f5db9aca2e28921b903aaad2?s=96&d=mm&r=g\",\"caption\":\"admin\"},\"sameAs\":[\"http:\/\/\/home\/puntref\/webapps\/web2024\"],\"url\":\"https:\/\/puntdereferencia.org\/es\/author\/admin\/\"}]}<\/script>\n<!-- \/ Yoast SEO plugin. -->","yoast_head_json":{"title":"Mentor\u00eda para la inclusi\u00f3n: Premios Innovaci\u00f3n Social 2021 - Punt de Referencia","robots":{"index":"index","follow":"follow","max-snippet":"max-snippet:-1","max-image-preview":"max-image-preview:large","max-video-preview":"max-video-preview:-1"},"canonical":"https:\/\/puntdereferencia.org\/es\/mentoria-per-la-inclusio-premis-innovacio-social-2021\/","og_locale":"es_ES","og_type":"article","og_title":"Mentor\u00eda para la inclusi\u00f3n: Premios Innovaci\u00f3n Social 2021 - Punt de Referencia","og_description":"Recordad que desde el \u00c1rea de Formaci\u00f3n y Consultor\u00eda impulsamos un programa para replicar nuestro modelo de mentor\u00eda social de calidad? Gracias a este trabajo hemos podido adaptar nuestra mentor\u00eda a las caracter\u00edsticas de diferentes ciudades, comarcas o pa\u00edses, i as\u00ed, acompa\u00f1ar a la emancipaci\u00f3n de m\u00e1s juventud tutelada. Esta transferencia de conocimiento (que todo [&hellip;]","og_url":"https:\/\/puntdereferencia.org\/es\/mentoria-per-la-inclusio-premis-innovacio-social-2021\/","og_site_name":"Punt de Referencia","article_published_time":"2021-10-29T15:46:17+00:00","article_modified_time":"2024-07-30T11:52:58+00:00","og_image":[{"width":2560,"height":1920,"url":"https:\/\/puntdereferencia.org\/wp-content\/uploads\/2024\/07\/IMG_20211026_131356-scaled-1.jpg","type":"image\/jpeg"}],"author":"admin","twitter_card":"summary_large_image","twitter_misc":{"Escrito por":"admin","Tiempo de lectura":"3 minutos"},"schema":{"@context":"https:\/\/schema.org","@graph":[{"@type":"Article","@id":"https:\/\/puntdereferencia.org\/es\/mentoria-per-la-inclusio-premis-innovacio-social-2021\/#article","isPartOf":{"@id":"https:\/\/puntdereferencia.org\/es\/mentoria-per-la-inclusio-premis-innovacio-social-2021\/"},"author":{"name":"admin","@id":"https:\/\/puntdereferencia.org\/es\/#\/schema\/person\/c475209bcc857303ec6ed0259d3cf078"},"headline":"Mentor\u00eda para la inclusi\u00f3n: Premios Innovaci\u00f3n Social 2021","datePublished":"2021-10-29T15:46:17+00:00","dateModified":"2024-07-30T11:52:58+00:00","mainEntityOfPage":{"@id":"https:\/\/puntdereferencia.org\/es\/mentoria-per-la-inclusio-premis-innovacio-social-2021\/"},"wordCount":473,"commentCount":0,"image":{"@id":"https:\/\/puntdereferencia.org\/es\/mentoria-per-la-inclusio-premis-innovacio-social-2021\/#primaryimage"},"thumbnailUrl":"https:\/\/puntdereferencia.org\/wp-content\/uploads\/2024\/07\/IMG_20211026_131356-scaled-1.jpg","keywords":["la caixa","Premi","referents","Tarragona"],"articleSection":["NOTICIAS"],"inLanguage":"es","potentialAction":[{"@type":"CommentAction","name":"Comment","target":["https:\/\/puntdereferencia.org\/es\/mentoria-per-la-inclusio-premis-innovacio-social-2021\/#respond"]}]},{"@type":"WebPage","@id":"https:\/\/puntdereferencia.org\/es\/mentoria-per-la-inclusio-premis-innovacio-social-2021\/","url":"https:\/\/puntdereferencia.org\/es\/mentoria-per-la-inclusio-premis-innovacio-social-2021\/","name":"Mentor\u00eda para la inclusi\u00f3n: Premios Innovaci\u00f3n Social 2021 - Punt de Referencia","isPartOf":{"@id":"https:\/\/puntdereferencia.org\/es\/#website"},"primaryImageOfPage":{"@id":"https:\/\/puntdereferencia.org\/es\/mentoria-per-la-inclusio-premis-innovacio-social-2021\/#primaryimage"},"image":{"@id":"https:\/\/puntdereferencia.org\/es\/mentoria-per-la-inclusio-premis-innovacio-social-2021\/#primaryimage"},"thumbnailUrl":"https:\/\/puntdereferencia.org\/wp-content\/uploads\/2024\/07\/IMG_20211026_131356-scaled-1.jpg","datePublished":"2021-10-29T15:46:17+00:00","dateModified":"2024-07-30T11:52:58+00:00","author":{"@id":"https:\/\/puntdereferencia.org\/es\/#\/schema\/person\/c475209bcc857303ec6ed0259d3cf078"},"breadcrumb":{"@id":"https:\/\/puntdereferencia.org\/es\/mentoria-per-la-inclusio-premis-innovacio-social-2021\/#breadcrumb"},"inLanguage":"es","potentialAction":[{"@type":"ReadAction","target":["https:\/\/puntdereferencia.org\/es\/mentoria-per-la-inclusio-premis-innovacio-social-2021\/"]}]},{"@type":"ImageObject","inLanguage":"es","@id":"https:\/\/puntdereferencia.org\/es\/mentoria-per-la-inclusio-premis-innovacio-social-2021\/#primaryimage","url":"https:\/\/puntdereferencia.org\/wp-content\/uploads\/2024\/07\/IMG_20211026_131356-scaled-1.jpg","contentUrl":"https:\/\/puntdereferencia.org\/wp-content\/uploads\/2024\/07\/IMG_20211026_131356-scaled-1.jpg","width":2560,"height":1920},{"@type":"BreadcrumbList","@id":"https:\/\/puntdereferencia.org\/es\/mentoria-per-la-inclusio-premis-innovacio-social-2021\/#breadcrumb","itemListElement":[{"@type":"ListItem","position":1,"name":"Inici","item":"https:\/\/puntdereferencia.org\/es\/inicio\/"},{"@type":"ListItem","position":2,"name":"Mentor\u00eda para la inclusi\u00f3n: Premios Innovaci\u00f3n Social 2021"}]},{"@type":"WebSite","@id":"https:\/\/puntdereferencia.org\/es\/#website","url":"https:\/\/puntdereferencia.org\/es\/","name":"Punt de Referencia","description":"","potentialAction":[{"@type":"SearchAction","target":{"@type":"EntryPoint","urlTemplate":"https:\/\/puntdereferencia.org\/es\/?s={search_term_string}"},"query-input":{"@type":"PropertyValueSpecification","valueRequired":true,"valueName":"search_term_string"}}],"inLanguage":"es"},{"@type":"Person","@id":"https:\/\/puntdereferencia.org\/es\/#\/schema\/person\/c475209bcc857303ec6ed0259d3cf078","name":"admin","image":{"@type":"ImageObject","inLanguage":"es","@id":"https:\/\/puntdereferencia.org\/es\/#\/schema\/person\/image\/","url":"https:\/\/secure.gravatar.com\/avatar\/ff306d55f6aedb51a29e838506fafaa76a30bce9f5db9aca2e28921b903aaad2?s=96&d=mm&r=g","contentUrl":"https:\/\/secure.gravatar.com\/avatar\/ff306d55f6aedb51a29e838506fafaa76a30bce9f5db9aca2e28921b903aaad2?s=96&d=mm&r=g","caption":"admin"},"sameAs":["http:\/\/\/home\/puntref\/webapps\/web2024"],"url":"https:\/\/puntdereferencia.org\/es\/author\/admin\/"}]}},"_links":{"self":[{"href":"https:\/\/puntdereferencia.org\/es\/wp-json\/wp\/v2\/posts\/24648","targetHints":{"allow":["GET"]}}],"collection":[{"href":"https:\/\/puntdereferencia.org\/es\/wp-json\/wp\/v2\/posts"}],"about":[{"href":"https:\/\/puntdereferencia.org\/es\/wp-json\/wp\/v2\/types\/post"}],"author":[{"embeddable":true,"href":"https:\/\/puntdereferencia.org\/es\/wp-json\/wp\/v2\/users\/1"}],"replies":[{"embeddable":true,"href":"https:\/\/puntdereferencia.org\/es\/wp-json\/wp\/v2\/comments?post=24648"}],"version-history":[{"count":4,"href":"https:\/\/puntdereferencia.org\/es\/wp-json\/wp\/v2\/posts\/24648\/revisions"}],"predecessor-version":[{"id":26330,"href":"https:\/\/puntdereferencia.org\/es\/wp-json\/wp\/v2\/posts\/24648\/revisions\/26330"}],"wp:featuredmedia":[{"embeddable":true,"href":"https:\/\/puntdereferencia.org\/es\/wp-json\/wp\/v2\/media\/22448"}],"wp:attachment":[{"href":"https:\/\/puntdereferencia.org\/es\/wp-json\/wp\/v2\/media?parent=24648"}],"wp:term":[{"taxonomy":"category","embeddable":true,"href":"https:\/\/puntdereferencia.org\/es\/wp-json\/wp\/v2\/categories?post=24648"},{"taxonomy":"post_tag","embeddable":true,"href":"https:\/\/puntdereferencia.org\/es\/wp-json\/wp\/v2\/tags?post=24648"}],"curies":[{"name":"wp","href":"https:\/\/api.w.org\/{rel}","templated":true}]}}