{"id":24675,"date":"2022-03-25T11:28:50","date_gmt":"2022-03-25T11:28:50","guid":{"rendered":"https:\/\/puntdereferencia.org\/consolidem-el-circuit-de-pisos-per-assolir-la-plena-emancipacio\/"},"modified":"2024-07-28T11:19:41","modified_gmt":"2024-07-28T11:19:41","slug":"consolidem-el-circuit-de-pisos-per-assolir-la-plena-emancipacio","status":"publish","type":"post","link":"https:\/\/puntdereferencia.org\/es\/consolidem-el-circuit-de-pisos-per-assolir-la-plena-emancipacio\/","title":{"rendered":"Consolidamos el dise\u00f1o del proyecto de vivienda Llars El Pas"},"content":{"rendered":"<p><strong><a href=\"https:\/\/www.puntdereferencia.org\/es\/llars-el-pas-el-circuit-dhabitatge-inclusiu-que-no-deixa-ningu-enrere\/\" target=\"_blank\" rel=\"noopener\">Justo hace un a\u00f1o os present\u00e1bamos el proyecto Llars el Pas<\/a>. Naci\u00f3 con el objetivo de ofrecer una vivienda estable desde donde los j\u00f3venes puedan avanzar en su proyecto de futuro hasta llegar en el momento de emprender la plena emancipaci\u00f3n. En estos pisos, los chicos y chicas queden estar un largo tiempo y cuentan con apoyo socio-educativo.\u00a0\u00a0<\/strong><\/p>\n<p>As\u00ed pues, en los pisos conviven j\u00f3venes que, gracias a los aprendizajes del d\u00eda a d\u00eda y al Plan de Trabajo para la emancipaci\u00f3n, adquieren conocimientos para tener cura de la vivienda y de ellos mismos. Los chicos y chicas que conviven en los pisos de Llars el Pas, reciben el apoyo del educador del proyecto, David.<\/p>\n<p><strong><br \/>\nEste a\u00f1o hemos consolidado el dise\u00f1o del proyecto hasta ofrecer actualmente 4 pisos a chicos y chicas que han hecho un buen proceso previo en otros proyectos de vivienda de Punt de Refer\u00e8ncia: el proyecto Pisos Asistidos y el Proyecte Acull.\u00a0<\/strong><\/p>\n<p>La Fundaci\u00f3n Mambr\u00e9, est\u00e1 vinculada a Llars el Pas desde su proyecto de co-vivienda, facilitando as\u00ed un alquiler social a la juventud con ingresos propios. Este proyecto no ser\u00eda posible sin los dem\u00e1s aliados estrat\u00e9gicos: Fundaci\u00f3 La Caixa, Ajuntament de Barcelona y Generalitat de Catalunya.<\/p>\n<p>&nbsp;<\/p>\n<p>Os damos a conocer las 4 viviendas que forman parte del proyecto a d\u00eda de hoy en Barcelona, Badalona y Santa Coloma de Gramenet:<\/p>\n<p><strong>Vivienda en la Guineueta, Barcelona<\/strong><\/p>\n<p><strong><img loading=\"lazy\" decoding=\"async\" class=\"wp-image-13502 alignleft\" src=\"http:\/\/puntdereferencia.org\/wp-content\/uploads\/2024\/07\/WhatsApp-Image-2022-03-14-at-12.08.59.jpeg\" alt=\"\" width=\"401\" height=\"225\" \/><\/strong>Entraron a vivir tres j\u00f3venes el verano del 2020. De todos los pisos del proyecto, este es el que acoge chicos y chicas a quienes les falta camino hasta la plena autonom\u00eda, ya sea porque las trabas por conseguir la documentaci\u00f3n personal han frenado su proceso o por falta de tiempo para adquirir los h\u00e1bitos necesarios para la emancipaci\u00f3n.<\/p>\n<p>&nbsp;<\/p>\n<p>&nbsp;<\/p>\n<p>&nbsp;<\/p>\n<p>&nbsp;<\/p>\n<p><strong>Vivienda en La Salut, Badalona<\/strong><\/p>\n<p><img loading=\"lazy\" decoding=\"async\" class=\"wp-image-13492 alignleft\" src=\"http:\/\/puntdereferencia.org\/wp-content\/uploads\/2024\/07\/WhatsApp-Image-2022-03-28-at-10.39.10-1-1.jpeg\" alt=\"\" width=\"405\" height=\"271\" \/>Es el piso que hemos abierto recientemente donde viven tres j\u00f3venes. Este estreno lleg\u00f3 a cambio de dejar el piso de la calle Pavi\u00e0 de Barcelona, ya que en este conviv\u00edan tambi\u00e9n j\u00f3venes de otras entidades y resultaba complicado establecer una din\u00e1mica de piso adecuada para trabajar la autonom\u00eda.<\/p>\n<h6><\/h6>\n<h6><strong>Houssaine, David e Ismail comen aprovechando el buen tiempo desde su terraza.<\/strong><\/h6>\n<p>&nbsp;<\/p>\n<p>&nbsp;<\/p>\n<p>&nbsp;<\/p>\n<p>&nbsp;<\/p>\n<p>&nbsp;<\/p>\n<p><strong>Viviendas en Can Peixauet, Santa Coloma.\u00a0<\/strong><\/p>\n<p>Hace poco m\u00e1s de un a\u00f1o que abrimos uno de los dos pisos de Can Peixauet, que tiene capacidad para dos j\u00f3venes. El otro, es la nueva incorporaci\u00f3n a la cartera de pisos de Llars El Pas. Este mes de abril se instalan los tres chicos que convivir\u00e1n. La apertura de este piso se ha cambiado por el cierre del piso de Hospitalet, ofreciendo ahora mejores condiciones y m\u00e1s buenas instalaciones para la juventud.<\/p>\n<h5><img loading=\"lazy\" decoding=\"async\" class=\"wp-image-13471 alignleft\" src=\"http:\/\/puntdereferencia.org\/wp-content\/uploads\/2024\/07\/WhatsApp-Image-2022-03-21-at-11.33.30-1-1.jpeg\" alt=\"\" width=\"395\" height=\"256\" \/><\/h5>\n<h5><\/h5>\n<h5><\/h5>\n<h5><\/h5>\n<h5><\/h5>\n<h5><\/h5>\n<h5><\/h5>\n<h5><\/h5>\n<h5><img loading=\"lazy\" decoding=\"async\" class=\"wp-image-13464 alignleft\" src=\"http:\/\/puntdereferencia.org\/wp-content\/uploads\/2024\/07\/DSC_0189-1-scaled.jpg\" alt=\"\" width=\"396\" height=\"263\" \/><\/h5>\n<h6><\/h6>\n<h6><strong>Daoud firma el contrato con la Fundaci\u00f3 Mambr\u00e9, ya es oficial que vivir\u00e1 en Santa Coloma.<\/strong><\/h6>\n<h6><\/h6>\n<p>&nbsp;<\/p>\n<h6><strong>Youness y Moha se sortean la habitaciones donde dormiran. David graba el sorteo para que Daoud pueda seguirlo.<\/strong><\/h6>\n<p>&nbsp;<\/p>\n<p><strong>\u00a0<\/strong><\/p>\n","protected":false},"excerpt":{"rendered":"<p>Justo hace un a\u00f1o os present\u00e1bamos el proyecto Llars el Pas. Naci\u00f3 con el objetivo de ofrecer una vivienda estable desde donde los j\u00f3venes puedan avanzar en su proyecto de futuro hasta llegar en el momento de emprender la plena emancipaci\u00f3n. En estos pisos, los chicos y chicas queden estar un largo tiempo y cuentan [&hellip;]<\/p>\n","protected":false},"author":1,"featured_media":22805,"comment_status":"open","ping_status":"open","sticky":false,"template":"","format":"standard","meta":{"footnotes":""},"categories":[913],"tags":[39,40,42,544,267],"class_list":["post-24675","post","type-post","status-publish","format-standard","has-post-thumbnail","hentry","category-noticias-es","tag-emancipacio","tag-extutelat","tag-habitatge","tag-llars-el-pas","tag-mambre"],"yoast_head":"<!-- This site is optimized with the Yoast SEO plugin v27.1.1 - https:\/\/yoast.com\/product\/yoast-seo-wordpress\/ -->\n<title>Consolidamos el dise\u00f1o del proyecto de vivienda Llars El Pas - Punt de Referencia<\/title>\n<meta name=\"robots\" content=\"index, follow, max-snippet:-1, max-image-preview:large, max-video-preview:-1\" \/>\n<link rel=\"canonical\" href=\"https:\/\/puntdereferencia.org\/es\/consolidem-el-circuit-de-pisos-per-assolir-la-plena-emancipacio\/\" \/>\n<meta property=\"og:locale\" content=\"es_ES\" \/>\n<meta property=\"og:type\" content=\"article\" \/>\n<meta property=\"og:title\" content=\"Consolidamos el dise\u00f1o del proyecto de vivienda Llars El Pas - Punt de Referencia\" \/>\n<meta property=\"og:description\" content=\"Justo hace un a\u00f1o os present\u00e1bamos el proyecto Llars el Pas. Naci\u00f3 con el objetivo de ofrecer una vivienda estable desde donde los j\u00f3venes puedan avanzar en su proyecto de futuro hasta llegar en el momento de emprender la plena emancipaci\u00f3n. En estos pisos, los chicos y chicas queden estar un largo tiempo y cuentan [&hellip;]\" \/>\n<meta property=\"og:url\" content=\"https:\/\/puntdereferencia.org\/es\/consolidem-el-circuit-de-pisos-per-assolir-la-plena-emancipacio\/\" \/>\n<meta property=\"og:site_name\" content=\"Punt de Referencia\" \/>\n<meta property=\"article:published_time\" content=\"2022-03-25T11:28:50+00:00\" \/>\n<meta property=\"article:modified_time\" content=\"2024-07-28T11:19:41+00:00\" \/>\n<meta property=\"og:image\" content=\"https:\/\/puntdereferencia.org\/wp-content\/uploads\/2024\/07\/WhatsApp-Image-2022-03-28-at-10.39.10-1-770x562_c-1.jpeg\" \/>\n\t<meta property=\"og:image:width\" content=\"770\" \/>\n\t<meta property=\"og:image:height\" content=\"562\" \/>\n\t<meta property=\"og:image:type\" content=\"image\/jpeg\" \/>\n<meta name=\"author\" content=\"admin\" \/>\n<meta name=\"twitter:card\" content=\"summary_large_image\" \/>\n<meta name=\"twitter:label1\" content=\"Escrito por\" \/>\n\t<meta name=\"twitter:data1\" content=\"admin\" \/>\n\t<meta name=\"twitter:label2\" content=\"Tiempo de lectura\" \/>\n\t<meta name=\"twitter:data2\" content=\"4 minutos\" \/>\n<script type=\"application\/ld+json\" class=\"yoast-schema-graph\">{\"@context\":\"https:\/\/schema.org\",\"@graph\":[{\"@type\":\"Article\",\"@id\":\"https:\/\/puntdereferencia.org\/es\/consolidem-el-circuit-de-pisos-per-assolir-la-plena-emancipacio\/#article\",\"isPartOf\":{\"@id\":\"https:\/\/puntdereferencia.org\/es\/consolidem-el-circuit-de-pisos-per-assolir-la-plena-emancipacio\/\"},\"author\":{\"name\":\"admin\",\"@id\":\"https:\/\/puntdereferencia.org\/es\/#\/schema\/person\/c475209bcc857303ec6ed0259d3cf078\"},\"headline\":\"Consolidamos el dise\u00f1o del proyecto de vivienda Llars El Pas\",\"datePublished\":\"2022-03-25T11:28:50+00:00\",\"dateModified\":\"2024-07-28T11:19:41+00:00\",\"mainEntityOfPage\":{\"@id\":\"https:\/\/puntdereferencia.org\/es\/consolidem-el-circuit-de-pisos-per-assolir-la-plena-emancipacio\/\"},\"wordCount\":522,\"commentCount\":723,\"image\":{\"@id\":\"https:\/\/puntdereferencia.org\/es\/consolidem-el-circuit-de-pisos-per-assolir-la-plena-emancipacio\/#primaryimage\"},\"thumbnailUrl\":\"https:\/\/puntdereferencia.org\/wp-content\/uploads\/2024\/07\/WhatsApp-Image-2022-03-28-at-10.39.10-1-770x562_c-1.jpeg\",\"keywords\":[\"emancipaci\u00f3\",\"extutelat\",\"habitatge\",\"llars El Pas\",\"mambr\u00e9\"],\"articleSection\":[\"NOTICIAS\"],\"inLanguage\":\"es\",\"potentialAction\":[{\"@type\":\"CommentAction\",\"name\":\"Comment\",\"target\":[\"https:\/\/puntdereferencia.org\/es\/consolidem-el-circuit-de-pisos-per-assolir-la-plena-emancipacio\/#respond\"]}]},{\"@type\":\"WebPage\",\"@id\":\"https:\/\/puntdereferencia.org\/es\/consolidem-el-circuit-de-pisos-per-assolir-la-plena-emancipacio\/\",\"url\":\"https:\/\/puntdereferencia.org\/es\/consolidem-el-circuit-de-pisos-per-assolir-la-plena-emancipacio\/\",\"name\":\"Consolidamos el dise\u00f1o del proyecto de vivienda Llars El Pas - Punt de Referencia\",\"isPartOf\":{\"@id\":\"https:\/\/puntdereferencia.org\/es\/#website\"},\"primaryImageOfPage\":{\"@id\":\"https:\/\/puntdereferencia.org\/es\/consolidem-el-circuit-de-pisos-per-assolir-la-plena-emancipacio\/#primaryimage\"},\"image\":{\"@id\":\"https:\/\/puntdereferencia.org\/es\/consolidem-el-circuit-de-pisos-per-assolir-la-plena-emancipacio\/#primaryimage\"},\"thumbnailUrl\":\"https:\/\/puntdereferencia.org\/wp-content\/uploads\/2024\/07\/WhatsApp-Image-2022-03-28-at-10.39.10-1-770x562_c-1.jpeg\",\"datePublished\":\"2022-03-25T11:28:50+00:00\",\"dateModified\":\"2024-07-28T11:19:41+00:00\",\"author\":{\"@id\":\"https:\/\/puntdereferencia.org\/es\/#\/schema\/person\/c475209bcc857303ec6ed0259d3cf078\"},\"breadcrumb\":{\"@id\":\"https:\/\/puntdereferencia.org\/es\/consolidem-el-circuit-de-pisos-per-assolir-la-plena-emancipacio\/#breadcrumb\"},\"inLanguage\":\"es\",\"potentialAction\":[{\"@type\":\"ReadAction\",\"target\":[\"https:\/\/puntdereferencia.org\/es\/consolidem-el-circuit-de-pisos-per-assolir-la-plena-emancipacio\/\"]}]},{\"@type\":\"ImageObject\",\"inLanguage\":\"es\",\"@id\":\"https:\/\/puntdereferencia.org\/es\/consolidem-el-circuit-de-pisos-per-assolir-la-plena-emancipacio\/#primaryimage\",\"url\":\"https:\/\/puntdereferencia.org\/wp-content\/uploads\/2024\/07\/WhatsApp-Image-2022-03-28-at-10.39.10-1-770x562_c-1.jpeg\",\"contentUrl\":\"https:\/\/puntdereferencia.org\/wp-content\/uploads\/2024\/07\/WhatsApp-Image-2022-03-28-at-10.39.10-1-770x562_c-1.jpeg\",\"width\":770,\"height\":562},{\"@type\":\"BreadcrumbList\",\"@id\":\"https:\/\/puntdereferencia.org\/es\/consolidem-el-circuit-de-pisos-per-assolir-la-plena-emancipacio\/#breadcrumb\",\"itemListElement\":[{\"@type\":\"ListItem\",\"position\":1,\"name\":\"Inici\",\"item\":\"https:\/\/puntdereferencia.org\/es\/inicio\/\"},{\"@type\":\"ListItem\",\"position\":2,\"name\":\"Consolidamos el dise\u00f1o del proyecto de vivienda Llars El Pas\"}]},{\"@type\":\"WebSite\",\"@id\":\"https:\/\/puntdereferencia.org\/es\/#website\",\"url\":\"https:\/\/puntdereferencia.org\/es\/\",\"name\":\"Punt de Referencia\",\"description\":\"\",\"potentialAction\":[{\"@type\":\"SearchAction\",\"target\":{\"@type\":\"EntryPoint\",\"urlTemplate\":\"https:\/\/puntdereferencia.org\/es\/?s={search_term_string}\"},\"query-input\":{\"@type\":\"PropertyValueSpecification\",\"valueRequired\":true,\"valueName\":\"search_term_string\"}}],\"inLanguage\":\"es\"},{\"@type\":\"Person\",\"@id\":\"https:\/\/puntdereferencia.org\/es\/#\/schema\/person\/c475209bcc857303ec6ed0259d3cf078\",\"name\":\"admin\",\"image\":{\"@type\":\"ImageObject\",\"inLanguage\":\"es\",\"@id\":\"https:\/\/puntdereferencia.org\/es\/#\/schema\/person\/image\/\",\"url\":\"https:\/\/secure.gravatar.com\/avatar\/ff306d55f6aedb51a29e838506fafaa76a30bce9f5db9aca2e28921b903aaad2?s=96&d=mm&r=g\",\"contentUrl\":\"https:\/\/secure.gravatar.com\/avatar\/ff306d55f6aedb51a29e838506fafaa76a30bce9f5db9aca2e28921b903aaad2?s=96&d=mm&r=g\",\"caption\":\"admin\"},\"sameAs\":[\"http:\/\/\/home\/puntref\/webapps\/web2024\"],\"url\":\"https:\/\/puntdereferencia.org\/es\/author\/admin\/\"}]}<\/script>\n<!-- \/ Yoast SEO plugin. -->","yoast_head_json":{"title":"Consolidamos el dise\u00f1o del proyecto de vivienda Llars El Pas - Punt de Referencia","robots":{"index":"index","follow":"follow","max-snippet":"max-snippet:-1","max-image-preview":"max-image-preview:large","max-video-preview":"max-video-preview:-1"},"canonical":"https:\/\/puntdereferencia.org\/es\/consolidem-el-circuit-de-pisos-per-assolir-la-plena-emancipacio\/","og_locale":"es_ES","og_type":"article","og_title":"Consolidamos el dise\u00f1o del proyecto de vivienda Llars El Pas - Punt de Referencia","og_description":"Justo hace un a\u00f1o os present\u00e1bamos el proyecto Llars el Pas. Naci\u00f3 con el objetivo de ofrecer una vivienda estable desde donde los j\u00f3venes puedan avanzar en su proyecto de futuro hasta llegar en el momento de emprender la plena emancipaci\u00f3n. En estos pisos, los chicos y chicas queden estar un largo tiempo y cuentan [&hellip;]","og_url":"https:\/\/puntdereferencia.org\/es\/consolidem-el-circuit-de-pisos-per-assolir-la-plena-emancipacio\/","og_site_name":"Punt de Referencia","article_published_time":"2022-03-25T11:28:50+00:00","article_modified_time":"2024-07-28T11:19:41+00:00","og_image":[{"width":770,"height":562,"url":"https:\/\/puntdereferencia.org\/wp-content\/uploads\/2024\/07\/WhatsApp-Image-2022-03-28-at-10.39.10-1-770x562_c-1.jpeg","type":"image\/jpeg"}],"author":"admin","twitter_card":"summary_large_image","twitter_misc":{"Escrito por":"admin","Tiempo de lectura":"4 minutos"},"schema":{"@context":"https:\/\/schema.org","@graph":[{"@type":"Article","@id":"https:\/\/puntdereferencia.org\/es\/consolidem-el-circuit-de-pisos-per-assolir-la-plena-emancipacio\/#article","isPartOf":{"@id":"https:\/\/puntdereferencia.org\/es\/consolidem-el-circuit-de-pisos-per-assolir-la-plena-emancipacio\/"},"author":{"name":"admin","@id":"https:\/\/puntdereferencia.org\/es\/#\/schema\/person\/c475209bcc857303ec6ed0259d3cf078"},"headline":"Consolidamos el dise\u00f1o del proyecto de vivienda Llars El Pas","datePublished":"2022-03-25T11:28:50+00:00","dateModified":"2024-07-28T11:19:41+00:00","mainEntityOfPage":{"@id":"https:\/\/puntdereferencia.org\/es\/consolidem-el-circuit-de-pisos-per-assolir-la-plena-emancipacio\/"},"wordCount":522,"commentCount":723,"image":{"@id":"https:\/\/puntdereferencia.org\/es\/consolidem-el-circuit-de-pisos-per-assolir-la-plena-emancipacio\/#primaryimage"},"thumbnailUrl":"https:\/\/puntdereferencia.org\/wp-content\/uploads\/2024\/07\/WhatsApp-Image-2022-03-28-at-10.39.10-1-770x562_c-1.jpeg","keywords":["emancipaci\u00f3","extutelat","habitatge","llars El Pas","mambr\u00e9"],"articleSection":["NOTICIAS"],"inLanguage":"es","potentialAction":[{"@type":"CommentAction","name":"Comment","target":["https:\/\/puntdereferencia.org\/es\/consolidem-el-circuit-de-pisos-per-assolir-la-plena-emancipacio\/#respond"]}]},{"@type":"WebPage","@id":"https:\/\/puntdereferencia.org\/es\/consolidem-el-circuit-de-pisos-per-assolir-la-plena-emancipacio\/","url":"https:\/\/puntdereferencia.org\/es\/consolidem-el-circuit-de-pisos-per-assolir-la-plena-emancipacio\/","name":"Consolidamos el dise\u00f1o del proyecto de vivienda Llars El Pas - Punt de Referencia","isPartOf":{"@id":"https:\/\/puntdereferencia.org\/es\/#website"},"primaryImageOfPage":{"@id":"https:\/\/puntdereferencia.org\/es\/consolidem-el-circuit-de-pisos-per-assolir-la-plena-emancipacio\/#primaryimage"},"image":{"@id":"https:\/\/puntdereferencia.org\/es\/consolidem-el-circuit-de-pisos-per-assolir-la-plena-emancipacio\/#primaryimage"},"thumbnailUrl":"https:\/\/puntdereferencia.org\/wp-content\/uploads\/2024\/07\/WhatsApp-Image-2022-03-28-at-10.39.10-1-770x562_c-1.jpeg","datePublished":"2022-03-25T11:28:50+00:00","dateModified":"2024-07-28T11:19:41+00:00","author":{"@id":"https:\/\/puntdereferencia.org\/es\/#\/schema\/person\/c475209bcc857303ec6ed0259d3cf078"},"breadcrumb":{"@id":"https:\/\/puntdereferencia.org\/es\/consolidem-el-circuit-de-pisos-per-assolir-la-plena-emancipacio\/#breadcrumb"},"inLanguage":"es","potentialAction":[{"@type":"ReadAction","target":["https:\/\/puntdereferencia.org\/es\/consolidem-el-circuit-de-pisos-per-assolir-la-plena-emancipacio\/"]}]},{"@type":"ImageObject","inLanguage":"es","@id":"https:\/\/puntdereferencia.org\/es\/consolidem-el-circuit-de-pisos-per-assolir-la-plena-emancipacio\/#primaryimage","url":"https:\/\/puntdereferencia.org\/wp-content\/uploads\/2024\/07\/WhatsApp-Image-2022-03-28-at-10.39.10-1-770x562_c-1.jpeg","contentUrl":"https:\/\/puntdereferencia.org\/wp-content\/uploads\/2024\/07\/WhatsApp-Image-2022-03-28-at-10.39.10-1-770x562_c-1.jpeg","width":770,"height":562},{"@type":"BreadcrumbList","@id":"https:\/\/puntdereferencia.org\/es\/consolidem-el-circuit-de-pisos-per-assolir-la-plena-emancipacio\/#breadcrumb","itemListElement":[{"@type":"ListItem","position":1,"name":"Inici","item":"https:\/\/puntdereferencia.org\/es\/inicio\/"},{"@type":"ListItem","position":2,"name":"Consolidamos el dise\u00f1o del proyecto de vivienda Llars El Pas"}]},{"@type":"WebSite","@id":"https:\/\/puntdereferencia.org\/es\/#website","url":"https:\/\/puntdereferencia.org\/es\/","name":"Punt de Referencia","description":"","potentialAction":[{"@type":"SearchAction","target":{"@type":"EntryPoint","urlTemplate":"https:\/\/puntdereferencia.org\/es\/?s={search_term_string}"},"query-input":{"@type":"PropertyValueSpecification","valueRequired":true,"valueName":"search_term_string"}}],"inLanguage":"es"},{"@type":"Person","@id":"https:\/\/puntdereferencia.org\/es\/#\/schema\/person\/c475209bcc857303ec6ed0259d3cf078","name":"admin","image":{"@type":"ImageObject","inLanguage":"es","@id":"https:\/\/puntdereferencia.org\/es\/#\/schema\/person\/image\/","url":"https:\/\/secure.gravatar.com\/avatar\/ff306d55f6aedb51a29e838506fafaa76a30bce9f5db9aca2e28921b903aaad2?s=96&d=mm&r=g","contentUrl":"https:\/\/secure.gravatar.com\/avatar\/ff306d55f6aedb51a29e838506fafaa76a30bce9f5db9aca2e28921b903aaad2?s=96&d=mm&r=g","caption":"admin"},"sameAs":["http:\/\/\/home\/puntref\/webapps\/web2024"],"url":"https:\/\/puntdereferencia.org\/es\/author\/admin\/"}]}},"_links":{"self":[{"href":"https:\/\/puntdereferencia.org\/es\/wp-json\/wp\/v2\/posts\/24675","targetHints":{"allow":["GET"]}}],"collection":[{"href":"https:\/\/puntdereferencia.org\/es\/wp-json\/wp\/v2\/posts"}],"about":[{"href":"https:\/\/puntdereferencia.org\/es\/wp-json\/wp\/v2\/types\/post"}],"author":[{"embeddable":true,"href":"https:\/\/puntdereferencia.org\/es\/wp-json\/wp\/v2\/users\/1"}],"replies":[{"embeddable":true,"href":"https:\/\/puntdereferencia.org\/es\/wp-json\/wp\/v2\/comments?post=24675"}],"version-history":[{"count":3,"href":"https:\/\/puntdereferencia.org\/es\/wp-json\/wp\/v2\/posts\/24675\/revisions"}],"predecessor-version":[{"id":25583,"href":"https:\/\/puntdereferencia.org\/es\/wp-json\/wp\/v2\/posts\/24675\/revisions\/25583"}],"wp:featuredmedia":[{"embeddable":true,"href":"https:\/\/puntdereferencia.org\/es\/wp-json\/wp\/v2\/media\/22805"}],"wp:attachment":[{"href":"https:\/\/puntdereferencia.org\/es\/wp-json\/wp\/v2\/media?parent=24675"}],"wp:term":[{"taxonomy":"category","embeddable":true,"href":"https:\/\/puntdereferencia.org\/es\/wp-json\/wp\/v2\/categories?post=24675"},{"taxonomy":"post_tag","embeddable":true,"href":"https:\/\/puntdereferencia.org\/es\/wp-json\/wp\/v2\/tags?post=24675"}],"curies":[{"name":"wp","href":"https:\/\/api.w.org\/{rel}","templated":true}]}}