{"id":24697,"date":"2022-11-02T14:54:36","date_gmt":"2022-11-02T14:54:36","guid":{"rendered":"https:\/\/puntdereferencia.org\/el-voluntariado-la-fuerza-de-punt-de-referencia\/"},"modified":"2024-07-28T10:24:47","modified_gmt":"2024-07-28T10:24:47","slug":"el-voluntariado-la-fuerza-de-punt-de-referencia","status":"publish","type":"post","link":"https:\/\/puntdereferencia.org\/es\/el-voluntariado-la-fuerza-de-punt-de-referencia\/","title":{"rendered":"El voluntariado, la fuerza de Punt de Refer\u00e8ncia"},"content":{"rendered":"<p>Las\u00a0<strong>personas voluntarias y la juventud, junto con el equipo educativo, son los tres pilares para hacer realidad el acompa\u00f1amiento de chicos y chicas tutelados y extutelados. Hacer voluntariado es una experiencia de crecimiento, tanto personal como colectiva, que deja huella en quien lo lleva a la pr\u00e1ctica.<\/strong><\/p>\n<p>En Punt de Refer\u00e8ncia, hasta el 31 de octubre de 2022,\u00a0<strong>cont\u00e1bamos con 106 personas voluntarias y, en la actualidad, tenemos tres nuevos grupos de voluntariado en formaci\u00f3n: dos en Barcelona y uno en el Maresme. Tambi\u00e9n estamos abriendo dos nuevos grupos m\u00e1s, uno en el Vall\u00e9s y otro en Barcelona. Y, a principios de 2023, prevemos abrir un grupo m\u00e1s en el Maresme. As\u00ed pues, es un buen momento para recopilar qu\u00e9 significa hacer voluntariado y poder de este modo compartir la experiencia con personas que puedan estar interesadas en ser voluntarias.<\/strong><\/p>\n<p><strong>Muchas de las personas voluntarias de Punt de Refer\u00e8ncia se han planteado con anterioridad el potencial que significa la experiencia vital de acompa\u00f1ar a chicos y chicas extutelados, mientras que otras lo valoran una vez que lo han vivido. Pero para todas ellas, formar parte de Punt de Refer\u00e8ncia supone:<\/strong><\/p>\n<ol>\n<li><strong><u>Conocer y poner en pr\u00e1ctica la mentor\u00eda social<\/u><\/strong>. Eso es mucho m\u00e1s que establecer una relaci\u00f3n entre personas que, de manera voluntaria, se ofrecen para proporcionar apoyo y promover la autonom\u00eda de la juventud tutelada y extutelada. Ser mentor o mentora significa acompa\u00f1ar a un chico o chica extutelado durante su d\u00eda a d\u00eda, tejer v\u00ednculos de confianza, vivir su crecimiento, ayudarlo a tomar decisiones y, lo m\u00e1s importante, a convertirse en una persona que sienta que un futuro diferente y mejor es posible.<\/li>\n<li><strong><u>Ser acompa\u00f1ado\/da y asesorado\/da<\/u><\/strong>. Todos los procesos de mentor\u00eda social se hacen desde el acompa\u00f1amiento, y cuentan con la asesor\u00eda y apoyo profesional del equipo educativo de Punt de Refer\u00e8ncia.<\/li>\n<\/ol>\n<p><strong><img loading=\"lazy\" decoding=\"async\" class=\"wp-image-14525 alignleft\" src=\"https:\/\/puntdereferencia.org\/wp-content\/uploads\/2024\/07\/Voluntariat-1.jpeg\" alt=\"\" width=\"379\" height=\"285\" \/><\/strong><\/p>\n<p><strong>\u00bfQu\u00e9 me llevo por acompa\u00f1ar a j\u00f3venes extutelados?<\/strong><\/p>\n<p>Roser resume as\u00ed la esencia de la mentor\u00eda social: <em>\u201cPara m\u00ed, el trabajo a tres bandas (proyecto, joven y voluntariado) es indispensable para una adaptaci\u00f3n integral de la juventud tutelada y extutelada en la sociedad\u201d<\/em>.<\/p>\n<p>Ahora que se abren nuevos grupos de mentor\u00eda, es el momento para mostrar las experiencias vividas y compartidas:<\/p>\n<p>Mireia: \u201c<em>Me ha permitido conocer otras realidades y otras formas de relaci\u00f3n con ellas, desde el respeto y la escucha\u201d.<\/em><\/p>\n<p>Carme: \u201c<em>Acompa\u00f1ar a este joven me ha aportado conocimiento, satisfacci\u00f3n, empat\u00eda y flexibilidad\u201d.<\/em><\/p>\n<p><em>Anna: \u201cMe ha ofrecido la oportunidad de ac<\/em><em>ompa\u00f1ar a un joven extutelado durante un peque\u00f1o trecho de su camino, y ayudarlo a sacar adelante el grado que est\u00e1 estudiando. Al mismo tiempo, he podido explorar la faceta de ofrecer apoyo desde la empat\u00eda. Me ha hecho reflexionar y experimentar las dificultades y el valor de estar ah\u00ed, respetando las decisiones y el espacio del otro, sin cargar con sus responsabilidades\u201d.<\/em><\/p>\n<p>Jordi:\u00a0<em>\u201cHe podido establecer una relaci\u00f3n con j\u00f3venes que necesitan mucho tener relaciones de referencia. Y he recibido apoyo para entender c\u00f3mo puede ser esta relaci\u00f3n y gu\u00eda, y c\u00f3mo actuar para facilitar que la relaci\u00f3n sea buena\u201d.<\/em><\/p>\n<p><em>Los mentores y mentoras consideran que el aprendizaje ha sido mutuo y bidireccional. As\u00ed lo afirma Eva: \u201cMe llevo muchos aprendizajes de la mentor\u00eda. He descubierto otra realidad\u201d, o Llu\u00eds que dice que acompa\u00f1ar a j\u00f3venes para que contin\u00faen los estudios postobligatorios le ha permitido \u201cun cambio de mirada respecto a la situaci\u00f3n de los j\u00f3venes inmigrantes\u201d. Opini\u00f3n que comparte Anna cuando afirma que hacer mentor\u00eda \u201cme ha permitido ser consciente de la realidad que le ha tocado vivir a un grupo de personas que conviven conmigo en la misma ciudad\u201d y, al mismo tiempo, \u201csentirme part\u00edcipe y orgullosa de un proyecto, muy bonito y con gran impacto social, de una asociaci\u00f3n con estructura y muy bien organizada como es Punt de Refer\u00e8ncia\u201d.<\/em><\/p>\n<p>&nbsp;<\/p>\n","protected":false},"excerpt":{"rendered":"<p>Las\u00a0personas voluntarias y la juventud, junto con el equipo educativo, son los tres pilares para hacer realidad el acompa\u00f1amiento de chicos y chicas tutelados y extutelados. Hacer voluntariado es una experiencia de crecimiento, tanto personal como colectiva, que deja huella en quien lo lleva a la pr\u00e1ctica. En Punt de Refer\u00e8ncia, hasta el 31 de [&hellip;]<\/p>\n","protected":false},"author":1,"featured_media":23201,"comment_status":"open","ping_status":"open","sticky":false,"template":"","format":"standard","meta":{"footnotes":""},"categories":[913],"tags":[750,766,755,17],"class_list":["post-24697","post","type-post","status-publish","format-standard","has-post-thumbnail","hentry","category-noticias-es","tag-formacion","tag-mentoria-social","tag-referente","tag-voluntariado"],"yoast_head":"<!-- This site is optimized with the Yoast SEO plugin v27.1.1 - https:\/\/yoast.com\/product\/yoast-seo-wordpress\/ -->\n<title>El voluntariado, la fuerza de Punt de Refer\u00e8ncia - Punt de Referencia<\/title>\n<meta name=\"robots\" content=\"index, follow, max-snippet:-1, max-image-preview:large, max-video-preview:-1\" \/>\n<link rel=\"canonical\" href=\"https:\/\/puntdereferencia.org\/es\/el-voluntariado-la-fuerza-de-punt-de-referencia\/\" \/>\n<meta property=\"og:locale\" content=\"es_ES\" \/>\n<meta property=\"og:type\" content=\"article\" \/>\n<meta property=\"og:title\" content=\"El voluntariado, la fuerza de Punt de Refer\u00e8ncia - Punt de Referencia\" \/>\n<meta property=\"og:description\" content=\"Las\u00a0personas voluntarias y la juventud, junto con el equipo educativo, son los tres pilares para hacer realidad el acompa\u00f1amiento de chicos y chicas tutelados y extutelados. Hacer voluntariado es una experiencia de crecimiento, tanto personal como colectiva, que deja huella en quien lo lleva a la pr\u00e1ctica. En Punt de Refer\u00e8ncia, hasta el 31 de [&hellip;]\" \/>\n<meta property=\"og:url\" content=\"https:\/\/puntdereferencia.org\/es\/el-voluntariado-la-fuerza-de-punt-de-referencia\/\" \/>\n<meta property=\"og:site_name\" content=\"Punt de Referencia\" \/>\n<meta property=\"article:published_time\" content=\"2022-11-02T14:54:36+00:00\" \/>\n<meta property=\"article:modified_time\" content=\"2024-07-28T10:24:47+00:00\" \/>\n<meta property=\"og:image\" content=\"https:\/\/puntdereferencia.org\/wp-content\/uploads\/2024\/07\/Voluntariat-2.jpeg\" \/>\n\t<meta property=\"og:image:width\" content=\"1200\" \/>\n\t<meta property=\"og:image:height\" content=\"1600\" \/>\n\t<meta property=\"og:image:type\" content=\"image\/jpeg\" \/>\n<meta name=\"author\" content=\"admin\" \/>\n<meta name=\"twitter:card\" content=\"summary_large_image\" \/>\n<meta name=\"twitter:label1\" content=\"Escrito por\" \/>\n\t<meta name=\"twitter:data1\" content=\"admin\" \/>\n\t<meta name=\"twitter:label2\" content=\"Tiempo de lectura\" \/>\n\t<meta name=\"twitter:data2\" content=\"4 minutos\" \/>\n<script type=\"application\/ld+json\" class=\"yoast-schema-graph\">{\"@context\":\"https:\/\/schema.org\",\"@graph\":[{\"@type\":\"Article\",\"@id\":\"https:\/\/puntdereferencia.org\/es\/el-voluntariado-la-fuerza-de-punt-de-referencia\/#article\",\"isPartOf\":{\"@id\":\"https:\/\/puntdereferencia.org\/es\/el-voluntariado-la-fuerza-de-punt-de-referencia\/\"},\"author\":{\"name\":\"admin\",\"@id\":\"https:\/\/puntdereferencia.org\/es\/#\/schema\/person\/c475209bcc857303ec6ed0259d3cf078\"},\"headline\":\"El voluntariado, la fuerza de Punt de Refer\u00e8ncia\",\"datePublished\":\"2022-11-02T14:54:36+00:00\",\"dateModified\":\"2024-07-28T10:24:47+00:00\",\"mainEntityOfPage\":{\"@id\":\"https:\/\/puntdereferencia.org\/es\/el-voluntariado-la-fuerza-de-punt-de-referencia\/\"},\"wordCount\":697,\"commentCount\":0,\"image\":{\"@id\":\"https:\/\/puntdereferencia.org\/es\/el-voluntariado-la-fuerza-de-punt-de-referencia\/#primaryimage\"},\"thumbnailUrl\":\"https:\/\/puntdereferencia.org\/wp-content\/uploads\/2024\/07\/Voluntariat-2.jpeg\",\"keywords\":[\"formaci\u00f3n\",\"mentoria social\",\"referente\",\"voluntariado\"],\"articleSection\":[\"NOTICIAS\"],\"inLanguage\":\"es\",\"potentialAction\":[{\"@type\":\"CommentAction\",\"name\":\"Comment\",\"target\":[\"https:\/\/puntdereferencia.org\/es\/el-voluntariado-la-fuerza-de-punt-de-referencia\/#respond\"]}]},{\"@type\":\"WebPage\",\"@id\":\"https:\/\/puntdereferencia.org\/es\/el-voluntariado-la-fuerza-de-punt-de-referencia\/\",\"url\":\"https:\/\/puntdereferencia.org\/es\/el-voluntariado-la-fuerza-de-punt-de-referencia\/\",\"name\":\"El voluntariado, la fuerza de Punt de Refer\u00e8ncia - Punt de Referencia\",\"isPartOf\":{\"@id\":\"https:\/\/puntdereferencia.org\/es\/#website\"},\"primaryImageOfPage\":{\"@id\":\"https:\/\/puntdereferencia.org\/es\/el-voluntariado-la-fuerza-de-punt-de-referencia\/#primaryimage\"},\"image\":{\"@id\":\"https:\/\/puntdereferencia.org\/es\/el-voluntariado-la-fuerza-de-punt-de-referencia\/#primaryimage\"},\"thumbnailUrl\":\"https:\/\/puntdereferencia.org\/wp-content\/uploads\/2024\/07\/Voluntariat-2.jpeg\",\"datePublished\":\"2022-11-02T14:54:36+00:00\",\"dateModified\":\"2024-07-28T10:24:47+00:00\",\"author\":{\"@id\":\"https:\/\/puntdereferencia.org\/es\/#\/schema\/person\/c475209bcc857303ec6ed0259d3cf078\"},\"breadcrumb\":{\"@id\":\"https:\/\/puntdereferencia.org\/es\/el-voluntariado-la-fuerza-de-punt-de-referencia\/#breadcrumb\"},\"inLanguage\":\"es\",\"potentialAction\":[{\"@type\":\"ReadAction\",\"target\":[\"https:\/\/puntdereferencia.org\/es\/el-voluntariado-la-fuerza-de-punt-de-referencia\/\"]}]},{\"@type\":\"ImageObject\",\"inLanguage\":\"es\",\"@id\":\"https:\/\/puntdereferencia.org\/es\/el-voluntariado-la-fuerza-de-punt-de-referencia\/#primaryimage\",\"url\":\"https:\/\/puntdereferencia.org\/wp-content\/uploads\/2024\/07\/Voluntariat-2.jpeg\",\"contentUrl\":\"https:\/\/puntdereferencia.org\/wp-content\/uploads\/2024\/07\/Voluntariat-2.jpeg\",\"width\":1200,\"height\":1600},{\"@type\":\"BreadcrumbList\",\"@id\":\"https:\/\/puntdereferencia.org\/es\/el-voluntariado-la-fuerza-de-punt-de-referencia\/#breadcrumb\",\"itemListElement\":[{\"@type\":\"ListItem\",\"position\":1,\"name\":\"Inici\",\"item\":\"https:\/\/puntdereferencia.org\/es\/inicio\/\"},{\"@type\":\"ListItem\",\"position\":2,\"name\":\"El voluntariado, la fuerza de Punt de Refer\u00e8ncia\"}]},{\"@type\":\"WebSite\",\"@id\":\"https:\/\/puntdereferencia.org\/es\/#website\",\"url\":\"https:\/\/puntdereferencia.org\/es\/\",\"name\":\"Punt de Referencia\",\"description\":\"\",\"potentialAction\":[{\"@type\":\"SearchAction\",\"target\":{\"@type\":\"EntryPoint\",\"urlTemplate\":\"https:\/\/puntdereferencia.org\/es\/?s={search_term_string}\"},\"query-input\":{\"@type\":\"PropertyValueSpecification\",\"valueRequired\":true,\"valueName\":\"search_term_string\"}}],\"inLanguage\":\"es\"},{\"@type\":\"Person\",\"@id\":\"https:\/\/puntdereferencia.org\/es\/#\/schema\/person\/c475209bcc857303ec6ed0259d3cf078\",\"name\":\"admin\",\"image\":{\"@type\":\"ImageObject\",\"inLanguage\":\"es\",\"@id\":\"https:\/\/puntdereferencia.org\/es\/#\/schema\/person\/image\/\",\"url\":\"https:\/\/secure.gravatar.com\/avatar\/ff306d55f6aedb51a29e838506fafaa76a30bce9f5db9aca2e28921b903aaad2?s=96&d=mm&r=g\",\"contentUrl\":\"https:\/\/secure.gravatar.com\/avatar\/ff306d55f6aedb51a29e838506fafaa76a30bce9f5db9aca2e28921b903aaad2?s=96&d=mm&r=g\",\"caption\":\"admin\"},\"sameAs\":[\"http:\/\/\/home\/puntref\/webapps\/web2024\"],\"url\":\"https:\/\/puntdereferencia.org\/es\/author\/admin\/\"}]}<\/script>\n<!-- \/ Yoast SEO plugin. -->","yoast_head_json":{"title":"El voluntariado, la fuerza de Punt de Refer\u00e8ncia - Punt de Referencia","robots":{"index":"index","follow":"follow","max-snippet":"max-snippet:-1","max-image-preview":"max-image-preview:large","max-video-preview":"max-video-preview:-1"},"canonical":"https:\/\/puntdereferencia.org\/es\/el-voluntariado-la-fuerza-de-punt-de-referencia\/","og_locale":"es_ES","og_type":"article","og_title":"El voluntariado, la fuerza de Punt de Refer\u00e8ncia - Punt de Referencia","og_description":"Las\u00a0personas voluntarias y la juventud, junto con el equipo educativo, son los tres pilares para hacer realidad el acompa\u00f1amiento de chicos y chicas tutelados y extutelados. Hacer voluntariado es una experiencia de crecimiento, tanto personal como colectiva, que deja huella en quien lo lleva a la pr\u00e1ctica. En Punt de Refer\u00e8ncia, hasta el 31 de [&hellip;]","og_url":"https:\/\/puntdereferencia.org\/es\/el-voluntariado-la-fuerza-de-punt-de-referencia\/","og_site_name":"Punt de Referencia","article_published_time":"2022-11-02T14:54:36+00:00","article_modified_time":"2024-07-28T10:24:47+00:00","og_image":[{"width":1200,"height":1600,"url":"https:\/\/puntdereferencia.org\/wp-content\/uploads\/2024\/07\/Voluntariat-2.jpeg","type":"image\/jpeg"}],"author":"admin","twitter_card":"summary_large_image","twitter_misc":{"Escrito por":"admin","Tiempo de lectura":"4 minutos"},"schema":{"@context":"https:\/\/schema.org","@graph":[{"@type":"Article","@id":"https:\/\/puntdereferencia.org\/es\/el-voluntariado-la-fuerza-de-punt-de-referencia\/#article","isPartOf":{"@id":"https:\/\/puntdereferencia.org\/es\/el-voluntariado-la-fuerza-de-punt-de-referencia\/"},"author":{"name":"admin","@id":"https:\/\/puntdereferencia.org\/es\/#\/schema\/person\/c475209bcc857303ec6ed0259d3cf078"},"headline":"El voluntariado, la fuerza de Punt de Refer\u00e8ncia","datePublished":"2022-11-02T14:54:36+00:00","dateModified":"2024-07-28T10:24:47+00:00","mainEntityOfPage":{"@id":"https:\/\/puntdereferencia.org\/es\/el-voluntariado-la-fuerza-de-punt-de-referencia\/"},"wordCount":697,"commentCount":0,"image":{"@id":"https:\/\/puntdereferencia.org\/es\/el-voluntariado-la-fuerza-de-punt-de-referencia\/#primaryimage"},"thumbnailUrl":"https:\/\/puntdereferencia.org\/wp-content\/uploads\/2024\/07\/Voluntariat-2.jpeg","keywords":["formaci\u00f3n","mentoria social","referente","voluntariado"],"articleSection":["NOTICIAS"],"inLanguage":"es","potentialAction":[{"@type":"CommentAction","name":"Comment","target":["https:\/\/puntdereferencia.org\/es\/el-voluntariado-la-fuerza-de-punt-de-referencia\/#respond"]}]},{"@type":"WebPage","@id":"https:\/\/puntdereferencia.org\/es\/el-voluntariado-la-fuerza-de-punt-de-referencia\/","url":"https:\/\/puntdereferencia.org\/es\/el-voluntariado-la-fuerza-de-punt-de-referencia\/","name":"El voluntariado, la fuerza de Punt de Refer\u00e8ncia - Punt de Referencia","isPartOf":{"@id":"https:\/\/puntdereferencia.org\/es\/#website"},"primaryImageOfPage":{"@id":"https:\/\/puntdereferencia.org\/es\/el-voluntariado-la-fuerza-de-punt-de-referencia\/#primaryimage"},"image":{"@id":"https:\/\/puntdereferencia.org\/es\/el-voluntariado-la-fuerza-de-punt-de-referencia\/#primaryimage"},"thumbnailUrl":"https:\/\/puntdereferencia.org\/wp-content\/uploads\/2024\/07\/Voluntariat-2.jpeg","datePublished":"2022-11-02T14:54:36+00:00","dateModified":"2024-07-28T10:24:47+00:00","author":{"@id":"https:\/\/puntdereferencia.org\/es\/#\/schema\/person\/c475209bcc857303ec6ed0259d3cf078"},"breadcrumb":{"@id":"https:\/\/puntdereferencia.org\/es\/el-voluntariado-la-fuerza-de-punt-de-referencia\/#breadcrumb"},"inLanguage":"es","potentialAction":[{"@type":"ReadAction","target":["https:\/\/puntdereferencia.org\/es\/el-voluntariado-la-fuerza-de-punt-de-referencia\/"]}]},{"@type":"ImageObject","inLanguage":"es","@id":"https:\/\/puntdereferencia.org\/es\/el-voluntariado-la-fuerza-de-punt-de-referencia\/#primaryimage","url":"https:\/\/puntdereferencia.org\/wp-content\/uploads\/2024\/07\/Voluntariat-2.jpeg","contentUrl":"https:\/\/puntdereferencia.org\/wp-content\/uploads\/2024\/07\/Voluntariat-2.jpeg","width":1200,"height":1600},{"@type":"BreadcrumbList","@id":"https:\/\/puntdereferencia.org\/es\/el-voluntariado-la-fuerza-de-punt-de-referencia\/#breadcrumb","itemListElement":[{"@type":"ListItem","position":1,"name":"Inici","item":"https:\/\/puntdereferencia.org\/es\/inicio\/"},{"@type":"ListItem","position":2,"name":"El voluntariado, la fuerza de Punt de Refer\u00e8ncia"}]},{"@type":"WebSite","@id":"https:\/\/puntdereferencia.org\/es\/#website","url":"https:\/\/puntdereferencia.org\/es\/","name":"Punt de Referencia","description":"","potentialAction":[{"@type":"SearchAction","target":{"@type":"EntryPoint","urlTemplate":"https:\/\/puntdereferencia.org\/es\/?s={search_term_string}"},"query-input":{"@type":"PropertyValueSpecification","valueRequired":true,"valueName":"search_term_string"}}],"inLanguage":"es"},{"@type":"Person","@id":"https:\/\/puntdereferencia.org\/es\/#\/schema\/person\/c475209bcc857303ec6ed0259d3cf078","name":"admin","image":{"@type":"ImageObject","inLanguage":"es","@id":"https:\/\/puntdereferencia.org\/es\/#\/schema\/person\/image\/","url":"https:\/\/secure.gravatar.com\/avatar\/ff306d55f6aedb51a29e838506fafaa76a30bce9f5db9aca2e28921b903aaad2?s=96&d=mm&r=g","contentUrl":"https:\/\/secure.gravatar.com\/avatar\/ff306d55f6aedb51a29e838506fafaa76a30bce9f5db9aca2e28921b903aaad2?s=96&d=mm&r=g","caption":"admin"},"sameAs":["http:\/\/\/home\/puntref\/webapps\/web2024"],"url":"https:\/\/puntdereferencia.org\/es\/author\/admin\/"}]}},"_links":{"self":[{"href":"https:\/\/puntdereferencia.org\/es\/wp-json\/wp\/v2\/posts\/24697","targetHints":{"allow":["GET"]}}],"collection":[{"href":"https:\/\/puntdereferencia.org\/es\/wp-json\/wp\/v2\/posts"}],"about":[{"href":"https:\/\/puntdereferencia.org\/es\/wp-json\/wp\/v2\/types\/post"}],"author":[{"embeddable":true,"href":"https:\/\/puntdereferencia.org\/es\/wp-json\/wp\/v2\/users\/1"}],"replies":[{"embeddable":true,"href":"https:\/\/puntdereferencia.org\/es\/wp-json\/wp\/v2\/comments?post=24697"}],"version-history":[{"count":2,"href":"https:\/\/puntdereferencia.org\/es\/wp-json\/wp\/v2\/posts\/24697\/revisions"}],"predecessor-version":[{"id":25558,"href":"https:\/\/puntdereferencia.org\/es\/wp-json\/wp\/v2\/posts\/24697\/revisions\/25558"}],"wp:featuredmedia":[{"embeddable":true,"href":"https:\/\/puntdereferencia.org\/es\/wp-json\/wp\/v2\/media\/23201"}],"wp:attachment":[{"href":"https:\/\/puntdereferencia.org\/es\/wp-json\/wp\/v2\/media?parent=24697"}],"wp:term":[{"taxonomy":"category","embeddable":true,"href":"https:\/\/puntdereferencia.org\/es\/wp-json\/wp\/v2\/categories?post=24697"},{"taxonomy":"post_tag","embeddable":true,"href":"https:\/\/puntdereferencia.org\/es\/wp-json\/wp\/v2\/tags?post=24697"}],"curies":[{"name":"wp","href":"https:\/\/api.w.org\/{rel}","templated":true}]}}