{"id":24729,"date":"2023-05-02T07:00:28","date_gmt":"2023-05-02T07:00:28","guid":{"rendered":"https:\/\/puntdereferencia.org\/15455\/"},"modified":"2024-07-28T10:02:40","modified_gmt":"2024-07-28T10:02:40","slug":"15455","status":"publish","type":"post","link":"https:\/\/puntdereferencia.org\/es\/15455\/","title":{"rendered":"Historias de mentor\u00eda: conoce a Isiaga y Leticia"},"content":{"rendered":"<p>Issiaga y Leticia explican riendo que nunca jam\u00e1s se hubieran conocido. Que era imposible que sus caminos se cruzaran. Esta es la magia del proyecto Referents. Dos personas que nunca coincidir\u00edan de manera natural acaban estableciendo un v\u00ednculo de confianza, una relaci\u00f3n \u00fanica, que se cuece a fuego lento, con tiempo y dedicaci\u00f3n. Son una de las parejas del proyecto Referents.<\/p>\n<p>En solo 5 meses que hace que se conocen, Issiaga ha visitado m\u00e1s museos que cualquier joven de su edad y, probablemente, que muchos de nosotros. \u201cHemos ido al Museo de la M\u00fasica, al Museo Picasso, al del Dise\u00f1o y al Etnol\u00f3gico y de Culturas del Mundo (MUEC). Ah\u2026 y tambi\u00e9n al Museo Torre Balldovina en Santa Coloma de Gramenet. Leticia es una gran buscadora de museos\u201d, explica riendo. \u201cElla me lo propone y decidimos juntos\u201d.<\/p>\n<p>Tambi\u00e9n han andado. Mucho. Kil\u00f3metros y kil\u00f3metros por Barcelona y por el Parque fluvial de Santa Coloma de Gramenet. Momentos para compartir. \u201cAndando se conoce mucho la gente y aprovechamos para hablar\u201d, dice Leticia. \u201cAl principio yo pens\u00e9: ya veremos qu\u00e9 tal funciona\u2026 Pero ahora todo es f\u00e1cil. Nos hemos explicado muchas vivencias, de buenas y de malas. Y hemos conectado\u201d.<\/p>\n<p><strong>La energ\u00eda transformadora de la mentor\u00eda social<\/strong><\/p>\n<p>Leticia comenta que, despu\u00e9s del estallido de la Guerra de Ucrania, se plante\u00f3 hacer voluntariado. Todo apuntaba que acabar\u00eda acompa\u00f1ando personas refugiadas de este pa\u00eds. Pero buscando encontr\u00f3 el web de Punt de Refer\u00e8ncia y le pareci\u00f3 una propuesta interesante. \u201cTengo que reconocer \u2013argumenta\u2013 que no hab\u00eda o\u00eddo hablar nunca de mentor\u00eda social. Pero, como tengo hijos j\u00f3venes, he vivido y les he acompa\u00f1ado en el paso de la adolescencia a la juventud y te das cuenta del papel que puedes hacer\u201d. Pregunt\u00f3 a personas del sector si Punt de Refer\u00e8ncia era una entidad seria: \u201cY todo el mundo me dio muy buenas referencias \u2013explica\u2013. Y realmente es as\u00ed porque sois grandes profesionales. Hac\u00e9is un gran trabajo, pero, adem\u00e1s de manera muy profesional\u201d.<\/p>\n<p><strong><img loading=\"lazy\" decoding=\"async\" class=\"wp-image-15006 alignleft\" src=\"https:\/\/puntdereferencia.org\/wp-content\/uploads\/2024\/07\/Leticia-i-Issaga.jpeg\" alt=\"\" width=\"280\" height=\"373\" \/>La fuerza de la sonrisa<\/strong><\/p>\n<p>Juntos reviven el primer d\u00eda que se conocieron. \u201cVine al local de Punt de Refer\u00e8ncia, porque \u00a0Marina, la educadora del proyecto Referents, me llam\u00f3 para que conociera a mi mentora\u201d, recuerda Issiaga. \u201cNos dejaron solos en una sala. Para m\u00ed es importante la manera c\u00f3mo me comunico con la gente y creo que con la sonrisa me va muy bien. La conoc\u00ed y pens\u00e9 que era buena persona y pod\u00eda seguir con ella. Tambi\u00e9n es verdad que me ven\u00edan muchas cosas a la cabeza: \u00bfqu\u00e9 har\u00e9 con ella?\u201d. Por su parte, Leticia, lo vivi\u00f3 \u201cilusionada, pero tambi\u00e9n con una incertidumbre de c\u00f3mo ir\u00e1 todo. Yo no s\u00e9 qu\u00e9 puedo aportar, pens\u00e9. Si sabr\u00e9 qu\u00e9 hacer\u2026 Llam\u00e9 a Marina para explicarle\u201d.<\/p>\n<p>La figura de Marina Montoya es la tercera pieza de este rompecabezas afectivo, el tercer v\u00e9rtice del tri\u00e1ngulo que permite que la mentor\u00eda social pueda funcionar. Un tri\u00e1ngulo dibujado entre la persona mentora, la juventud y la persona del equipo educativo. Marina hace de bisagra entre las inquietudes y necesidades de Issiaga y tambi\u00e9n las de Leticia. \u201cLa relaci\u00f3n establecida entre ellos dos es la muestra que el v\u00ednculo, la confianza y el hecho de reconocer al otro tiene un gran poder para transformar realidades. La afectividad, el reconocimiento y la confianza son herramientas contundentes de empoderamiento en el camino hacia la emancipaci\u00f3n de todos los chicos y chicas\u201d, explica Marina.<\/p>\n<p>Despu\u00e9s de m\u00e1s 150 d\u00edas apoyando a Issiaga, Leticia recomendar\u00eda al 100% vivir la experiencia: \u201cVale mucho la pena. Es gratificante y, a la vez, te enriquece como persona. Aprendes a mirar con otros ojos y a entender los procesos migratorios, acerc\u00e1ndote a otras realidades. Y tambi\u00e9n tengo que reconocer que es muy intenso emocionalmente. Mucho m\u00e1s del que pensaba\u201d.<\/p>\n<p><strong>Una vida de superaci\u00f3n<\/strong><\/p>\n<p>Seg\u00fan datos de la Direcci\u00f3n General de Atenci\u00f3n a la Infancia y la Adolescencia, en Catalu\u00f1a hay m\u00e1s de 7.700 ni\u00f1os y j\u00f3venes tutelados. El sue\u00f1o que supone hacer los 18 a\u00f1os y ser mayor de edad, para ellos y ellas, supone tener que dejar de contar con este apoyo y afrontar la emancipaci\u00f3n de manera repentina y, muchas veces, sin poder tener la familia cerca, sobre todo, para j\u00f3venes migrados como Issiaga.<\/p>\n<p>\u00c9l ten\u00eda una red social d\u00e9bil y nada de conocimiento del entorno cuando lleg\u00f3 aqu\u00ed hace dos a\u00f1os, cuando ten\u00eda 17, desde su pa\u00eds de origen, Guinea Francesa. Las trayectorias y or\u00edgenes de los j\u00f3venes que migran solos son diversas y complejas. La de Issiaga es una historia de superaci\u00f3n que se desencadena a ra\u00edz de la muerte de su madre. \u201cAntes estudiaba, pero ahora estoy trabajando. Cuando pueda, mi objetivo es sacarme un Ciclo de Grado Superior. Leticia me anima a continuar trabajando y a estudiar\u201d, dice sin perder su eterna sonrisa.<\/p>\n<p>\u201cLa vida de Issiaga ha sido muy complicada si la comparo con la de mis hijos \u2013reflexiona Leticia\u2013 que tienen comodidades y todo es m\u00e1s f\u00e1cil para ellos. Esto me ha hecho pensar que, a veces, no valoramos nada de lo que tenemos. La suerte es que veo que, ante una situaci\u00f3n dif\u00edcil, Issiaga sabe salir adelante. Es valiente, si no lo fuera, no estar\u00eda aqu\u00ed. Es una persona fuerte, con ganas de aprender y con las prioridades claras, porque \u00e9l me pregunta, pero tiene siempre las prioridades claras\u201d.<\/p>\n<p>Issiaga escucha atento y habla sin perder su sonrisa infinita. \u201cHe empezado a cambiar y continuar\u00e9 haci\u00e9ndotelo. Quiero vivir aqu\u00ed porque es aqu\u00ed donde estudiar\u00e9\u201d. Y lo tiene clar\u00edsimo: \u201cSaldr\u00e9 solo del pa\u00eds para hacer turismo y conocer lugares nuevos como el d\u00eda que pase\u00e9 por el Parc de les Aig\u00fces con Leticia y vi los l\u00edmites de Barcelona, el mar y el color verde del bosque. \u00a1Me encant\u00f3!\u201d.<\/p>\n","protected":false},"excerpt":{"rendered":"<p>Issiaga y Leticia explican riendo que nunca jam\u00e1s se hubieran conocido. Que era imposible que sus caminos se cruzaran. Esta es la magia del proyecto Referents. Dos personas que nunca coincidir\u00edan de manera natural acaban estableciendo un v\u00ednculo de confianza, una relaci\u00f3n \u00fanica, que se cuece a fuego lento, con tiempo y dedicaci\u00f3n. Son una [&hellip;]<\/p>\n","protected":false},"author":1,"featured_media":23461,"comment_status":"open","ping_status":"open","sticky":false,"template":"","format":"standard","meta":{"footnotes":""},"categories":[913],"tags":[49,32,11,811,17],"class_list":["post-24729","post","type-post","status-publish","format-standard","has-post-thumbnail","hentry","category-noticias-es","tag-emancipacion","tag-jovenes","tag-mentoria","tag-oportunidades","tag-voluntariado"],"yoast_head":"<!-- This site is optimized with the Yoast SEO plugin v27.1.1 - https:\/\/yoast.com\/product\/yoast-seo-wordpress\/ -->\n<title>Historias de mentor\u00eda: conoce a Isiaga y Leticia - Punt de Referencia<\/title>\n<meta name=\"robots\" content=\"index, follow, max-snippet:-1, max-image-preview:large, max-video-preview:-1\" \/>\n<link rel=\"canonical\" href=\"https:\/\/puntdereferencia.org\/es\/15455\/\" \/>\n<meta property=\"og:locale\" content=\"es_ES\" \/>\n<meta property=\"og:type\" content=\"article\" \/>\n<meta property=\"og:title\" content=\"Historias de mentor\u00eda: conoce a Isiaga y Leticia - Punt de Referencia\" \/>\n<meta property=\"og:description\" content=\"Issiaga y Leticia explican riendo que nunca jam\u00e1s se hubieran conocido. Que era imposible que sus caminos se cruzaran. Esta es la magia del proyecto Referents. Dos personas que nunca coincidir\u00edan de manera natural acaban estableciendo un v\u00ednculo de confianza, una relaci\u00f3n \u00fanica, que se cuece a fuego lento, con tiempo y dedicaci\u00f3n. Son una [&hellip;]\" \/>\n<meta property=\"og:url\" content=\"https:\/\/puntdereferencia.org\/es\/15455\/\" \/>\n<meta property=\"og:site_name\" content=\"Punt de Referencia\" \/>\n<meta property=\"article:published_time\" content=\"2023-05-02T07:00:28+00:00\" \/>\n<meta property=\"article:modified_time\" content=\"2024-07-28T10:02:40+00:00\" \/>\n<meta property=\"og:image\" content=\"https:\/\/puntdereferencia.org\/wp-content\/uploads\/2024\/07\/Foto-Leticia-i-Assiaga-scaled-1.jpeg\" \/>\n\t<meta property=\"og:image:width\" content=\"2560\" \/>\n\t<meta property=\"og:image:height\" content=\"1831\" \/>\n\t<meta property=\"og:image:type\" content=\"image\/jpeg\" \/>\n<meta name=\"author\" content=\"admin\" \/>\n<meta name=\"twitter:card\" content=\"summary_large_image\" \/>\n<meta name=\"twitter:label1\" content=\"Escrito por\" \/>\n\t<meta name=\"twitter:data1\" content=\"admin\" \/>\n\t<meta name=\"twitter:label2\" content=\"Tiempo de lectura\" \/>\n\t<meta name=\"twitter:data2\" content=\"6 minutos\" \/>\n<script type=\"application\/ld+json\" class=\"yoast-schema-graph\">{\"@context\":\"https:\/\/schema.org\",\"@graph\":[{\"@type\":\"Article\",\"@id\":\"https:\/\/puntdereferencia.org\/es\/15455\/#article\",\"isPartOf\":{\"@id\":\"https:\/\/puntdereferencia.org\/es\/15455\/\"},\"author\":{\"name\":\"admin\",\"@id\":\"https:\/\/puntdereferencia.org\/es\/#\/schema\/person\/c475209bcc857303ec6ed0259d3cf078\"},\"headline\":\"Historias de mentor\u00eda: conoce a Isiaga y Leticia\",\"datePublished\":\"2023-05-02T07:00:28+00:00\",\"dateModified\":\"2024-07-28T10:02:40+00:00\",\"mainEntityOfPage\":{\"@id\":\"https:\/\/puntdereferencia.org\/es\/15455\/\"},\"wordCount\":1039,\"commentCount\":690,\"image\":{\"@id\":\"https:\/\/puntdereferencia.org\/es\/15455\/#primaryimage\"},\"thumbnailUrl\":\"https:\/\/puntdereferencia.org\/wp-content\/uploads\/2024\/07\/Foto-Leticia-i-Assiaga-scaled-1.jpeg\",\"keywords\":[\"emancipaci\u00f3n\",\"j\u00f3venes\",\"mentoria\",\"oportunidades\",\"voluntariado\"],\"articleSection\":[\"NOTICIAS\"],\"inLanguage\":\"es\",\"potentialAction\":[{\"@type\":\"CommentAction\",\"name\":\"Comment\",\"target\":[\"https:\/\/puntdereferencia.org\/es\/15455\/#respond\"]}]},{\"@type\":\"WebPage\",\"@id\":\"https:\/\/puntdereferencia.org\/es\/15455\/\",\"url\":\"https:\/\/puntdereferencia.org\/es\/15455\/\",\"name\":\"Historias de mentor\u00eda: conoce a Isiaga y Leticia - Punt de Referencia\",\"isPartOf\":{\"@id\":\"https:\/\/puntdereferencia.org\/es\/#website\"},\"primaryImageOfPage\":{\"@id\":\"https:\/\/puntdereferencia.org\/es\/15455\/#primaryimage\"},\"image\":{\"@id\":\"https:\/\/puntdereferencia.org\/es\/15455\/#primaryimage\"},\"thumbnailUrl\":\"https:\/\/puntdereferencia.org\/wp-content\/uploads\/2024\/07\/Foto-Leticia-i-Assiaga-scaled-1.jpeg\",\"datePublished\":\"2023-05-02T07:00:28+00:00\",\"dateModified\":\"2024-07-28T10:02:40+00:00\",\"author\":{\"@id\":\"https:\/\/puntdereferencia.org\/es\/#\/schema\/person\/c475209bcc857303ec6ed0259d3cf078\"},\"breadcrumb\":{\"@id\":\"https:\/\/puntdereferencia.org\/es\/15455\/#breadcrumb\"},\"inLanguage\":\"es\",\"potentialAction\":[{\"@type\":\"ReadAction\",\"target\":[\"https:\/\/puntdereferencia.org\/es\/15455\/\"]}]},{\"@type\":\"ImageObject\",\"inLanguage\":\"es\",\"@id\":\"https:\/\/puntdereferencia.org\/es\/15455\/#primaryimage\",\"url\":\"https:\/\/puntdereferencia.org\/wp-content\/uploads\/2024\/07\/Foto-Leticia-i-Assiaga-scaled-1.jpeg\",\"contentUrl\":\"https:\/\/puntdereferencia.org\/wp-content\/uploads\/2024\/07\/Foto-Leticia-i-Assiaga-scaled-1.jpeg\",\"width\":2560,\"height\":1831},{\"@type\":\"BreadcrumbList\",\"@id\":\"https:\/\/puntdereferencia.org\/es\/15455\/#breadcrumb\",\"itemListElement\":[{\"@type\":\"ListItem\",\"position\":1,\"name\":\"Inici\",\"item\":\"https:\/\/puntdereferencia.org\/es\/inicio\/\"},{\"@type\":\"ListItem\",\"position\":2,\"name\":\"Historias de mentor\u00eda: conoce a Isiaga y Leticia\"}]},{\"@type\":\"WebSite\",\"@id\":\"https:\/\/puntdereferencia.org\/es\/#website\",\"url\":\"https:\/\/puntdereferencia.org\/es\/\",\"name\":\"Punt de Referencia\",\"description\":\"\",\"potentialAction\":[{\"@type\":\"SearchAction\",\"target\":{\"@type\":\"EntryPoint\",\"urlTemplate\":\"https:\/\/puntdereferencia.org\/es\/?s={search_term_string}\"},\"query-input\":{\"@type\":\"PropertyValueSpecification\",\"valueRequired\":true,\"valueName\":\"search_term_string\"}}],\"inLanguage\":\"es\"},{\"@type\":\"Person\",\"@id\":\"https:\/\/puntdereferencia.org\/es\/#\/schema\/person\/c475209bcc857303ec6ed0259d3cf078\",\"name\":\"admin\",\"image\":{\"@type\":\"ImageObject\",\"inLanguage\":\"es\",\"@id\":\"https:\/\/puntdereferencia.org\/es\/#\/schema\/person\/image\/\",\"url\":\"https:\/\/secure.gravatar.com\/avatar\/ff306d55f6aedb51a29e838506fafaa76a30bce9f5db9aca2e28921b903aaad2?s=96&d=mm&r=g\",\"contentUrl\":\"https:\/\/secure.gravatar.com\/avatar\/ff306d55f6aedb51a29e838506fafaa76a30bce9f5db9aca2e28921b903aaad2?s=96&d=mm&r=g\",\"caption\":\"admin\"},\"sameAs\":[\"http:\/\/\/home\/puntref\/webapps\/web2024\"],\"url\":\"https:\/\/puntdereferencia.org\/es\/author\/admin\/\"}]}<\/script>\n<!-- \/ Yoast SEO plugin. -->","yoast_head_json":{"title":"Historias de mentor\u00eda: conoce a Isiaga y Leticia - Punt de Referencia","robots":{"index":"index","follow":"follow","max-snippet":"max-snippet:-1","max-image-preview":"max-image-preview:large","max-video-preview":"max-video-preview:-1"},"canonical":"https:\/\/puntdereferencia.org\/es\/15455\/","og_locale":"es_ES","og_type":"article","og_title":"Historias de mentor\u00eda: conoce a Isiaga y Leticia - Punt de Referencia","og_description":"Issiaga y Leticia explican riendo que nunca jam\u00e1s se hubieran conocido. Que era imposible que sus caminos se cruzaran. Esta es la magia del proyecto Referents. Dos personas que nunca coincidir\u00edan de manera natural acaban estableciendo un v\u00ednculo de confianza, una relaci\u00f3n \u00fanica, que se cuece a fuego lento, con tiempo y dedicaci\u00f3n. Son una [&hellip;]","og_url":"https:\/\/puntdereferencia.org\/es\/15455\/","og_site_name":"Punt de Referencia","article_published_time":"2023-05-02T07:00:28+00:00","article_modified_time":"2024-07-28T10:02:40+00:00","og_image":[{"width":2560,"height":1831,"url":"https:\/\/puntdereferencia.org\/wp-content\/uploads\/2024\/07\/Foto-Leticia-i-Assiaga-scaled-1.jpeg","type":"image\/jpeg"}],"author":"admin","twitter_card":"summary_large_image","twitter_misc":{"Escrito por":"admin","Tiempo de lectura":"6 minutos"},"schema":{"@context":"https:\/\/schema.org","@graph":[{"@type":"Article","@id":"https:\/\/puntdereferencia.org\/es\/15455\/#article","isPartOf":{"@id":"https:\/\/puntdereferencia.org\/es\/15455\/"},"author":{"name":"admin","@id":"https:\/\/puntdereferencia.org\/es\/#\/schema\/person\/c475209bcc857303ec6ed0259d3cf078"},"headline":"Historias de mentor\u00eda: conoce a Isiaga y Leticia","datePublished":"2023-05-02T07:00:28+00:00","dateModified":"2024-07-28T10:02:40+00:00","mainEntityOfPage":{"@id":"https:\/\/puntdereferencia.org\/es\/15455\/"},"wordCount":1039,"commentCount":690,"image":{"@id":"https:\/\/puntdereferencia.org\/es\/15455\/#primaryimage"},"thumbnailUrl":"https:\/\/puntdereferencia.org\/wp-content\/uploads\/2024\/07\/Foto-Leticia-i-Assiaga-scaled-1.jpeg","keywords":["emancipaci\u00f3n","j\u00f3venes","mentoria","oportunidades","voluntariado"],"articleSection":["NOTICIAS"],"inLanguage":"es","potentialAction":[{"@type":"CommentAction","name":"Comment","target":["https:\/\/puntdereferencia.org\/es\/15455\/#respond"]}]},{"@type":"WebPage","@id":"https:\/\/puntdereferencia.org\/es\/15455\/","url":"https:\/\/puntdereferencia.org\/es\/15455\/","name":"Historias de mentor\u00eda: conoce a Isiaga y Leticia - Punt de Referencia","isPartOf":{"@id":"https:\/\/puntdereferencia.org\/es\/#website"},"primaryImageOfPage":{"@id":"https:\/\/puntdereferencia.org\/es\/15455\/#primaryimage"},"image":{"@id":"https:\/\/puntdereferencia.org\/es\/15455\/#primaryimage"},"thumbnailUrl":"https:\/\/puntdereferencia.org\/wp-content\/uploads\/2024\/07\/Foto-Leticia-i-Assiaga-scaled-1.jpeg","datePublished":"2023-05-02T07:00:28+00:00","dateModified":"2024-07-28T10:02:40+00:00","author":{"@id":"https:\/\/puntdereferencia.org\/es\/#\/schema\/person\/c475209bcc857303ec6ed0259d3cf078"},"breadcrumb":{"@id":"https:\/\/puntdereferencia.org\/es\/15455\/#breadcrumb"},"inLanguage":"es","potentialAction":[{"@type":"ReadAction","target":["https:\/\/puntdereferencia.org\/es\/15455\/"]}]},{"@type":"ImageObject","inLanguage":"es","@id":"https:\/\/puntdereferencia.org\/es\/15455\/#primaryimage","url":"https:\/\/puntdereferencia.org\/wp-content\/uploads\/2024\/07\/Foto-Leticia-i-Assiaga-scaled-1.jpeg","contentUrl":"https:\/\/puntdereferencia.org\/wp-content\/uploads\/2024\/07\/Foto-Leticia-i-Assiaga-scaled-1.jpeg","width":2560,"height":1831},{"@type":"BreadcrumbList","@id":"https:\/\/puntdereferencia.org\/es\/15455\/#breadcrumb","itemListElement":[{"@type":"ListItem","position":1,"name":"Inici","item":"https:\/\/puntdereferencia.org\/es\/inicio\/"},{"@type":"ListItem","position":2,"name":"Historias de mentor\u00eda: conoce a Isiaga y Leticia"}]},{"@type":"WebSite","@id":"https:\/\/puntdereferencia.org\/es\/#website","url":"https:\/\/puntdereferencia.org\/es\/","name":"Punt de Referencia","description":"","potentialAction":[{"@type":"SearchAction","target":{"@type":"EntryPoint","urlTemplate":"https:\/\/puntdereferencia.org\/es\/?s={search_term_string}"},"query-input":{"@type":"PropertyValueSpecification","valueRequired":true,"valueName":"search_term_string"}}],"inLanguage":"es"},{"@type":"Person","@id":"https:\/\/puntdereferencia.org\/es\/#\/schema\/person\/c475209bcc857303ec6ed0259d3cf078","name":"admin","image":{"@type":"ImageObject","inLanguage":"es","@id":"https:\/\/puntdereferencia.org\/es\/#\/schema\/person\/image\/","url":"https:\/\/secure.gravatar.com\/avatar\/ff306d55f6aedb51a29e838506fafaa76a30bce9f5db9aca2e28921b903aaad2?s=96&d=mm&r=g","contentUrl":"https:\/\/secure.gravatar.com\/avatar\/ff306d55f6aedb51a29e838506fafaa76a30bce9f5db9aca2e28921b903aaad2?s=96&d=mm&r=g","caption":"admin"},"sameAs":["http:\/\/\/home\/puntref\/webapps\/web2024"],"url":"https:\/\/puntdereferencia.org\/es\/author\/admin\/"}]}},"_links":{"self":[{"href":"https:\/\/puntdereferencia.org\/es\/wp-json\/wp\/v2\/posts\/24729","targetHints":{"allow":["GET"]}}],"collection":[{"href":"https:\/\/puntdereferencia.org\/es\/wp-json\/wp\/v2\/posts"}],"about":[{"href":"https:\/\/puntdereferencia.org\/es\/wp-json\/wp\/v2\/types\/post"}],"author":[{"embeddable":true,"href":"https:\/\/puntdereferencia.org\/es\/wp-json\/wp\/v2\/users\/1"}],"replies":[{"embeddable":true,"href":"https:\/\/puntdereferencia.org\/es\/wp-json\/wp\/v2\/comments?post=24729"}],"version-history":[{"count":2,"href":"https:\/\/puntdereferencia.org\/es\/wp-json\/wp\/v2\/posts\/24729\/revisions"}],"predecessor-version":[{"id":25512,"href":"https:\/\/puntdereferencia.org\/es\/wp-json\/wp\/v2\/posts\/24729\/revisions\/25512"}],"wp:featuredmedia":[{"embeddable":true,"href":"https:\/\/puntdereferencia.org\/es\/wp-json\/wp\/v2\/media\/23461"}],"wp:attachment":[{"href":"https:\/\/puntdereferencia.org\/es\/wp-json\/wp\/v2\/media?parent=24729"}],"wp:term":[{"taxonomy":"category","embeddable":true,"href":"https:\/\/puntdereferencia.org\/es\/wp-json\/wp\/v2\/categories?post=24729"},{"taxonomy":"post_tag","embeddable":true,"href":"https:\/\/puntdereferencia.org\/es\/wp-json\/wp\/v2\/tags?post=24729"}],"curies":[{"name":"wp","href":"https:\/\/api.w.org\/{rel}","templated":true}]}}