{"id":24744,"date":"2023-07-13T13:40:43","date_gmt":"2023-07-13T13:40:43","guid":{"rendered":"https:\/\/puntdereferencia.org\/el-proceso-de-mentoria-tiene-que-ser-sencillo-quedar-y-dejarse-llevar\/"},"modified":"2024-07-28T09:36:28","modified_gmt":"2024-07-28T09:36:28","slug":"el-proceso-de-mentoria-tiene-que-ser-sencillo-quedar-y-dejarse-llevar","status":"publish","type":"post","link":"https:\/\/puntdereferencia.org\/es\/el-proceso-de-mentoria-tiene-que-ser-sencillo-quedar-y-dejarse-llevar\/","title":{"rendered":"\u201cEl proceso de mentor\u00eda tiene que ser sencillo: quedar y dejarse llevar\u201d"},"content":{"rendered":"<ul>\n<li><strong>Compartimos experiencias de mentor\u00eda con las mentoras de Punt de Refer\u00e8ncia, Irene Castro y Goretti Coronas, en el encuentro presencial informativo.<\/strong><\/li>\n<\/ul>\n<p>El pasado 12 de julio, recibimos a una veintena de personas interesadas en hacer mentor\u00eda en una sesi\u00f3n informativa para resolver dudas sobre el voluntariado y conocer en detalle los proyectos de acompa\u00f1amiento de Punt de Refer\u00e8ncia. Despu\u00e9s de este primer contacto, las personas interesadas en hacer mentor\u00eda realizar\u00e1n una entrevista y una formaci\u00f3n de 10 horas para profundizar en el perfil de los j\u00f3venes y en c\u00f3mo relacionarse con ellos.<\/p>\n<p>Al\u00edcia Garc\u00eda, t\u00e9cnica de la entidad, destaca que <strong>la mentor\u00eda no debe verse desde una perspectiva paternalista o como una forma de salvaci\u00f3n<\/strong>: \u00abLa mentor\u00eda se debe hacer reconociendo a los j\u00f3venes. Por mucho que sean j\u00f3venes, toman sus propias decisiones y seguramente ya han tomado algunas muy complicadas, y eso hay que valorarlo\u00bb.<\/p>\n<p>En esta ocasi\u00f3n, contamos con dos mentoras que compartieron su experiencia durante el voluntariado. Las mentoras enfatizaron que para establecer una buena relaci\u00f3n con los j\u00f3venes, es necesario dejar de lado las expectativas y escuchar sus necesidades.<strong> \u00abHacer mentor\u00eda debe ser sencillo: quedar, dejarse llevar y ver qu\u00e9 necesita el joven\u00bb<\/strong>, destaca Irene Castro, mentora desde hace tres meses.<\/p>\n<p><img loading=\"lazy\" decoding=\"async\" class=\"wp-image-15809 alignleft\" src=\"https:\/\/puntdereferencia.org\/wp-content\/uploads\/2024\/07\/WhatsApp-Image-2023-07-13-at-09.38.50.jpeg\" alt=\"\" width=\"339\" height=\"293\" \/>Las mentoras tambi\u00e9n resaltaron que durante la mentor\u00eda es importante dejar de lado los prejuicios. <strong>\u00abUna de las grandes preocupaciones es no tener conversaci\u00f3n con el joven. Hay que entender que para nosotros los silencios son inc\u00f3modos, pero seg\u00fan de d\u00f3nde venga puede que no lo sean\u00bb<\/strong>, resume Goretti Coronas Patau, mentora desde hace cuatro meses.<\/p>\n<p>Durante el proceso de mentor\u00eda, es crucial entender que no hay dos relaciones iguales. Hay muchos factores que influyen en el acompa\u00f1amiento, como el nivel ling\u00fc\u00edstico o el conocimiento del territorio. Todas las relaciones requieren tiempo para establecer un v\u00ednculo de confianza, y con los j\u00f3venes ocurre lo mismo. Coronas destaca que no se ha sentido sola durante el proceso gracias al seguimiento de Punt de Refer\u00e8ncia: <strong>\u00abAnte las dudas y las expectativas, el seguimiento individual que hacemos con el equipo de Punt de Refer\u00e8ncia es clave\u00bb.<\/strong><\/p>\n<p>&nbsp;<\/p>\n<p>&nbsp;<\/p>\n<p>&nbsp;<\/p>\n<p><span style=\"text-decoration: underline;\"><strong>Pr\u00f3ximas sesiones informativas<\/strong><\/span><\/p>\n<p>Si est\u00e1s interesado en ser mentor y no has podido venir al encuentro presencial, te invitamos a dos sesiones informativas virtuales:<\/p>\n<ul>\n<li>Martes 18 de julio, a las 18 h<\/li>\n<li>Martes 8 de agosto, a las 18 h<\/li>\n<\/ul>\n<p>Para inscribirte en las sesiones informativas virtuales, env\u00eda un correo electr\u00f3nico a <a href=\"mailto:voluntariat@puntdereferencia.org\" target=\"_new\" rel=\"noopener\">voluntariat@puntdereferencia.org<\/a>, indicando tu nombre y la sesi\u00f3n que te interesa.<\/p>\n","protected":false},"excerpt":{"rendered":"<p>Compartimos experiencias de mentor\u00eda con las mentoras de Punt de Refer\u00e8ncia, Irene Castro y Goretti Coronas, en el encuentro presencial informativo. El pasado 12 de julio, recibimos a una veintena de personas interesadas en hacer mentor\u00eda en una sesi\u00f3n informativa para resolver dudas sobre el voluntariado y conocer en detalle los proyectos de acompa\u00f1amiento de [&hellip;]<\/p>\n","protected":false},"author":1,"featured_media":23593,"comment_status":"open","ping_status":"open","sticky":false,"template":"","format":"standard","meta":{"footnotes":""},"categories":[913],"tags":[25,11,13],"class_list":["post-24744","post","type-post","status-publish","format-standard","has-post-thumbnail","hentry","category-noticias-es","tag-joves","tag-mentoria","tag-voluntariat"],"yoast_head":"<!-- This site is optimized with the Yoast SEO plugin v27.1.1 - https:\/\/yoast.com\/product\/yoast-seo-wordpress\/ -->\n<title>\u201cEl proceso de mentor\u00eda tiene que ser sencillo: quedar y dejarse llevar\u201d - Punt de Referencia<\/title>\n<meta name=\"robots\" content=\"index, follow, max-snippet:-1, max-image-preview:large, max-video-preview:-1\" \/>\n<link rel=\"canonical\" href=\"https:\/\/puntdereferencia.org\/es\/el-proceso-de-mentoria-tiene-que-ser-sencillo-quedar-y-dejarse-llevar\/\" \/>\n<meta property=\"og:locale\" content=\"es_ES\" \/>\n<meta property=\"og:type\" content=\"article\" \/>\n<meta property=\"og:title\" content=\"\u201cEl proceso de mentor\u00eda tiene que ser sencillo: quedar y dejarse llevar\u201d - Punt de Referencia\" \/>\n<meta property=\"og:description\" content=\"Compartimos experiencias de mentor\u00eda con las mentoras de Punt de Refer\u00e8ncia, Irene Castro y Goretti Coronas, en el encuentro presencial informativo. El pasado 12 de julio, recibimos a una veintena de personas interesadas en hacer mentor\u00eda en una sesi\u00f3n informativa para resolver dudas sobre el voluntariado y conocer en detalle los proyectos de acompa\u00f1amiento de [&hellip;]\" \/>\n<meta property=\"og:url\" content=\"https:\/\/puntdereferencia.org\/es\/el-proceso-de-mentoria-tiene-que-ser-sencillo-quedar-y-dejarse-llevar\/\" \/>\n<meta property=\"og:site_name\" content=\"Punt de Referencia\" \/>\n<meta property=\"article:published_time\" content=\"2023-07-13T13:40:43+00:00\" \/>\n<meta property=\"article:modified_time\" content=\"2024-07-28T09:36:28+00:00\" \/>\n<meta property=\"og:image\" content=\"https:\/\/puntdereferencia.org\/wp-content\/uploads\/2024\/07\/Voluntari-Jove_2.jpeg\" \/>\n\t<meta property=\"og:image:width\" content=\"1600\" \/>\n\t<meta property=\"og:image:height\" content=\"1200\" \/>\n\t<meta property=\"og:image:type\" content=\"image\/jpeg\" \/>\n<meta name=\"author\" content=\"admin\" \/>\n<meta name=\"twitter:card\" content=\"summary_large_image\" \/>\n<meta name=\"twitter:label1\" content=\"Escrito por\" \/>\n\t<meta name=\"twitter:data1\" content=\"admin\" \/>\n\t<meta name=\"twitter:label2\" content=\"Tiempo de lectura\" \/>\n\t<meta name=\"twitter:data2\" content=\"3 minutos\" \/>\n<script type=\"application\/ld+json\" class=\"yoast-schema-graph\">{\"@context\":\"https:\/\/schema.org\",\"@graph\":[{\"@type\":\"Article\",\"@id\":\"https:\/\/puntdereferencia.org\/es\/el-proceso-de-mentoria-tiene-que-ser-sencillo-quedar-y-dejarse-llevar\/#article\",\"isPartOf\":{\"@id\":\"https:\/\/puntdereferencia.org\/es\/el-proceso-de-mentoria-tiene-que-ser-sencillo-quedar-y-dejarse-llevar\/\"},\"author\":{\"name\":\"admin\",\"@id\":\"https:\/\/puntdereferencia.org\/es\/#\/schema\/person\/c475209bcc857303ec6ed0259d3cf078\"},\"headline\":\"\u201cEl proceso de mentor\u00eda tiene que ser sencillo: quedar y dejarse llevar\u201d\",\"datePublished\":\"2023-07-13T13:40:43+00:00\",\"dateModified\":\"2024-07-28T09:36:28+00:00\",\"mainEntityOfPage\":{\"@id\":\"https:\/\/puntdereferencia.org\/es\/el-proceso-de-mentoria-tiene-que-ser-sencillo-quedar-y-dejarse-llevar\/\"},\"wordCount\":464,\"commentCount\":727,\"image\":{\"@id\":\"https:\/\/puntdereferencia.org\/es\/el-proceso-de-mentoria-tiene-que-ser-sencillo-quedar-y-dejarse-llevar\/#primaryimage\"},\"thumbnailUrl\":\"https:\/\/puntdereferencia.org\/wp-content\/uploads\/2024\/07\/Voluntari-Jove_2-e1722331627221.jpeg\",\"keywords\":[\"joves\",\"mentoria\",\"voluntariat\"],\"articleSection\":[\"NOTICIAS\"],\"inLanguage\":\"es\",\"potentialAction\":[{\"@type\":\"CommentAction\",\"name\":\"Comment\",\"target\":[\"https:\/\/puntdereferencia.org\/es\/el-proceso-de-mentoria-tiene-que-ser-sencillo-quedar-y-dejarse-llevar\/#respond\"]}]},{\"@type\":\"WebPage\",\"@id\":\"https:\/\/puntdereferencia.org\/es\/el-proceso-de-mentoria-tiene-que-ser-sencillo-quedar-y-dejarse-llevar\/\",\"url\":\"https:\/\/puntdereferencia.org\/es\/el-proceso-de-mentoria-tiene-que-ser-sencillo-quedar-y-dejarse-llevar\/\",\"name\":\"\u201cEl proceso de mentor\u00eda tiene que ser sencillo: quedar y dejarse llevar\u201d - Punt de Referencia\",\"isPartOf\":{\"@id\":\"https:\/\/puntdereferencia.org\/es\/#website\"},\"primaryImageOfPage\":{\"@id\":\"https:\/\/puntdereferencia.org\/es\/el-proceso-de-mentoria-tiene-que-ser-sencillo-quedar-y-dejarse-llevar\/#primaryimage\"},\"image\":{\"@id\":\"https:\/\/puntdereferencia.org\/es\/el-proceso-de-mentoria-tiene-que-ser-sencillo-quedar-y-dejarse-llevar\/#primaryimage\"},\"thumbnailUrl\":\"https:\/\/puntdereferencia.org\/wp-content\/uploads\/2024\/07\/Voluntari-Jove_2-e1722331627221.jpeg\",\"datePublished\":\"2023-07-13T13:40:43+00:00\",\"dateModified\":\"2024-07-28T09:36:28+00:00\",\"author\":{\"@id\":\"https:\/\/puntdereferencia.org\/es\/#\/schema\/person\/c475209bcc857303ec6ed0259d3cf078\"},\"breadcrumb\":{\"@id\":\"https:\/\/puntdereferencia.org\/es\/el-proceso-de-mentoria-tiene-que-ser-sencillo-quedar-y-dejarse-llevar\/#breadcrumb\"},\"inLanguage\":\"es\",\"potentialAction\":[{\"@type\":\"ReadAction\",\"target\":[\"https:\/\/puntdereferencia.org\/es\/el-proceso-de-mentoria-tiene-que-ser-sencillo-quedar-y-dejarse-llevar\/\"]}]},{\"@type\":\"ImageObject\",\"inLanguage\":\"es\",\"@id\":\"https:\/\/puntdereferencia.org\/es\/el-proceso-de-mentoria-tiene-que-ser-sencillo-quedar-y-dejarse-llevar\/#primaryimage\",\"url\":\"https:\/\/puntdereferencia.org\/wp-content\/uploads\/2024\/07\/Voluntari-Jove_2-e1722331627221.jpeg\",\"contentUrl\":\"https:\/\/puntdereferencia.org\/wp-content\/uploads\/2024\/07\/Voluntari-Jove_2-e1722331627221.jpeg\",\"width\":1600,\"height\":1200},{\"@type\":\"BreadcrumbList\",\"@id\":\"https:\/\/puntdereferencia.org\/es\/el-proceso-de-mentoria-tiene-que-ser-sencillo-quedar-y-dejarse-llevar\/#breadcrumb\",\"itemListElement\":[{\"@type\":\"ListItem\",\"position\":1,\"name\":\"Inici\",\"item\":\"https:\/\/puntdereferencia.org\/es\/inicio\/\"},{\"@type\":\"ListItem\",\"position\":2,\"name\":\"\u201cEl proceso de mentor\u00eda tiene que ser sencillo: quedar y dejarse llevar\u201d\"}]},{\"@type\":\"WebSite\",\"@id\":\"https:\/\/puntdereferencia.org\/es\/#website\",\"url\":\"https:\/\/puntdereferencia.org\/es\/\",\"name\":\"Punt de Referencia\",\"description\":\"\",\"potentialAction\":[{\"@type\":\"SearchAction\",\"target\":{\"@type\":\"EntryPoint\",\"urlTemplate\":\"https:\/\/puntdereferencia.org\/es\/?s={search_term_string}\"},\"query-input\":{\"@type\":\"PropertyValueSpecification\",\"valueRequired\":true,\"valueName\":\"search_term_string\"}}],\"inLanguage\":\"es\"},{\"@type\":\"Person\",\"@id\":\"https:\/\/puntdereferencia.org\/es\/#\/schema\/person\/c475209bcc857303ec6ed0259d3cf078\",\"name\":\"admin\",\"image\":{\"@type\":\"ImageObject\",\"inLanguage\":\"es\",\"@id\":\"https:\/\/puntdereferencia.org\/es\/#\/schema\/person\/image\/\",\"url\":\"https:\/\/secure.gravatar.com\/avatar\/ff306d55f6aedb51a29e838506fafaa76a30bce9f5db9aca2e28921b903aaad2?s=96&d=mm&r=g\",\"contentUrl\":\"https:\/\/secure.gravatar.com\/avatar\/ff306d55f6aedb51a29e838506fafaa76a30bce9f5db9aca2e28921b903aaad2?s=96&d=mm&r=g\",\"caption\":\"admin\"},\"sameAs\":[\"http:\/\/\/home\/puntref\/webapps\/web2024\"],\"url\":\"https:\/\/puntdereferencia.org\/es\/author\/admin\/\"}]}<\/script>\n<!-- \/ Yoast SEO plugin. -->","yoast_head_json":{"title":"\u201cEl proceso de mentor\u00eda tiene que ser sencillo: quedar y dejarse llevar\u201d - Punt de Referencia","robots":{"index":"index","follow":"follow","max-snippet":"max-snippet:-1","max-image-preview":"max-image-preview:large","max-video-preview":"max-video-preview:-1"},"canonical":"https:\/\/puntdereferencia.org\/es\/el-proceso-de-mentoria-tiene-que-ser-sencillo-quedar-y-dejarse-llevar\/","og_locale":"es_ES","og_type":"article","og_title":"\u201cEl proceso de mentor\u00eda tiene que ser sencillo: quedar y dejarse llevar\u201d - Punt de Referencia","og_description":"Compartimos experiencias de mentor\u00eda con las mentoras de Punt de Refer\u00e8ncia, Irene Castro y Goretti Coronas, en el encuentro presencial informativo. El pasado 12 de julio, recibimos a una veintena de personas interesadas en hacer mentor\u00eda en una sesi\u00f3n informativa para resolver dudas sobre el voluntariado y conocer en detalle los proyectos de acompa\u00f1amiento de [&hellip;]","og_url":"https:\/\/puntdereferencia.org\/es\/el-proceso-de-mentoria-tiene-que-ser-sencillo-quedar-y-dejarse-llevar\/","og_site_name":"Punt de Referencia","article_published_time":"2023-07-13T13:40:43+00:00","article_modified_time":"2024-07-28T09:36:28+00:00","og_image":[{"width":1600,"height":1200,"url":"https:\/\/puntdereferencia.org\/wp-content\/uploads\/2024\/07\/Voluntari-Jove_2.jpeg","type":"image\/jpeg"}],"author":"admin","twitter_card":"summary_large_image","twitter_misc":{"Escrito por":"admin","Tiempo de lectura":"3 minutos"},"schema":{"@context":"https:\/\/schema.org","@graph":[{"@type":"Article","@id":"https:\/\/puntdereferencia.org\/es\/el-proceso-de-mentoria-tiene-que-ser-sencillo-quedar-y-dejarse-llevar\/#article","isPartOf":{"@id":"https:\/\/puntdereferencia.org\/es\/el-proceso-de-mentoria-tiene-que-ser-sencillo-quedar-y-dejarse-llevar\/"},"author":{"name":"admin","@id":"https:\/\/puntdereferencia.org\/es\/#\/schema\/person\/c475209bcc857303ec6ed0259d3cf078"},"headline":"\u201cEl proceso de mentor\u00eda tiene que ser sencillo: quedar y dejarse llevar\u201d","datePublished":"2023-07-13T13:40:43+00:00","dateModified":"2024-07-28T09:36:28+00:00","mainEntityOfPage":{"@id":"https:\/\/puntdereferencia.org\/es\/el-proceso-de-mentoria-tiene-que-ser-sencillo-quedar-y-dejarse-llevar\/"},"wordCount":464,"commentCount":727,"image":{"@id":"https:\/\/puntdereferencia.org\/es\/el-proceso-de-mentoria-tiene-que-ser-sencillo-quedar-y-dejarse-llevar\/#primaryimage"},"thumbnailUrl":"https:\/\/puntdereferencia.org\/wp-content\/uploads\/2024\/07\/Voluntari-Jove_2-e1722331627221.jpeg","keywords":["joves","mentoria","voluntariat"],"articleSection":["NOTICIAS"],"inLanguage":"es","potentialAction":[{"@type":"CommentAction","name":"Comment","target":["https:\/\/puntdereferencia.org\/es\/el-proceso-de-mentoria-tiene-que-ser-sencillo-quedar-y-dejarse-llevar\/#respond"]}]},{"@type":"WebPage","@id":"https:\/\/puntdereferencia.org\/es\/el-proceso-de-mentoria-tiene-que-ser-sencillo-quedar-y-dejarse-llevar\/","url":"https:\/\/puntdereferencia.org\/es\/el-proceso-de-mentoria-tiene-que-ser-sencillo-quedar-y-dejarse-llevar\/","name":"\u201cEl proceso de mentor\u00eda tiene que ser sencillo: quedar y dejarse llevar\u201d - Punt de Referencia","isPartOf":{"@id":"https:\/\/puntdereferencia.org\/es\/#website"},"primaryImageOfPage":{"@id":"https:\/\/puntdereferencia.org\/es\/el-proceso-de-mentoria-tiene-que-ser-sencillo-quedar-y-dejarse-llevar\/#primaryimage"},"image":{"@id":"https:\/\/puntdereferencia.org\/es\/el-proceso-de-mentoria-tiene-que-ser-sencillo-quedar-y-dejarse-llevar\/#primaryimage"},"thumbnailUrl":"https:\/\/puntdereferencia.org\/wp-content\/uploads\/2024\/07\/Voluntari-Jove_2-e1722331627221.jpeg","datePublished":"2023-07-13T13:40:43+00:00","dateModified":"2024-07-28T09:36:28+00:00","author":{"@id":"https:\/\/puntdereferencia.org\/es\/#\/schema\/person\/c475209bcc857303ec6ed0259d3cf078"},"breadcrumb":{"@id":"https:\/\/puntdereferencia.org\/es\/el-proceso-de-mentoria-tiene-que-ser-sencillo-quedar-y-dejarse-llevar\/#breadcrumb"},"inLanguage":"es","potentialAction":[{"@type":"ReadAction","target":["https:\/\/puntdereferencia.org\/es\/el-proceso-de-mentoria-tiene-que-ser-sencillo-quedar-y-dejarse-llevar\/"]}]},{"@type":"ImageObject","inLanguage":"es","@id":"https:\/\/puntdereferencia.org\/es\/el-proceso-de-mentoria-tiene-que-ser-sencillo-quedar-y-dejarse-llevar\/#primaryimage","url":"https:\/\/puntdereferencia.org\/wp-content\/uploads\/2024\/07\/Voluntari-Jove_2-e1722331627221.jpeg","contentUrl":"https:\/\/puntdereferencia.org\/wp-content\/uploads\/2024\/07\/Voluntari-Jove_2-e1722331627221.jpeg","width":1600,"height":1200},{"@type":"BreadcrumbList","@id":"https:\/\/puntdereferencia.org\/es\/el-proceso-de-mentoria-tiene-que-ser-sencillo-quedar-y-dejarse-llevar\/#breadcrumb","itemListElement":[{"@type":"ListItem","position":1,"name":"Inici","item":"https:\/\/puntdereferencia.org\/es\/inicio\/"},{"@type":"ListItem","position":2,"name":"\u201cEl proceso de mentor\u00eda tiene que ser sencillo: quedar y dejarse llevar\u201d"}]},{"@type":"WebSite","@id":"https:\/\/puntdereferencia.org\/es\/#website","url":"https:\/\/puntdereferencia.org\/es\/","name":"Punt de Referencia","description":"","potentialAction":[{"@type":"SearchAction","target":{"@type":"EntryPoint","urlTemplate":"https:\/\/puntdereferencia.org\/es\/?s={search_term_string}"},"query-input":{"@type":"PropertyValueSpecification","valueRequired":true,"valueName":"search_term_string"}}],"inLanguage":"es"},{"@type":"Person","@id":"https:\/\/puntdereferencia.org\/es\/#\/schema\/person\/c475209bcc857303ec6ed0259d3cf078","name":"admin","image":{"@type":"ImageObject","inLanguage":"es","@id":"https:\/\/puntdereferencia.org\/es\/#\/schema\/person\/image\/","url":"https:\/\/secure.gravatar.com\/avatar\/ff306d55f6aedb51a29e838506fafaa76a30bce9f5db9aca2e28921b903aaad2?s=96&d=mm&r=g","contentUrl":"https:\/\/secure.gravatar.com\/avatar\/ff306d55f6aedb51a29e838506fafaa76a30bce9f5db9aca2e28921b903aaad2?s=96&d=mm&r=g","caption":"admin"},"sameAs":["http:\/\/\/home\/puntref\/webapps\/web2024"],"url":"https:\/\/puntdereferencia.org\/es\/author\/admin\/"}]}},"_links":{"self":[{"href":"https:\/\/puntdereferencia.org\/es\/wp-json\/wp\/v2\/posts\/24744","targetHints":{"allow":["GET"]}}],"collection":[{"href":"https:\/\/puntdereferencia.org\/es\/wp-json\/wp\/v2\/posts"}],"about":[{"href":"https:\/\/puntdereferencia.org\/es\/wp-json\/wp\/v2\/types\/post"}],"author":[{"embeddable":true,"href":"https:\/\/puntdereferencia.org\/es\/wp-json\/wp\/v2\/users\/1"}],"replies":[{"embeddable":true,"href":"https:\/\/puntdereferencia.org\/es\/wp-json\/wp\/v2\/comments?post=24744"}],"version-history":[{"count":2,"href":"https:\/\/puntdereferencia.org\/es\/wp-json\/wp\/v2\/posts\/24744\/revisions"}],"predecessor-version":[{"id":25482,"href":"https:\/\/puntdereferencia.org\/es\/wp-json\/wp\/v2\/posts\/24744\/revisions\/25482"}],"wp:featuredmedia":[{"embeddable":true,"href":"https:\/\/puntdereferencia.org\/es\/wp-json\/wp\/v2\/media\/23593"}],"wp:attachment":[{"href":"https:\/\/puntdereferencia.org\/es\/wp-json\/wp\/v2\/media?parent=24744"}],"wp:term":[{"taxonomy":"category","embeddable":true,"href":"https:\/\/puntdereferencia.org\/es\/wp-json\/wp\/v2\/categories?post=24744"},{"taxonomy":"post_tag","embeddable":true,"href":"https:\/\/puntdereferencia.org\/es\/wp-json\/wp\/v2\/tags?post=24744"}],"curies":[{"name":"wp","href":"https:\/\/api.w.org\/{rel}","templated":true}]}}