{"id":24761,"date":"2024-02-15T16:01:44","date_gmt":"2024-02-15T16:01:44","guid":{"rendered":"https:\/\/puntdereferencia.org\/por-fin-es-viernes-organiza-un-concierto-solidario-en-beneficio-de-punt-de-referencia\/"},"modified":"2024-07-28T09:23:16","modified_gmt":"2024-07-28T09:23:16","slug":"por-fin-es-viernes-organiza-un-concierto-solidario-en-beneficio-de-punt-de-referencia","status":"publish","type":"post","link":"https:\/\/puntdereferencia.org\/es\/por-fin-es-viernes-organiza-un-concierto-solidario-en-beneficio-de-punt-de-referencia\/","title":{"rendered":"\u201cPorFinViernes\u201d organiza un concierto solidario en beneficio de Punt de Refer\u00e8ncia"},"content":{"rendered":"<p><img loading=\"lazy\" decoding=\"async\" class=\"size-full wp-image-24966 alignnone\" src=\"https:\/\/puntdereferencia.org\/wp-content\/uploads\/2024\/02\/Por-Fin-Viernes-en-Luz-de-Gas-9-5-19-Santi-Guerrero-Fotografia-81-1-scaled-1170x531_c-1.jpg\" alt=\"\" width=\"1170\" height=\"531\" srcset=\"https:\/\/puntdereferencia.org\/wp-content\/uploads\/2024\/02\/Por-Fin-Viernes-en-Luz-de-Gas-9-5-19-Santi-Guerrero-Fotografia-81-1-scaled-1170x531_c-1.jpg 1170w, https:\/\/puntdereferencia.org\/wp-content\/uploads\/2024\/02\/Por-Fin-Viernes-en-Luz-de-Gas-9-5-19-Santi-Guerrero-Fotografia-81-1-scaled-1170x531_c-1-300x136.jpg 300w, https:\/\/puntdereferencia.org\/wp-content\/uploads\/2024\/02\/Por-Fin-Viernes-en-Luz-de-Gas-9-5-19-Santi-Guerrero-Fotografia-81-1-scaled-1170x531_c-1-1030x467.jpg 1030w, https:\/\/puntdereferencia.org\/wp-content\/uploads\/2024\/02\/Por-Fin-Viernes-en-Luz-de-Gas-9-5-19-Santi-Guerrero-Fotografia-81-1-scaled-1170x531_c-1-768x349.jpg 768w, https:\/\/puntdereferencia.org\/wp-content\/uploads\/2024\/02\/Por-Fin-Viernes-en-Luz-de-Gas-9-5-19-Santi-Guerrero-Fotografia-81-1-scaled-1170x531_c-1-705x320.jpg 705w\" sizes=\"auto, (max-width: 1170px) 100vw, 1170px\" \/><\/p>\n<h5>El grupo de m\u00fasica solidario, <a href=\"https:\/\/www.porfinviernes.es\/\">\u00abPorFinViernes\u00bb<\/a>, organiza un concierto en beneficio de Punt de Refer\u00e8ncia, la Fundaci\u00f3n Esclerosis M\u00faltiple y la Fundaci\u00f3n \u00c8xit el pr\u00f3ximo <strong>21 de marzo en la sala Luz de Gas de Barcelona<\/strong>. Parte de los fondos recaudados se destinar\u00e1n al proyecto Acull de Punt de Refer\u00e8ncia para impulsar la emancipaci\u00f3n e inclusi\u00f3n de j\u00f3venes extutelados o en situaci\u00f3n vulnerable.<\/h5>\n<p>Las entradas se podr\u00e1n comprar a trav\u00e9s de la p\u00e1gina web de Entradium por un precio de 15\u20ac. Adem\u00e1s, el evento ofrece la posibilidad de comprar entradas en la <strong>\u00abfila cero\u00bb<\/strong> por el mismo precio, es decir, ceder el asiento al joven de Punt de Refer\u00e8ncia. <a href=\"https:\/\/entradium.com\/events\/punt-de-referencia-concert-solidari-porfinviernes\">Reserva tu entrada.<\/a><\/p>\n<p><strong>El proyecto Acull<\/strong><\/p>\n<p><strong>\u00abEl joven extutelado vive situaciones de vulnerabilidad que les dificultan poder emanciparse, sin referentes familiares que puedan apoyarles en esta etapa de transici\u00f3n hacia la vida adulta\u00bb<\/strong>, destaca la t\u00e9cnica del Proyecto Acull de Punt de Refer\u00e8ncia, B\u00e0rbara Bort. En este sentido, el proyecto Acull es una herramienta que ofrece el entorno, el v\u00ednculo afectivo y el contexto id\u00f3neo para potenciar la emancipaci\u00f3n e inclusi\u00f3n del joven extutelado o en situaci\u00f3n vulnerable.<\/p>\n<p><strong>Durante el 2022, el 100% de los voluntarios valoraron con un 7, como m\u00ednimo, la participaci\u00f3n en el Proyecto Acull, y el 100% de las personas acogidas recomiendan la experiencia a su entorno.<\/strong><\/p>\n","protected":false},"excerpt":{"rendered":"<p>El grupo de m\u00fasica solidario, \u00abPorFinViernes\u00bb, organiza un concierto en beneficio de Punt de Refer\u00e8ncia, la Fundaci\u00f3n Esclerosis M\u00faltiple y la Fundaci\u00f3n \u00c8xit el pr\u00f3ximo 21 de marzo en la sala Luz de Gas de Barcelona. Parte de los fondos recaudados se destinar\u00e1n al proyecto Acull de Punt de Refer\u00e8ncia para impulsar la emancipaci\u00f3n e [&hellip;]<\/p>\n","protected":false},"author":1,"featured_media":23725,"comment_status":"open","ping_status":"open","sticky":false,"template":"","format":"standard","meta":{"footnotes":""},"categories":[905,913],"tags":[],"class_list":["post-24761","post","type-post","status-publish","format-standard","has-post-thumbnail","hentry","category-agenda-es","category-noticias-es"],"yoast_head":"<!-- This site is optimized with the Yoast SEO plugin v27.1.1 - https:\/\/yoast.com\/product\/yoast-seo-wordpress\/ -->\n<title>\u201cPorFinViernes\u201d organiza un concierto solidario en beneficio de Punt de Refer\u00e8ncia - Punt de Referencia<\/title>\n<meta name=\"robots\" content=\"index, follow, max-snippet:-1, max-image-preview:large, max-video-preview:-1\" \/>\n<link rel=\"canonical\" href=\"https:\/\/puntdereferencia.org\/es\/por-fin-es-viernes-organiza-un-concierto-solidario-en-beneficio-de-punt-de-referencia\/\" \/>\n<meta property=\"og:locale\" content=\"es_ES\" \/>\n<meta property=\"og:type\" content=\"article\" \/>\n<meta property=\"og:title\" content=\"\u201cPorFinViernes\u201d organiza un concierto solidario en beneficio de Punt de Refer\u00e8ncia - Punt de Referencia\" \/>\n<meta property=\"og:description\" content=\"El grupo de m\u00fasica solidario, \u00abPorFinViernes\u00bb, organiza un concierto en beneficio de Punt de Refer\u00e8ncia, la Fundaci\u00f3n Esclerosis M\u00faltiple y la Fundaci\u00f3n \u00c8xit el pr\u00f3ximo 21 de marzo en la sala Luz de Gas de Barcelona. Parte de los fondos recaudados se destinar\u00e1n al proyecto Acull de Punt de Refer\u00e8ncia para impulsar la emancipaci\u00f3n e [&hellip;]\" \/>\n<meta property=\"og:url\" content=\"https:\/\/puntdereferencia.org\/es\/por-fin-es-viernes-organiza-un-concierto-solidario-en-beneficio-de-punt-de-referencia\/\" \/>\n<meta property=\"og:site_name\" content=\"Punt de Referencia\" \/>\n<meta property=\"article:published_time\" content=\"2024-02-15T16:01:44+00:00\" \/>\n<meta property=\"article:modified_time\" content=\"2024-07-28T09:23:16+00:00\" \/>\n<meta property=\"og:image\" content=\"https:\/\/puntdereferencia.org\/wp-content\/uploads\/2024\/07\/Por-Fin-Viernes-en-Luz-de-Gas-9-5-19-Santi-Guerrero-Fotografia-81-1-scaled-1.jpg\" \/>\n\t<meta property=\"og:image:width\" content=\"2560\" \/>\n\t<meta property=\"og:image:height\" content=\"1709\" \/>\n\t<meta property=\"og:image:type\" content=\"image\/jpeg\" \/>\n<meta name=\"author\" content=\"admin\" \/>\n<meta name=\"twitter:card\" content=\"summary_large_image\" \/>\n<meta name=\"twitter:label1\" content=\"Escrito por\" \/>\n\t<meta name=\"twitter:data1\" content=\"admin\" \/>\n\t<meta name=\"twitter:label2\" content=\"Tiempo de lectura\" \/>\n\t<meta name=\"twitter:data2\" content=\"2 minutos\" \/>\n<script type=\"application\/ld+json\" class=\"yoast-schema-graph\">{\"@context\":\"https:\/\/schema.org\",\"@graph\":[{\"@type\":\"Article\",\"@id\":\"https:\/\/puntdereferencia.org\/es\/por-fin-es-viernes-organiza-un-concierto-solidario-en-beneficio-de-punt-de-referencia\/#article\",\"isPartOf\":{\"@id\":\"https:\/\/puntdereferencia.org\/es\/por-fin-es-viernes-organiza-un-concierto-solidario-en-beneficio-de-punt-de-referencia\/\"},\"author\":{\"name\":\"admin\",\"@id\":\"https:\/\/puntdereferencia.org\/es\/#\/schema\/person\/c475209bcc857303ec6ed0259d3cf078\"},\"headline\":\"\u201cPorFinViernes\u201d organiza un concierto solidario en beneficio de Punt de Refer\u00e8ncia\",\"datePublished\":\"2024-02-15T16:01:44+00:00\",\"dateModified\":\"2024-07-28T09:23:16+00:00\",\"mainEntityOfPage\":{\"@id\":\"https:\/\/puntdereferencia.org\/es\/por-fin-es-viernes-organiza-un-concierto-solidario-en-beneficio-de-punt-de-referencia\/\"},\"wordCount\":254,\"commentCount\":0,\"image\":{\"@id\":\"https:\/\/puntdereferencia.org\/es\/por-fin-es-viernes-organiza-un-concierto-solidario-en-beneficio-de-punt-de-referencia\/#primaryimage\"},\"thumbnailUrl\":\"https:\/\/puntdereferencia.org\/wp-content\/uploads\/2024\/07\/Por-Fin-Viernes-en-Luz-de-Gas-9-5-19-Santi-Guerrero-Fotografia-81-1-scaled-1.jpg\",\"articleSection\":[\"AGENDA\",\"NOTICIAS\"],\"inLanguage\":\"es\",\"potentialAction\":[{\"@type\":\"CommentAction\",\"name\":\"Comment\",\"target\":[\"https:\/\/puntdereferencia.org\/es\/por-fin-es-viernes-organiza-un-concierto-solidario-en-beneficio-de-punt-de-referencia\/#respond\"]}]},{\"@type\":\"WebPage\",\"@id\":\"https:\/\/puntdereferencia.org\/es\/por-fin-es-viernes-organiza-un-concierto-solidario-en-beneficio-de-punt-de-referencia\/\",\"url\":\"https:\/\/puntdereferencia.org\/es\/por-fin-es-viernes-organiza-un-concierto-solidario-en-beneficio-de-punt-de-referencia\/\",\"name\":\"\u201cPorFinViernes\u201d organiza un concierto solidario en beneficio de Punt de Refer\u00e8ncia - Punt de Referencia\",\"isPartOf\":{\"@id\":\"https:\/\/puntdereferencia.org\/es\/#website\"},\"primaryImageOfPage\":{\"@id\":\"https:\/\/puntdereferencia.org\/es\/por-fin-es-viernes-organiza-un-concierto-solidario-en-beneficio-de-punt-de-referencia\/#primaryimage\"},\"image\":{\"@id\":\"https:\/\/puntdereferencia.org\/es\/por-fin-es-viernes-organiza-un-concierto-solidario-en-beneficio-de-punt-de-referencia\/#primaryimage\"},\"thumbnailUrl\":\"https:\/\/puntdereferencia.org\/wp-content\/uploads\/2024\/07\/Por-Fin-Viernes-en-Luz-de-Gas-9-5-19-Santi-Guerrero-Fotografia-81-1-scaled-1.jpg\",\"datePublished\":\"2024-02-15T16:01:44+00:00\",\"dateModified\":\"2024-07-28T09:23:16+00:00\",\"author\":{\"@id\":\"https:\/\/puntdereferencia.org\/es\/#\/schema\/person\/c475209bcc857303ec6ed0259d3cf078\"},\"breadcrumb\":{\"@id\":\"https:\/\/puntdereferencia.org\/es\/por-fin-es-viernes-organiza-un-concierto-solidario-en-beneficio-de-punt-de-referencia\/#breadcrumb\"},\"inLanguage\":\"es\",\"potentialAction\":[{\"@type\":\"ReadAction\",\"target\":[\"https:\/\/puntdereferencia.org\/es\/por-fin-es-viernes-organiza-un-concierto-solidario-en-beneficio-de-punt-de-referencia\/\"]}]},{\"@type\":\"ImageObject\",\"inLanguage\":\"es\",\"@id\":\"https:\/\/puntdereferencia.org\/es\/por-fin-es-viernes-organiza-un-concierto-solidario-en-beneficio-de-punt-de-referencia\/#primaryimage\",\"url\":\"https:\/\/puntdereferencia.org\/wp-content\/uploads\/2024\/07\/Por-Fin-Viernes-en-Luz-de-Gas-9-5-19-Santi-Guerrero-Fotografia-81-1-scaled-1.jpg\",\"contentUrl\":\"https:\/\/puntdereferencia.org\/wp-content\/uploads\/2024\/07\/Por-Fin-Viernes-en-Luz-de-Gas-9-5-19-Santi-Guerrero-Fotografia-81-1-scaled-1.jpg\",\"width\":2560,\"height\":1709},{\"@type\":\"BreadcrumbList\",\"@id\":\"https:\/\/puntdereferencia.org\/es\/por-fin-es-viernes-organiza-un-concierto-solidario-en-beneficio-de-punt-de-referencia\/#breadcrumb\",\"itemListElement\":[{\"@type\":\"ListItem\",\"position\":1,\"name\":\"Inici\",\"item\":\"https:\/\/puntdereferencia.org\/es\/inicio\/\"},{\"@type\":\"ListItem\",\"position\":2,\"name\":\"\u201cPorFinViernes\u201d organiza un concierto solidario en beneficio de Punt de Refer\u00e8ncia\"}]},{\"@type\":\"WebSite\",\"@id\":\"https:\/\/puntdereferencia.org\/es\/#website\",\"url\":\"https:\/\/puntdereferencia.org\/es\/\",\"name\":\"Punt de Referencia\",\"description\":\"\",\"potentialAction\":[{\"@type\":\"SearchAction\",\"target\":{\"@type\":\"EntryPoint\",\"urlTemplate\":\"https:\/\/puntdereferencia.org\/es\/?s={search_term_string}\"},\"query-input\":{\"@type\":\"PropertyValueSpecification\",\"valueRequired\":true,\"valueName\":\"search_term_string\"}}],\"inLanguage\":\"es\"},{\"@type\":\"Person\",\"@id\":\"https:\/\/puntdereferencia.org\/es\/#\/schema\/person\/c475209bcc857303ec6ed0259d3cf078\",\"name\":\"admin\",\"image\":{\"@type\":\"ImageObject\",\"inLanguage\":\"es\",\"@id\":\"https:\/\/puntdereferencia.org\/es\/#\/schema\/person\/image\/\",\"url\":\"https:\/\/secure.gravatar.com\/avatar\/ff306d55f6aedb51a29e838506fafaa76a30bce9f5db9aca2e28921b903aaad2?s=96&d=mm&r=g\",\"contentUrl\":\"https:\/\/secure.gravatar.com\/avatar\/ff306d55f6aedb51a29e838506fafaa76a30bce9f5db9aca2e28921b903aaad2?s=96&d=mm&r=g\",\"caption\":\"admin\"},\"sameAs\":[\"http:\/\/\/home\/puntref\/webapps\/web2024\"],\"url\":\"https:\/\/puntdereferencia.org\/es\/author\/admin\/\"}]}<\/script>\n<!-- \/ Yoast SEO plugin. -->","yoast_head_json":{"title":"\u201cPorFinViernes\u201d organiza un concierto solidario en beneficio de Punt de Refer\u00e8ncia - Punt de Referencia","robots":{"index":"index","follow":"follow","max-snippet":"max-snippet:-1","max-image-preview":"max-image-preview:large","max-video-preview":"max-video-preview:-1"},"canonical":"https:\/\/puntdereferencia.org\/es\/por-fin-es-viernes-organiza-un-concierto-solidario-en-beneficio-de-punt-de-referencia\/","og_locale":"es_ES","og_type":"article","og_title":"\u201cPorFinViernes\u201d organiza un concierto solidario en beneficio de Punt de Refer\u00e8ncia - Punt de Referencia","og_description":"El grupo de m\u00fasica solidario, \u00abPorFinViernes\u00bb, organiza un concierto en beneficio de Punt de Refer\u00e8ncia, la Fundaci\u00f3n Esclerosis M\u00faltiple y la Fundaci\u00f3n \u00c8xit el pr\u00f3ximo 21 de marzo en la sala Luz de Gas de Barcelona. Parte de los fondos recaudados se destinar\u00e1n al proyecto Acull de Punt de Refer\u00e8ncia para impulsar la emancipaci\u00f3n e [&hellip;]","og_url":"https:\/\/puntdereferencia.org\/es\/por-fin-es-viernes-organiza-un-concierto-solidario-en-beneficio-de-punt-de-referencia\/","og_site_name":"Punt de Referencia","article_published_time":"2024-02-15T16:01:44+00:00","article_modified_time":"2024-07-28T09:23:16+00:00","og_image":[{"width":2560,"height":1709,"url":"https:\/\/puntdereferencia.org\/wp-content\/uploads\/2024\/07\/Por-Fin-Viernes-en-Luz-de-Gas-9-5-19-Santi-Guerrero-Fotografia-81-1-scaled-1.jpg","type":"image\/jpeg"}],"author":"admin","twitter_card":"summary_large_image","twitter_misc":{"Escrito por":"admin","Tiempo de lectura":"2 minutos"},"schema":{"@context":"https:\/\/schema.org","@graph":[{"@type":"Article","@id":"https:\/\/puntdereferencia.org\/es\/por-fin-es-viernes-organiza-un-concierto-solidario-en-beneficio-de-punt-de-referencia\/#article","isPartOf":{"@id":"https:\/\/puntdereferencia.org\/es\/por-fin-es-viernes-organiza-un-concierto-solidario-en-beneficio-de-punt-de-referencia\/"},"author":{"name":"admin","@id":"https:\/\/puntdereferencia.org\/es\/#\/schema\/person\/c475209bcc857303ec6ed0259d3cf078"},"headline":"\u201cPorFinViernes\u201d organiza un concierto solidario en beneficio de Punt de Refer\u00e8ncia","datePublished":"2024-02-15T16:01:44+00:00","dateModified":"2024-07-28T09:23:16+00:00","mainEntityOfPage":{"@id":"https:\/\/puntdereferencia.org\/es\/por-fin-es-viernes-organiza-un-concierto-solidario-en-beneficio-de-punt-de-referencia\/"},"wordCount":254,"commentCount":0,"image":{"@id":"https:\/\/puntdereferencia.org\/es\/por-fin-es-viernes-organiza-un-concierto-solidario-en-beneficio-de-punt-de-referencia\/#primaryimage"},"thumbnailUrl":"https:\/\/puntdereferencia.org\/wp-content\/uploads\/2024\/07\/Por-Fin-Viernes-en-Luz-de-Gas-9-5-19-Santi-Guerrero-Fotografia-81-1-scaled-1.jpg","articleSection":["AGENDA","NOTICIAS"],"inLanguage":"es","potentialAction":[{"@type":"CommentAction","name":"Comment","target":["https:\/\/puntdereferencia.org\/es\/por-fin-es-viernes-organiza-un-concierto-solidario-en-beneficio-de-punt-de-referencia\/#respond"]}]},{"@type":"WebPage","@id":"https:\/\/puntdereferencia.org\/es\/por-fin-es-viernes-organiza-un-concierto-solidario-en-beneficio-de-punt-de-referencia\/","url":"https:\/\/puntdereferencia.org\/es\/por-fin-es-viernes-organiza-un-concierto-solidario-en-beneficio-de-punt-de-referencia\/","name":"\u201cPorFinViernes\u201d organiza un concierto solidario en beneficio de Punt de Refer\u00e8ncia - Punt de Referencia","isPartOf":{"@id":"https:\/\/puntdereferencia.org\/es\/#website"},"primaryImageOfPage":{"@id":"https:\/\/puntdereferencia.org\/es\/por-fin-es-viernes-organiza-un-concierto-solidario-en-beneficio-de-punt-de-referencia\/#primaryimage"},"image":{"@id":"https:\/\/puntdereferencia.org\/es\/por-fin-es-viernes-organiza-un-concierto-solidario-en-beneficio-de-punt-de-referencia\/#primaryimage"},"thumbnailUrl":"https:\/\/puntdereferencia.org\/wp-content\/uploads\/2024\/07\/Por-Fin-Viernes-en-Luz-de-Gas-9-5-19-Santi-Guerrero-Fotografia-81-1-scaled-1.jpg","datePublished":"2024-02-15T16:01:44+00:00","dateModified":"2024-07-28T09:23:16+00:00","author":{"@id":"https:\/\/puntdereferencia.org\/es\/#\/schema\/person\/c475209bcc857303ec6ed0259d3cf078"},"breadcrumb":{"@id":"https:\/\/puntdereferencia.org\/es\/por-fin-es-viernes-organiza-un-concierto-solidario-en-beneficio-de-punt-de-referencia\/#breadcrumb"},"inLanguage":"es","potentialAction":[{"@type":"ReadAction","target":["https:\/\/puntdereferencia.org\/es\/por-fin-es-viernes-organiza-un-concierto-solidario-en-beneficio-de-punt-de-referencia\/"]}]},{"@type":"ImageObject","inLanguage":"es","@id":"https:\/\/puntdereferencia.org\/es\/por-fin-es-viernes-organiza-un-concierto-solidario-en-beneficio-de-punt-de-referencia\/#primaryimage","url":"https:\/\/puntdereferencia.org\/wp-content\/uploads\/2024\/07\/Por-Fin-Viernes-en-Luz-de-Gas-9-5-19-Santi-Guerrero-Fotografia-81-1-scaled-1.jpg","contentUrl":"https:\/\/puntdereferencia.org\/wp-content\/uploads\/2024\/07\/Por-Fin-Viernes-en-Luz-de-Gas-9-5-19-Santi-Guerrero-Fotografia-81-1-scaled-1.jpg","width":2560,"height":1709},{"@type":"BreadcrumbList","@id":"https:\/\/puntdereferencia.org\/es\/por-fin-es-viernes-organiza-un-concierto-solidario-en-beneficio-de-punt-de-referencia\/#breadcrumb","itemListElement":[{"@type":"ListItem","position":1,"name":"Inici","item":"https:\/\/puntdereferencia.org\/es\/inicio\/"},{"@type":"ListItem","position":2,"name":"\u201cPorFinViernes\u201d organiza un concierto solidario en beneficio de Punt de Refer\u00e8ncia"}]},{"@type":"WebSite","@id":"https:\/\/puntdereferencia.org\/es\/#website","url":"https:\/\/puntdereferencia.org\/es\/","name":"Punt de Referencia","description":"","potentialAction":[{"@type":"SearchAction","target":{"@type":"EntryPoint","urlTemplate":"https:\/\/puntdereferencia.org\/es\/?s={search_term_string}"},"query-input":{"@type":"PropertyValueSpecification","valueRequired":true,"valueName":"search_term_string"}}],"inLanguage":"es"},{"@type":"Person","@id":"https:\/\/puntdereferencia.org\/es\/#\/schema\/person\/c475209bcc857303ec6ed0259d3cf078","name":"admin","image":{"@type":"ImageObject","inLanguage":"es","@id":"https:\/\/puntdereferencia.org\/es\/#\/schema\/person\/image\/","url":"https:\/\/secure.gravatar.com\/avatar\/ff306d55f6aedb51a29e838506fafaa76a30bce9f5db9aca2e28921b903aaad2?s=96&d=mm&r=g","contentUrl":"https:\/\/secure.gravatar.com\/avatar\/ff306d55f6aedb51a29e838506fafaa76a30bce9f5db9aca2e28921b903aaad2?s=96&d=mm&r=g","caption":"admin"},"sameAs":["http:\/\/\/home\/puntref\/webapps\/web2024"],"url":"https:\/\/puntdereferencia.org\/es\/author\/admin\/"}]}},"_links":{"self":[{"href":"https:\/\/puntdereferencia.org\/es\/wp-json\/wp\/v2\/posts\/24761","targetHints":{"allow":["GET"]}}],"collection":[{"href":"https:\/\/puntdereferencia.org\/es\/wp-json\/wp\/v2\/posts"}],"about":[{"href":"https:\/\/puntdereferencia.org\/es\/wp-json\/wp\/v2\/types\/post"}],"author":[{"embeddable":true,"href":"https:\/\/puntdereferencia.org\/es\/wp-json\/wp\/v2\/users\/1"}],"replies":[{"embeddable":true,"href":"https:\/\/puntdereferencia.org\/es\/wp-json\/wp\/v2\/comments?post=24761"}],"version-history":[{"count":6,"href":"https:\/\/puntdereferencia.org\/es\/wp-json\/wp\/v2\/posts\/24761\/revisions"}],"predecessor-version":[{"id":25461,"href":"https:\/\/puntdereferencia.org\/es\/wp-json\/wp\/v2\/posts\/24761\/revisions\/25461"}],"wp:featuredmedia":[{"embeddable":true,"href":"https:\/\/puntdereferencia.org\/es\/wp-json\/wp\/v2\/media\/23725"}],"wp:attachment":[{"href":"https:\/\/puntdereferencia.org\/es\/wp-json\/wp\/v2\/media?parent=24761"}],"wp:term":[{"taxonomy":"category","embeddable":true,"href":"https:\/\/puntdereferencia.org\/es\/wp-json\/wp\/v2\/categories?post=24761"},{"taxonomy":"post_tag","embeddable":true,"href":"https:\/\/puntdereferencia.org\/es\/wp-json\/wp\/v2\/tags?post=24761"}],"curies":[{"name":"wp","href":"https:\/\/api.w.org\/{rel}","templated":true}]}}