{"id":27438,"date":"2024-09-13T09:15:14","date_gmt":"2024-09-13T09:15:14","guid":{"rendered":"https:\/\/puntdereferencia.org\/?p=27438"},"modified":"2024-09-13T09:15:14","modified_gmt":"2024-09-13T09:15:14","slug":"punt-de-referencia-agradece-tu-apoyo-por-conseguir-el-reto-de-la-iniciativa-ungestunmon","status":"publish","type":"post","link":"https:\/\/puntdereferencia.org\/es\/punt-de-referencia-agradece-tu-apoyo-por-conseguir-el-reto-de-la-iniciativa-ungestunmon\/","title":{"rendered":"Punt de Refer\u00e8ncia agradece tu apoyo por conseguir el reto de la iniciativa #UnGestUnM\u00f3n."},"content":{"rendered":"<p>Durante el mes de junio, comenzamos la iniciativa #UnGestUnM\u00f3n para conseguir <strong>100 nuevas personas mentoras que acompa\u00f1en a los j\u00f3venes tutelados y extutelados en su emancipaci\u00f3n hacia la vida adulta.<\/strong> En dos meses, hemos alcanzado el reto: 170 personas han solicitado hacer una sesi\u00f3n informativa para iniciarse en los programas de mentor\u00eda de Punt de Refer\u00e8ncia.<\/p>\n<p>Desde Punt de Refer\u00e8ncia, queremos<strong> darte las gracias<\/strong> porque junto con muchos otros actores como: el voluntariado, las personas mentoras, los j\u00f3venes, el equipo de Punt de Refer\u00e8ncia y los medios de comunicaci\u00f3n que han hablado sobre la iniciativa, hemos logrado el objetivo.<\/p>\n<blockquote><p>La t\u00e9cnica de Punt de Refer\u00e8ncia, Marina Montoya, ha afirmado en un reportaje de La Vanguardia sobre la campa\u00f1a #UnGestUnM\u00f3n: \u00abLos j\u00f3venes tutelados y extutelados necesitan construir una red de apoyo y tener personas en su entorno con las que puedan vincularse\u00bb.<\/p><\/blockquote>\n<p>&nbsp;<\/p>\n<div id=\"attachment_27439\" style=\"width: 585px\" class=\"wp-caption aligncenter\"><img loading=\"lazy\" decoding=\"async\" aria-describedby=\"caption-attachment-27439\" class=\"wp-image-27439\" src=\"https:\/\/puntdereferencia.org\/wp-content\/uploads\/2024\/09\/vanguardia-1.jpeg\" alt=\"\" width=\"575\" height=\"575\" srcset=\"https:\/\/puntdereferencia.org\/wp-content\/uploads\/2024\/09\/vanguardia-1.jpeg 1080w, https:\/\/puntdereferencia.org\/wp-content\/uploads\/2024\/09\/vanguardia-1-300x300.jpeg 300w, https:\/\/puntdereferencia.org\/wp-content\/uploads\/2024\/09\/vanguardia-1-1030x1030.jpeg 1030w, https:\/\/puntdereferencia.org\/wp-content\/uploads\/2024\/09\/vanguardia-1-80x80.jpeg 80w, https:\/\/puntdereferencia.org\/wp-content\/uploads\/2024\/09\/vanguardia-1-768x768.jpeg 768w, https:\/\/puntdereferencia.org\/wp-content\/uploads\/2024\/09\/vanguardia-1-36x36.jpeg 36w, https:\/\/puntdereferencia.org\/wp-content\/uploads\/2024\/09\/vanguardia-1-180x180.jpeg 180w, https:\/\/puntdereferencia.org\/wp-content\/uploads\/2024\/09\/vanguardia-1-705x705.jpeg 705w\" sizes=\"auto, (max-width: 575px) 100vw, 575px\" \/><p id=\"caption-attachment-27439\" class=\"wp-caption-text\">La mentor\u00eda social es clave para acompa\u00f1ar a los j\u00f3venes tutelados y extutelados.<\/p><\/div>\n<p>\u00a1GRACIAS por tus gestos, son un mundo!<\/p>\n","protected":false},"excerpt":{"rendered":"<p>Durante el mes de junio, comenzamos la iniciativa #UnGestUnM\u00f3n para conseguir 100 nuevas personas mentoras que acompa\u00f1en a los j\u00f3venes tutelados y extutelados en su emancipaci\u00f3n hacia la vida adulta. En dos meses, hemos alcanzado el reto: 170 personas han solicitado hacer una sesi\u00f3n informativa para iniciarse en los programas de mentor\u00eda de Punt de [&hellip;]<\/p>\n","protected":false},"author":1,"featured_media":27433,"comment_status":"closed","ping_status":"closed","sticky":false,"template":"","format":"standard","meta":{"footnotes":""},"categories":[913],"tags":[],"class_list":["post-27438","post","type-post","status-publish","format-standard","has-post-thumbnail","hentry","category-noticias-es"],"yoast_head":"<!-- This site is optimized with the Yoast SEO plugin v27.1.1 - https:\/\/yoast.com\/product\/yoast-seo-wordpress\/ -->\n<title>Punt de Refer\u00e8ncia agradece tu apoyo por conseguir el reto de la iniciativa #UnGestUnM\u00f3n. - Punt de Referencia<\/title>\n<meta name=\"robots\" content=\"index, follow, max-snippet:-1, max-image-preview:large, max-video-preview:-1\" \/>\n<link rel=\"canonical\" href=\"https:\/\/puntdereferencia.org\/es\/punt-de-referencia-agradece-tu-apoyo-por-conseguir-el-reto-de-la-iniciativa-ungestunmon\/\" \/>\n<meta property=\"og:locale\" content=\"es_ES\" \/>\n<meta property=\"og:type\" content=\"article\" \/>\n<meta property=\"og:title\" content=\"Punt de Refer\u00e8ncia agradece tu apoyo por conseguir el reto de la iniciativa #UnGestUnM\u00f3n. - Punt de Referencia\" \/>\n<meta property=\"og:description\" content=\"Durante el mes de junio, comenzamos la iniciativa #UnGestUnM\u00f3n para conseguir 100 nuevas personas mentoras que acompa\u00f1en a los j\u00f3venes tutelados y extutelados en su emancipaci\u00f3n hacia la vida adulta. En dos meses, hemos alcanzado el reto: 170 personas han solicitado hacer una sesi\u00f3n informativa para iniciarse en los programas de mentor\u00eda de Punt de [&hellip;]\" \/>\n<meta property=\"og:url\" content=\"https:\/\/puntdereferencia.org\/es\/punt-de-referencia-agradece-tu-apoyo-por-conseguir-el-reto-de-la-iniciativa-ungestunmon\/\" \/>\n<meta property=\"og:site_name\" content=\"Punt de Referencia\" \/>\n<meta property=\"article:published_time\" content=\"2024-09-13T09:15:14+00:00\" \/>\n<meta property=\"og:image\" content=\"https:\/\/puntdereferencia.org\/wp-content\/uploads\/2024\/09\/Copia-de-Copia-de-GRACIES-pel-web.png\" \/>\n\t<meta property=\"og:image:width\" content=\"1080\" \/>\n\t<meta property=\"og:image:height\" content=\"1080\" \/>\n\t<meta property=\"og:image:type\" content=\"image\/png\" \/>\n<meta name=\"author\" content=\"admin\" \/>\n<meta name=\"twitter:card\" content=\"summary_large_image\" \/>\n<meta name=\"twitter:label1\" content=\"Escrito por\" \/>\n\t<meta name=\"twitter:data1\" content=\"admin\" \/>\n\t<meta name=\"twitter:label2\" content=\"Tiempo de lectura\" \/>\n\t<meta name=\"twitter:data2\" content=\"1 minuto\" \/>\n<script type=\"application\/ld+json\" class=\"yoast-schema-graph\">{\"@context\":\"https:\/\/schema.org\",\"@graph\":[{\"@type\":\"Article\",\"@id\":\"https:\/\/puntdereferencia.org\/es\/punt-de-referencia-agradece-tu-apoyo-por-conseguir-el-reto-de-la-iniciativa-ungestunmon\/#article\",\"isPartOf\":{\"@id\":\"https:\/\/puntdereferencia.org\/es\/punt-de-referencia-agradece-tu-apoyo-por-conseguir-el-reto-de-la-iniciativa-ungestunmon\/\"},\"author\":{\"name\":\"admin\",\"@id\":\"https:\/\/puntdereferencia.org\/es\/#\/schema\/person\/c475209bcc857303ec6ed0259d3cf078\"},\"headline\":\"Punt de Refer\u00e8ncia agradece tu apoyo por conseguir el reto de la iniciativa #UnGestUnM\u00f3n.\",\"datePublished\":\"2024-09-13T09:15:14+00:00\",\"mainEntityOfPage\":{\"@id\":\"https:\/\/puntdereferencia.org\/es\/punt-de-referencia-agradece-tu-apoyo-por-conseguir-el-reto-de-la-iniciativa-ungestunmon\/\"},\"wordCount\":202,\"image\":{\"@id\":\"https:\/\/puntdereferencia.org\/es\/punt-de-referencia-agradece-tu-apoyo-por-conseguir-el-reto-de-la-iniciativa-ungestunmon\/#primaryimage\"},\"thumbnailUrl\":\"https:\/\/puntdereferencia.org\/wp-content\/uploads\/2024\/09\/Copia-de-Copia-de-GRACIES-pel-web.png\",\"articleSection\":[\"NOTICIAS\"],\"inLanguage\":\"es\"},{\"@type\":\"WebPage\",\"@id\":\"https:\/\/puntdereferencia.org\/es\/punt-de-referencia-agradece-tu-apoyo-por-conseguir-el-reto-de-la-iniciativa-ungestunmon\/\",\"url\":\"https:\/\/puntdereferencia.org\/es\/punt-de-referencia-agradece-tu-apoyo-por-conseguir-el-reto-de-la-iniciativa-ungestunmon\/\",\"name\":\"Punt de Refer\u00e8ncia agradece tu apoyo por conseguir el reto de la iniciativa #UnGestUnM\u00f3n. - Punt de Referencia\",\"isPartOf\":{\"@id\":\"https:\/\/puntdereferencia.org\/es\/#website\"},\"primaryImageOfPage\":{\"@id\":\"https:\/\/puntdereferencia.org\/es\/punt-de-referencia-agradece-tu-apoyo-por-conseguir-el-reto-de-la-iniciativa-ungestunmon\/#primaryimage\"},\"image\":{\"@id\":\"https:\/\/puntdereferencia.org\/es\/punt-de-referencia-agradece-tu-apoyo-por-conseguir-el-reto-de-la-iniciativa-ungestunmon\/#primaryimage\"},\"thumbnailUrl\":\"https:\/\/puntdereferencia.org\/wp-content\/uploads\/2024\/09\/Copia-de-Copia-de-GRACIES-pel-web.png\",\"datePublished\":\"2024-09-13T09:15:14+00:00\",\"author\":{\"@id\":\"https:\/\/puntdereferencia.org\/es\/#\/schema\/person\/c475209bcc857303ec6ed0259d3cf078\"},\"breadcrumb\":{\"@id\":\"https:\/\/puntdereferencia.org\/es\/punt-de-referencia-agradece-tu-apoyo-por-conseguir-el-reto-de-la-iniciativa-ungestunmon\/#breadcrumb\"},\"inLanguage\":\"es\",\"potentialAction\":[{\"@type\":\"ReadAction\",\"target\":[\"https:\/\/puntdereferencia.org\/es\/punt-de-referencia-agradece-tu-apoyo-por-conseguir-el-reto-de-la-iniciativa-ungestunmon\/\"]}]},{\"@type\":\"ImageObject\",\"inLanguage\":\"es\",\"@id\":\"https:\/\/puntdereferencia.org\/es\/punt-de-referencia-agradece-tu-apoyo-por-conseguir-el-reto-de-la-iniciativa-ungestunmon\/#primaryimage\",\"url\":\"https:\/\/puntdereferencia.org\/wp-content\/uploads\/2024\/09\/Copia-de-Copia-de-GRACIES-pel-web.png\",\"contentUrl\":\"https:\/\/puntdereferencia.org\/wp-content\/uploads\/2024\/09\/Copia-de-Copia-de-GRACIES-pel-web.png\",\"width\":1080,\"height\":1080},{\"@type\":\"BreadcrumbList\",\"@id\":\"https:\/\/puntdereferencia.org\/es\/punt-de-referencia-agradece-tu-apoyo-por-conseguir-el-reto-de-la-iniciativa-ungestunmon\/#breadcrumb\",\"itemListElement\":[{\"@type\":\"ListItem\",\"position\":1,\"name\":\"Inici\",\"item\":\"https:\/\/puntdereferencia.org\/es\/inicio\/\"},{\"@type\":\"ListItem\",\"position\":2,\"name\":\"Punt de Refer\u00e8ncia agradece tu apoyo por conseguir el reto de la iniciativa #UnGestUnM\u00f3n.\"}]},{\"@type\":\"WebSite\",\"@id\":\"https:\/\/puntdereferencia.org\/es\/#website\",\"url\":\"https:\/\/puntdereferencia.org\/es\/\",\"name\":\"Punt de Referencia\",\"description\":\"\",\"potentialAction\":[{\"@type\":\"SearchAction\",\"target\":{\"@type\":\"EntryPoint\",\"urlTemplate\":\"https:\/\/puntdereferencia.org\/es\/?s={search_term_string}\"},\"query-input\":{\"@type\":\"PropertyValueSpecification\",\"valueRequired\":true,\"valueName\":\"search_term_string\"}}],\"inLanguage\":\"es\"},{\"@type\":\"Person\",\"@id\":\"https:\/\/puntdereferencia.org\/es\/#\/schema\/person\/c475209bcc857303ec6ed0259d3cf078\",\"name\":\"admin\",\"image\":{\"@type\":\"ImageObject\",\"inLanguage\":\"es\",\"@id\":\"https:\/\/puntdereferencia.org\/es\/#\/schema\/person\/image\/\",\"url\":\"https:\/\/secure.gravatar.com\/avatar\/ff306d55f6aedb51a29e838506fafaa76a30bce9f5db9aca2e28921b903aaad2?s=96&d=mm&r=g\",\"contentUrl\":\"https:\/\/secure.gravatar.com\/avatar\/ff306d55f6aedb51a29e838506fafaa76a30bce9f5db9aca2e28921b903aaad2?s=96&d=mm&r=g\",\"caption\":\"admin\"},\"sameAs\":[\"http:\/\/\/home\/puntref\/webapps\/web2024\"],\"url\":\"https:\/\/puntdereferencia.org\/es\/author\/admin\/\"}]}<\/script>\n<!-- \/ Yoast SEO plugin. -->","yoast_head_json":{"title":"Punt de Refer\u00e8ncia agradece tu apoyo por conseguir el reto de la iniciativa #UnGestUnM\u00f3n. - Punt de Referencia","robots":{"index":"index","follow":"follow","max-snippet":"max-snippet:-1","max-image-preview":"max-image-preview:large","max-video-preview":"max-video-preview:-1"},"canonical":"https:\/\/puntdereferencia.org\/es\/punt-de-referencia-agradece-tu-apoyo-por-conseguir-el-reto-de-la-iniciativa-ungestunmon\/","og_locale":"es_ES","og_type":"article","og_title":"Punt de Refer\u00e8ncia agradece tu apoyo por conseguir el reto de la iniciativa #UnGestUnM\u00f3n. - Punt de Referencia","og_description":"Durante el mes de junio, comenzamos la iniciativa #UnGestUnM\u00f3n para conseguir 100 nuevas personas mentoras que acompa\u00f1en a los j\u00f3venes tutelados y extutelados en su emancipaci\u00f3n hacia la vida adulta. En dos meses, hemos alcanzado el reto: 170 personas han solicitado hacer una sesi\u00f3n informativa para iniciarse en los programas de mentor\u00eda de Punt de [&hellip;]","og_url":"https:\/\/puntdereferencia.org\/es\/punt-de-referencia-agradece-tu-apoyo-por-conseguir-el-reto-de-la-iniciativa-ungestunmon\/","og_site_name":"Punt de Referencia","article_published_time":"2024-09-13T09:15:14+00:00","og_image":[{"width":1080,"height":1080,"url":"https:\/\/puntdereferencia.org\/wp-content\/uploads\/2024\/09\/Copia-de-Copia-de-GRACIES-pel-web.png","type":"image\/png"}],"author":"admin","twitter_card":"summary_large_image","twitter_misc":{"Escrito por":"admin","Tiempo de lectura":"1 minuto"},"schema":{"@context":"https:\/\/schema.org","@graph":[{"@type":"Article","@id":"https:\/\/puntdereferencia.org\/es\/punt-de-referencia-agradece-tu-apoyo-por-conseguir-el-reto-de-la-iniciativa-ungestunmon\/#article","isPartOf":{"@id":"https:\/\/puntdereferencia.org\/es\/punt-de-referencia-agradece-tu-apoyo-por-conseguir-el-reto-de-la-iniciativa-ungestunmon\/"},"author":{"name":"admin","@id":"https:\/\/puntdereferencia.org\/es\/#\/schema\/person\/c475209bcc857303ec6ed0259d3cf078"},"headline":"Punt de Refer\u00e8ncia agradece tu apoyo por conseguir el reto de la iniciativa #UnGestUnM\u00f3n.","datePublished":"2024-09-13T09:15:14+00:00","mainEntityOfPage":{"@id":"https:\/\/puntdereferencia.org\/es\/punt-de-referencia-agradece-tu-apoyo-por-conseguir-el-reto-de-la-iniciativa-ungestunmon\/"},"wordCount":202,"image":{"@id":"https:\/\/puntdereferencia.org\/es\/punt-de-referencia-agradece-tu-apoyo-por-conseguir-el-reto-de-la-iniciativa-ungestunmon\/#primaryimage"},"thumbnailUrl":"https:\/\/puntdereferencia.org\/wp-content\/uploads\/2024\/09\/Copia-de-Copia-de-GRACIES-pel-web.png","articleSection":["NOTICIAS"],"inLanguage":"es"},{"@type":"WebPage","@id":"https:\/\/puntdereferencia.org\/es\/punt-de-referencia-agradece-tu-apoyo-por-conseguir-el-reto-de-la-iniciativa-ungestunmon\/","url":"https:\/\/puntdereferencia.org\/es\/punt-de-referencia-agradece-tu-apoyo-por-conseguir-el-reto-de-la-iniciativa-ungestunmon\/","name":"Punt de Refer\u00e8ncia agradece tu apoyo por conseguir el reto de la iniciativa #UnGestUnM\u00f3n. - Punt de Referencia","isPartOf":{"@id":"https:\/\/puntdereferencia.org\/es\/#website"},"primaryImageOfPage":{"@id":"https:\/\/puntdereferencia.org\/es\/punt-de-referencia-agradece-tu-apoyo-por-conseguir-el-reto-de-la-iniciativa-ungestunmon\/#primaryimage"},"image":{"@id":"https:\/\/puntdereferencia.org\/es\/punt-de-referencia-agradece-tu-apoyo-por-conseguir-el-reto-de-la-iniciativa-ungestunmon\/#primaryimage"},"thumbnailUrl":"https:\/\/puntdereferencia.org\/wp-content\/uploads\/2024\/09\/Copia-de-Copia-de-GRACIES-pel-web.png","datePublished":"2024-09-13T09:15:14+00:00","author":{"@id":"https:\/\/puntdereferencia.org\/es\/#\/schema\/person\/c475209bcc857303ec6ed0259d3cf078"},"breadcrumb":{"@id":"https:\/\/puntdereferencia.org\/es\/punt-de-referencia-agradece-tu-apoyo-por-conseguir-el-reto-de-la-iniciativa-ungestunmon\/#breadcrumb"},"inLanguage":"es","potentialAction":[{"@type":"ReadAction","target":["https:\/\/puntdereferencia.org\/es\/punt-de-referencia-agradece-tu-apoyo-por-conseguir-el-reto-de-la-iniciativa-ungestunmon\/"]}]},{"@type":"ImageObject","inLanguage":"es","@id":"https:\/\/puntdereferencia.org\/es\/punt-de-referencia-agradece-tu-apoyo-por-conseguir-el-reto-de-la-iniciativa-ungestunmon\/#primaryimage","url":"https:\/\/puntdereferencia.org\/wp-content\/uploads\/2024\/09\/Copia-de-Copia-de-GRACIES-pel-web.png","contentUrl":"https:\/\/puntdereferencia.org\/wp-content\/uploads\/2024\/09\/Copia-de-Copia-de-GRACIES-pel-web.png","width":1080,"height":1080},{"@type":"BreadcrumbList","@id":"https:\/\/puntdereferencia.org\/es\/punt-de-referencia-agradece-tu-apoyo-por-conseguir-el-reto-de-la-iniciativa-ungestunmon\/#breadcrumb","itemListElement":[{"@type":"ListItem","position":1,"name":"Inici","item":"https:\/\/puntdereferencia.org\/es\/inicio\/"},{"@type":"ListItem","position":2,"name":"Punt de Refer\u00e8ncia agradece tu apoyo por conseguir el reto de la iniciativa #UnGestUnM\u00f3n."}]},{"@type":"WebSite","@id":"https:\/\/puntdereferencia.org\/es\/#website","url":"https:\/\/puntdereferencia.org\/es\/","name":"Punt de Referencia","description":"","potentialAction":[{"@type":"SearchAction","target":{"@type":"EntryPoint","urlTemplate":"https:\/\/puntdereferencia.org\/es\/?s={search_term_string}"},"query-input":{"@type":"PropertyValueSpecification","valueRequired":true,"valueName":"search_term_string"}}],"inLanguage":"es"},{"@type":"Person","@id":"https:\/\/puntdereferencia.org\/es\/#\/schema\/person\/c475209bcc857303ec6ed0259d3cf078","name":"admin","image":{"@type":"ImageObject","inLanguage":"es","@id":"https:\/\/puntdereferencia.org\/es\/#\/schema\/person\/image\/","url":"https:\/\/secure.gravatar.com\/avatar\/ff306d55f6aedb51a29e838506fafaa76a30bce9f5db9aca2e28921b903aaad2?s=96&d=mm&r=g","contentUrl":"https:\/\/secure.gravatar.com\/avatar\/ff306d55f6aedb51a29e838506fafaa76a30bce9f5db9aca2e28921b903aaad2?s=96&d=mm&r=g","caption":"admin"},"sameAs":["http:\/\/\/home\/puntref\/webapps\/web2024"],"url":"https:\/\/puntdereferencia.org\/es\/author\/admin\/"}]}},"_links":{"self":[{"href":"https:\/\/puntdereferencia.org\/es\/wp-json\/wp\/v2\/posts\/27438","targetHints":{"allow":["GET"]}}],"collection":[{"href":"https:\/\/puntdereferencia.org\/es\/wp-json\/wp\/v2\/posts"}],"about":[{"href":"https:\/\/puntdereferencia.org\/es\/wp-json\/wp\/v2\/types\/post"}],"author":[{"embeddable":true,"href":"https:\/\/puntdereferencia.org\/es\/wp-json\/wp\/v2\/users\/1"}],"replies":[{"embeddable":true,"href":"https:\/\/puntdereferencia.org\/es\/wp-json\/wp\/v2\/comments?post=27438"}],"version-history":[{"count":2,"href":"https:\/\/puntdereferencia.org\/es\/wp-json\/wp\/v2\/posts\/27438\/revisions"}],"predecessor-version":[{"id":27443,"href":"https:\/\/puntdereferencia.org\/es\/wp-json\/wp\/v2\/posts\/27438\/revisions\/27443"}],"wp:featuredmedia":[{"embeddable":true,"href":"https:\/\/puntdereferencia.org\/es\/wp-json\/wp\/v2\/media\/27433"}],"wp:attachment":[{"href":"https:\/\/puntdereferencia.org\/es\/wp-json\/wp\/v2\/media?parent=27438"}],"wp:term":[{"taxonomy":"category","embeddable":true,"href":"https:\/\/puntdereferencia.org\/es\/wp-json\/wp\/v2\/categories?post=27438"},{"taxonomy":"post_tag","embeddable":true,"href":"https:\/\/puntdereferencia.org\/es\/wp-json\/wp\/v2\/tags?post=27438"}],"curies":[{"name":"wp","href":"https:\/\/api.w.org\/{rel}","templated":true}]}}