{"id":27936,"date":"2024-10-31T09:40:00","date_gmt":"2024-10-31T09:40:00","guid":{"rendered":"https:\/\/puntdereferencia.org\/?p=27936"},"modified":"2024-11-04T14:47:28","modified_gmt":"2024-11-04T14:47:28","slug":"empezamos-una-campana-de-captacion-de-personas-socias","status":"publish","type":"post","link":"https:\/\/puntdereferencia.org\/es\/empezamos-una-campana-de-captacion-de-personas-socias\/","title":{"rendered":"Empezamos una campa\u00f1a de captaci\u00f3n de personas socias"},"content":{"rendered":"<p><img loading=\"lazy\" decoding=\"async\" class=\"alignleft size-full wp-image-27927\" src=\"https:\/\/puntdereferencia.org\/wp-content\/uploads\/2024\/10\/baners-mail-per-tallar2.png\" alt=\"\" width=\"2835\" height=\"1080\" srcset=\"https:\/\/puntdereferencia.org\/wp-content\/uploads\/2024\/10\/baners-mail-per-tallar2.png 2835w, https:\/\/puntdereferencia.org\/wp-content\/uploads\/2024\/10\/baners-mail-per-tallar2-300x114.png 300w, https:\/\/puntdereferencia.org\/wp-content\/uploads\/2024\/10\/baners-mail-per-tallar2-1030x392.png 1030w, https:\/\/puntdereferencia.org\/wp-content\/uploads\/2024\/10\/baners-mail-per-tallar2-768x293.png 768w, https:\/\/puntdereferencia.org\/wp-content\/uploads\/2024\/10\/baners-mail-per-tallar2-1536x585.png 1536w, https:\/\/puntdereferencia.org\/wp-content\/uploads\/2024\/10\/baners-mail-per-tallar2-2048x780.png 2048w, https:\/\/puntdereferencia.org\/wp-content\/uploads\/2024\/10\/baners-mail-per-tallar2-1500x571.png 1500w, https:\/\/puntdereferencia.org\/wp-content\/uploads\/2024\/10\/baners-mail-per-tallar2-705x269.png 705w, https:\/\/puntdereferencia.org\/wp-content\/uploads\/2024\/10\/baners-mail-per-tallar2-845x321.png 845w\" sizes=\"auto, (max-width: 2835px) 100vw, 2835px\" \/><\/p>\n<ul>\n<li>\n<h2><strong>Queremos incorporar a 500 personas socias a Punt de Refer\u00e8ncia<\/strong><\/h2>\n<\/li>\n<\/ul>\n<section class=\"av_textblock_section av-m1yq6nn8-cd87c32e36501970ab7044e28e8209d2 \"><\/section>\n<section class=\"av_textblock_section av-m20cr5yc-d2dd8a7a58caa284245a19b8fe336720 \">\n<div class=\"avia_textblock\">En Catalu\u00f1a, cada a\u00f1o, 1.000 j\u00f3venes cumplen dieciocho a\u00f1os y pierden el apoyo institucional. Como sociedad, no solo no estamos dando respuesta a esta realidad, sino que el creciente discurso xen\u00f3fobo y racista complica la socializaci\u00f3n de estos j\u00f3venes. Es fundamental que la sociedad civil organizada, a trav\u00e9s de entidades como Punt de Refer\u00e8ncia, vele por seguir garantizando los derechos de los j\u00f3venes sin red de apoyo. Por este motivo, lanzamos una campa\u00f1a de captaci\u00f3n de personas socias. Necesitamos 500 personas socias que hagan aportaciones econ\u00f3micas regulares y se puedan sumar a las comisiones de trabajo como un compromiso para garantizar la estabilidad, autonom\u00eda y viabilidad del proyecto a largo plazo. Necesitamos aumentar la base social, te necesitamos a ti.<strong>\u201cSer socia y acompa\u00f1ar a esta entidad ha sido un camino de crecimiento mutuo, que me ha permitido participar activamente en la sociedad que deseo. Me niego a creer que no podemos cambiar las cosas; solo hace falta quererlo, a veces un peque\u00f1o gesto puede cambiar el mundo\u201d<\/strong>, destaca la presidenta y socia de Punt de Refer\u00e8ncia, M\u00f2nica Arg\u00fas.<\/p>\n<\/div>\n<\/section>\n<h3><strong>Tus donaciones desgravan hasta un 95%<\/strong><\/h3>\n<p>Las donaciones a entidades sin \u00e1nimo de lucro tienen una desgravaci\u00f3n del 80% en aportaciones iguales o inferiores a 250 \u20ac. Adem\u00e1s, las entidades miembros del Censo de entidades de fomento de la lengua catalana tienen una desgravaci\u00f3n adicional del 15%.<br \/>\nPor ejemplo: <strong>Con una donaci\u00f3n de 20 euros mensuales, pagar\u00e1s solo 1\u20ac.<\/strong><\/p>\n<p><a href=\"https:\/\/puntdereferencia.org\/wp-content\/uploads\/2024\/10\/DeduccionsIndividual_Revisio2.pdf\">Consulta todas las desgravaciones individuales &gt;<\/a><\/p>\n<p><a href=\"https:\/\/puntdereferencia.org\/fes-te-soci-a-persones\/\">Hazte socio o socia de Punt de Refer\u00e8ncia &gt;<\/a><\/p>\n","protected":false},"excerpt":{"rendered":"<p>Queremos incorporar a 500 personas socias a Punt de Refer\u00e8ncia En Catalu\u00f1a, cada a\u00f1o, 1.000 j\u00f3venes cumplen dieciocho a\u00f1os y pierden el apoyo institucional. Como sociedad, no solo no estamos dando respuesta a esta realidad, sino que el creciente discurso xen\u00f3fobo y racista complica la socializaci\u00f3n de estos j\u00f3venes. Es fundamental que la sociedad civil [&hellip;]<\/p>\n","protected":false},"author":1,"featured_media":27913,"comment_status":"closed","ping_status":"closed","sticky":false,"template":"","format":"standard","meta":{"footnotes":""},"categories":[913],"tags":[],"class_list":["post-27936","post","type-post","status-publish","format-standard","has-post-thumbnail","hentry","category-noticias-es"],"yoast_head":"<!-- This site is optimized with the Yoast SEO plugin v27.1.1 - https:\/\/yoast.com\/product\/yoast-seo-wordpress\/ -->\n<title>Empezamos una campa\u00f1a de captaci\u00f3n de personas socias - Punt de Referencia<\/title>\n<meta name=\"robots\" content=\"index, follow, max-snippet:-1, max-image-preview:large, max-video-preview:-1\" \/>\n<link rel=\"canonical\" href=\"https:\/\/puntdereferencia.org\/es\/empezamos-una-campana-de-captacion-de-personas-socias\/\" \/>\n<meta property=\"og:locale\" content=\"es_ES\" \/>\n<meta property=\"og:type\" content=\"article\" \/>\n<meta property=\"og:title\" content=\"Empezamos una campa\u00f1a de captaci\u00f3n de personas socias - Punt de Referencia\" \/>\n<meta property=\"og:description\" content=\"Queremos incorporar a 500 personas socias a Punt de Refer\u00e8ncia En Catalu\u00f1a, cada a\u00f1o, 1.000 j\u00f3venes cumplen dieciocho a\u00f1os y pierden el apoyo institucional. Como sociedad, no solo no estamos dando respuesta a esta realidad, sino que el creciente discurso xen\u00f3fobo y racista complica la socializaci\u00f3n de estos j\u00f3venes. Es fundamental que la sociedad civil [&hellip;]\" \/>\n<meta property=\"og:url\" content=\"https:\/\/puntdereferencia.org\/es\/empezamos-una-campana-de-captacion-de-personas-socias\/\" \/>\n<meta property=\"og:site_name\" content=\"Punt de Referencia\" \/>\n<meta property=\"article:published_time\" content=\"2024-10-31T09:40:00+00:00\" \/>\n<meta property=\"article:modified_time\" content=\"2024-11-04T14:47:28+00:00\" \/>\n<meta property=\"og:image\" content=\"https:\/\/puntdereferencia.org\/wp-content\/uploads\/2024\/10\/PdR_CampanyaCaptacio_Def.png\" \/>\n\t<meta property=\"og:image:width\" content=\"2250\" \/>\n\t<meta property=\"og:image:height\" content=\"2250\" \/>\n\t<meta property=\"og:image:type\" content=\"image\/png\" \/>\n<meta name=\"author\" content=\"admin\" \/>\n<meta name=\"twitter:card\" content=\"summary_large_image\" \/>\n<meta name=\"twitter:label1\" content=\"Escrito por\" \/>\n\t<meta name=\"twitter:data1\" content=\"admin\" \/>\n\t<meta name=\"twitter:label2\" content=\"Tiempo de lectura\" \/>\n\t<meta name=\"twitter:data2\" content=\"2 minutos\" \/>\n<script type=\"application\/ld+json\" class=\"yoast-schema-graph\">{\"@context\":\"https:\/\/schema.org\",\"@graph\":[{\"@type\":\"Article\",\"@id\":\"https:\/\/puntdereferencia.org\/es\/empezamos-una-campana-de-captacion-de-personas-socias\/#article\",\"isPartOf\":{\"@id\":\"https:\/\/puntdereferencia.org\/es\/empezamos-una-campana-de-captacion-de-personas-socias\/\"},\"author\":{\"name\":\"admin\",\"@id\":\"https:\/\/puntdereferencia.org\/es\/#\/schema\/person\/c475209bcc857303ec6ed0259d3cf078\"},\"headline\":\"Empezamos una campa\u00f1a de captaci\u00f3n de personas socias\",\"datePublished\":\"2024-10-31T09:40:00+00:00\",\"dateModified\":\"2024-11-04T14:47:28+00:00\",\"mainEntityOfPage\":{\"@id\":\"https:\/\/puntdereferencia.org\/es\/empezamos-una-campana-de-captacion-de-personas-socias\/\"},\"wordCount\":289,\"image\":{\"@id\":\"https:\/\/puntdereferencia.org\/es\/empezamos-una-campana-de-captacion-de-personas-socias\/#primaryimage\"},\"thumbnailUrl\":\"https:\/\/puntdereferencia.org\/wp-content\/uploads\/2024\/10\/PdR_CampanyaCaptacio_Def.png\",\"articleSection\":[\"NOTICIAS\"],\"inLanguage\":\"es\"},{\"@type\":\"WebPage\",\"@id\":\"https:\/\/puntdereferencia.org\/es\/empezamos-una-campana-de-captacion-de-personas-socias\/\",\"url\":\"https:\/\/puntdereferencia.org\/es\/empezamos-una-campana-de-captacion-de-personas-socias\/\",\"name\":\"Empezamos una campa\u00f1a de captaci\u00f3n de personas socias - Punt de Referencia\",\"isPartOf\":{\"@id\":\"https:\/\/puntdereferencia.org\/es\/#website\"},\"primaryImageOfPage\":{\"@id\":\"https:\/\/puntdereferencia.org\/es\/empezamos-una-campana-de-captacion-de-personas-socias\/#primaryimage\"},\"image\":{\"@id\":\"https:\/\/puntdereferencia.org\/es\/empezamos-una-campana-de-captacion-de-personas-socias\/#primaryimage\"},\"thumbnailUrl\":\"https:\/\/puntdereferencia.org\/wp-content\/uploads\/2024\/10\/PdR_CampanyaCaptacio_Def.png\",\"datePublished\":\"2024-10-31T09:40:00+00:00\",\"dateModified\":\"2024-11-04T14:47:28+00:00\",\"author\":{\"@id\":\"https:\/\/puntdereferencia.org\/es\/#\/schema\/person\/c475209bcc857303ec6ed0259d3cf078\"},\"breadcrumb\":{\"@id\":\"https:\/\/puntdereferencia.org\/es\/empezamos-una-campana-de-captacion-de-personas-socias\/#breadcrumb\"},\"inLanguage\":\"es\",\"potentialAction\":[{\"@type\":\"ReadAction\",\"target\":[\"https:\/\/puntdereferencia.org\/es\/empezamos-una-campana-de-captacion-de-personas-socias\/\"]}]},{\"@type\":\"ImageObject\",\"inLanguage\":\"es\",\"@id\":\"https:\/\/puntdereferencia.org\/es\/empezamos-una-campana-de-captacion-de-personas-socias\/#primaryimage\",\"url\":\"https:\/\/puntdereferencia.org\/wp-content\/uploads\/2024\/10\/PdR_CampanyaCaptacio_Def.png\",\"contentUrl\":\"https:\/\/puntdereferencia.org\/wp-content\/uploads\/2024\/10\/PdR_CampanyaCaptacio_Def.png\",\"width\":2250,\"height\":2250},{\"@type\":\"BreadcrumbList\",\"@id\":\"https:\/\/puntdereferencia.org\/es\/empezamos-una-campana-de-captacion-de-personas-socias\/#breadcrumb\",\"itemListElement\":[{\"@type\":\"ListItem\",\"position\":1,\"name\":\"Inici\",\"item\":\"https:\/\/puntdereferencia.org\/es\/inicio\/\"},{\"@type\":\"ListItem\",\"position\":2,\"name\":\"Empezamos una campa\u00f1a de captaci\u00f3n de personas socias\"}]},{\"@type\":\"WebSite\",\"@id\":\"https:\/\/puntdereferencia.org\/es\/#website\",\"url\":\"https:\/\/puntdereferencia.org\/es\/\",\"name\":\"Punt de Referencia\",\"description\":\"\",\"potentialAction\":[{\"@type\":\"SearchAction\",\"target\":{\"@type\":\"EntryPoint\",\"urlTemplate\":\"https:\/\/puntdereferencia.org\/es\/?s={search_term_string}\"},\"query-input\":{\"@type\":\"PropertyValueSpecification\",\"valueRequired\":true,\"valueName\":\"search_term_string\"}}],\"inLanguage\":\"es\"},{\"@type\":\"Person\",\"@id\":\"https:\/\/puntdereferencia.org\/es\/#\/schema\/person\/c475209bcc857303ec6ed0259d3cf078\",\"name\":\"admin\",\"image\":{\"@type\":\"ImageObject\",\"inLanguage\":\"es\",\"@id\":\"https:\/\/puntdereferencia.org\/es\/#\/schema\/person\/image\/\",\"url\":\"https:\/\/secure.gravatar.com\/avatar\/ff306d55f6aedb51a29e838506fafaa76a30bce9f5db9aca2e28921b903aaad2?s=96&d=mm&r=g\",\"contentUrl\":\"https:\/\/secure.gravatar.com\/avatar\/ff306d55f6aedb51a29e838506fafaa76a30bce9f5db9aca2e28921b903aaad2?s=96&d=mm&r=g\",\"caption\":\"admin\"},\"sameAs\":[\"http:\/\/\/home\/puntref\/webapps\/web2024\"],\"url\":\"https:\/\/puntdereferencia.org\/es\/author\/admin\/\"}]}<\/script>\n<!-- \/ Yoast SEO plugin. -->","yoast_head_json":{"title":"Empezamos una campa\u00f1a de captaci\u00f3n de personas socias - Punt de Referencia","robots":{"index":"index","follow":"follow","max-snippet":"max-snippet:-1","max-image-preview":"max-image-preview:large","max-video-preview":"max-video-preview:-1"},"canonical":"https:\/\/puntdereferencia.org\/es\/empezamos-una-campana-de-captacion-de-personas-socias\/","og_locale":"es_ES","og_type":"article","og_title":"Empezamos una campa\u00f1a de captaci\u00f3n de personas socias - Punt de Referencia","og_description":"Queremos incorporar a 500 personas socias a Punt de Refer\u00e8ncia En Catalu\u00f1a, cada a\u00f1o, 1.000 j\u00f3venes cumplen dieciocho a\u00f1os y pierden el apoyo institucional. Como sociedad, no solo no estamos dando respuesta a esta realidad, sino que el creciente discurso xen\u00f3fobo y racista complica la socializaci\u00f3n de estos j\u00f3venes. Es fundamental que la sociedad civil [&hellip;]","og_url":"https:\/\/puntdereferencia.org\/es\/empezamos-una-campana-de-captacion-de-personas-socias\/","og_site_name":"Punt de Referencia","article_published_time":"2024-10-31T09:40:00+00:00","article_modified_time":"2024-11-04T14:47:28+00:00","og_image":[{"width":2250,"height":2250,"url":"https:\/\/puntdereferencia.org\/wp-content\/uploads\/2024\/10\/PdR_CampanyaCaptacio_Def.png","type":"image\/png"}],"author":"admin","twitter_card":"summary_large_image","twitter_misc":{"Escrito por":"admin","Tiempo de lectura":"2 minutos"},"schema":{"@context":"https:\/\/schema.org","@graph":[{"@type":"Article","@id":"https:\/\/puntdereferencia.org\/es\/empezamos-una-campana-de-captacion-de-personas-socias\/#article","isPartOf":{"@id":"https:\/\/puntdereferencia.org\/es\/empezamos-una-campana-de-captacion-de-personas-socias\/"},"author":{"name":"admin","@id":"https:\/\/puntdereferencia.org\/es\/#\/schema\/person\/c475209bcc857303ec6ed0259d3cf078"},"headline":"Empezamos una campa\u00f1a de captaci\u00f3n de personas socias","datePublished":"2024-10-31T09:40:00+00:00","dateModified":"2024-11-04T14:47:28+00:00","mainEntityOfPage":{"@id":"https:\/\/puntdereferencia.org\/es\/empezamos-una-campana-de-captacion-de-personas-socias\/"},"wordCount":289,"image":{"@id":"https:\/\/puntdereferencia.org\/es\/empezamos-una-campana-de-captacion-de-personas-socias\/#primaryimage"},"thumbnailUrl":"https:\/\/puntdereferencia.org\/wp-content\/uploads\/2024\/10\/PdR_CampanyaCaptacio_Def.png","articleSection":["NOTICIAS"],"inLanguage":"es"},{"@type":"WebPage","@id":"https:\/\/puntdereferencia.org\/es\/empezamos-una-campana-de-captacion-de-personas-socias\/","url":"https:\/\/puntdereferencia.org\/es\/empezamos-una-campana-de-captacion-de-personas-socias\/","name":"Empezamos una campa\u00f1a de captaci\u00f3n de personas socias - Punt de Referencia","isPartOf":{"@id":"https:\/\/puntdereferencia.org\/es\/#website"},"primaryImageOfPage":{"@id":"https:\/\/puntdereferencia.org\/es\/empezamos-una-campana-de-captacion-de-personas-socias\/#primaryimage"},"image":{"@id":"https:\/\/puntdereferencia.org\/es\/empezamos-una-campana-de-captacion-de-personas-socias\/#primaryimage"},"thumbnailUrl":"https:\/\/puntdereferencia.org\/wp-content\/uploads\/2024\/10\/PdR_CampanyaCaptacio_Def.png","datePublished":"2024-10-31T09:40:00+00:00","dateModified":"2024-11-04T14:47:28+00:00","author":{"@id":"https:\/\/puntdereferencia.org\/es\/#\/schema\/person\/c475209bcc857303ec6ed0259d3cf078"},"breadcrumb":{"@id":"https:\/\/puntdereferencia.org\/es\/empezamos-una-campana-de-captacion-de-personas-socias\/#breadcrumb"},"inLanguage":"es","potentialAction":[{"@type":"ReadAction","target":["https:\/\/puntdereferencia.org\/es\/empezamos-una-campana-de-captacion-de-personas-socias\/"]}]},{"@type":"ImageObject","inLanguage":"es","@id":"https:\/\/puntdereferencia.org\/es\/empezamos-una-campana-de-captacion-de-personas-socias\/#primaryimage","url":"https:\/\/puntdereferencia.org\/wp-content\/uploads\/2024\/10\/PdR_CampanyaCaptacio_Def.png","contentUrl":"https:\/\/puntdereferencia.org\/wp-content\/uploads\/2024\/10\/PdR_CampanyaCaptacio_Def.png","width":2250,"height":2250},{"@type":"BreadcrumbList","@id":"https:\/\/puntdereferencia.org\/es\/empezamos-una-campana-de-captacion-de-personas-socias\/#breadcrumb","itemListElement":[{"@type":"ListItem","position":1,"name":"Inici","item":"https:\/\/puntdereferencia.org\/es\/inicio\/"},{"@type":"ListItem","position":2,"name":"Empezamos una campa\u00f1a de captaci\u00f3n de personas socias"}]},{"@type":"WebSite","@id":"https:\/\/puntdereferencia.org\/es\/#website","url":"https:\/\/puntdereferencia.org\/es\/","name":"Punt de Referencia","description":"","potentialAction":[{"@type":"SearchAction","target":{"@type":"EntryPoint","urlTemplate":"https:\/\/puntdereferencia.org\/es\/?s={search_term_string}"},"query-input":{"@type":"PropertyValueSpecification","valueRequired":true,"valueName":"search_term_string"}}],"inLanguage":"es"},{"@type":"Person","@id":"https:\/\/puntdereferencia.org\/es\/#\/schema\/person\/c475209bcc857303ec6ed0259d3cf078","name":"admin","image":{"@type":"ImageObject","inLanguage":"es","@id":"https:\/\/puntdereferencia.org\/es\/#\/schema\/person\/image\/","url":"https:\/\/secure.gravatar.com\/avatar\/ff306d55f6aedb51a29e838506fafaa76a30bce9f5db9aca2e28921b903aaad2?s=96&d=mm&r=g","contentUrl":"https:\/\/secure.gravatar.com\/avatar\/ff306d55f6aedb51a29e838506fafaa76a30bce9f5db9aca2e28921b903aaad2?s=96&d=mm&r=g","caption":"admin"},"sameAs":["http:\/\/\/home\/puntref\/webapps\/web2024"],"url":"https:\/\/puntdereferencia.org\/es\/author\/admin\/"}]}},"_links":{"self":[{"href":"https:\/\/puntdereferencia.org\/es\/wp-json\/wp\/v2\/posts\/27936","targetHints":{"allow":["GET"]}}],"collection":[{"href":"https:\/\/puntdereferencia.org\/es\/wp-json\/wp\/v2\/posts"}],"about":[{"href":"https:\/\/puntdereferencia.org\/es\/wp-json\/wp\/v2\/types\/post"}],"author":[{"embeddable":true,"href":"https:\/\/puntdereferencia.org\/es\/wp-json\/wp\/v2\/users\/1"}],"replies":[{"embeddable":true,"href":"https:\/\/puntdereferencia.org\/es\/wp-json\/wp\/v2\/comments?post=27936"}],"version-history":[{"count":2,"href":"https:\/\/puntdereferencia.org\/es\/wp-json\/wp\/v2\/posts\/27936\/revisions"}],"predecessor-version":[{"id":27998,"href":"https:\/\/puntdereferencia.org\/es\/wp-json\/wp\/v2\/posts\/27936\/revisions\/27998"}],"wp:featuredmedia":[{"embeddable":true,"href":"https:\/\/puntdereferencia.org\/es\/wp-json\/wp\/v2\/media\/27913"}],"wp:attachment":[{"href":"https:\/\/puntdereferencia.org\/es\/wp-json\/wp\/v2\/media?parent=27936"}],"wp:term":[{"taxonomy":"category","embeddable":true,"href":"https:\/\/puntdereferencia.org\/es\/wp-json\/wp\/v2\/categories?post=27936"},{"taxonomy":"post_tag","embeddable":true,"href":"https:\/\/puntdereferencia.org\/es\/wp-json\/wp\/v2\/tags?post=27936"}],"curies":[{"name":"wp","href":"https:\/\/api.w.org\/{rel}","templated":true}]}}