{"id":28023,"date":"2024-11-25T16:02:28","date_gmt":"2024-11-25T16:02:28","guid":{"rendered":"https:\/\/puntdereferencia.org\/?p=28023"},"modified":"2024-11-28T13:58:33","modified_gmt":"2024-11-28T13:58:33","slug":"entrevista-es-fundamental-construir-una-idea-de-nosotros-en-la-que-todo-el-mundo-se-sienta-parte-de-la-sociedad","status":"publish","type":"post","link":"https:\/\/puntdereferencia.org\/es\/entrevista-es-fundamental-construir-una-idea-de-nosotros-en-la-que-todo-el-mundo-se-sienta-parte-de-la-sociedad\/","title":{"rendered":"ENTREVISTA: \u00abEs fundamental construir una idea de \u00abnosotros\u00bb en la que todo el mundo se sienta parte de la sociedad\u00bb"},"content":{"rendered":"<p><span style=\"font-weight: 400;\"><img loading=\"lazy\" decoding=\"async\" class=\"alignleft wp-image-28017 size-full\" src=\"https:\/\/puntdereferencia.org\/wp-content\/uploads\/2024\/11\/walter-eva-11-scaled-e1732550506798.jpg\" alt=\"\" width=\"2560\" height=\"880\" srcset=\"https:\/\/puntdereferencia.org\/wp-content\/uploads\/2024\/11\/walter-eva-11-scaled-e1732550506798.jpg 2560w, https:\/\/puntdereferencia.org\/wp-content\/uploads\/2024\/11\/walter-eva-11-scaled-e1732550506798-300x103.jpg 300w, https:\/\/puntdereferencia.org\/wp-content\/uploads\/2024\/11\/walter-eva-11-scaled-e1732550506798-1030x354.jpg 1030w, https:\/\/puntdereferencia.org\/wp-content\/uploads\/2024\/11\/walter-eva-11-scaled-e1732550506798-768x264.jpg 768w, https:\/\/puntdereferencia.org\/wp-content\/uploads\/2024\/11\/walter-eva-11-scaled-e1732550506798-1536x528.jpg 1536w, https:\/\/puntdereferencia.org\/wp-content\/uploads\/2024\/11\/walter-eva-11-scaled-e1732550506798-2048x704.jpg 2048w, https:\/\/puntdereferencia.org\/wp-content\/uploads\/2024\/11\/walter-eva-11-scaled-e1732550506798-1500x516.jpg 1500w, https:\/\/puntdereferencia.org\/wp-content\/uploads\/2024\/11\/walter-eva-11-scaled-e1732550506798-705x242.jpg 705w\" sizes=\"auto, (max-width: 2560px) 100vw, 2560px\" \/><\/span><\/p>\n<p>&nbsp;<\/p>\n<p><span style=\"font-weight: 400;\">\u201cMucha gente peque\u00f1a, en lugares peque\u00f1os, haciendo cosas peque\u00f1as, puede cambiar el mundo\u201d, afirmaba el escritor Eduardo Galeano. Sin embargo, \u00bfc\u00f3mo podemos saber si el voluntariado es efectivo para las personas que acompa\u00f1amos? \u00bfRealmente estamos cambiando el mundo? \u00bfTiene sentido hacer mentor\u00eda social?<\/span><\/p>\n<p><span style=\"font-weight: 400;\">En \u00e1mbitos como los cuidados, los espacios comunitarios o el voluntariado, a veces es dif\u00edcil recopilar datos para conocer los resultados de este trabajo. Por este motivo, los estudios son cruciales. Un ejemplo es el proyecto impulsado por la Universitat de Girona y la Coordinadora de Mentoria Social, \u201c<\/span><a href=\"https:\/\/www.udg.edu\/en\/udg\/detall-noticies\/eventid\/31647\"><span style=\"font-weight: 400;\">Safespaces: Mentor\u00eda, Bienestar y Salud Mental con personas migrantes y refugiadas racializadas<\/span><\/a><span style=\"font-weight: 400;\">\u201d, que tiene por objetivo analizar las relaciones de mentor\u00eda social de las personas migrantes y refugiadas racializadas.<\/span><\/p>\n<p><span style=\"font-weight: 400;\">Hablamos con <\/span><b>\u00d3scar Prieto-Flores<\/b><span style=\"font-weight: 400;\">, investigador del proyecto <\/span><a href=\"https:\/\/www.udg.edu\/en\/udg\/detall-noticies\/eventid\/31647\"><span style=\"font-weight: 400;\">SafeSpaces<\/span><\/a><span style=\"font-weight: 400;\"> de la Universidad de Girona.<\/span><\/p>\n<ul>\n<li aria-level=\"1\"><b>Seg\u00fan SOS Racismo, en 2023, 332 personas recurrieron a la entidad para denunciar situaciones de racismo. Aunque, desde hace a\u00f1os, Catalu\u00f1a es un estado plural con personas reci\u00e9n llegadas de todo el mundo, \u00bfc\u00f3mo ve la sociedad catalana a las personas migrantes?<\/b><\/li>\n<\/ul>\n<p><span style=\"font-weight: 400;\">La sociedad catalana en general se presenta como una sociedad de acogida con manifestaciones p\u00fablicas a favor de la inclusi\u00f3n, pero tambi\u00e9n presenta contradicciones. Por un lado, hay un discurso abierto de acogida. Por otro, existe la discriminaci\u00f3n que sufren las personas migrantes, especialmente las racializadas, en \u00e1mbitos como el laboral, la educaci\u00f3n, la vivienda, entre otros. Adem\u00e1s, el auge de la extrema derecha ha introducido narrativas m\u00e1s excluyentes, utilizando la inmigraci\u00f3n como chivo expiatorio para problemas sociales m\u00e1s amplios.<\/span><\/p>\n<p><b>Desgraciadamente, no estamos construyendo una alternativa al sistema capitalista<\/b><span style=\"font-weight: 400;\">. Por lo tanto, muchas personas de clase trabajadora o aquellas que viven m\u00e1s la vulnerabilidad en primera persona se sienten traicionadas y perciben un menosprecio sutil hacia ellas. En resumen, <\/span><b>esta confusi\u00f3n est\u00e1 siendo utilizada por parte de la extrema derecha para ganar votos y hacer electoralismo con la inmigraci\u00f3n.<\/b><\/p>\n<ul>\n<li aria-level=\"1\"><b>\u00bfPor qu\u00e9 la Universidad de Girona decidi\u00f3 implicarse en el tema, y concretamente apost\u00f3 por incluir la perspectiva de la juventud extutelada?<\/b><\/li>\n<\/ul>\n<p><span style=\"font-weight: 400;\">Hemos visto la necesidad de pasar del enfoque de la interculturalidad a poner sobre la mesa el tema del racismo estructural y el antirracismo, particularmente en programas como la mentor\u00eda social.<\/span><\/p>\n<p><span style=\"font-weight: 400;\">La mentor\u00eda social, tradicionalmente, se ha asociado al di\u00e1logo intercultural: el hecho de dar a conocer a dos personas de culturas diferentes y, a partir de ah\u00ed, generar un acompa\u00f1amiento y aprendizajes entre estas dos personas. En cambio, <\/span><b>la perspectiva de la desigualdad estructural o del racismo no est\u00e1 tan presente muchas veces<\/b><span style=\"font-weight: 400;\">, y pens\u00e1bamos que era importante incluirla.<\/span><\/p>\n<p><span style=\"font-weight: 400;\">En este contexto, la Universidad de Girona ha inaugurado recientemente la C\u00e1tedra de Acci\u00f3n y An\u00e1lisis Antirracista.<\/span><\/p>\n<ul>\n<li aria-level=\"1\"><b>\u00bfEn qu\u00e9 consiste el estudio \u201cSafe Spaces\u201d? \u00bfQu\u00e9 metodolog\u00eda tiene?<\/b><\/li>\n<\/ul>\n<p><span style=\"font-weight: 400;\">El estudio \u00ab<\/span><a href=\"https:\/\/www.udg.edu\/en\/udg\/detall-noticies\/eventid\/31647\"><span style=\"font-weight: 400;\">Safe Spaces<\/span><\/a><span style=\"font-weight: 400;\">\u00ab, financiado por el Observatorio Social de la Fundaci\u00f3n \u201cla Caixa\u201d, tiene como objetivo evaluar el rol de la mentor\u00eda en el bienestar y la salud mental de las personas migrantes y refugiadas racializadas.<\/span><\/p>\n<p><span style=\"font-weight: 400;\">Nos proponemos enfatizar el concepto racializado porque <\/span><b>sabemos que la sociedad de acogida no trata igual a las personas migrantes blancas frente a aquellas que provienen de contextos africanos.<\/b><\/p>\n<p><span style=\"font-weight: 400;\">En primer lugar, la metodolog\u00eda incluye herramientas cuantitativas, como test pre y postintervenci\u00f3n. En segundo lugar, incluye grupos de discusi\u00f3n tanto con mentores como con mentoreados para obtener una visi\u00f3n cualitativa. Finalmente, hay un grupo asesor formado por 6 j\u00f3venes migrantes racializados que han participado en programas de mentor\u00eda para garantizar una perspectiva aut\u00e9ntica y antirracista.<\/span><\/p>\n<ul>\n<li aria-level=\"1\"><b>\u00bfQu\u00e9 consecuencias puede tener una mentor\u00eda insatisfactoria para las personas migrantes, refugiadas o racializadas?<\/b><\/li>\n<\/ul>\n<p><span style=\"font-weight: 400;\">Una mentor\u00eda mal gestionada puede causar da\u00f1o emocional. En el caso de las personas que ya han sufrido mucha fragilidad y desconfianza en las relaciones sociales debido al racismo estructural, el da\u00f1o es a\u00fan mayor, ya que genera un sentimiento de frustraci\u00f3n y desconfianza hacia los programas de ayuda.<\/span><\/p>\n<ul>\n<li aria-level=\"1\"><b>\u00bfQu\u00e9 podemos hacer como sociedad para acoger mejor a las personas migrantes y cuidar su bienestar emocional?<\/b><\/li>\n<\/ul>\n<p><span style=\"font-weight: 400;\">Es necesario pensar de manera sist\u00e9mica y realizar cambios estructurales a diferentes niveles (escuelas, universidades, lugares de trabajo, leyes) para garantizar una inclusi\u00f3n real. Adem\u00e1s, <\/span><b>es fundamental construir una idea de \u201cnosotros\u201d donde todos se sientan parte de la sociedad,<\/b><span style=\"font-weight: 400;\"> mediante pr\u00e1cticas cotidianas como la mentor\u00eda.<\/span><\/p>\n<ul>\n<li aria-level=\"1\"><b>La salud mental es un tema en la agenda actual, pero \u00bfhay suficientes estudios que aborden a los colectivos m\u00e1s vulnerables?<\/b><\/li>\n<\/ul>\n<p><span style=\"font-weight: 400;\">A\u00fan faltan estudios e intervenciones espec\u00edficas que aborden la salud mental de las personas migrantes y refugiadas, as\u00ed como una mayor voluntad pol\u00edtica para financiar programas de apoyo.<\/span><\/p>\n<p><span style=\"font-weight: 400;\">Las entidades del sector social tienen poco financiamiento. Por un lado, muchos programas no avanzan por falta de recursos. Por otro lado, la administraci\u00f3n p\u00fablica no entiende que estos programas forman parte del bienestar social de todos y son parte de la salud p\u00fablica. En resumen, creo que el auge de la extrema derecha est\u00e1 frenando este cambio de paradigma.<\/span><\/p>\n<ul>\n<li aria-level=\"1\"><b>\u00bfPor qu\u00e9 es importante trasladar la investigaci\u00f3n al d\u00eda a d\u00eda de entidades como Punt de Referencia?<\/b><\/li>\n<\/ul>\n<p><span style=\"font-weight: 400;\">En el caso de SafeSpaces, el estudio cuenta con la colaboraci\u00f3n de la Coordinadora de Mentor\u00eda Social y tenemos la voluntad de trasladar los resultados a las entidades participantes. Muchas de las propuestas no dependen del presupuesto de las entidades, sino del compromiso con la investigaci\u00f3n.<\/span><\/p>\n","protected":false},"excerpt":{"rendered":"<p>&nbsp; \u201cMucha gente peque\u00f1a, en lugares peque\u00f1os, haciendo cosas peque\u00f1as, puede cambiar el mundo\u201d, afirmaba el escritor Eduardo Galeano. Sin embargo, \u00bfc\u00f3mo podemos saber si el voluntariado es efectivo para las personas que acompa\u00f1amos? \u00bfRealmente estamos cambiando el mundo? \u00bfTiene sentido hacer mentor\u00eda social? En \u00e1mbitos como los cuidados, los espacios comunitarios o el voluntariado, [&hellip;]<\/p>\n","protected":false},"author":1,"featured_media":28019,"comment_status":"closed","ping_status":"closed","sticky":false,"template":"","format":"standard","meta":{"footnotes":""},"categories":[912],"tags":[],"class_list":["post-28023","post","type-post","status-publish","format-standard","has-post-thumbnail","hentry","category-entrevistas"],"yoast_head":"<!-- This site is optimized with the Yoast SEO plugin v27.1.1 - https:\/\/yoast.com\/product\/yoast-seo-wordpress\/ -->\n<title>ENTREVISTA: \u00abEs fundamental construir una idea de &quot;nosotros&quot; en la que todo el mundo se sienta parte de la sociedad\u00bb - Punt de Referencia<\/title>\n<meta name=\"robots\" content=\"index, follow, max-snippet:-1, max-image-preview:large, max-video-preview:-1\" \/>\n<link rel=\"canonical\" href=\"https:\/\/puntdereferencia.org\/es\/entrevista-es-fundamental-construir-una-idea-de-nosotros-en-la-que-todo-el-mundo-se-sienta-parte-de-la-sociedad\/\" \/>\n<meta property=\"og:locale\" content=\"es_ES\" \/>\n<meta property=\"og:type\" content=\"article\" \/>\n<meta property=\"og:title\" content=\"ENTREVISTA: \u00abEs fundamental construir una idea de &quot;nosotros&quot; en la que todo el mundo se sienta parte de la sociedad\u00bb - Punt de Referencia\" \/>\n<meta property=\"og:description\" content=\"&nbsp; \u201cMucha gente peque\u00f1a, en lugares peque\u00f1os, haciendo cosas peque\u00f1as, puede cambiar el mundo\u201d, afirmaba el escritor Eduardo Galeano. Sin embargo, \u00bfc\u00f3mo podemos saber si el voluntariado es efectivo para las personas que acompa\u00f1amos? \u00bfRealmente estamos cambiando el mundo? \u00bfTiene sentido hacer mentor\u00eda social? En \u00e1mbitos como los cuidados, los espacios comunitarios o el voluntariado, [&hellip;]\" \/>\n<meta property=\"og:url\" content=\"https:\/\/puntdereferencia.org\/es\/entrevista-es-fundamental-construir-una-idea-de-nosotros-en-la-que-todo-el-mundo-se-sienta-parte-de-la-sociedad\/\" \/>\n<meta property=\"og:site_name\" content=\"Punt de Referencia\" \/>\n<meta property=\"article:published_time\" content=\"2024-11-25T16:02:28+00:00\" \/>\n<meta property=\"article:modified_time\" content=\"2024-11-28T13:58:33+00:00\" \/>\n<meta property=\"og:image\" content=\"https:\/\/puntdereferencia.org\/wp-content\/uploads\/2024\/11\/walter-eva-11-1030x686.jpg\" \/>\n\t<meta property=\"og:image:width\" content=\"1030\" \/>\n\t<meta property=\"og:image:height\" content=\"686\" \/>\n\t<meta property=\"og:image:type\" content=\"image\/jpeg\" \/>\n<meta name=\"author\" content=\"admin\" \/>\n<meta name=\"twitter:card\" content=\"summary_large_image\" \/>\n<meta name=\"twitter:label1\" content=\"Escrito por\" \/>\n\t<meta name=\"twitter:data1\" content=\"admin\" \/>\n\t<meta name=\"twitter:label2\" content=\"Tiempo de lectura\" \/>\n\t<meta name=\"twitter:data2\" content=\"5 minutos\" \/>\n<script type=\"application\/ld+json\" class=\"yoast-schema-graph\">{\"@context\":\"https:\/\/schema.org\",\"@graph\":[{\"@type\":\"Article\",\"@id\":\"https:\/\/puntdereferencia.org\/es\/entrevista-es-fundamental-construir-una-idea-de-nosotros-en-la-que-todo-el-mundo-se-sienta-parte-de-la-sociedad\/#article\",\"isPartOf\":{\"@id\":\"https:\/\/puntdereferencia.org\/es\/entrevista-es-fundamental-construir-una-idea-de-nosotros-en-la-que-todo-el-mundo-se-sienta-parte-de-la-sociedad\/\"},\"author\":{\"name\":\"admin\",\"@id\":\"https:\/\/puntdereferencia.org\/es\/#\/schema\/person\/c475209bcc857303ec6ed0259d3cf078\"},\"headline\":\"ENTREVISTA: \u00abEs fundamental construir una idea de \u00abnosotros\u00bb en la que todo el mundo se sienta parte de la sociedad\u00bb\",\"datePublished\":\"2024-11-25T16:02:28+00:00\",\"dateModified\":\"2024-11-28T13:58:33+00:00\",\"mainEntityOfPage\":{\"@id\":\"https:\/\/puntdereferencia.org\/es\/entrevista-es-fundamental-construir-una-idea-de-nosotros-en-la-que-todo-el-mundo-se-sienta-parte-de-la-sociedad\/\"},\"wordCount\":959,\"image\":{\"@id\":\"https:\/\/puntdereferencia.org\/es\/entrevista-es-fundamental-construir-una-idea-de-nosotros-en-la-que-todo-el-mundo-se-sienta-parte-de-la-sociedad\/#primaryimage\"},\"thumbnailUrl\":\"https:\/\/puntdereferencia.org\/wp-content\/uploads\/2024\/11\/walter-eva-11-scaled-e1732550506798.jpg\",\"articleSection\":[\"ENTREVISTAS\"],\"inLanguage\":\"es\"},{\"@type\":\"WebPage\",\"@id\":\"https:\/\/puntdereferencia.org\/es\/entrevista-es-fundamental-construir-una-idea-de-nosotros-en-la-que-todo-el-mundo-se-sienta-parte-de-la-sociedad\/\",\"url\":\"https:\/\/puntdereferencia.org\/es\/entrevista-es-fundamental-construir-una-idea-de-nosotros-en-la-que-todo-el-mundo-se-sienta-parte-de-la-sociedad\/\",\"name\":\"ENTREVISTA: \u00abEs fundamental construir una idea de \\\"nosotros\\\" en la que todo el mundo se sienta parte de la sociedad\u00bb - Punt de Referencia\",\"isPartOf\":{\"@id\":\"https:\/\/puntdereferencia.org\/es\/#website\"},\"primaryImageOfPage\":{\"@id\":\"https:\/\/puntdereferencia.org\/es\/entrevista-es-fundamental-construir-una-idea-de-nosotros-en-la-que-todo-el-mundo-se-sienta-parte-de-la-sociedad\/#primaryimage\"},\"image\":{\"@id\":\"https:\/\/puntdereferencia.org\/es\/entrevista-es-fundamental-construir-una-idea-de-nosotros-en-la-que-todo-el-mundo-se-sienta-parte-de-la-sociedad\/#primaryimage\"},\"thumbnailUrl\":\"https:\/\/puntdereferencia.org\/wp-content\/uploads\/2024\/11\/walter-eva-11-scaled-e1732550506798.jpg\",\"datePublished\":\"2024-11-25T16:02:28+00:00\",\"dateModified\":\"2024-11-28T13:58:33+00:00\",\"author\":{\"@id\":\"https:\/\/puntdereferencia.org\/es\/#\/schema\/person\/c475209bcc857303ec6ed0259d3cf078\"},\"breadcrumb\":{\"@id\":\"https:\/\/puntdereferencia.org\/es\/entrevista-es-fundamental-construir-una-idea-de-nosotros-en-la-que-todo-el-mundo-se-sienta-parte-de-la-sociedad\/#breadcrumb\"},\"inLanguage\":\"es\",\"potentialAction\":[{\"@type\":\"ReadAction\",\"target\":[\"https:\/\/puntdereferencia.org\/es\/entrevista-es-fundamental-construir-una-idea-de-nosotros-en-la-que-todo-el-mundo-se-sienta-parte-de-la-sociedad\/\"]}]},{\"@type\":\"ImageObject\",\"inLanguage\":\"es\",\"@id\":\"https:\/\/puntdereferencia.org\/es\/entrevista-es-fundamental-construir-una-idea-de-nosotros-en-la-que-todo-el-mundo-se-sienta-parte-de-la-sociedad\/#primaryimage\",\"url\":\"https:\/\/puntdereferencia.org\/wp-content\/uploads\/2024\/11\/walter-eva-11-scaled-e1732550506798.jpg\",\"contentUrl\":\"https:\/\/puntdereferencia.org\/wp-content\/uploads\/2024\/11\/walter-eva-11-scaled-e1732550506798.jpg\",\"width\":2560,\"height\":1705},{\"@type\":\"BreadcrumbList\",\"@id\":\"https:\/\/puntdereferencia.org\/es\/entrevista-es-fundamental-construir-una-idea-de-nosotros-en-la-que-todo-el-mundo-se-sienta-parte-de-la-sociedad\/#breadcrumb\",\"itemListElement\":[{\"@type\":\"ListItem\",\"position\":1,\"name\":\"Inici\",\"item\":\"https:\/\/puntdereferencia.org\/es\/inicio\/\"},{\"@type\":\"ListItem\",\"position\":2,\"name\":\"ENTREVISTA: \u00abEs fundamental construir una idea de \u00abnosotros\u00bb en la que todo el mundo se sienta parte de la sociedad\u00bb\"}]},{\"@type\":\"WebSite\",\"@id\":\"https:\/\/puntdereferencia.org\/es\/#website\",\"url\":\"https:\/\/puntdereferencia.org\/es\/\",\"name\":\"Punt de Referencia\",\"description\":\"\",\"potentialAction\":[{\"@type\":\"SearchAction\",\"target\":{\"@type\":\"EntryPoint\",\"urlTemplate\":\"https:\/\/puntdereferencia.org\/es\/?s={search_term_string}\"},\"query-input\":{\"@type\":\"PropertyValueSpecification\",\"valueRequired\":true,\"valueName\":\"search_term_string\"}}],\"inLanguage\":\"es\"},{\"@type\":\"Person\",\"@id\":\"https:\/\/puntdereferencia.org\/es\/#\/schema\/person\/c475209bcc857303ec6ed0259d3cf078\",\"name\":\"admin\",\"image\":{\"@type\":\"ImageObject\",\"inLanguage\":\"es\",\"@id\":\"https:\/\/puntdereferencia.org\/es\/#\/schema\/person\/image\/\",\"url\":\"https:\/\/secure.gravatar.com\/avatar\/ff306d55f6aedb51a29e838506fafaa76a30bce9f5db9aca2e28921b903aaad2?s=96&d=mm&r=g\",\"contentUrl\":\"https:\/\/secure.gravatar.com\/avatar\/ff306d55f6aedb51a29e838506fafaa76a30bce9f5db9aca2e28921b903aaad2?s=96&d=mm&r=g\",\"caption\":\"admin\"},\"sameAs\":[\"http:\/\/\/home\/puntref\/webapps\/web2024\"],\"url\":\"https:\/\/puntdereferencia.org\/es\/author\/admin\/\"}]}<\/script>\n<!-- \/ Yoast SEO plugin. -->","yoast_head_json":{"title":"ENTREVISTA: \u00abEs fundamental construir una idea de \"nosotros\" en la que todo el mundo se sienta parte de la sociedad\u00bb - Punt de Referencia","robots":{"index":"index","follow":"follow","max-snippet":"max-snippet:-1","max-image-preview":"max-image-preview:large","max-video-preview":"max-video-preview:-1"},"canonical":"https:\/\/puntdereferencia.org\/es\/entrevista-es-fundamental-construir-una-idea-de-nosotros-en-la-que-todo-el-mundo-se-sienta-parte-de-la-sociedad\/","og_locale":"es_ES","og_type":"article","og_title":"ENTREVISTA: \u00abEs fundamental construir una idea de \"nosotros\" en la que todo el mundo se sienta parte de la sociedad\u00bb - Punt de Referencia","og_description":"&nbsp; \u201cMucha gente peque\u00f1a, en lugares peque\u00f1os, haciendo cosas peque\u00f1as, puede cambiar el mundo\u201d, afirmaba el escritor Eduardo Galeano. Sin embargo, \u00bfc\u00f3mo podemos saber si el voluntariado es efectivo para las personas que acompa\u00f1amos? \u00bfRealmente estamos cambiando el mundo? \u00bfTiene sentido hacer mentor\u00eda social? En \u00e1mbitos como los cuidados, los espacios comunitarios o el voluntariado, [&hellip;]","og_url":"https:\/\/puntdereferencia.org\/es\/entrevista-es-fundamental-construir-una-idea-de-nosotros-en-la-que-todo-el-mundo-se-sienta-parte-de-la-sociedad\/","og_site_name":"Punt de Referencia","article_published_time":"2024-11-25T16:02:28+00:00","article_modified_time":"2024-11-28T13:58:33+00:00","og_image":[{"width":1030,"height":686,"url":"https:\/\/puntdereferencia.org\/wp-content\/uploads\/2024\/11\/walter-eva-11-1030x686.jpg","type":"image\/jpeg"}],"author":"admin","twitter_card":"summary_large_image","twitter_misc":{"Escrito por":"admin","Tiempo de lectura":"5 minutos"},"schema":{"@context":"https:\/\/schema.org","@graph":[{"@type":"Article","@id":"https:\/\/puntdereferencia.org\/es\/entrevista-es-fundamental-construir-una-idea-de-nosotros-en-la-que-todo-el-mundo-se-sienta-parte-de-la-sociedad\/#article","isPartOf":{"@id":"https:\/\/puntdereferencia.org\/es\/entrevista-es-fundamental-construir-una-idea-de-nosotros-en-la-que-todo-el-mundo-se-sienta-parte-de-la-sociedad\/"},"author":{"name":"admin","@id":"https:\/\/puntdereferencia.org\/es\/#\/schema\/person\/c475209bcc857303ec6ed0259d3cf078"},"headline":"ENTREVISTA: \u00abEs fundamental construir una idea de \u00abnosotros\u00bb en la que todo el mundo se sienta parte de la sociedad\u00bb","datePublished":"2024-11-25T16:02:28+00:00","dateModified":"2024-11-28T13:58:33+00:00","mainEntityOfPage":{"@id":"https:\/\/puntdereferencia.org\/es\/entrevista-es-fundamental-construir-una-idea-de-nosotros-en-la-que-todo-el-mundo-se-sienta-parte-de-la-sociedad\/"},"wordCount":959,"image":{"@id":"https:\/\/puntdereferencia.org\/es\/entrevista-es-fundamental-construir-una-idea-de-nosotros-en-la-que-todo-el-mundo-se-sienta-parte-de-la-sociedad\/#primaryimage"},"thumbnailUrl":"https:\/\/puntdereferencia.org\/wp-content\/uploads\/2024\/11\/walter-eva-11-scaled-e1732550506798.jpg","articleSection":["ENTREVISTAS"],"inLanguage":"es"},{"@type":"WebPage","@id":"https:\/\/puntdereferencia.org\/es\/entrevista-es-fundamental-construir-una-idea-de-nosotros-en-la-que-todo-el-mundo-se-sienta-parte-de-la-sociedad\/","url":"https:\/\/puntdereferencia.org\/es\/entrevista-es-fundamental-construir-una-idea-de-nosotros-en-la-que-todo-el-mundo-se-sienta-parte-de-la-sociedad\/","name":"ENTREVISTA: \u00abEs fundamental construir una idea de \"nosotros\" en la que todo el mundo se sienta parte de la sociedad\u00bb - Punt de Referencia","isPartOf":{"@id":"https:\/\/puntdereferencia.org\/es\/#website"},"primaryImageOfPage":{"@id":"https:\/\/puntdereferencia.org\/es\/entrevista-es-fundamental-construir-una-idea-de-nosotros-en-la-que-todo-el-mundo-se-sienta-parte-de-la-sociedad\/#primaryimage"},"image":{"@id":"https:\/\/puntdereferencia.org\/es\/entrevista-es-fundamental-construir-una-idea-de-nosotros-en-la-que-todo-el-mundo-se-sienta-parte-de-la-sociedad\/#primaryimage"},"thumbnailUrl":"https:\/\/puntdereferencia.org\/wp-content\/uploads\/2024\/11\/walter-eva-11-scaled-e1732550506798.jpg","datePublished":"2024-11-25T16:02:28+00:00","dateModified":"2024-11-28T13:58:33+00:00","author":{"@id":"https:\/\/puntdereferencia.org\/es\/#\/schema\/person\/c475209bcc857303ec6ed0259d3cf078"},"breadcrumb":{"@id":"https:\/\/puntdereferencia.org\/es\/entrevista-es-fundamental-construir-una-idea-de-nosotros-en-la-que-todo-el-mundo-se-sienta-parte-de-la-sociedad\/#breadcrumb"},"inLanguage":"es","potentialAction":[{"@type":"ReadAction","target":["https:\/\/puntdereferencia.org\/es\/entrevista-es-fundamental-construir-una-idea-de-nosotros-en-la-que-todo-el-mundo-se-sienta-parte-de-la-sociedad\/"]}]},{"@type":"ImageObject","inLanguage":"es","@id":"https:\/\/puntdereferencia.org\/es\/entrevista-es-fundamental-construir-una-idea-de-nosotros-en-la-que-todo-el-mundo-se-sienta-parte-de-la-sociedad\/#primaryimage","url":"https:\/\/puntdereferencia.org\/wp-content\/uploads\/2024\/11\/walter-eva-11-scaled-e1732550506798.jpg","contentUrl":"https:\/\/puntdereferencia.org\/wp-content\/uploads\/2024\/11\/walter-eva-11-scaled-e1732550506798.jpg","width":2560,"height":1705},{"@type":"BreadcrumbList","@id":"https:\/\/puntdereferencia.org\/es\/entrevista-es-fundamental-construir-una-idea-de-nosotros-en-la-que-todo-el-mundo-se-sienta-parte-de-la-sociedad\/#breadcrumb","itemListElement":[{"@type":"ListItem","position":1,"name":"Inici","item":"https:\/\/puntdereferencia.org\/es\/inicio\/"},{"@type":"ListItem","position":2,"name":"ENTREVISTA: \u00abEs fundamental construir una idea de \u00abnosotros\u00bb en la que todo el mundo se sienta parte de la sociedad\u00bb"}]},{"@type":"WebSite","@id":"https:\/\/puntdereferencia.org\/es\/#website","url":"https:\/\/puntdereferencia.org\/es\/","name":"Punt de Referencia","description":"","potentialAction":[{"@type":"SearchAction","target":{"@type":"EntryPoint","urlTemplate":"https:\/\/puntdereferencia.org\/es\/?s={search_term_string}"},"query-input":{"@type":"PropertyValueSpecification","valueRequired":true,"valueName":"search_term_string"}}],"inLanguage":"es"},{"@type":"Person","@id":"https:\/\/puntdereferencia.org\/es\/#\/schema\/person\/c475209bcc857303ec6ed0259d3cf078","name":"admin","image":{"@type":"ImageObject","inLanguage":"es","@id":"https:\/\/puntdereferencia.org\/es\/#\/schema\/person\/image\/","url":"https:\/\/secure.gravatar.com\/avatar\/ff306d55f6aedb51a29e838506fafaa76a30bce9f5db9aca2e28921b903aaad2?s=96&d=mm&r=g","contentUrl":"https:\/\/secure.gravatar.com\/avatar\/ff306d55f6aedb51a29e838506fafaa76a30bce9f5db9aca2e28921b903aaad2?s=96&d=mm&r=g","caption":"admin"},"sameAs":["http:\/\/\/home\/puntref\/webapps\/web2024"],"url":"https:\/\/puntdereferencia.org\/es\/author\/admin\/"}]}},"_links":{"self":[{"href":"https:\/\/puntdereferencia.org\/es\/wp-json\/wp\/v2\/posts\/28023","targetHints":{"allow":["GET"]}}],"collection":[{"href":"https:\/\/puntdereferencia.org\/es\/wp-json\/wp\/v2\/posts"}],"about":[{"href":"https:\/\/puntdereferencia.org\/es\/wp-json\/wp\/v2\/types\/post"}],"author":[{"embeddable":true,"href":"https:\/\/puntdereferencia.org\/es\/wp-json\/wp\/v2\/users\/1"}],"replies":[{"embeddable":true,"href":"https:\/\/puntdereferencia.org\/es\/wp-json\/wp\/v2\/comments?post=28023"}],"version-history":[{"count":4,"href":"https:\/\/puntdereferencia.org\/es\/wp-json\/wp\/v2\/posts\/28023\/revisions"}],"predecessor-version":[{"id":28026,"href":"https:\/\/puntdereferencia.org\/es\/wp-json\/wp\/v2\/posts\/28023\/revisions\/28026"}],"wp:featuredmedia":[{"embeddable":true,"href":"https:\/\/puntdereferencia.org\/es\/wp-json\/wp\/v2\/media\/28019"}],"wp:attachment":[{"href":"https:\/\/puntdereferencia.org\/es\/wp-json\/wp\/v2\/media?parent=28023"}],"wp:term":[{"taxonomy":"category","embeddable":true,"href":"https:\/\/puntdereferencia.org\/es\/wp-json\/wp\/v2\/categories?post=28023"},{"taxonomy":"post_tag","embeddable":true,"href":"https:\/\/puntdereferencia.org\/es\/wp-json\/wp\/v2\/tags?post=28023"}],"curies":[{"name":"wp","href":"https:\/\/api.w.org\/{rel}","templated":true}]}}