{"id":28037,"date":"2024-11-27T11:41:02","date_gmt":"2024-11-27T11:41:02","guid":{"rendered":"https:\/\/puntdereferencia.org\/?p=28037"},"modified":"2024-11-29T10:00:43","modified_gmt":"2024-11-29T10:00:43","slug":"tenemos-39-nuevas-parejas-de-mentoria-formadas-por-voluntariado-y-jovenes","status":"publish","type":"post","link":"https:\/\/puntdereferencia.org\/es\/tenemos-39-nuevas-parejas-de-mentoria-formadas-por-voluntariado-y-jovenes\/","title":{"rendered":"39 nuevas parejas inician relaci\u00f3n de mentor\u00eda!"},"content":{"rendered":"<p>A punto de Referencia apostamos por la mentor\u00eda social como herramienta de acompa\u00f1amiento contra las desigualdades sociales. En esta l\u00ednea, <strong>el voluntariado ha asistido a lo largo de 5 semanas a las formaciones para acercarse a la realidad de la juventud<\/strong> y conocer las posibilidades del acompa\u00f1amiento como personas mentoras. En estas sesiones de formaci\u00f3n, <strong>las personas participantes han valorado muy positivamente el contenido pr\u00e1ctico y vivencial para entender mejor su nuevo rol<\/strong> y el marco del proyecto de mentor\u00eda.<\/p>\n<p>Por otro lado, <strong>el equipo t\u00e9cnico de mentor\u00eda se ha reunido varias veces para configurar las parejas,<\/strong> teniendo en cuenta los intereses y las necesidades del voluntariado y juventud, y tambi\u00e9n la disponibilidad por los encuentros. \u00a0Ahora empezamos a presentar a cada joven qui\u00e9n ser\u00e1 su mentor o mentora. A esta fase lo denominamos asignaciones. \u00a1Empieza la aventura de la mentor\u00eda!<\/p>\n<div id=\"attachment_28195\" style=\"width: 322px\" class=\"wp-caption aligncenter\"><img loading=\"lazy\" decoding=\"async\" aria-describedby=\"caption-attachment-28195\" class=\"wp-image-28195\" src=\"https:\/\/puntdereferencia.org\/wp-content\/uploads\/2024\/11\/WhatsApp-Image-2024-11-29-at-08.17.07-1-e1732873536860.jpeg\" alt=\"\" width=\"312\" height=\"553\" \/><p id=\"caption-attachment-28195\" class=\"wp-caption-text\">Muhammad y Alba paseando por Barcelona.<\/p><\/div>\n<p><a href=\"https:\/\/www.instagram.com\/p\/DCZIru5KEAr\/\">Muhammad y Alba son una pareja de mentor\u00eda<\/a> que se conoci\u00f3 hace casi dos a\u00f1os en el programa de Punt de Refer\u00e8ncia. Alba recuerda que \u201cel primer d\u00eda me invadieron todos los miedos e inseguridades, pensando a d\u00f3nde ir\u00edamos, qu\u00e9 har\u00edamos, de qu\u00e9 hablar\u00edamos con una persona tan diferente a m\u00ed en edad y origen<strong>. Y la verdad es que al conocernos, desde el primer momento empezamos a hablar\u201d<\/strong>. La mentora a\u00f1ade que durante estos nueve meses de mentor\u00eda han ido a conciertos, al teatro, al parque, a conocer Barcelona&#8230;<\/p>\n<p>Por su parte, el joven afirma que \u201cestoy bien con ella, ella me lo explica todo, tenemos una buena relaci\u00f3n. <strong>Yo conf\u00edo mucho en ella y le cuento mis cosas. Ahora somos una familia\u201d<\/strong>. Adem\u00e1s, Muhammad se\u00f1ala que su mentora le ense\u00f1a muchas cosas y le ayuda en todo lo que le interesa.<\/p>\n","protected":false},"excerpt":{"rendered":"<p>A punto de Referencia apostamos por la mentor\u00eda social como herramienta de acompa\u00f1amiento contra las desigualdades sociales. En esta l\u00ednea, el voluntariado ha asistido a lo largo de 5 semanas a las formaciones para acercarse a la realidad de la juventud y conocer las posibilidades del acompa\u00f1amiento como personas mentoras. En estas sesiones de formaci\u00f3n, [&hellip;]<\/p>\n","protected":false},"author":1,"featured_media":28029,"comment_status":"closed","ping_status":"closed","sticky":false,"template":"","format":"standard","meta":{"footnotes":""},"categories":[913],"tags":[],"class_list":["post-28037","post","type-post","status-publish","format-standard","has-post-thumbnail","hentry","category-noticias-es"],"yoast_head":"<!-- This site is optimized with the Yoast SEO plugin v27.1.1 - https:\/\/yoast.com\/product\/yoast-seo-wordpress\/ -->\n<title>39 nuevas parejas inician relaci\u00f3n de mentor\u00eda! - Punt de Referencia<\/title>\n<meta name=\"robots\" content=\"index, follow, max-snippet:-1, max-image-preview:large, max-video-preview:-1\" \/>\n<link rel=\"canonical\" href=\"https:\/\/puntdereferencia.org\/es\/tenemos-39-nuevas-parejas-de-mentoria-formadas-por-voluntariado-y-jovenes\/\" \/>\n<meta property=\"og:locale\" content=\"es_ES\" \/>\n<meta property=\"og:type\" content=\"article\" \/>\n<meta property=\"og:title\" content=\"39 nuevas parejas inician relaci\u00f3n de mentor\u00eda! - Punt de Referencia\" \/>\n<meta property=\"og:description\" content=\"A punto de Referencia apostamos por la mentor\u00eda social como herramienta de acompa\u00f1amiento contra las desigualdades sociales. En esta l\u00ednea, el voluntariado ha asistido a lo largo de 5 semanas a las formaciones para acercarse a la realidad de la juventud y conocer las posibilidades del acompa\u00f1amiento como personas mentoras. En estas sesiones de formaci\u00f3n, [&hellip;]\" \/>\n<meta property=\"og:url\" content=\"https:\/\/puntdereferencia.org\/es\/tenemos-39-nuevas-parejas-de-mentoria-formadas-por-voluntariado-y-jovenes\/\" \/>\n<meta property=\"og:site_name\" content=\"Punt de Referencia\" \/>\n<meta property=\"article:published_time\" content=\"2024-11-27T11:41:02+00:00\" \/>\n<meta property=\"article:modified_time\" content=\"2024-11-29T10:00:43+00:00\" \/>\n<meta property=\"og:image\" content=\"https:\/\/puntdereferencia.org\/wp-content\/uploads\/2024\/11\/WhatsApp-Image-2024-11-26-at-09.55.49.jpeg\" \/>\n\t<meta property=\"og:image:width\" content=\"1200\" \/>\n\t<meta property=\"og:image:height\" content=\"1180\" \/>\n\t<meta property=\"og:image:type\" content=\"image\/jpeg\" \/>\n<meta name=\"author\" content=\"admin\" \/>\n<meta name=\"twitter:card\" content=\"summary_large_image\" \/>\n<meta name=\"twitter:label1\" content=\"Escrito por\" \/>\n\t<meta name=\"twitter:data1\" content=\"admin\" \/>\n\t<meta name=\"twitter:label2\" content=\"Tiempo de lectura\" \/>\n\t<meta name=\"twitter:data2\" content=\"2 minutos\" \/>\n<script type=\"application\/ld+json\" class=\"yoast-schema-graph\">{\"@context\":\"https:\/\/schema.org\",\"@graph\":[{\"@type\":\"Article\",\"@id\":\"https:\/\/puntdereferencia.org\/es\/tenemos-39-nuevas-parejas-de-mentoria-formadas-por-voluntariado-y-jovenes\/#article\",\"isPartOf\":{\"@id\":\"https:\/\/puntdereferencia.org\/es\/tenemos-39-nuevas-parejas-de-mentoria-formadas-por-voluntariado-y-jovenes\/\"},\"author\":{\"name\":\"admin\",\"@id\":\"https:\/\/puntdereferencia.org\/es\/#\/schema\/person\/c475209bcc857303ec6ed0259d3cf078\"},\"headline\":\"39 nuevas parejas inician relaci\u00f3n de mentor\u00eda!\",\"datePublished\":\"2024-11-27T11:41:02+00:00\",\"dateModified\":\"2024-11-29T10:00:43+00:00\",\"mainEntityOfPage\":{\"@id\":\"https:\/\/puntdereferencia.org\/es\/tenemos-39-nuevas-parejas-de-mentoria-formadas-por-voluntariado-y-jovenes\/\"},\"wordCount\":331,\"image\":{\"@id\":\"https:\/\/puntdereferencia.org\/es\/tenemos-39-nuevas-parejas-de-mentoria-formadas-por-voluntariado-y-jovenes\/#primaryimage\"},\"thumbnailUrl\":\"https:\/\/puntdereferencia.org\/wp-content\/uploads\/2024\/11\/WhatsApp-Image-2024-11-26-at-09.55.49.jpeg\",\"articleSection\":[\"NOTICIAS\"],\"inLanguage\":\"es\"},{\"@type\":\"WebPage\",\"@id\":\"https:\/\/puntdereferencia.org\/es\/tenemos-39-nuevas-parejas-de-mentoria-formadas-por-voluntariado-y-jovenes\/\",\"url\":\"https:\/\/puntdereferencia.org\/es\/tenemos-39-nuevas-parejas-de-mentoria-formadas-por-voluntariado-y-jovenes\/\",\"name\":\"39 nuevas parejas inician relaci\u00f3n de mentor\u00eda! - Punt de Referencia\",\"isPartOf\":{\"@id\":\"https:\/\/puntdereferencia.org\/es\/#website\"},\"primaryImageOfPage\":{\"@id\":\"https:\/\/puntdereferencia.org\/es\/tenemos-39-nuevas-parejas-de-mentoria-formadas-por-voluntariado-y-jovenes\/#primaryimage\"},\"image\":{\"@id\":\"https:\/\/puntdereferencia.org\/es\/tenemos-39-nuevas-parejas-de-mentoria-formadas-por-voluntariado-y-jovenes\/#primaryimage\"},\"thumbnailUrl\":\"https:\/\/puntdereferencia.org\/wp-content\/uploads\/2024\/11\/WhatsApp-Image-2024-11-26-at-09.55.49.jpeg\",\"datePublished\":\"2024-11-27T11:41:02+00:00\",\"dateModified\":\"2024-11-29T10:00:43+00:00\",\"author\":{\"@id\":\"https:\/\/puntdereferencia.org\/es\/#\/schema\/person\/c475209bcc857303ec6ed0259d3cf078\"},\"breadcrumb\":{\"@id\":\"https:\/\/puntdereferencia.org\/es\/tenemos-39-nuevas-parejas-de-mentoria-formadas-por-voluntariado-y-jovenes\/#breadcrumb\"},\"inLanguage\":\"es\",\"potentialAction\":[{\"@type\":\"ReadAction\",\"target\":[\"https:\/\/puntdereferencia.org\/es\/tenemos-39-nuevas-parejas-de-mentoria-formadas-por-voluntariado-y-jovenes\/\"]}]},{\"@type\":\"ImageObject\",\"inLanguage\":\"es\",\"@id\":\"https:\/\/puntdereferencia.org\/es\/tenemos-39-nuevas-parejas-de-mentoria-formadas-por-voluntariado-y-jovenes\/#primaryimage\",\"url\":\"https:\/\/puntdereferencia.org\/wp-content\/uploads\/2024\/11\/WhatsApp-Image-2024-11-26-at-09.55.49.jpeg\",\"contentUrl\":\"https:\/\/puntdereferencia.org\/wp-content\/uploads\/2024\/11\/WhatsApp-Image-2024-11-26-at-09.55.49.jpeg\",\"width\":1200,\"height\":1180},{\"@type\":\"BreadcrumbList\",\"@id\":\"https:\/\/puntdereferencia.org\/es\/tenemos-39-nuevas-parejas-de-mentoria-formadas-por-voluntariado-y-jovenes\/#breadcrumb\",\"itemListElement\":[{\"@type\":\"ListItem\",\"position\":1,\"name\":\"Inici\",\"item\":\"https:\/\/puntdereferencia.org\/es\/inicio\/\"},{\"@type\":\"ListItem\",\"position\":2,\"name\":\"39 nuevas parejas inician relaci\u00f3n de mentor\u00eda!\"}]},{\"@type\":\"WebSite\",\"@id\":\"https:\/\/puntdereferencia.org\/es\/#website\",\"url\":\"https:\/\/puntdereferencia.org\/es\/\",\"name\":\"Punt de Referencia\",\"description\":\"\",\"potentialAction\":[{\"@type\":\"SearchAction\",\"target\":{\"@type\":\"EntryPoint\",\"urlTemplate\":\"https:\/\/puntdereferencia.org\/es\/?s={search_term_string}\"},\"query-input\":{\"@type\":\"PropertyValueSpecification\",\"valueRequired\":true,\"valueName\":\"search_term_string\"}}],\"inLanguage\":\"es\"},{\"@type\":\"Person\",\"@id\":\"https:\/\/puntdereferencia.org\/es\/#\/schema\/person\/c475209bcc857303ec6ed0259d3cf078\",\"name\":\"admin\",\"image\":{\"@type\":\"ImageObject\",\"inLanguage\":\"es\",\"@id\":\"https:\/\/puntdereferencia.org\/es\/#\/schema\/person\/image\/\",\"url\":\"https:\/\/secure.gravatar.com\/avatar\/ff306d55f6aedb51a29e838506fafaa76a30bce9f5db9aca2e28921b903aaad2?s=96&d=mm&r=g\",\"contentUrl\":\"https:\/\/secure.gravatar.com\/avatar\/ff306d55f6aedb51a29e838506fafaa76a30bce9f5db9aca2e28921b903aaad2?s=96&d=mm&r=g\",\"caption\":\"admin\"},\"sameAs\":[\"http:\/\/\/home\/puntref\/webapps\/web2024\"],\"url\":\"https:\/\/puntdereferencia.org\/es\/author\/admin\/\"}]}<\/script>\n<!-- \/ Yoast SEO plugin. -->","yoast_head_json":{"title":"39 nuevas parejas inician relaci\u00f3n de mentor\u00eda! - Punt de Referencia","robots":{"index":"index","follow":"follow","max-snippet":"max-snippet:-1","max-image-preview":"max-image-preview:large","max-video-preview":"max-video-preview:-1"},"canonical":"https:\/\/puntdereferencia.org\/es\/tenemos-39-nuevas-parejas-de-mentoria-formadas-por-voluntariado-y-jovenes\/","og_locale":"es_ES","og_type":"article","og_title":"39 nuevas parejas inician relaci\u00f3n de mentor\u00eda! - Punt de Referencia","og_description":"A punto de Referencia apostamos por la mentor\u00eda social como herramienta de acompa\u00f1amiento contra las desigualdades sociales. En esta l\u00ednea, el voluntariado ha asistido a lo largo de 5 semanas a las formaciones para acercarse a la realidad de la juventud y conocer las posibilidades del acompa\u00f1amiento como personas mentoras. En estas sesiones de formaci\u00f3n, [&hellip;]","og_url":"https:\/\/puntdereferencia.org\/es\/tenemos-39-nuevas-parejas-de-mentoria-formadas-por-voluntariado-y-jovenes\/","og_site_name":"Punt de Referencia","article_published_time":"2024-11-27T11:41:02+00:00","article_modified_time":"2024-11-29T10:00:43+00:00","og_image":[{"width":1200,"height":1180,"url":"https:\/\/puntdereferencia.org\/wp-content\/uploads\/2024\/11\/WhatsApp-Image-2024-11-26-at-09.55.49.jpeg","type":"image\/jpeg"}],"author":"admin","twitter_card":"summary_large_image","twitter_misc":{"Escrito por":"admin","Tiempo de lectura":"2 minutos"},"schema":{"@context":"https:\/\/schema.org","@graph":[{"@type":"Article","@id":"https:\/\/puntdereferencia.org\/es\/tenemos-39-nuevas-parejas-de-mentoria-formadas-por-voluntariado-y-jovenes\/#article","isPartOf":{"@id":"https:\/\/puntdereferencia.org\/es\/tenemos-39-nuevas-parejas-de-mentoria-formadas-por-voluntariado-y-jovenes\/"},"author":{"name":"admin","@id":"https:\/\/puntdereferencia.org\/es\/#\/schema\/person\/c475209bcc857303ec6ed0259d3cf078"},"headline":"39 nuevas parejas inician relaci\u00f3n de mentor\u00eda!","datePublished":"2024-11-27T11:41:02+00:00","dateModified":"2024-11-29T10:00:43+00:00","mainEntityOfPage":{"@id":"https:\/\/puntdereferencia.org\/es\/tenemos-39-nuevas-parejas-de-mentoria-formadas-por-voluntariado-y-jovenes\/"},"wordCount":331,"image":{"@id":"https:\/\/puntdereferencia.org\/es\/tenemos-39-nuevas-parejas-de-mentoria-formadas-por-voluntariado-y-jovenes\/#primaryimage"},"thumbnailUrl":"https:\/\/puntdereferencia.org\/wp-content\/uploads\/2024\/11\/WhatsApp-Image-2024-11-26-at-09.55.49.jpeg","articleSection":["NOTICIAS"],"inLanguage":"es"},{"@type":"WebPage","@id":"https:\/\/puntdereferencia.org\/es\/tenemos-39-nuevas-parejas-de-mentoria-formadas-por-voluntariado-y-jovenes\/","url":"https:\/\/puntdereferencia.org\/es\/tenemos-39-nuevas-parejas-de-mentoria-formadas-por-voluntariado-y-jovenes\/","name":"39 nuevas parejas inician relaci\u00f3n de mentor\u00eda! - Punt de Referencia","isPartOf":{"@id":"https:\/\/puntdereferencia.org\/es\/#website"},"primaryImageOfPage":{"@id":"https:\/\/puntdereferencia.org\/es\/tenemos-39-nuevas-parejas-de-mentoria-formadas-por-voluntariado-y-jovenes\/#primaryimage"},"image":{"@id":"https:\/\/puntdereferencia.org\/es\/tenemos-39-nuevas-parejas-de-mentoria-formadas-por-voluntariado-y-jovenes\/#primaryimage"},"thumbnailUrl":"https:\/\/puntdereferencia.org\/wp-content\/uploads\/2024\/11\/WhatsApp-Image-2024-11-26-at-09.55.49.jpeg","datePublished":"2024-11-27T11:41:02+00:00","dateModified":"2024-11-29T10:00:43+00:00","author":{"@id":"https:\/\/puntdereferencia.org\/es\/#\/schema\/person\/c475209bcc857303ec6ed0259d3cf078"},"breadcrumb":{"@id":"https:\/\/puntdereferencia.org\/es\/tenemos-39-nuevas-parejas-de-mentoria-formadas-por-voluntariado-y-jovenes\/#breadcrumb"},"inLanguage":"es","potentialAction":[{"@type":"ReadAction","target":["https:\/\/puntdereferencia.org\/es\/tenemos-39-nuevas-parejas-de-mentoria-formadas-por-voluntariado-y-jovenes\/"]}]},{"@type":"ImageObject","inLanguage":"es","@id":"https:\/\/puntdereferencia.org\/es\/tenemos-39-nuevas-parejas-de-mentoria-formadas-por-voluntariado-y-jovenes\/#primaryimage","url":"https:\/\/puntdereferencia.org\/wp-content\/uploads\/2024\/11\/WhatsApp-Image-2024-11-26-at-09.55.49.jpeg","contentUrl":"https:\/\/puntdereferencia.org\/wp-content\/uploads\/2024\/11\/WhatsApp-Image-2024-11-26-at-09.55.49.jpeg","width":1200,"height":1180},{"@type":"BreadcrumbList","@id":"https:\/\/puntdereferencia.org\/es\/tenemos-39-nuevas-parejas-de-mentoria-formadas-por-voluntariado-y-jovenes\/#breadcrumb","itemListElement":[{"@type":"ListItem","position":1,"name":"Inici","item":"https:\/\/puntdereferencia.org\/es\/inicio\/"},{"@type":"ListItem","position":2,"name":"39 nuevas parejas inician relaci\u00f3n de mentor\u00eda!"}]},{"@type":"WebSite","@id":"https:\/\/puntdereferencia.org\/es\/#website","url":"https:\/\/puntdereferencia.org\/es\/","name":"Punt de Referencia","description":"","potentialAction":[{"@type":"SearchAction","target":{"@type":"EntryPoint","urlTemplate":"https:\/\/puntdereferencia.org\/es\/?s={search_term_string}"},"query-input":{"@type":"PropertyValueSpecification","valueRequired":true,"valueName":"search_term_string"}}],"inLanguage":"es"},{"@type":"Person","@id":"https:\/\/puntdereferencia.org\/es\/#\/schema\/person\/c475209bcc857303ec6ed0259d3cf078","name":"admin","image":{"@type":"ImageObject","inLanguage":"es","@id":"https:\/\/puntdereferencia.org\/es\/#\/schema\/person\/image\/","url":"https:\/\/secure.gravatar.com\/avatar\/ff306d55f6aedb51a29e838506fafaa76a30bce9f5db9aca2e28921b903aaad2?s=96&d=mm&r=g","contentUrl":"https:\/\/secure.gravatar.com\/avatar\/ff306d55f6aedb51a29e838506fafaa76a30bce9f5db9aca2e28921b903aaad2?s=96&d=mm&r=g","caption":"admin"},"sameAs":["http:\/\/\/home\/puntref\/webapps\/web2024"],"url":"https:\/\/puntdereferencia.org\/es\/author\/admin\/"}]}},"_links":{"self":[{"href":"https:\/\/puntdereferencia.org\/es\/wp-json\/wp\/v2\/posts\/28037","targetHints":{"allow":["GET"]}}],"collection":[{"href":"https:\/\/puntdereferencia.org\/es\/wp-json\/wp\/v2\/posts"}],"about":[{"href":"https:\/\/puntdereferencia.org\/es\/wp-json\/wp\/v2\/types\/post"}],"author":[{"embeddable":true,"href":"https:\/\/puntdereferencia.org\/es\/wp-json\/wp\/v2\/users\/1"}],"replies":[{"embeddable":true,"href":"https:\/\/puntdereferencia.org\/es\/wp-json\/wp\/v2\/comments?post=28037"}],"version-history":[{"count":13,"href":"https:\/\/puntdereferencia.org\/es\/wp-json\/wp\/v2\/posts\/28037\/revisions"}],"predecessor-version":[{"id":28403,"href":"https:\/\/puntdereferencia.org\/es\/wp-json\/wp\/v2\/posts\/28037\/revisions\/28403"}],"wp:featuredmedia":[{"embeddable":true,"href":"https:\/\/puntdereferencia.org\/es\/wp-json\/wp\/v2\/media\/28029"}],"wp:attachment":[{"href":"https:\/\/puntdereferencia.org\/es\/wp-json\/wp\/v2\/media?parent=28037"}],"wp:term":[{"taxonomy":"category","embeddable":true,"href":"https:\/\/puntdereferencia.org\/es\/wp-json\/wp\/v2\/categories?post=28037"},{"taxonomy":"post_tag","embeddable":true,"href":"https:\/\/puntdereferencia.org\/es\/wp-json\/wp\/v2\/tags?post=28037"}],"curies":[{"name":"wp","href":"https:\/\/api.w.org\/{rel}","templated":true}]}}