{"id":28055,"date":"2024-11-27T10:56:01","date_gmt":"2024-11-27T10:56:01","guid":{"rendered":"https:\/\/puntdereferencia.org\/?p=28055"},"modified":"2024-12-05T08:01:02","modified_gmt":"2024-12-05T08:01:02","slug":"punt-de-referencia-obsequia-con-vino-sumoi-por-los-donativos-del-mes-de-diciembre","status":"publish","type":"post","link":"https:\/\/puntdereferencia.org\/es\/punt-de-referencia-obsequia-con-vino-sumoi-por-los-donativos-del-mes-de-diciembre\/","title":{"rendered":"Punt de Refer\u00e8ncia obsequia con vino Can Sumoi por los donativos del mes de diciembre"},"content":{"rendered":"<h5>Los beneficios se destinar\u00e1n a proyectos de prevenci\u00f3n del sinhogarismo juvenil y acogimiento familiar para acompa\u00f1ar a j\u00f3venes tutelados y extutelados en su emancipaci\u00f3n<\/h5>\n<p>&nbsp;<\/p>\n<p>Durante el mes de diciembre, Can Sumoi colabora de forma solidaria con Punt de Refer\u00e8ncia. Por\u00a0cada donativo recibido, obsequiamos con un vino Can Sumoi con denominaci\u00f3n de origen Pened\u00e8s. Puedes elegir entre el vino rosado (2017) y el vino nergo (2017).<\/p>\n<p>&nbsp;<\/p>\n<blockquote><p><strong>\u201cUna de nuestras l\u00edneas de trabajo es buscar colaboraciones con las empresas para impulsar oportunidades por la juventud\u201d- Rita Gran\u00e9, directora de Punto de Referencia.<\/strong><\/p><\/blockquote>\n<p>Este diciembre impulsa las iniciativas de Punto de Referencia para acompa\u00f1ar la juventud en proyectos de prevenci\u00f3n del sinhogarismo juvenil y acogida familiar, celebrando las fiestas con vino Sumoi. Adem\u00e1s, tus donativos tienen un retorno de hasta 95% por aportaciones de hasta 250 euros.<\/p>\n<h3><strong>\u00bfC\u00f3mo recibir tu obsequio?<\/strong><\/h3>\n<ul>\n<li>Con donativos de <strong>50 \u20ac<\/strong>, el donante recibe <strong>dos botellas de vino rosado<\/strong> y <strong>una botella de vino tinto<\/strong>.<\/li>\n<li>Con donativos de <strong>100 \u20ac<\/strong>, el donante recibe <strong>seis botellas de vino rosado o<\/strong>\u00a0<strong>cinco botellas de vino blanco<\/strong> y <strong>una botella de vino tinto<\/strong>.<\/li>\n<\/ul>\n<p>Las botellas de vino se podr\u00e1n recoger del <strong>11 al 19 de diciembre<\/strong>, en horario de <strong>9:00 h a 18:00 h<\/strong>, en las oficinas de Punt de Refer\u00e8ncia (C\/ del Consell de Cent, 445).<\/p>\n<p>&nbsp;<\/p>\n<p style=\"text-align: center;\"><a href=\"https:\/\/puntdereferencia.org\/collabora\/collabora-fes-un-donatiu\/\"><strong>Haz tu donativo aqu\u00ed.<\/strong><\/a><\/p>\n<div id=\"attachment_28043\" style=\"width: 463px\" class=\"wp-caption aligncenter\"><img loading=\"lazy\" decoding=\"async\" aria-describedby=\"caption-attachment-28043\" class=\"wp-image-28043\" src=\"https:\/\/puntdereferencia.org\/wp-content\/uploads\/2024\/11\/4.png\" alt=\"\" width=\"453\" height=\"433\" \/><p id=\"caption-attachment-28043\" class=\"wp-caption-text\">Colaboraci\u00f3n solid\u00e0ria entre Punt de Refer\u00e8ncia y Can Sumoi<\/p><\/div>\n<p>&nbsp;<\/p>\n<p>&nbsp;<\/p>\n","protected":false},"excerpt":{"rendered":"<p>Los beneficios se destinar\u00e1n a proyectos de prevenci\u00f3n del sinhogarismo juvenil y acogimiento familiar para acompa\u00f1ar a j\u00f3venes tutelados y extutelados en su emancipaci\u00f3n &nbsp; Durante el mes de diciembre, Can Sumoi colabora de forma solidaria con Punt de Refer\u00e8ncia. Por\u00a0cada donativo recibido, obsequiamos con un vino Can Sumoi con denominaci\u00f3n de origen Pened\u00e8s. Puedes [&hellip;]<\/p>\n","protected":false},"author":1,"featured_media":28052,"comment_status":"closed","ping_status":"closed","sticky":false,"template":"","format":"standard","meta":{"footnotes":""},"categories":[913],"tags":[],"class_list":["post-28055","post","type-post","status-publish","format-standard","has-post-thumbnail","hentry","category-noticias-es"],"yoast_head":"<!-- This site is optimized with the Yoast SEO plugin v27.1.1 - https:\/\/yoast.com\/product\/yoast-seo-wordpress\/ -->\n<title>Punt de Refer\u00e8ncia obsequia con vino Can Sumoi por los donativos del mes de diciembre - Punt de Referencia<\/title>\n<meta name=\"robots\" content=\"index, follow, max-snippet:-1, max-image-preview:large, max-video-preview:-1\" \/>\n<link rel=\"canonical\" href=\"https:\/\/puntdereferencia.org\/es\/punt-de-referencia-obsequia-con-vino-sumoi-por-los-donativos-del-mes-de-diciembre\/\" \/>\n<meta property=\"og:locale\" content=\"es_ES\" \/>\n<meta property=\"og:type\" content=\"article\" \/>\n<meta property=\"og:title\" content=\"Punt de Refer\u00e8ncia obsequia con vino Can Sumoi por los donativos del mes de diciembre - Punt de Referencia\" \/>\n<meta property=\"og:description\" content=\"Los beneficios se destinar\u00e1n a proyectos de prevenci\u00f3n del sinhogarismo juvenil y acogimiento familiar para acompa\u00f1ar a j\u00f3venes tutelados y extutelados en su emancipaci\u00f3n &nbsp; Durante el mes de diciembre, Can Sumoi colabora de forma solidaria con Punt de Refer\u00e8ncia. Por\u00a0cada donativo recibido, obsequiamos con un vino Can Sumoi con denominaci\u00f3n de origen Pened\u00e8s. Puedes [&hellip;]\" \/>\n<meta property=\"og:url\" content=\"https:\/\/puntdereferencia.org\/es\/punt-de-referencia-obsequia-con-vino-sumoi-por-los-donativos-del-mes-de-diciembre\/\" \/>\n<meta property=\"og:site_name\" content=\"Punt de Referencia\" \/>\n<meta property=\"article:published_time\" content=\"2024-11-27T10:56:01+00:00\" \/>\n<meta property=\"article:modified_time\" content=\"2024-12-05T08:01:02+00:00\" \/>\n<meta property=\"og:image\" content=\"https:\/\/puntdereferencia.org\/wp-content\/uploads\/2024\/11\/X-1.png\" \/>\n\t<meta property=\"og:image:width\" content=\"1080\" \/>\n\t<meta property=\"og:image:height\" content=\"1080\" \/>\n\t<meta property=\"og:image:type\" content=\"image\/png\" \/>\n<meta name=\"author\" content=\"admin\" \/>\n<meta name=\"twitter:card\" content=\"summary_large_image\" \/>\n<meta name=\"twitter:label1\" content=\"Escrito por\" \/>\n\t<meta name=\"twitter:data1\" content=\"admin\" \/>\n\t<meta name=\"twitter:label2\" content=\"Tiempo de lectura\" \/>\n\t<meta name=\"twitter:data2\" content=\"2 minutos\" \/>\n<script type=\"application\/ld+json\" class=\"yoast-schema-graph\">{\"@context\":\"https:\/\/schema.org\",\"@graph\":[{\"@type\":\"Article\",\"@id\":\"https:\/\/puntdereferencia.org\/es\/punt-de-referencia-obsequia-con-vino-sumoi-por-los-donativos-del-mes-de-diciembre\/#article\",\"isPartOf\":{\"@id\":\"https:\/\/puntdereferencia.org\/es\/punt-de-referencia-obsequia-con-vino-sumoi-por-los-donativos-del-mes-de-diciembre\/\"},\"author\":{\"name\":\"admin\",\"@id\":\"https:\/\/puntdereferencia.org\/es\/#\/schema\/person\/c475209bcc857303ec6ed0259d3cf078\"},\"headline\":\"Punt de Refer\u00e8ncia obsequia con vino Can Sumoi por los donativos del mes de diciembre\",\"datePublished\":\"2024-11-27T10:56:01+00:00\",\"dateModified\":\"2024-12-05T08:01:02+00:00\",\"mainEntityOfPage\":{\"@id\":\"https:\/\/puntdereferencia.org\/es\/punt-de-referencia-obsequia-con-vino-sumoi-por-los-donativos-del-mes-de-diciembre\/\"},\"wordCount\":264,\"image\":{\"@id\":\"https:\/\/puntdereferencia.org\/es\/punt-de-referencia-obsequia-con-vino-sumoi-por-los-donativos-del-mes-de-diciembre\/#primaryimage\"},\"thumbnailUrl\":\"https:\/\/puntdereferencia.org\/wp-content\/uploads\/2024\/11\/X-1.png\",\"articleSection\":[\"NOTICIAS\"],\"inLanguage\":\"es\"},{\"@type\":\"WebPage\",\"@id\":\"https:\/\/puntdereferencia.org\/es\/punt-de-referencia-obsequia-con-vino-sumoi-por-los-donativos-del-mes-de-diciembre\/\",\"url\":\"https:\/\/puntdereferencia.org\/es\/punt-de-referencia-obsequia-con-vino-sumoi-por-los-donativos-del-mes-de-diciembre\/\",\"name\":\"Punt de Refer\u00e8ncia obsequia con vino Can Sumoi por los donativos del mes de diciembre - Punt de Referencia\",\"isPartOf\":{\"@id\":\"https:\/\/puntdereferencia.org\/es\/#website\"},\"primaryImageOfPage\":{\"@id\":\"https:\/\/puntdereferencia.org\/es\/punt-de-referencia-obsequia-con-vino-sumoi-por-los-donativos-del-mes-de-diciembre\/#primaryimage\"},\"image\":{\"@id\":\"https:\/\/puntdereferencia.org\/es\/punt-de-referencia-obsequia-con-vino-sumoi-por-los-donativos-del-mes-de-diciembre\/#primaryimage\"},\"thumbnailUrl\":\"https:\/\/puntdereferencia.org\/wp-content\/uploads\/2024\/11\/X-1.png\",\"datePublished\":\"2024-11-27T10:56:01+00:00\",\"dateModified\":\"2024-12-05T08:01:02+00:00\",\"author\":{\"@id\":\"https:\/\/puntdereferencia.org\/es\/#\/schema\/person\/c475209bcc857303ec6ed0259d3cf078\"},\"breadcrumb\":{\"@id\":\"https:\/\/puntdereferencia.org\/es\/punt-de-referencia-obsequia-con-vino-sumoi-por-los-donativos-del-mes-de-diciembre\/#breadcrumb\"},\"inLanguage\":\"es\",\"potentialAction\":[{\"@type\":\"ReadAction\",\"target\":[\"https:\/\/puntdereferencia.org\/es\/punt-de-referencia-obsequia-con-vino-sumoi-por-los-donativos-del-mes-de-diciembre\/\"]}]},{\"@type\":\"ImageObject\",\"inLanguage\":\"es\",\"@id\":\"https:\/\/puntdereferencia.org\/es\/punt-de-referencia-obsequia-con-vino-sumoi-por-los-donativos-del-mes-de-diciembre\/#primaryimage\",\"url\":\"https:\/\/puntdereferencia.org\/wp-content\/uploads\/2024\/11\/X-1.png\",\"contentUrl\":\"https:\/\/puntdereferencia.org\/wp-content\/uploads\/2024\/11\/X-1.png\",\"width\":1080,\"height\":1080},{\"@type\":\"BreadcrumbList\",\"@id\":\"https:\/\/puntdereferencia.org\/es\/punt-de-referencia-obsequia-con-vino-sumoi-por-los-donativos-del-mes-de-diciembre\/#breadcrumb\",\"itemListElement\":[{\"@type\":\"ListItem\",\"position\":1,\"name\":\"Inici\",\"item\":\"https:\/\/puntdereferencia.org\/es\/inicio\/\"},{\"@type\":\"ListItem\",\"position\":2,\"name\":\"Punt de Refer\u00e8ncia obsequia con vino Can Sumoi por los donativos del mes de diciembre\"}]},{\"@type\":\"WebSite\",\"@id\":\"https:\/\/puntdereferencia.org\/es\/#website\",\"url\":\"https:\/\/puntdereferencia.org\/es\/\",\"name\":\"Punt de Referencia\",\"description\":\"\",\"potentialAction\":[{\"@type\":\"SearchAction\",\"target\":{\"@type\":\"EntryPoint\",\"urlTemplate\":\"https:\/\/puntdereferencia.org\/es\/?s={search_term_string}\"},\"query-input\":{\"@type\":\"PropertyValueSpecification\",\"valueRequired\":true,\"valueName\":\"search_term_string\"}}],\"inLanguage\":\"es\"},{\"@type\":\"Person\",\"@id\":\"https:\/\/puntdereferencia.org\/es\/#\/schema\/person\/c475209bcc857303ec6ed0259d3cf078\",\"name\":\"admin\",\"image\":{\"@type\":\"ImageObject\",\"inLanguage\":\"es\",\"@id\":\"https:\/\/puntdereferencia.org\/es\/#\/schema\/person\/image\/\",\"url\":\"https:\/\/secure.gravatar.com\/avatar\/ff306d55f6aedb51a29e838506fafaa76a30bce9f5db9aca2e28921b903aaad2?s=96&d=mm&r=g\",\"contentUrl\":\"https:\/\/secure.gravatar.com\/avatar\/ff306d55f6aedb51a29e838506fafaa76a30bce9f5db9aca2e28921b903aaad2?s=96&d=mm&r=g\",\"caption\":\"admin\"},\"sameAs\":[\"http:\/\/\/home\/puntref\/webapps\/web2024\"],\"url\":\"https:\/\/puntdereferencia.org\/es\/author\/admin\/\"}]}<\/script>\n<!-- \/ Yoast SEO plugin. -->","yoast_head_json":{"title":"Punt de Refer\u00e8ncia obsequia con vino Can Sumoi por los donativos del mes de diciembre - Punt de Referencia","robots":{"index":"index","follow":"follow","max-snippet":"max-snippet:-1","max-image-preview":"max-image-preview:large","max-video-preview":"max-video-preview:-1"},"canonical":"https:\/\/puntdereferencia.org\/es\/punt-de-referencia-obsequia-con-vino-sumoi-por-los-donativos-del-mes-de-diciembre\/","og_locale":"es_ES","og_type":"article","og_title":"Punt de Refer\u00e8ncia obsequia con vino Can Sumoi por los donativos del mes de diciembre - Punt de Referencia","og_description":"Los beneficios se destinar\u00e1n a proyectos de prevenci\u00f3n del sinhogarismo juvenil y acogimiento familiar para acompa\u00f1ar a j\u00f3venes tutelados y extutelados en su emancipaci\u00f3n &nbsp; Durante el mes de diciembre, Can Sumoi colabora de forma solidaria con Punt de Refer\u00e8ncia. Por\u00a0cada donativo recibido, obsequiamos con un vino Can Sumoi con denominaci\u00f3n de origen Pened\u00e8s. Puedes [&hellip;]","og_url":"https:\/\/puntdereferencia.org\/es\/punt-de-referencia-obsequia-con-vino-sumoi-por-los-donativos-del-mes-de-diciembre\/","og_site_name":"Punt de Referencia","article_published_time":"2024-11-27T10:56:01+00:00","article_modified_time":"2024-12-05T08:01:02+00:00","og_image":[{"width":1080,"height":1080,"url":"https:\/\/puntdereferencia.org\/wp-content\/uploads\/2024\/11\/X-1.png","type":"image\/png"}],"author":"admin","twitter_card":"summary_large_image","twitter_misc":{"Escrito por":"admin","Tiempo de lectura":"2 minutos"},"schema":{"@context":"https:\/\/schema.org","@graph":[{"@type":"Article","@id":"https:\/\/puntdereferencia.org\/es\/punt-de-referencia-obsequia-con-vino-sumoi-por-los-donativos-del-mes-de-diciembre\/#article","isPartOf":{"@id":"https:\/\/puntdereferencia.org\/es\/punt-de-referencia-obsequia-con-vino-sumoi-por-los-donativos-del-mes-de-diciembre\/"},"author":{"name":"admin","@id":"https:\/\/puntdereferencia.org\/es\/#\/schema\/person\/c475209bcc857303ec6ed0259d3cf078"},"headline":"Punt de Refer\u00e8ncia obsequia con vino Can Sumoi por los donativos del mes de diciembre","datePublished":"2024-11-27T10:56:01+00:00","dateModified":"2024-12-05T08:01:02+00:00","mainEntityOfPage":{"@id":"https:\/\/puntdereferencia.org\/es\/punt-de-referencia-obsequia-con-vino-sumoi-por-los-donativos-del-mes-de-diciembre\/"},"wordCount":264,"image":{"@id":"https:\/\/puntdereferencia.org\/es\/punt-de-referencia-obsequia-con-vino-sumoi-por-los-donativos-del-mes-de-diciembre\/#primaryimage"},"thumbnailUrl":"https:\/\/puntdereferencia.org\/wp-content\/uploads\/2024\/11\/X-1.png","articleSection":["NOTICIAS"],"inLanguage":"es"},{"@type":"WebPage","@id":"https:\/\/puntdereferencia.org\/es\/punt-de-referencia-obsequia-con-vino-sumoi-por-los-donativos-del-mes-de-diciembre\/","url":"https:\/\/puntdereferencia.org\/es\/punt-de-referencia-obsequia-con-vino-sumoi-por-los-donativos-del-mes-de-diciembre\/","name":"Punt de Refer\u00e8ncia obsequia con vino Can Sumoi por los donativos del mes de diciembre - Punt de Referencia","isPartOf":{"@id":"https:\/\/puntdereferencia.org\/es\/#website"},"primaryImageOfPage":{"@id":"https:\/\/puntdereferencia.org\/es\/punt-de-referencia-obsequia-con-vino-sumoi-por-los-donativos-del-mes-de-diciembre\/#primaryimage"},"image":{"@id":"https:\/\/puntdereferencia.org\/es\/punt-de-referencia-obsequia-con-vino-sumoi-por-los-donativos-del-mes-de-diciembre\/#primaryimage"},"thumbnailUrl":"https:\/\/puntdereferencia.org\/wp-content\/uploads\/2024\/11\/X-1.png","datePublished":"2024-11-27T10:56:01+00:00","dateModified":"2024-12-05T08:01:02+00:00","author":{"@id":"https:\/\/puntdereferencia.org\/es\/#\/schema\/person\/c475209bcc857303ec6ed0259d3cf078"},"breadcrumb":{"@id":"https:\/\/puntdereferencia.org\/es\/punt-de-referencia-obsequia-con-vino-sumoi-por-los-donativos-del-mes-de-diciembre\/#breadcrumb"},"inLanguage":"es","potentialAction":[{"@type":"ReadAction","target":["https:\/\/puntdereferencia.org\/es\/punt-de-referencia-obsequia-con-vino-sumoi-por-los-donativos-del-mes-de-diciembre\/"]}]},{"@type":"ImageObject","inLanguage":"es","@id":"https:\/\/puntdereferencia.org\/es\/punt-de-referencia-obsequia-con-vino-sumoi-por-los-donativos-del-mes-de-diciembre\/#primaryimage","url":"https:\/\/puntdereferencia.org\/wp-content\/uploads\/2024\/11\/X-1.png","contentUrl":"https:\/\/puntdereferencia.org\/wp-content\/uploads\/2024\/11\/X-1.png","width":1080,"height":1080},{"@type":"BreadcrumbList","@id":"https:\/\/puntdereferencia.org\/es\/punt-de-referencia-obsequia-con-vino-sumoi-por-los-donativos-del-mes-de-diciembre\/#breadcrumb","itemListElement":[{"@type":"ListItem","position":1,"name":"Inici","item":"https:\/\/puntdereferencia.org\/es\/inicio\/"},{"@type":"ListItem","position":2,"name":"Punt de Refer\u00e8ncia obsequia con vino Can Sumoi por los donativos del mes de diciembre"}]},{"@type":"WebSite","@id":"https:\/\/puntdereferencia.org\/es\/#website","url":"https:\/\/puntdereferencia.org\/es\/","name":"Punt de Referencia","description":"","potentialAction":[{"@type":"SearchAction","target":{"@type":"EntryPoint","urlTemplate":"https:\/\/puntdereferencia.org\/es\/?s={search_term_string}"},"query-input":{"@type":"PropertyValueSpecification","valueRequired":true,"valueName":"search_term_string"}}],"inLanguage":"es"},{"@type":"Person","@id":"https:\/\/puntdereferencia.org\/es\/#\/schema\/person\/c475209bcc857303ec6ed0259d3cf078","name":"admin","image":{"@type":"ImageObject","inLanguage":"es","@id":"https:\/\/puntdereferencia.org\/es\/#\/schema\/person\/image\/","url":"https:\/\/secure.gravatar.com\/avatar\/ff306d55f6aedb51a29e838506fafaa76a30bce9f5db9aca2e28921b903aaad2?s=96&d=mm&r=g","contentUrl":"https:\/\/secure.gravatar.com\/avatar\/ff306d55f6aedb51a29e838506fafaa76a30bce9f5db9aca2e28921b903aaad2?s=96&d=mm&r=g","caption":"admin"},"sameAs":["http:\/\/\/home\/puntref\/webapps\/web2024"],"url":"https:\/\/puntdereferencia.org\/es\/author\/admin\/"}]}},"_links":{"self":[{"href":"https:\/\/puntdereferencia.org\/es\/wp-json\/wp\/v2\/posts\/28055","targetHints":{"allow":["GET"]}}],"collection":[{"href":"https:\/\/puntdereferencia.org\/es\/wp-json\/wp\/v2\/posts"}],"about":[{"href":"https:\/\/puntdereferencia.org\/es\/wp-json\/wp\/v2\/types\/post"}],"author":[{"embeddable":true,"href":"https:\/\/puntdereferencia.org\/es\/wp-json\/wp\/v2\/users\/1"}],"replies":[{"embeddable":true,"href":"https:\/\/puntdereferencia.org\/es\/wp-json\/wp\/v2\/comments?post=28055"}],"version-history":[{"count":11,"href":"https:\/\/puntdereferencia.org\/es\/wp-json\/wp\/v2\/posts\/28055\/revisions"}],"predecessor-version":[{"id":28293,"href":"https:\/\/puntdereferencia.org\/es\/wp-json\/wp\/v2\/posts\/28055\/revisions\/28293"}],"wp:featuredmedia":[{"embeddable":true,"href":"https:\/\/puntdereferencia.org\/es\/wp-json\/wp\/v2\/media\/28052"}],"wp:attachment":[{"href":"https:\/\/puntdereferencia.org\/es\/wp-json\/wp\/v2\/media?parent=28055"}],"wp:term":[{"taxonomy":"category","embeddable":true,"href":"https:\/\/puntdereferencia.org\/es\/wp-json\/wp\/v2\/categories?post=28055"},{"taxonomy":"post_tag","embeddable":true,"href":"https:\/\/puntdereferencia.org\/es\/wp-json\/wp\/v2\/tags?post=28055"}],"curies":[{"name":"wp","href":"https:\/\/api.w.org\/{rel}","templated":true}]}}