{"id":28630,"date":"2025-03-27T14:15:09","date_gmt":"2025-03-27T13:15:09","guid":{"rendered":"https:\/\/puntdereferencia.org\/?p=28630"},"modified":"2025-04-29T16:11:47","modified_gmt":"2025-04-29T14:11:47","slug":"buscamos-figuras-de-referencia-en-el-mantenimiento-y-gestion-de-los-hogares","status":"publish","type":"post","link":"https:\/\/puntdereferencia.org\/es\/buscamos-figuras-de-referencia-en-el-mantenimiento-y-gestion-de-los-hogares\/","title":{"rendered":"Buscamos figuras de referencia en el mantenimiento y gesti\u00f3n de los hogares"},"content":{"rendered":"<p class=\"\" data-start=\"123\" data-end=\"633\">En Catalu\u00f1a vivimos una crisis de vivienda. La edad media de emancipaci\u00f3n de los y las j\u00f3venes es de 30,5 a\u00f1os y solo 2 de cada 10 j\u00f3venes viven de forma independiente. Esta situaci\u00f3n se agrava a\u00fan m\u00e1s en el caso de la juventud tutelada y extutelada, que se ve obligada a emanciparse a partir de los dieciocho a\u00f1os al salir del sistema de protecci\u00f3n de menores. Entidades sociales como Punt de Refer\u00e8ncia impulsamos programas de vivienda para revertir esta situaci\u00f3n y apostar por la igualdad de oportunidades.<\/p>\n<p class=\"\" data-start=\"635\" data-end=\"998\">Despu\u00e9s de 18 a\u00f1os impulsando el programa de pisos asistidos, nos encontramos ante la necesidad de mejorar el mantenimiento y el mobiliario de estas viviendas. Queremos garantizar que la juventud tenga un espacio propio y digno que cubra sus necesidades mientras se prepara para la emancipaci\u00f3n<strong>. \u00a1Hagamos de los pisos de Punt de Refer\u00e8ncia hogares m\u00e1s acogedores!<\/strong><\/p>\n<p class=\"\" data-start=\"1000\" data-end=\"1116\">En este contexto, buscamos <strong>figuras de referencia en el mantenimiento y gesti\u00f3n de los hogares<\/strong> <strong>de Punt de Refer\u00e8ncia:<\/strong><\/p>\n<p class=\"\" data-start=\"1118\" data-end=\"1128\"><strong data-start=\"1118\" data-end=\"1128\">Perfil<\/strong><\/p>\n<p class=\"\" data-start=\"1130\" data-end=\"1216\">Personas con habilidades en tareas de mantenimiento y peque\u00f1as reparaciones del hogar.<\/p>\n<p class=\"\" data-start=\"1218\" data-end=\"1246\"><strong data-start=\"1218\" data-end=\"1246\">\u00bfQu\u00e9 tareas realizar\u00edas?<\/strong><\/p>\n<ul data-start=\"1248\" data-end=\"1548\">\n<li class=\"\" data-start=\"1248\" data-end=\"1360\">\n<p class=\"\" data-start=\"1250\" data-end=\"1360\">Montaje de muebles, colgar cuadros, estanter\u00edas o cortinas, cambiar bombillas especiales, ajustar persianas.<\/p>\n<\/li>\n<li class=\"\" data-start=\"1361\" data-end=\"1462\">\n<p class=\"\" data-start=\"1363\" data-end=\"1462\">Valorar con la juventud las tareas a realizar y decidir los materiales y herramientas necesarias.<\/p>\n<\/li>\n<li class=\"\" data-start=\"1463\" data-end=\"1548\">\n<p class=\"\" data-start=\"1465\" data-end=\"1548\">Transmitir h\u00e1bitos de buen uso y conservaci\u00f3n de las viviendas a los y las j\u00f3venes.<\/p>\n<\/li>\n<\/ul>\n<p class=\"\" data-start=\"1550\" data-end=\"1568\"><strong data-start=\"1550\" data-end=\"1568\">Disponibilidad<\/strong><\/p>\n<ul>\n<li data-start=\"1550\" data-end=\"1568\">Variable en funci\u00f3n de las necesidades, con flexibilidad horaria.<\/li>\n<li data-start=\"1550\" data-end=\"1568\">Contacta con nosotras en: <a class=\"cursor-pointer\" rel=\"noopener\" data-start=\"1664\" data-end=\"1689\">info@puntdereferencia.org<\/a><\/li>\n<\/ul>\n<h4><strong>Haz un donativo de mobiliario a Punt de Refer\u00e8ncia\u00a0<\/strong><\/h4>\n<p class=\"\" data-start=\"1691\" data-end=\"1895\">Por otro lado, tambi\u00e9n puedes colaborar con la entidad proporcionando mobiliario a los pisos de Punt de Refer\u00e8ncia, para contribuir a la creaci\u00f3n de hogares m\u00e1s agradables y confortables para la juventud. En la actualidad necesitamos <strong>muebles para\u00a0 zapatos, m\u00e1quinas de agujerear y cajas de herramientas.<\/strong><\/p>\n<p class=\"\" data-start=\"1897\" data-end=\"1920\"><a href=\"https:\/\/puntdereferencia.org\/wp-content\/uploads\/2025\/03\/Armari-dormitori-2.pdf\"><strong data-start=\"1897\" data-end=\"1920\">Lee m\u00e1s informaci\u00f3n<\/strong><\/a><\/p>\n","protected":false},"excerpt":{"rendered":"<p>En Catalu\u00f1a vivimos una crisis de vivienda. La edad media de emancipaci\u00f3n de los y las j\u00f3venes es de 30,5 a\u00f1os y solo 2 de cada 10 j\u00f3venes viven de forma independiente. Esta situaci\u00f3n se agrava a\u00fan m\u00e1s en el caso de la juventud tutelada y extutelada, que se ve obligada a emanciparse a partir [&hellip;]<\/p>\n","protected":false},"author":5,"featured_media":28627,"comment_status":"closed","ping_status":"closed","sticky":false,"template":"","format":"standard","meta":{"footnotes":""},"categories":[913],"tags":[],"class_list":["post-28630","post","type-post","status-publish","format-standard","has-post-thumbnail","hentry","category-noticias-es"],"yoast_head":"<!-- This site is optimized with the Yoast SEO plugin v27.1.1 - https:\/\/yoast.com\/product\/yoast-seo-wordpress\/ -->\n<title>Buscamos figuras de referencia en el mantenimiento y gesti\u00f3n de los hogares - Punt de Referencia<\/title>\n<meta name=\"robots\" content=\"index, follow, max-snippet:-1, max-image-preview:large, max-video-preview:-1\" \/>\n<link rel=\"canonical\" href=\"https:\/\/puntdereferencia.org\/es\/buscamos-figuras-de-referencia-en-el-mantenimiento-y-gestion-de-los-hogares\/\" \/>\n<meta property=\"og:locale\" content=\"es_ES\" \/>\n<meta property=\"og:type\" content=\"article\" \/>\n<meta property=\"og:title\" content=\"Buscamos figuras de referencia en el mantenimiento y gesti\u00f3n de los hogares - Punt de Referencia\" \/>\n<meta property=\"og:description\" content=\"En Catalu\u00f1a vivimos una crisis de vivienda. La edad media de emancipaci\u00f3n de los y las j\u00f3venes es de 30,5 a\u00f1os y solo 2 de cada 10 j\u00f3venes viven de forma independiente. Esta situaci\u00f3n se agrava a\u00fan m\u00e1s en el caso de la juventud tutelada y extutelada, que se ve obligada a emanciparse a partir [&hellip;]\" \/>\n<meta property=\"og:url\" content=\"https:\/\/puntdereferencia.org\/es\/buscamos-figuras-de-referencia-en-el-mantenimiento-y-gestion-de-los-hogares\/\" \/>\n<meta property=\"og:site_name\" content=\"Punt de Referencia\" \/>\n<meta property=\"article:published_time\" content=\"2025-03-27T13:15:09+00:00\" \/>\n<meta property=\"article:modified_time\" content=\"2025-04-29T14:11:47+00:00\" \/>\n<meta property=\"og:image\" content=\"https:\/\/puntdereferencia.org\/wp-content\/uploads\/2025\/03\/WhatsApp-Image-2020-07-17-at-11.18.52.jpeg\" \/>\n\t<meta property=\"og:image:width\" content=\"2000\" \/>\n\t<meta property=\"og:image:height\" content=\"1500\" \/>\n\t<meta property=\"og:image:type\" content=\"image\/jpeg\" \/>\n<meta name=\"author\" content=\"comunicacio\" \/>\n<meta name=\"twitter:card\" content=\"summary_large_image\" \/>\n<meta name=\"twitter:label1\" content=\"Escrito por\" \/>\n\t<meta name=\"twitter:data1\" content=\"comunicacio\" \/>\n\t<meta name=\"twitter:label2\" content=\"Tiempo de lectura\" \/>\n\t<meta name=\"twitter:data2\" content=\"2 minutos\" \/>\n<script type=\"application\/ld+json\" class=\"yoast-schema-graph\">{\"@context\":\"https:\/\/schema.org\",\"@graph\":[{\"@type\":\"Article\",\"@id\":\"https:\/\/puntdereferencia.org\/es\/buscamos-figuras-de-referencia-en-el-mantenimiento-y-gestion-de-los-hogares\/#article\",\"isPartOf\":{\"@id\":\"https:\/\/puntdereferencia.org\/es\/buscamos-figuras-de-referencia-en-el-mantenimiento-y-gestion-de-los-hogares\/\"},\"author\":{\"name\":\"comunicacio\",\"@id\":\"https:\/\/puntdereferencia.org\/es\/#\/schema\/person\/9279ca0ae909c44575a61870cd380911\"},\"headline\":\"Buscamos figuras de referencia en el mantenimiento y gesti\u00f3n de los hogares\",\"datePublished\":\"2025-03-27T13:15:09+00:00\",\"dateModified\":\"2025-04-29T14:11:47+00:00\",\"mainEntityOfPage\":{\"@id\":\"https:\/\/puntdereferencia.org\/es\/buscamos-figuras-de-referencia-en-el-mantenimiento-y-gestion-de-los-hogares\/\"},\"wordCount\":341,\"image\":{\"@id\":\"https:\/\/puntdereferencia.org\/es\/buscamos-figuras-de-referencia-en-el-mantenimiento-y-gestion-de-los-hogares\/#primaryimage\"},\"thumbnailUrl\":\"https:\/\/puntdereferencia.org\/wp-content\/uploads\/2025\/03\/WhatsApp-Image-2020-07-17-at-11.18.52.jpeg\",\"articleSection\":[\"NOTICIAS\"],\"inLanguage\":\"es\"},{\"@type\":\"WebPage\",\"@id\":\"https:\/\/puntdereferencia.org\/es\/buscamos-figuras-de-referencia-en-el-mantenimiento-y-gestion-de-los-hogares\/\",\"url\":\"https:\/\/puntdereferencia.org\/es\/buscamos-figuras-de-referencia-en-el-mantenimiento-y-gestion-de-los-hogares\/\",\"name\":\"Buscamos figuras de referencia en el mantenimiento y gesti\u00f3n de los hogares - Punt de Referencia\",\"isPartOf\":{\"@id\":\"https:\/\/puntdereferencia.org\/es\/#website\"},\"primaryImageOfPage\":{\"@id\":\"https:\/\/puntdereferencia.org\/es\/buscamos-figuras-de-referencia-en-el-mantenimiento-y-gestion-de-los-hogares\/#primaryimage\"},\"image\":{\"@id\":\"https:\/\/puntdereferencia.org\/es\/buscamos-figuras-de-referencia-en-el-mantenimiento-y-gestion-de-los-hogares\/#primaryimage\"},\"thumbnailUrl\":\"https:\/\/puntdereferencia.org\/wp-content\/uploads\/2025\/03\/WhatsApp-Image-2020-07-17-at-11.18.52.jpeg\",\"datePublished\":\"2025-03-27T13:15:09+00:00\",\"dateModified\":\"2025-04-29T14:11:47+00:00\",\"author\":{\"@id\":\"https:\/\/puntdereferencia.org\/es\/#\/schema\/person\/9279ca0ae909c44575a61870cd380911\"},\"breadcrumb\":{\"@id\":\"https:\/\/puntdereferencia.org\/es\/buscamos-figuras-de-referencia-en-el-mantenimiento-y-gestion-de-los-hogares\/#breadcrumb\"},\"inLanguage\":\"es\",\"potentialAction\":[{\"@type\":\"ReadAction\",\"target\":[\"https:\/\/puntdereferencia.org\/es\/buscamos-figuras-de-referencia-en-el-mantenimiento-y-gestion-de-los-hogares\/\"]}]},{\"@type\":\"ImageObject\",\"inLanguage\":\"es\",\"@id\":\"https:\/\/puntdereferencia.org\/es\/buscamos-figuras-de-referencia-en-el-mantenimiento-y-gestion-de-los-hogares\/#primaryimage\",\"url\":\"https:\/\/puntdereferencia.org\/wp-content\/uploads\/2025\/03\/WhatsApp-Image-2020-07-17-at-11.18.52.jpeg\",\"contentUrl\":\"https:\/\/puntdereferencia.org\/wp-content\/uploads\/2025\/03\/WhatsApp-Image-2020-07-17-at-11.18.52.jpeg\",\"width\":2000,\"height\":1500},{\"@type\":\"BreadcrumbList\",\"@id\":\"https:\/\/puntdereferencia.org\/es\/buscamos-figuras-de-referencia-en-el-mantenimiento-y-gestion-de-los-hogares\/#breadcrumb\",\"itemListElement\":[{\"@type\":\"ListItem\",\"position\":1,\"name\":\"Inici\",\"item\":\"https:\/\/puntdereferencia.org\/es\/inicio\/\"},{\"@type\":\"ListItem\",\"position\":2,\"name\":\"Buscamos figuras de referencia en el mantenimiento y gesti\u00f3n de los hogares\"}]},{\"@type\":\"WebSite\",\"@id\":\"https:\/\/puntdereferencia.org\/es\/#website\",\"url\":\"https:\/\/puntdereferencia.org\/es\/\",\"name\":\"Punt de Referencia\",\"description\":\"\",\"potentialAction\":[{\"@type\":\"SearchAction\",\"target\":{\"@type\":\"EntryPoint\",\"urlTemplate\":\"https:\/\/puntdereferencia.org\/es\/?s={search_term_string}\"},\"query-input\":{\"@type\":\"PropertyValueSpecification\",\"valueRequired\":true,\"valueName\":\"search_term_string\"}}],\"inLanguage\":\"es\"},{\"@type\":\"Person\",\"@id\":\"https:\/\/puntdereferencia.org\/es\/#\/schema\/person\/9279ca0ae909c44575a61870cd380911\",\"name\":\"comunicacio\",\"image\":{\"@type\":\"ImageObject\",\"inLanguage\":\"es\",\"@id\":\"https:\/\/puntdereferencia.org\/es\/#\/schema\/person\/image\/\",\"url\":\"https:\/\/secure.gravatar.com\/avatar\/c0ff16c2f7fd8acc523bf0b319b93bdde524fac0ceee8e787421abf69dceb699?s=96&d=mm&r=g\",\"contentUrl\":\"https:\/\/secure.gravatar.com\/avatar\/c0ff16c2f7fd8acc523bf0b319b93bdde524fac0ceee8e787421abf69dceb699?s=96&d=mm&r=g\",\"caption\":\"comunicacio\"},\"url\":\"https:\/\/puntdereferencia.org\/es\/author\/comunicacio\/\"}]}<\/script>\n<!-- \/ Yoast SEO plugin. -->","yoast_head_json":{"title":"Buscamos figuras de referencia en el mantenimiento y gesti\u00f3n de los hogares - Punt de Referencia","robots":{"index":"index","follow":"follow","max-snippet":"max-snippet:-1","max-image-preview":"max-image-preview:large","max-video-preview":"max-video-preview:-1"},"canonical":"https:\/\/puntdereferencia.org\/es\/buscamos-figuras-de-referencia-en-el-mantenimiento-y-gestion-de-los-hogares\/","og_locale":"es_ES","og_type":"article","og_title":"Buscamos figuras de referencia en el mantenimiento y gesti\u00f3n de los hogares - Punt de Referencia","og_description":"En Catalu\u00f1a vivimos una crisis de vivienda. La edad media de emancipaci\u00f3n de los y las j\u00f3venes es de 30,5 a\u00f1os y solo 2 de cada 10 j\u00f3venes viven de forma independiente. Esta situaci\u00f3n se agrava a\u00fan m\u00e1s en el caso de la juventud tutelada y extutelada, que se ve obligada a emanciparse a partir [&hellip;]","og_url":"https:\/\/puntdereferencia.org\/es\/buscamos-figuras-de-referencia-en-el-mantenimiento-y-gestion-de-los-hogares\/","og_site_name":"Punt de Referencia","article_published_time":"2025-03-27T13:15:09+00:00","article_modified_time":"2025-04-29T14:11:47+00:00","og_image":[{"width":2000,"height":1500,"url":"https:\/\/puntdereferencia.org\/wp-content\/uploads\/2025\/03\/WhatsApp-Image-2020-07-17-at-11.18.52.jpeg","type":"image\/jpeg"}],"author":"comunicacio","twitter_card":"summary_large_image","twitter_misc":{"Escrito por":"comunicacio","Tiempo de lectura":"2 minutos"},"schema":{"@context":"https:\/\/schema.org","@graph":[{"@type":"Article","@id":"https:\/\/puntdereferencia.org\/es\/buscamos-figuras-de-referencia-en-el-mantenimiento-y-gestion-de-los-hogares\/#article","isPartOf":{"@id":"https:\/\/puntdereferencia.org\/es\/buscamos-figuras-de-referencia-en-el-mantenimiento-y-gestion-de-los-hogares\/"},"author":{"name":"comunicacio","@id":"https:\/\/puntdereferencia.org\/es\/#\/schema\/person\/9279ca0ae909c44575a61870cd380911"},"headline":"Buscamos figuras de referencia en el mantenimiento y gesti\u00f3n de los hogares","datePublished":"2025-03-27T13:15:09+00:00","dateModified":"2025-04-29T14:11:47+00:00","mainEntityOfPage":{"@id":"https:\/\/puntdereferencia.org\/es\/buscamos-figuras-de-referencia-en-el-mantenimiento-y-gestion-de-los-hogares\/"},"wordCount":341,"image":{"@id":"https:\/\/puntdereferencia.org\/es\/buscamos-figuras-de-referencia-en-el-mantenimiento-y-gestion-de-los-hogares\/#primaryimage"},"thumbnailUrl":"https:\/\/puntdereferencia.org\/wp-content\/uploads\/2025\/03\/WhatsApp-Image-2020-07-17-at-11.18.52.jpeg","articleSection":["NOTICIAS"],"inLanguage":"es"},{"@type":"WebPage","@id":"https:\/\/puntdereferencia.org\/es\/buscamos-figuras-de-referencia-en-el-mantenimiento-y-gestion-de-los-hogares\/","url":"https:\/\/puntdereferencia.org\/es\/buscamos-figuras-de-referencia-en-el-mantenimiento-y-gestion-de-los-hogares\/","name":"Buscamos figuras de referencia en el mantenimiento y gesti\u00f3n de los hogares - Punt de Referencia","isPartOf":{"@id":"https:\/\/puntdereferencia.org\/es\/#website"},"primaryImageOfPage":{"@id":"https:\/\/puntdereferencia.org\/es\/buscamos-figuras-de-referencia-en-el-mantenimiento-y-gestion-de-los-hogares\/#primaryimage"},"image":{"@id":"https:\/\/puntdereferencia.org\/es\/buscamos-figuras-de-referencia-en-el-mantenimiento-y-gestion-de-los-hogares\/#primaryimage"},"thumbnailUrl":"https:\/\/puntdereferencia.org\/wp-content\/uploads\/2025\/03\/WhatsApp-Image-2020-07-17-at-11.18.52.jpeg","datePublished":"2025-03-27T13:15:09+00:00","dateModified":"2025-04-29T14:11:47+00:00","author":{"@id":"https:\/\/puntdereferencia.org\/es\/#\/schema\/person\/9279ca0ae909c44575a61870cd380911"},"breadcrumb":{"@id":"https:\/\/puntdereferencia.org\/es\/buscamos-figuras-de-referencia-en-el-mantenimiento-y-gestion-de-los-hogares\/#breadcrumb"},"inLanguage":"es","potentialAction":[{"@type":"ReadAction","target":["https:\/\/puntdereferencia.org\/es\/buscamos-figuras-de-referencia-en-el-mantenimiento-y-gestion-de-los-hogares\/"]}]},{"@type":"ImageObject","inLanguage":"es","@id":"https:\/\/puntdereferencia.org\/es\/buscamos-figuras-de-referencia-en-el-mantenimiento-y-gestion-de-los-hogares\/#primaryimage","url":"https:\/\/puntdereferencia.org\/wp-content\/uploads\/2025\/03\/WhatsApp-Image-2020-07-17-at-11.18.52.jpeg","contentUrl":"https:\/\/puntdereferencia.org\/wp-content\/uploads\/2025\/03\/WhatsApp-Image-2020-07-17-at-11.18.52.jpeg","width":2000,"height":1500},{"@type":"BreadcrumbList","@id":"https:\/\/puntdereferencia.org\/es\/buscamos-figuras-de-referencia-en-el-mantenimiento-y-gestion-de-los-hogares\/#breadcrumb","itemListElement":[{"@type":"ListItem","position":1,"name":"Inici","item":"https:\/\/puntdereferencia.org\/es\/inicio\/"},{"@type":"ListItem","position":2,"name":"Buscamos figuras de referencia en el mantenimiento y gesti\u00f3n de los hogares"}]},{"@type":"WebSite","@id":"https:\/\/puntdereferencia.org\/es\/#website","url":"https:\/\/puntdereferencia.org\/es\/","name":"Punt de Referencia","description":"","potentialAction":[{"@type":"SearchAction","target":{"@type":"EntryPoint","urlTemplate":"https:\/\/puntdereferencia.org\/es\/?s={search_term_string}"},"query-input":{"@type":"PropertyValueSpecification","valueRequired":true,"valueName":"search_term_string"}}],"inLanguage":"es"},{"@type":"Person","@id":"https:\/\/puntdereferencia.org\/es\/#\/schema\/person\/9279ca0ae909c44575a61870cd380911","name":"comunicacio","image":{"@type":"ImageObject","inLanguage":"es","@id":"https:\/\/puntdereferencia.org\/es\/#\/schema\/person\/image\/","url":"https:\/\/secure.gravatar.com\/avatar\/c0ff16c2f7fd8acc523bf0b319b93bdde524fac0ceee8e787421abf69dceb699?s=96&d=mm&r=g","contentUrl":"https:\/\/secure.gravatar.com\/avatar\/c0ff16c2f7fd8acc523bf0b319b93bdde524fac0ceee8e787421abf69dceb699?s=96&d=mm&r=g","caption":"comunicacio"},"url":"https:\/\/puntdereferencia.org\/es\/author\/comunicacio\/"}]}},"_links":{"self":[{"href":"https:\/\/puntdereferencia.org\/es\/wp-json\/wp\/v2\/posts\/28630","targetHints":{"allow":["GET"]}}],"collection":[{"href":"https:\/\/puntdereferencia.org\/es\/wp-json\/wp\/v2\/posts"}],"about":[{"href":"https:\/\/puntdereferencia.org\/es\/wp-json\/wp\/v2\/types\/post"}],"author":[{"embeddable":true,"href":"https:\/\/puntdereferencia.org\/es\/wp-json\/wp\/v2\/users\/5"}],"replies":[{"embeddable":true,"href":"https:\/\/puntdereferencia.org\/es\/wp-json\/wp\/v2\/comments?post=28630"}],"version-history":[{"count":6,"href":"https:\/\/puntdereferencia.org\/es\/wp-json\/wp\/v2\/posts\/28630\/revisions"}],"predecessor-version":[{"id":28808,"href":"https:\/\/puntdereferencia.org\/es\/wp-json\/wp\/v2\/posts\/28630\/revisions\/28808"}],"wp:featuredmedia":[{"embeddable":true,"href":"https:\/\/puntdereferencia.org\/es\/wp-json\/wp\/v2\/media\/28627"}],"wp:attachment":[{"href":"https:\/\/puntdereferencia.org\/es\/wp-json\/wp\/v2\/media?parent=28630"}],"wp:term":[{"taxonomy":"category","embeddable":true,"href":"https:\/\/puntdereferencia.org\/es\/wp-json\/wp\/v2\/categories?post=28630"},{"taxonomy":"post_tag","embeddable":true,"href":"https:\/\/puntdereferencia.org\/es\/wp-json\/wp\/v2\/tags?post=28630"}],"curies":[{"name":"wp","href":"https:\/\/api.w.org\/{rel}","templated":true}]}}