{"id":28635,"date":"2025-03-27T14:54:18","date_gmt":"2025-03-27T13:54:18","guid":{"rendered":"https:\/\/puntdereferencia.org\/?p=28635"},"modified":"2025-03-31T13:26:41","modified_gmt":"2025-03-31T11:26:41","slug":"gaudim-dun-iftar-comunitari-ple-de-retrobaments-i-gastronomia-multicultural","status":"publish","type":"post","link":"https:\/\/puntdereferencia.org\/es\/gaudim-dun-iftar-comunitari-ple-de-retrobaments-i-gastronomia-multicultural\/","title":{"rendered":"Disfrutamos de un iftar comunitario lleno de reencuentros y gastronom\u00eda multicultural"},"content":{"rendered":"<p>Un a\u00f1o m\u00e1s, <strong>j\u00f3venes, voluntariado y el equipo de Punt de Refer\u00e8ncia nos encontramos para celebrar un iftar comunitario<\/strong>. El iftar es una oportunidad para compartir y acercarnos a una celebraci\u00f3n importante para los j\u00f3venes que celebran el Ramad\u00e1n. Es un espacio para conocernos. La cocina nos ayuda a descubrir esta tradici\u00f3n, ofreciendo a la comunidad de Punt de Refer\u00e8ncia la posibilidad de estar al lado de los y las j\u00f3venes, acompa\u00f1\u00e1ndolos en momentos importantes en los que tener a la familia lejos es m\u00e1s duro.<\/p>\n<p>El evento se ha celebrado en la cocina comunitaria de Sant Antoni. Un espacio que ha permitido a los y las j\u00f3venes cocinar platos t\u00edpicos de sus pa\u00edses, por ejemplo, el\u00a0 taj\u00edn, chepbuyap, tacos franceses, cusc\u00fas&#8230; para compartirlos con las personas asistentes. <strong>La consigna era que todo el mundo trajera algo para compartir.<\/strong><\/p>\n<p class=\"\" data-start=\"898\" data-end=\"1469\">Estos momentos ayudan a acercar <strong>diferentes culturas y realidades, descubriendo lo que aportan y ense\u00f1an al resto.<\/strong> Despu\u00e9s de cenar todos juntos, Zineb y Ebrima, dos j\u00f3venes de Punt de Refer\u00e8ncia, realizaron un peque\u00f1o discurso para explicar el significado del Ramad\u00e1n para la comunidad musulmana. Ebrima destac\u00f3 que el Ramad\u00e1n \u201cse celebra en el noveno mes del calendario lunar y forma parte de los cinco pilares del islam\u201d; en este contexto, Zineb a\u00f1adi\u00f3 que el ayuno se hace \u201ccon amor, nos acercamos a Dios y nos ponemos en la piel de las personas que no tienen comida\u201d.<\/p>\n<blockquote>\n<p data-start=\"898\" data-end=\"1469\">\n<p class=\"\" data-start=\"1471\" data-end=\"1628\"><strong data-start=\"1471\" data-end=\"1587\">\u201cEl Ramad\u00e1n es un mes en el que nos perdonamos los unos a los otros, olvidamos los problemas y las cosas malas.\u201d <\/strong>\u2013 <em data-start=\"1592\" data-end=\"1628\">Zineb, joven de Punt de Refer\u00e8ncia<\/em><\/p>\n<\/blockquote>\n","protected":false},"excerpt":{"rendered":"<p>Un a\u00f1o m\u00e1s, j\u00f3venes, voluntariado y el equipo de Punt de Refer\u00e8ncia nos encontramos para celebrar un iftar comunitario. El iftar es una oportunidad para compartir y acercarnos a una celebraci\u00f3n importante para los j\u00f3venes que celebran el Ramad\u00e1n. Es un espacio para conocernos. La cocina nos ayuda a descubrir esta tradici\u00f3n, ofreciendo a la [&hellip;]<\/p>\n","protected":false},"author":5,"featured_media":28642,"comment_status":"closed","ping_status":"closed","sticky":false,"template":"","format":"standard","meta":{"footnotes":""},"categories":[913],"tags":[],"class_list":["post-28635","post","type-post","status-publish","format-standard","has-post-thumbnail","hentry","category-noticias-es"],"yoast_head":"<!-- This site is optimized with the Yoast SEO plugin v27.1.1 - https:\/\/yoast.com\/product\/yoast-seo-wordpress\/ -->\n<title>Disfrutamos de un iftar comunitario lleno de reencuentros y gastronom\u00eda multicultural - Punt de Referencia<\/title>\n<meta name=\"robots\" content=\"index, follow, max-snippet:-1, max-image-preview:large, max-video-preview:-1\" \/>\n<link rel=\"canonical\" href=\"https:\/\/puntdereferencia.org\/es\/gaudim-dun-iftar-comunitari-ple-de-retrobaments-i-gastronomia-multicultural\/\" \/>\n<meta property=\"og:locale\" content=\"es_ES\" \/>\n<meta property=\"og:type\" content=\"article\" \/>\n<meta property=\"og:title\" content=\"Disfrutamos de un iftar comunitario lleno de reencuentros y gastronom\u00eda multicultural - Punt de Referencia\" \/>\n<meta property=\"og:description\" content=\"Un a\u00f1o m\u00e1s, j\u00f3venes, voluntariado y el equipo de Punt de Refer\u00e8ncia nos encontramos para celebrar un iftar comunitario. El iftar es una oportunidad para compartir y acercarnos a una celebraci\u00f3n importante para los j\u00f3venes que celebran el Ramad\u00e1n. Es un espacio para conocernos. La cocina nos ayuda a descubrir esta tradici\u00f3n, ofreciendo a la [&hellip;]\" \/>\n<meta property=\"og:url\" content=\"https:\/\/puntdereferencia.org\/es\/gaudim-dun-iftar-comunitari-ple-de-retrobaments-i-gastronomia-multicultural\/\" \/>\n<meta property=\"og:site_name\" content=\"Punt de Referencia\" \/>\n<meta property=\"article:published_time\" content=\"2025-03-27T13:54:18+00:00\" \/>\n<meta property=\"article:modified_time\" content=\"2025-03-31T11:26:41+00:00\" \/>\n<meta property=\"og:image\" content=\"https:\/\/puntdereferencia.org\/wp-content\/uploads\/2025\/03\/IMG_0641.jpg\" \/>\n\t<meta property=\"og:image:width\" content=\"2048\" \/>\n\t<meta property=\"og:image:height\" content=\"1365\" \/>\n\t<meta property=\"og:image:type\" content=\"image\/jpeg\" \/>\n<meta name=\"author\" content=\"comunicacio\" \/>\n<meta name=\"twitter:card\" content=\"summary_large_image\" \/>\n<meta name=\"twitter:label1\" content=\"Escrito por\" \/>\n\t<meta name=\"twitter:data1\" content=\"comunicacio\" \/>\n\t<meta name=\"twitter:label2\" content=\"Tiempo de lectura\" \/>\n\t<meta name=\"twitter:data2\" content=\"2 minutos\" \/>\n<script type=\"application\/ld+json\" class=\"yoast-schema-graph\">{\"@context\":\"https:\/\/schema.org\",\"@graph\":[{\"@type\":\"Article\",\"@id\":\"https:\/\/puntdereferencia.org\/es\/gaudim-dun-iftar-comunitari-ple-de-retrobaments-i-gastronomia-multicultural\/#article\",\"isPartOf\":{\"@id\":\"https:\/\/puntdereferencia.org\/es\/gaudim-dun-iftar-comunitari-ple-de-retrobaments-i-gastronomia-multicultural\/\"},\"author\":{\"name\":\"comunicacio\",\"@id\":\"https:\/\/puntdereferencia.org\/es\/#\/schema\/person\/9279ca0ae909c44575a61870cd380911\"},\"headline\":\"Disfrutamos de un iftar comunitario lleno de reencuentros y gastronom\u00eda multicultural\",\"datePublished\":\"2025-03-27T13:54:18+00:00\",\"dateModified\":\"2025-03-31T11:26:41+00:00\",\"mainEntityOfPage\":{\"@id\":\"https:\/\/puntdereferencia.org\/es\/gaudim-dun-iftar-comunitari-ple-de-retrobaments-i-gastronomia-multicultural\/\"},\"wordCount\":303,\"image\":{\"@id\":\"https:\/\/puntdereferencia.org\/es\/gaudim-dun-iftar-comunitari-ple-de-retrobaments-i-gastronomia-multicultural\/#primaryimage\"},\"thumbnailUrl\":\"https:\/\/puntdereferencia.org\/wp-content\/uploads\/2025\/03\/IMG_0641.jpg\",\"articleSection\":[\"NOTICIAS\"],\"inLanguage\":\"es\"},{\"@type\":\"WebPage\",\"@id\":\"https:\/\/puntdereferencia.org\/es\/gaudim-dun-iftar-comunitari-ple-de-retrobaments-i-gastronomia-multicultural\/\",\"url\":\"https:\/\/puntdereferencia.org\/es\/gaudim-dun-iftar-comunitari-ple-de-retrobaments-i-gastronomia-multicultural\/\",\"name\":\"Disfrutamos de un iftar comunitario lleno de reencuentros y gastronom\u00eda multicultural - Punt de Referencia\",\"isPartOf\":{\"@id\":\"https:\/\/puntdereferencia.org\/es\/#website\"},\"primaryImageOfPage\":{\"@id\":\"https:\/\/puntdereferencia.org\/es\/gaudim-dun-iftar-comunitari-ple-de-retrobaments-i-gastronomia-multicultural\/#primaryimage\"},\"image\":{\"@id\":\"https:\/\/puntdereferencia.org\/es\/gaudim-dun-iftar-comunitari-ple-de-retrobaments-i-gastronomia-multicultural\/#primaryimage\"},\"thumbnailUrl\":\"https:\/\/puntdereferencia.org\/wp-content\/uploads\/2025\/03\/IMG_0641.jpg\",\"datePublished\":\"2025-03-27T13:54:18+00:00\",\"dateModified\":\"2025-03-31T11:26:41+00:00\",\"author\":{\"@id\":\"https:\/\/puntdereferencia.org\/es\/#\/schema\/person\/9279ca0ae909c44575a61870cd380911\"},\"breadcrumb\":{\"@id\":\"https:\/\/puntdereferencia.org\/es\/gaudim-dun-iftar-comunitari-ple-de-retrobaments-i-gastronomia-multicultural\/#breadcrumb\"},\"inLanguage\":\"es\",\"potentialAction\":[{\"@type\":\"ReadAction\",\"target\":[\"https:\/\/puntdereferencia.org\/es\/gaudim-dun-iftar-comunitari-ple-de-retrobaments-i-gastronomia-multicultural\/\"]}]},{\"@type\":\"ImageObject\",\"inLanguage\":\"es\",\"@id\":\"https:\/\/puntdereferencia.org\/es\/gaudim-dun-iftar-comunitari-ple-de-retrobaments-i-gastronomia-multicultural\/#primaryimage\",\"url\":\"https:\/\/puntdereferencia.org\/wp-content\/uploads\/2025\/03\/IMG_0641.jpg\",\"contentUrl\":\"https:\/\/puntdereferencia.org\/wp-content\/uploads\/2025\/03\/IMG_0641.jpg\",\"width\":2048,\"height\":1365},{\"@type\":\"BreadcrumbList\",\"@id\":\"https:\/\/puntdereferencia.org\/es\/gaudim-dun-iftar-comunitari-ple-de-retrobaments-i-gastronomia-multicultural\/#breadcrumb\",\"itemListElement\":[{\"@type\":\"ListItem\",\"position\":1,\"name\":\"Inici\",\"item\":\"https:\/\/puntdereferencia.org\/es\/inicio\/\"},{\"@type\":\"ListItem\",\"position\":2,\"name\":\"Disfrutamos de un iftar comunitario lleno de reencuentros y gastronom\u00eda multicultural\"}]},{\"@type\":\"WebSite\",\"@id\":\"https:\/\/puntdereferencia.org\/es\/#website\",\"url\":\"https:\/\/puntdereferencia.org\/es\/\",\"name\":\"Punt de Referencia\",\"description\":\"\",\"potentialAction\":[{\"@type\":\"SearchAction\",\"target\":{\"@type\":\"EntryPoint\",\"urlTemplate\":\"https:\/\/puntdereferencia.org\/es\/?s={search_term_string}\"},\"query-input\":{\"@type\":\"PropertyValueSpecification\",\"valueRequired\":true,\"valueName\":\"search_term_string\"}}],\"inLanguage\":\"es\"},{\"@type\":\"Person\",\"@id\":\"https:\/\/puntdereferencia.org\/es\/#\/schema\/person\/9279ca0ae909c44575a61870cd380911\",\"name\":\"comunicacio\",\"image\":{\"@type\":\"ImageObject\",\"inLanguage\":\"es\",\"@id\":\"https:\/\/puntdereferencia.org\/es\/#\/schema\/person\/image\/\",\"url\":\"https:\/\/secure.gravatar.com\/avatar\/c0ff16c2f7fd8acc523bf0b319b93bdde524fac0ceee8e787421abf69dceb699?s=96&d=mm&r=g\",\"contentUrl\":\"https:\/\/secure.gravatar.com\/avatar\/c0ff16c2f7fd8acc523bf0b319b93bdde524fac0ceee8e787421abf69dceb699?s=96&d=mm&r=g\",\"caption\":\"comunicacio\"},\"url\":\"https:\/\/puntdereferencia.org\/es\/author\/comunicacio\/\"}]}<\/script>\n<!-- \/ Yoast SEO plugin. -->","yoast_head_json":{"title":"Disfrutamos de un iftar comunitario lleno de reencuentros y gastronom\u00eda multicultural - Punt de Referencia","robots":{"index":"index","follow":"follow","max-snippet":"max-snippet:-1","max-image-preview":"max-image-preview:large","max-video-preview":"max-video-preview:-1"},"canonical":"https:\/\/puntdereferencia.org\/es\/gaudim-dun-iftar-comunitari-ple-de-retrobaments-i-gastronomia-multicultural\/","og_locale":"es_ES","og_type":"article","og_title":"Disfrutamos de un iftar comunitario lleno de reencuentros y gastronom\u00eda multicultural - Punt de Referencia","og_description":"Un a\u00f1o m\u00e1s, j\u00f3venes, voluntariado y el equipo de Punt de Refer\u00e8ncia nos encontramos para celebrar un iftar comunitario. El iftar es una oportunidad para compartir y acercarnos a una celebraci\u00f3n importante para los j\u00f3venes que celebran el Ramad\u00e1n. Es un espacio para conocernos. La cocina nos ayuda a descubrir esta tradici\u00f3n, ofreciendo a la [&hellip;]","og_url":"https:\/\/puntdereferencia.org\/es\/gaudim-dun-iftar-comunitari-ple-de-retrobaments-i-gastronomia-multicultural\/","og_site_name":"Punt de Referencia","article_published_time":"2025-03-27T13:54:18+00:00","article_modified_time":"2025-03-31T11:26:41+00:00","og_image":[{"width":2048,"height":1365,"url":"https:\/\/puntdereferencia.org\/wp-content\/uploads\/2025\/03\/IMG_0641.jpg","type":"image\/jpeg"}],"author":"comunicacio","twitter_card":"summary_large_image","twitter_misc":{"Escrito por":"comunicacio","Tiempo de lectura":"2 minutos"},"schema":{"@context":"https:\/\/schema.org","@graph":[{"@type":"Article","@id":"https:\/\/puntdereferencia.org\/es\/gaudim-dun-iftar-comunitari-ple-de-retrobaments-i-gastronomia-multicultural\/#article","isPartOf":{"@id":"https:\/\/puntdereferencia.org\/es\/gaudim-dun-iftar-comunitari-ple-de-retrobaments-i-gastronomia-multicultural\/"},"author":{"name":"comunicacio","@id":"https:\/\/puntdereferencia.org\/es\/#\/schema\/person\/9279ca0ae909c44575a61870cd380911"},"headline":"Disfrutamos de un iftar comunitario lleno de reencuentros y gastronom\u00eda multicultural","datePublished":"2025-03-27T13:54:18+00:00","dateModified":"2025-03-31T11:26:41+00:00","mainEntityOfPage":{"@id":"https:\/\/puntdereferencia.org\/es\/gaudim-dun-iftar-comunitari-ple-de-retrobaments-i-gastronomia-multicultural\/"},"wordCount":303,"image":{"@id":"https:\/\/puntdereferencia.org\/es\/gaudim-dun-iftar-comunitari-ple-de-retrobaments-i-gastronomia-multicultural\/#primaryimage"},"thumbnailUrl":"https:\/\/puntdereferencia.org\/wp-content\/uploads\/2025\/03\/IMG_0641.jpg","articleSection":["NOTICIAS"],"inLanguage":"es"},{"@type":"WebPage","@id":"https:\/\/puntdereferencia.org\/es\/gaudim-dun-iftar-comunitari-ple-de-retrobaments-i-gastronomia-multicultural\/","url":"https:\/\/puntdereferencia.org\/es\/gaudim-dun-iftar-comunitari-ple-de-retrobaments-i-gastronomia-multicultural\/","name":"Disfrutamos de un iftar comunitario lleno de reencuentros y gastronom\u00eda multicultural - Punt de Referencia","isPartOf":{"@id":"https:\/\/puntdereferencia.org\/es\/#website"},"primaryImageOfPage":{"@id":"https:\/\/puntdereferencia.org\/es\/gaudim-dun-iftar-comunitari-ple-de-retrobaments-i-gastronomia-multicultural\/#primaryimage"},"image":{"@id":"https:\/\/puntdereferencia.org\/es\/gaudim-dun-iftar-comunitari-ple-de-retrobaments-i-gastronomia-multicultural\/#primaryimage"},"thumbnailUrl":"https:\/\/puntdereferencia.org\/wp-content\/uploads\/2025\/03\/IMG_0641.jpg","datePublished":"2025-03-27T13:54:18+00:00","dateModified":"2025-03-31T11:26:41+00:00","author":{"@id":"https:\/\/puntdereferencia.org\/es\/#\/schema\/person\/9279ca0ae909c44575a61870cd380911"},"breadcrumb":{"@id":"https:\/\/puntdereferencia.org\/es\/gaudim-dun-iftar-comunitari-ple-de-retrobaments-i-gastronomia-multicultural\/#breadcrumb"},"inLanguage":"es","potentialAction":[{"@type":"ReadAction","target":["https:\/\/puntdereferencia.org\/es\/gaudim-dun-iftar-comunitari-ple-de-retrobaments-i-gastronomia-multicultural\/"]}]},{"@type":"ImageObject","inLanguage":"es","@id":"https:\/\/puntdereferencia.org\/es\/gaudim-dun-iftar-comunitari-ple-de-retrobaments-i-gastronomia-multicultural\/#primaryimage","url":"https:\/\/puntdereferencia.org\/wp-content\/uploads\/2025\/03\/IMG_0641.jpg","contentUrl":"https:\/\/puntdereferencia.org\/wp-content\/uploads\/2025\/03\/IMG_0641.jpg","width":2048,"height":1365},{"@type":"BreadcrumbList","@id":"https:\/\/puntdereferencia.org\/es\/gaudim-dun-iftar-comunitari-ple-de-retrobaments-i-gastronomia-multicultural\/#breadcrumb","itemListElement":[{"@type":"ListItem","position":1,"name":"Inici","item":"https:\/\/puntdereferencia.org\/es\/inicio\/"},{"@type":"ListItem","position":2,"name":"Disfrutamos de un iftar comunitario lleno de reencuentros y gastronom\u00eda multicultural"}]},{"@type":"WebSite","@id":"https:\/\/puntdereferencia.org\/es\/#website","url":"https:\/\/puntdereferencia.org\/es\/","name":"Punt de Referencia","description":"","potentialAction":[{"@type":"SearchAction","target":{"@type":"EntryPoint","urlTemplate":"https:\/\/puntdereferencia.org\/es\/?s={search_term_string}"},"query-input":{"@type":"PropertyValueSpecification","valueRequired":true,"valueName":"search_term_string"}}],"inLanguage":"es"},{"@type":"Person","@id":"https:\/\/puntdereferencia.org\/es\/#\/schema\/person\/9279ca0ae909c44575a61870cd380911","name":"comunicacio","image":{"@type":"ImageObject","inLanguage":"es","@id":"https:\/\/puntdereferencia.org\/es\/#\/schema\/person\/image\/","url":"https:\/\/secure.gravatar.com\/avatar\/c0ff16c2f7fd8acc523bf0b319b93bdde524fac0ceee8e787421abf69dceb699?s=96&d=mm&r=g","contentUrl":"https:\/\/secure.gravatar.com\/avatar\/c0ff16c2f7fd8acc523bf0b319b93bdde524fac0ceee8e787421abf69dceb699?s=96&d=mm&r=g","caption":"comunicacio"},"url":"https:\/\/puntdereferencia.org\/es\/author\/comunicacio\/"}]}},"_links":{"self":[{"href":"https:\/\/puntdereferencia.org\/es\/wp-json\/wp\/v2\/posts\/28635","targetHints":{"allow":["GET"]}}],"collection":[{"href":"https:\/\/puntdereferencia.org\/es\/wp-json\/wp\/v2\/posts"}],"about":[{"href":"https:\/\/puntdereferencia.org\/es\/wp-json\/wp\/v2\/types\/post"}],"author":[{"embeddable":true,"href":"https:\/\/puntdereferencia.org\/es\/wp-json\/wp\/v2\/users\/5"}],"replies":[{"embeddable":true,"href":"https:\/\/puntdereferencia.org\/es\/wp-json\/wp\/v2\/comments?post=28635"}],"version-history":[{"count":4,"href":"https:\/\/puntdereferencia.org\/es\/wp-json\/wp\/v2\/posts\/28635\/revisions"}],"predecessor-version":[{"id":28751,"href":"https:\/\/puntdereferencia.org\/es\/wp-json\/wp\/v2\/posts\/28635\/revisions\/28751"}],"wp:featuredmedia":[{"embeddable":true,"href":"https:\/\/puntdereferencia.org\/es\/wp-json\/wp\/v2\/media\/28642"}],"wp:attachment":[{"href":"https:\/\/puntdereferencia.org\/es\/wp-json\/wp\/v2\/media?parent=28635"}],"wp:term":[{"taxonomy":"category","embeddable":true,"href":"https:\/\/puntdereferencia.org\/es\/wp-json\/wp\/v2\/categories?post=28635"},{"taxonomy":"post_tag","embeddable":true,"href":"https:\/\/puntdereferencia.org\/es\/wp-json\/wp\/v2\/tags?post=28635"}],"curies":[{"name":"wp","href":"https:\/\/api.w.org\/{rel}","templated":true}]}}