{"id":28784,"date":"2025-04-29T12:15:31","date_gmt":"2025-04-29T10:15:31","guid":{"rendered":"https:\/\/puntdereferencia.org\/?p=28784"},"modified":"2025-05-02T08:32:38","modified_gmt":"2025-05-02T06:32:38","slug":"inauguramos-la-exposicion-fotografica-de-la-juventud-de-som-llavor-en-el-espai-francesc-catala-roca","status":"publish","type":"post","link":"https:\/\/puntdereferencia.org\/es\/inauguramos-la-exposicion-fotografica-de-la-juventud-de-som-llavor-en-el-espai-francesc-catala-roca\/","title":{"rendered":"La exposici\u00f3n fotogr\u00e1fica de los j\u00f3venes de Som Llavor se va de gira al Espai Francesc Catal\u00e0 Roca"},"content":{"rendered":"<p class=\"\" data-start=\"56\" data-end=\"405\">Este mi\u00e9rcoles 30 de abril a las 18\u202fh, el Espai Francesc Catal\u00e0 Roca acoger\u00e1 la inauguraci\u00f3n de la exposici\u00f3n fotogr\u00e1fica \u2018Dentro y fuera de casa; trocitos de nuestra experiencia con la vivienda\u2019, donde la juventud de Punt de Refer\u00e8ncia reivindica l<strong>os obst\u00e1culos que encuentra en el camino hacia la emancipaci\u00f3n y en la b\u00fasqueda de una vivienda.<\/strong><\/p>\n<p class=\"\" data-start=\"407\" data-end=\"734\">La exposici\u00f3n nace en el marco de la quinta edici\u00f3n del proyecto <em data-start=\"472\" data-end=\"484\">Som Llavor<\/em>, que busca la participaci\u00f3n social y la vinculaci\u00f3n de la juventud con la comunidad a trav\u00e9s del trabajo en grupo. Este a\u00f1o, los y las j\u00f3venes visibilizan a trav\u00e9s de la fotograf\u00eda las problem\u00e1ticas que encuentran en una sociedad que les discrimina.<\/p>\n<blockquote>\n<p class=\"\" data-start=\"736\" data-end=\"886\">\u00abEstoy muy contento porque ha sido una experiencia muy buena y he aprendido a hacer fotograf\u00edas\u00bb \u2013 Abed, joven participante del proyecto Som Llavor.<\/p>\n<\/blockquote>\n<p class=\"\" data-start=\"888\" data-end=\"948\"><strong>La exposici\u00f3n podr\u00e1 visitarse del 30 de abril al 23 de mayo.<\/strong><\/p>\n<p class=\"\" data-start=\"950\" data-end=\"1210\">Por otro lado, la comunidad de Punt de Refer\u00e8ncia ha celebrado la diada <strong>de Sant Jordi con unas postales con im\u00e1genes de la exposici\u00f3n<\/strong>, que el equipo se ha encargado de repartir entre la juventud, el voluntariado y las colaboradoras de la entidad.<\/p>\n<p class=\"\" data-start=\"1196\" data-end=\"1227\"><a href=\"https:\/\/puntdereferencia.org\/wp-content\/uploads\/2025\/04\/Postals_PdR.pdf\"><strong data-start=\"1196\" data-end=\"1227\">Consigue las postales aqu\u00ed.<\/strong><\/a><\/p>\n","protected":false},"excerpt":{"rendered":"<p>Este mi\u00e9rcoles 30 de abril a las 18\u202fh, el Espai Francesc Catal\u00e0 Roca acoger\u00e1 la inauguraci\u00f3n de la exposici\u00f3n fotogr\u00e1fica \u2018Dentro y fuera de casa; trocitos de nuestra experiencia con la vivienda\u2019, donde la juventud de Punt de Refer\u00e8ncia reivindica los obst\u00e1culos que encuentra en el camino hacia la emancipaci\u00f3n y en la b\u00fasqueda de [&hellip;]<\/p>\n","protected":false},"author":5,"featured_media":28772,"comment_status":"closed","ping_status":"closed","sticky":false,"template":"","format":"standard","meta":{"footnotes":""},"categories":[913],"tags":[],"class_list":["post-28784","post","type-post","status-publish","format-standard","has-post-thumbnail","hentry","category-noticias-es"],"yoast_head":"<!-- This site is optimized with the Yoast SEO plugin v27.1.1 - https:\/\/yoast.com\/product\/yoast-seo-wordpress\/ -->\n<title>La exposici\u00f3n fotogr\u00e1fica de los j\u00f3venes de Som Llavor se va de gira al Espai Francesc Catal\u00e0 Roca - Punt de Referencia<\/title>\n<meta name=\"robots\" content=\"index, follow, max-snippet:-1, max-image-preview:large, max-video-preview:-1\" \/>\n<link rel=\"canonical\" href=\"https:\/\/puntdereferencia.org\/es\/inauguramos-la-exposicion-fotografica-de-la-juventud-de-som-llavor-en-el-espai-francesc-catala-roca\/\" \/>\n<meta property=\"og:locale\" content=\"es_ES\" \/>\n<meta property=\"og:type\" content=\"article\" \/>\n<meta property=\"og:title\" content=\"La exposici\u00f3n fotogr\u00e1fica de los j\u00f3venes de Som Llavor se va de gira al Espai Francesc Catal\u00e0 Roca - Punt de Referencia\" \/>\n<meta property=\"og:description\" content=\"Este mi\u00e9rcoles 30 de abril a las 18\u202fh, el Espai Francesc Catal\u00e0 Roca acoger\u00e1 la inauguraci\u00f3n de la exposici\u00f3n fotogr\u00e1fica \u2018Dentro y fuera de casa; trocitos de nuestra experiencia con la vivienda\u2019, donde la juventud de Punt de Refer\u00e8ncia reivindica los obst\u00e1culos que encuentra en el camino hacia la emancipaci\u00f3n y en la b\u00fasqueda de [&hellip;]\" \/>\n<meta property=\"og:url\" content=\"https:\/\/puntdereferencia.org\/es\/inauguramos-la-exposicion-fotografica-de-la-juventud-de-som-llavor-en-el-espai-francesc-catala-roca\/\" \/>\n<meta property=\"og:site_name\" content=\"Punt de Referencia\" \/>\n<meta property=\"article:published_time\" content=\"2025-04-29T10:15:31+00:00\" \/>\n<meta property=\"article:modified_time\" content=\"2025-05-02T06:32:38+00:00\" \/>\n<meta property=\"og:image\" content=\"https:\/\/puntdereferencia.org\/wp-content\/uploads\/2025\/04\/WhatsApp-Image-2025-04-29-at-12.14.41.jpeg\" \/>\n\t<meta property=\"og:image:width\" content=\"1600\" \/>\n\t<meta property=\"og:image:height\" content=\"1200\" \/>\n\t<meta property=\"og:image:type\" content=\"image\/jpeg\" \/>\n<meta name=\"author\" content=\"comunicacio\" \/>\n<meta name=\"twitter:card\" content=\"summary_large_image\" \/>\n<meta name=\"twitter:label1\" content=\"Escrito por\" \/>\n\t<meta name=\"twitter:data1\" content=\"comunicacio\" \/>\n\t<meta name=\"twitter:label2\" content=\"Tiempo de lectura\" \/>\n\t<meta name=\"twitter:data2\" content=\"1 minuto\" \/>\n<script type=\"application\/ld+json\" class=\"yoast-schema-graph\">{\"@context\":\"https:\/\/schema.org\",\"@graph\":[{\"@type\":\"Article\",\"@id\":\"https:\/\/puntdereferencia.org\/es\/inauguramos-la-exposicion-fotografica-de-la-juventud-de-som-llavor-en-el-espai-francesc-catala-roca\/#article\",\"isPartOf\":{\"@id\":\"https:\/\/puntdereferencia.org\/es\/inauguramos-la-exposicion-fotografica-de-la-juventud-de-som-llavor-en-el-espai-francesc-catala-roca\/\"},\"author\":{\"name\":\"comunicacio\",\"@id\":\"https:\/\/puntdereferencia.org\/es\/#\/schema\/person\/9279ca0ae909c44575a61870cd380911\"},\"headline\":\"La exposici\u00f3n fotogr\u00e1fica de los j\u00f3venes de Som Llavor se va de gira al Espai Francesc Catal\u00e0 Roca\",\"datePublished\":\"2025-04-29T10:15:31+00:00\",\"dateModified\":\"2025-05-02T06:32:38+00:00\",\"mainEntityOfPage\":{\"@id\":\"https:\/\/puntdereferencia.org\/es\/inauguramos-la-exposicion-fotografica-de-la-juventud-de-som-llavor-en-el-espai-francesc-catala-roca\/\"},\"wordCount\":236,\"image\":{\"@id\":\"https:\/\/puntdereferencia.org\/es\/inauguramos-la-exposicion-fotografica-de-la-juventud-de-som-llavor-en-el-espai-francesc-catala-roca\/#primaryimage\"},\"thumbnailUrl\":\"https:\/\/puntdereferencia.org\/wp-content\/uploads\/2025\/04\/WhatsApp-Image-2025-04-29-at-12.14.41.jpeg\",\"articleSection\":[\"NOTICIAS\"],\"inLanguage\":\"es\"},{\"@type\":\"WebPage\",\"@id\":\"https:\/\/puntdereferencia.org\/es\/inauguramos-la-exposicion-fotografica-de-la-juventud-de-som-llavor-en-el-espai-francesc-catala-roca\/\",\"url\":\"https:\/\/puntdereferencia.org\/es\/inauguramos-la-exposicion-fotografica-de-la-juventud-de-som-llavor-en-el-espai-francesc-catala-roca\/\",\"name\":\"La exposici\u00f3n fotogr\u00e1fica de los j\u00f3venes de Som Llavor se va de gira al Espai Francesc Catal\u00e0 Roca - Punt de Referencia\",\"isPartOf\":{\"@id\":\"https:\/\/puntdereferencia.org\/es\/#website\"},\"primaryImageOfPage\":{\"@id\":\"https:\/\/puntdereferencia.org\/es\/inauguramos-la-exposicion-fotografica-de-la-juventud-de-som-llavor-en-el-espai-francesc-catala-roca\/#primaryimage\"},\"image\":{\"@id\":\"https:\/\/puntdereferencia.org\/es\/inauguramos-la-exposicion-fotografica-de-la-juventud-de-som-llavor-en-el-espai-francesc-catala-roca\/#primaryimage\"},\"thumbnailUrl\":\"https:\/\/puntdereferencia.org\/wp-content\/uploads\/2025\/04\/WhatsApp-Image-2025-04-29-at-12.14.41.jpeg\",\"datePublished\":\"2025-04-29T10:15:31+00:00\",\"dateModified\":\"2025-05-02T06:32:38+00:00\",\"author\":{\"@id\":\"https:\/\/puntdereferencia.org\/es\/#\/schema\/person\/9279ca0ae909c44575a61870cd380911\"},\"breadcrumb\":{\"@id\":\"https:\/\/puntdereferencia.org\/es\/inauguramos-la-exposicion-fotografica-de-la-juventud-de-som-llavor-en-el-espai-francesc-catala-roca\/#breadcrumb\"},\"inLanguage\":\"es\",\"potentialAction\":[{\"@type\":\"ReadAction\",\"target\":[\"https:\/\/puntdereferencia.org\/es\/inauguramos-la-exposicion-fotografica-de-la-juventud-de-som-llavor-en-el-espai-francesc-catala-roca\/\"]}]},{\"@type\":\"ImageObject\",\"inLanguage\":\"es\",\"@id\":\"https:\/\/puntdereferencia.org\/es\/inauguramos-la-exposicion-fotografica-de-la-juventud-de-som-llavor-en-el-espai-francesc-catala-roca\/#primaryimage\",\"url\":\"https:\/\/puntdereferencia.org\/wp-content\/uploads\/2025\/04\/WhatsApp-Image-2025-04-29-at-12.14.41.jpeg\",\"contentUrl\":\"https:\/\/puntdereferencia.org\/wp-content\/uploads\/2025\/04\/WhatsApp-Image-2025-04-29-at-12.14.41.jpeg\",\"width\":1600,\"height\":1200},{\"@type\":\"BreadcrumbList\",\"@id\":\"https:\/\/puntdereferencia.org\/es\/inauguramos-la-exposicion-fotografica-de-la-juventud-de-som-llavor-en-el-espai-francesc-catala-roca\/#breadcrumb\",\"itemListElement\":[{\"@type\":\"ListItem\",\"position\":1,\"name\":\"Inici\",\"item\":\"https:\/\/puntdereferencia.org\/es\/inicio\/\"},{\"@type\":\"ListItem\",\"position\":2,\"name\":\"La exposici\u00f3n fotogr\u00e1fica de los j\u00f3venes de Som Llavor se va de gira al Espai Francesc Catal\u00e0 Roca\"}]},{\"@type\":\"WebSite\",\"@id\":\"https:\/\/puntdereferencia.org\/es\/#website\",\"url\":\"https:\/\/puntdereferencia.org\/es\/\",\"name\":\"Punt de Referencia\",\"description\":\"\",\"potentialAction\":[{\"@type\":\"SearchAction\",\"target\":{\"@type\":\"EntryPoint\",\"urlTemplate\":\"https:\/\/puntdereferencia.org\/es\/?s={search_term_string}\"},\"query-input\":{\"@type\":\"PropertyValueSpecification\",\"valueRequired\":true,\"valueName\":\"search_term_string\"}}],\"inLanguage\":\"es\"},{\"@type\":\"Person\",\"@id\":\"https:\/\/puntdereferencia.org\/es\/#\/schema\/person\/9279ca0ae909c44575a61870cd380911\",\"name\":\"comunicacio\",\"image\":{\"@type\":\"ImageObject\",\"inLanguage\":\"es\",\"@id\":\"https:\/\/puntdereferencia.org\/es\/#\/schema\/person\/image\/\",\"url\":\"https:\/\/secure.gravatar.com\/avatar\/c0ff16c2f7fd8acc523bf0b319b93bdde524fac0ceee8e787421abf69dceb699?s=96&d=mm&r=g\",\"contentUrl\":\"https:\/\/secure.gravatar.com\/avatar\/c0ff16c2f7fd8acc523bf0b319b93bdde524fac0ceee8e787421abf69dceb699?s=96&d=mm&r=g\",\"caption\":\"comunicacio\"},\"url\":\"https:\/\/puntdereferencia.org\/es\/author\/comunicacio\/\"}]}<\/script>\n<!-- \/ Yoast SEO plugin. -->","yoast_head_json":{"title":"La exposici\u00f3n fotogr\u00e1fica de los j\u00f3venes de Som Llavor se va de gira al Espai Francesc Catal\u00e0 Roca - Punt de Referencia","robots":{"index":"index","follow":"follow","max-snippet":"max-snippet:-1","max-image-preview":"max-image-preview:large","max-video-preview":"max-video-preview:-1"},"canonical":"https:\/\/puntdereferencia.org\/es\/inauguramos-la-exposicion-fotografica-de-la-juventud-de-som-llavor-en-el-espai-francesc-catala-roca\/","og_locale":"es_ES","og_type":"article","og_title":"La exposici\u00f3n fotogr\u00e1fica de los j\u00f3venes de Som Llavor se va de gira al Espai Francesc Catal\u00e0 Roca - Punt de Referencia","og_description":"Este mi\u00e9rcoles 30 de abril a las 18\u202fh, el Espai Francesc Catal\u00e0 Roca acoger\u00e1 la inauguraci\u00f3n de la exposici\u00f3n fotogr\u00e1fica \u2018Dentro y fuera de casa; trocitos de nuestra experiencia con la vivienda\u2019, donde la juventud de Punt de Refer\u00e8ncia reivindica los obst\u00e1culos que encuentra en el camino hacia la emancipaci\u00f3n y en la b\u00fasqueda de [&hellip;]","og_url":"https:\/\/puntdereferencia.org\/es\/inauguramos-la-exposicion-fotografica-de-la-juventud-de-som-llavor-en-el-espai-francesc-catala-roca\/","og_site_name":"Punt de Referencia","article_published_time":"2025-04-29T10:15:31+00:00","article_modified_time":"2025-05-02T06:32:38+00:00","og_image":[{"width":1600,"height":1200,"url":"https:\/\/puntdereferencia.org\/wp-content\/uploads\/2025\/04\/WhatsApp-Image-2025-04-29-at-12.14.41.jpeg","type":"image\/jpeg"}],"author":"comunicacio","twitter_card":"summary_large_image","twitter_misc":{"Escrito por":"comunicacio","Tiempo de lectura":"1 minuto"},"schema":{"@context":"https:\/\/schema.org","@graph":[{"@type":"Article","@id":"https:\/\/puntdereferencia.org\/es\/inauguramos-la-exposicion-fotografica-de-la-juventud-de-som-llavor-en-el-espai-francesc-catala-roca\/#article","isPartOf":{"@id":"https:\/\/puntdereferencia.org\/es\/inauguramos-la-exposicion-fotografica-de-la-juventud-de-som-llavor-en-el-espai-francesc-catala-roca\/"},"author":{"name":"comunicacio","@id":"https:\/\/puntdereferencia.org\/es\/#\/schema\/person\/9279ca0ae909c44575a61870cd380911"},"headline":"La exposici\u00f3n fotogr\u00e1fica de los j\u00f3venes de Som Llavor se va de gira al Espai Francesc Catal\u00e0 Roca","datePublished":"2025-04-29T10:15:31+00:00","dateModified":"2025-05-02T06:32:38+00:00","mainEntityOfPage":{"@id":"https:\/\/puntdereferencia.org\/es\/inauguramos-la-exposicion-fotografica-de-la-juventud-de-som-llavor-en-el-espai-francesc-catala-roca\/"},"wordCount":236,"image":{"@id":"https:\/\/puntdereferencia.org\/es\/inauguramos-la-exposicion-fotografica-de-la-juventud-de-som-llavor-en-el-espai-francesc-catala-roca\/#primaryimage"},"thumbnailUrl":"https:\/\/puntdereferencia.org\/wp-content\/uploads\/2025\/04\/WhatsApp-Image-2025-04-29-at-12.14.41.jpeg","articleSection":["NOTICIAS"],"inLanguage":"es"},{"@type":"WebPage","@id":"https:\/\/puntdereferencia.org\/es\/inauguramos-la-exposicion-fotografica-de-la-juventud-de-som-llavor-en-el-espai-francesc-catala-roca\/","url":"https:\/\/puntdereferencia.org\/es\/inauguramos-la-exposicion-fotografica-de-la-juventud-de-som-llavor-en-el-espai-francesc-catala-roca\/","name":"La exposici\u00f3n fotogr\u00e1fica de los j\u00f3venes de Som Llavor se va de gira al Espai Francesc Catal\u00e0 Roca - Punt de Referencia","isPartOf":{"@id":"https:\/\/puntdereferencia.org\/es\/#website"},"primaryImageOfPage":{"@id":"https:\/\/puntdereferencia.org\/es\/inauguramos-la-exposicion-fotografica-de-la-juventud-de-som-llavor-en-el-espai-francesc-catala-roca\/#primaryimage"},"image":{"@id":"https:\/\/puntdereferencia.org\/es\/inauguramos-la-exposicion-fotografica-de-la-juventud-de-som-llavor-en-el-espai-francesc-catala-roca\/#primaryimage"},"thumbnailUrl":"https:\/\/puntdereferencia.org\/wp-content\/uploads\/2025\/04\/WhatsApp-Image-2025-04-29-at-12.14.41.jpeg","datePublished":"2025-04-29T10:15:31+00:00","dateModified":"2025-05-02T06:32:38+00:00","author":{"@id":"https:\/\/puntdereferencia.org\/es\/#\/schema\/person\/9279ca0ae909c44575a61870cd380911"},"breadcrumb":{"@id":"https:\/\/puntdereferencia.org\/es\/inauguramos-la-exposicion-fotografica-de-la-juventud-de-som-llavor-en-el-espai-francesc-catala-roca\/#breadcrumb"},"inLanguage":"es","potentialAction":[{"@type":"ReadAction","target":["https:\/\/puntdereferencia.org\/es\/inauguramos-la-exposicion-fotografica-de-la-juventud-de-som-llavor-en-el-espai-francesc-catala-roca\/"]}]},{"@type":"ImageObject","inLanguage":"es","@id":"https:\/\/puntdereferencia.org\/es\/inauguramos-la-exposicion-fotografica-de-la-juventud-de-som-llavor-en-el-espai-francesc-catala-roca\/#primaryimage","url":"https:\/\/puntdereferencia.org\/wp-content\/uploads\/2025\/04\/WhatsApp-Image-2025-04-29-at-12.14.41.jpeg","contentUrl":"https:\/\/puntdereferencia.org\/wp-content\/uploads\/2025\/04\/WhatsApp-Image-2025-04-29-at-12.14.41.jpeg","width":1600,"height":1200},{"@type":"BreadcrumbList","@id":"https:\/\/puntdereferencia.org\/es\/inauguramos-la-exposicion-fotografica-de-la-juventud-de-som-llavor-en-el-espai-francesc-catala-roca\/#breadcrumb","itemListElement":[{"@type":"ListItem","position":1,"name":"Inici","item":"https:\/\/puntdereferencia.org\/es\/inicio\/"},{"@type":"ListItem","position":2,"name":"La exposici\u00f3n fotogr\u00e1fica de los j\u00f3venes de Som Llavor se va de gira al Espai Francesc Catal\u00e0 Roca"}]},{"@type":"WebSite","@id":"https:\/\/puntdereferencia.org\/es\/#website","url":"https:\/\/puntdereferencia.org\/es\/","name":"Punt de Referencia","description":"","potentialAction":[{"@type":"SearchAction","target":{"@type":"EntryPoint","urlTemplate":"https:\/\/puntdereferencia.org\/es\/?s={search_term_string}"},"query-input":{"@type":"PropertyValueSpecification","valueRequired":true,"valueName":"search_term_string"}}],"inLanguage":"es"},{"@type":"Person","@id":"https:\/\/puntdereferencia.org\/es\/#\/schema\/person\/9279ca0ae909c44575a61870cd380911","name":"comunicacio","image":{"@type":"ImageObject","inLanguage":"es","@id":"https:\/\/puntdereferencia.org\/es\/#\/schema\/person\/image\/","url":"https:\/\/secure.gravatar.com\/avatar\/c0ff16c2f7fd8acc523bf0b319b93bdde524fac0ceee8e787421abf69dceb699?s=96&d=mm&r=g","contentUrl":"https:\/\/secure.gravatar.com\/avatar\/c0ff16c2f7fd8acc523bf0b319b93bdde524fac0ceee8e787421abf69dceb699?s=96&d=mm&r=g","caption":"comunicacio"},"url":"https:\/\/puntdereferencia.org\/es\/author\/comunicacio\/"}]}},"_links":{"self":[{"href":"https:\/\/puntdereferencia.org\/es\/wp-json\/wp\/v2\/posts\/28784","targetHints":{"allow":["GET"]}}],"collection":[{"href":"https:\/\/puntdereferencia.org\/es\/wp-json\/wp\/v2\/posts"}],"about":[{"href":"https:\/\/puntdereferencia.org\/es\/wp-json\/wp\/v2\/types\/post"}],"author":[{"embeddable":true,"href":"https:\/\/puntdereferencia.org\/es\/wp-json\/wp\/v2\/users\/5"}],"replies":[{"embeddable":true,"href":"https:\/\/puntdereferencia.org\/es\/wp-json\/wp\/v2\/comments?post=28784"}],"version-history":[{"count":6,"href":"https:\/\/puntdereferencia.org\/es\/wp-json\/wp\/v2\/posts\/28784\/revisions"}],"predecessor-version":[{"id":28878,"href":"https:\/\/puntdereferencia.org\/es\/wp-json\/wp\/v2\/posts\/28784\/revisions\/28878"}],"wp:featuredmedia":[{"embeddable":true,"href":"https:\/\/puntdereferencia.org\/es\/wp-json\/wp\/v2\/media\/28772"}],"wp:attachment":[{"href":"https:\/\/puntdereferencia.org\/es\/wp-json\/wp\/v2\/media?parent=28784"}],"wp:term":[{"taxonomy":"category","embeddable":true,"href":"https:\/\/puntdereferencia.org\/es\/wp-json\/wp\/v2\/categories?post=28784"},{"taxonomy":"post_tag","embeddable":true,"href":"https:\/\/puntdereferencia.org\/es\/wp-json\/wp\/v2\/tags?post=28784"}],"curies":[{"name":"wp","href":"https:\/\/api.w.org\/{rel}","templated":true}]}}