{"id":30169,"date":"2026-03-02T17:43:39","date_gmt":"2026-03-02T16:43:39","guid":{"rendered":"https:\/\/puntdereferencia.org\/?p=30169"},"modified":"2026-03-02T17:43:39","modified_gmt":"2026-03-02T16:43:39","slug":"punt-de-referencia-reivindica-viabilidad-en-el-despliegue-de-la-regularitzacion","status":"publish","type":"post","link":"https:\/\/puntdereferencia.org\/es\/punt-de-referencia-reivindica-viabilidad-en-el-despliegue-de-la-regularitzacion\/","title":{"rendered":"Punt de Refer\u00e8ncia reivindica viabilidad en el despliegue de la regularitzaci\u00f3n"},"content":{"rendered":"<h4>La cifra de beneficiarios puede reducirse significativamente por una tramitaci\u00f3n muy compleja, con plazos muy cortos, y la exigencia de documentaci\u00f3n que ahora mismo no puede conseguirse<\/h4>\n<h4>Vemos con cierta inquietud la falta de informaci\u00f3n sobre la regularizaci\u00f3n para poder acompa\u00f1ar debidamente a las personas interesadas<\/h4>\n<p>Ante la aprobaci\u00f3n del Gobierno para empezar a tramitar una regularizaci\u00f3n extraordinaria dirigida a personas extranjeras que ya viven en el Estado, desde Punt de Refer\u00e8ncia instamos a la administraci\u00f3n a hacer de este un proceso<strong> viable, transparente y \u00e1gil<\/strong> para todas las personas que decidan acogerse a ella.<\/p>\n<p>Celebramos esta medida largamente reivindicada por el movimiento social\u00a0 y<strong> que podr\u00eda beneficiar a m\u00e1s de 150.000 personas migrantes que viven en Catalunya<\/strong>, cifra que asciende hasta el medio mill\u00f3n en el conjunto del Estado y que supone un progreso en la mejora de los derechos de las personas, en este caso de aquellas que han pasado por un proceso migratorio. Sin embargo, queremos alertar de que esta cifra puede <strong>reducirse muy significativamente por culpa de una tramitaci\u00f3n con plazos muy cortos, y la exigencia de documentaci\u00f3n que ahora mismo no se puede conseguir.<\/strong><\/p>\n<p>Como entidad que acompa\u00f1a j\u00f3venes en situaci\u00f3n de irregularidad administrativa, estos d\u00edas estamos participando en espacios informativos y de consulta dirigidos al \u00f3ptimo despliegue del Decreto en el que trabaja el Consejo de Ministros. En estos, hem detectado ciertas contradicciones que podr\u00edan excluir a muchas personas de la regularizaci\u00f3n, y convertirse esta medida en un <strong>proceso ineficiente, que genere a\u00fan m\u00e1s angustia y frustraci\u00f3n a personas que viven ya situaciones de exclusi\u00f3n por su irregularidad administrativa.<\/strong><\/p>\n<p>A corte de ejemplo, queremos advertir que documentaci\u00f3n que podr\u00eda ser exigible como el padr\u00f3n puede suponer una barrera, puesto que numerosos ayuntamientos est\u00e1n denegando el registro a personas que viven en estos municipios.<\/p>\n<p>Adem\u00e1s, el uso de<strong> certificado digital<\/strong> obligatorio en los tr\u00e1mites a personas con evidentes dificultades para conseguirlo puede suponer otra barrera para esta medida. Por ello, consideramos que tendr\u00edan que habilitarse<strong> puntos de tramitaci\u00f3n presenciales espec\u00edficos<\/strong> y suficientes de la administraci\u00f3n estatal, con recursos extraordinarios para evitar la saturaci\u00f3n del sistema.<\/p>\n<p>Queremos reiterar que esta medida es positiva, en tanto que ampl\u00eda los derechos de las personas que han vivido un proceso migratorio, y por ello tambi\u00e9n consideramos que <strong>la agilidad en la regularizaci\u00f3n administrativa tendr\u00eda que ser una cuesti\u00f3n establecida y no puntual al servicio de las l\u00f3gicas pol\u00edticas.<\/strong><\/p>\n","protected":false},"excerpt":{"rendered":"<p>La cifra de beneficiarios puede reducirse significativamente por una tramitaci\u00f3n muy compleja, con plazos muy cortos, y la exigencia de documentaci\u00f3n que ahora mismo no puede conseguirse Vemos con cierta inquietud la falta de informaci\u00f3n sobre la regularizaci\u00f3n para poder acompa\u00f1ar debidamente a las personas interesadas Ante la aprobaci\u00f3n del Gobierno para empezar a tramitar [&hellip;]<\/p>\n","protected":false},"author":1,"featured_media":30170,"comment_status":"closed","ping_status":"closed","sticky":false,"template":"","format":"standard","meta":{"footnotes":""},"categories":[911],"tags":[924],"class_list":["post-30169","post","type-post","status-publish","format-standard","has-post-thumbnail","hentry","category-comunicados","tag-extranjeria"],"yoast_head":"<!-- This site is optimized with the Yoast SEO plugin v27.1.1 - https:\/\/yoast.com\/product\/yoast-seo-wordpress\/ -->\n<title>Punt de Refer\u00e8ncia reivindica viabilidad en el despliegue de la regularitzaci\u00f3n - Punt de Referencia<\/title>\n<meta name=\"robots\" content=\"index, follow, max-snippet:-1, max-image-preview:large, max-video-preview:-1\" \/>\n<link rel=\"canonical\" href=\"https:\/\/puntdereferencia.org\/es\/punt-de-referencia-reivindica-viabilidad-en-el-despliegue-de-la-regularitzacion\/\" \/>\n<meta property=\"og:locale\" content=\"es_ES\" \/>\n<meta property=\"og:type\" content=\"article\" \/>\n<meta property=\"og:title\" content=\"Punt de Refer\u00e8ncia reivindica viabilidad en el despliegue de la regularitzaci\u00f3n - Punt de Referencia\" \/>\n<meta property=\"og:description\" content=\"La cifra de beneficiarios puede reducirse significativamente por una tramitaci\u00f3n muy compleja, con plazos muy cortos, y la exigencia de documentaci\u00f3n que ahora mismo no puede conseguirse Vemos con cierta inquietud la falta de informaci\u00f3n sobre la regularizaci\u00f3n para poder acompa\u00f1ar debidamente a las personas interesadas Ante la aprobaci\u00f3n del Gobierno para empezar a tramitar [&hellip;]\" \/>\n<meta property=\"og:url\" content=\"https:\/\/puntdereferencia.org\/es\/punt-de-referencia-reivindica-viabilidad-en-el-despliegue-de-la-regularitzacion\/\" \/>\n<meta property=\"og:site_name\" content=\"Punt de Referencia\" \/>\n<meta property=\"article:published_time\" content=\"2026-03-02T16:43:39+00:00\" \/>\n<meta property=\"og:image\" content=\"https:\/\/puntdereferencia.org\/wp-content\/uploads\/2026\/03\/Plantilla-comunicats.png\" \/>\n\t<meta property=\"og:image:width\" content=\"1080\" \/>\n\t<meta property=\"og:image:height\" content=\"1080\" \/>\n\t<meta property=\"og:image:type\" content=\"image\/png\" \/>\n<meta name=\"author\" content=\"admin\" \/>\n<meta name=\"twitter:card\" content=\"summary_large_image\" \/>\n<meta name=\"twitter:label1\" content=\"Escrito por\" \/>\n\t<meta name=\"twitter:data1\" content=\"admin\" \/>\n\t<meta name=\"twitter:label2\" content=\"Tiempo de lectura\" \/>\n\t<meta name=\"twitter:data2\" content=\"2 minutos\" \/>\n<script type=\"application\/ld+json\" class=\"yoast-schema-graph\">{\"@context\":\"https:\/\/schema.org\",\"@graph\":[{\"@type\":\"Article\",\"@id\":\"https:\/\/puntdereferencia.org\/es\/punt-de-referencia-reivindica-viabilidad-en-el-despliegue-de-la-regularitzacion\/#article\",\"isPartOf\":{\"@id\":\"https:\/\/puntdereferencia.org\/es\/punt-de-referencia-reivindica-viabilidad-en-el-despliegue-de-la-regularitzacion\/\"},\"author\":{\"name\":\"admin\",\"@id\":\"https:\/\/puntdereferencia.org\/es\/#\/schema\/person\/c475209bcc857303ec6ed0259d3cf078\"},\"headline\":\"Punt de Refer\u00e8ncia reivindica viabilidad en el despliegue de la regularitzaci\u00f3n\",\"datePublished\":\"2026-03-02T16:43:39+00:00\",\"mainEntityOfPage\":{\"@id\":\"https:\/\/puntdereferencia.org\/es\/punt-de-referencia-reivindica-viabilidad-en-el-despliegue-de-la-regularitzacion\/\"},\"wordCount\":453,\"image\":{\"@id\":\"https:\/\/puntdereferencia.org\/es\/punt-de-referencia-reivindica-viabilidad-en-el-despliegue-de-la-regularitzacion\/#primaryimage\"},\"thumbnailUrl\":\"https:\/\/puntdereferencia.org\/wp-content\/uploads\/2026\/03\/Plantilla-comunicats.png\",\"keywords\":[\"extranjer\u00eda\"],\"articleSection\":[\"COMUNICADOS\"],\"inLanguage\":\"es\"},{\"@type\":\"WebPage\",\"@id\":\"https:\/\/puntdereferencia.org\/es\/punt-de-referencia-reivindica-viabilidad-en-el-despliegue-de-la-regularitzacion\/\",\"url\":\"https:\/\/puntdereferencia.org\/es\/punt-de-referencia-reivindica-viabilidad-en-el-despliegue-de-la-regularitzacion\/\",\"name\":\"Punt de Refer\u00e8ncia reivindica viabilidad en el despliegue de la regularitzaci\u00f3n - Punt de Referencia\",\"isPartOf\":{\"@id\":\"https:\/\/puntdereferencia.org\/es\/#website\"},\"primaryImageOfPage\":{\"@id\":\"https:\/\/puntdereferencia.org\/es\/punt-de-referencia-reivindica-viabilidad-en-el-despliegue-de-la-regularitzacion\/#primaryimage\"},\"image\":{\"@id\":\"https:\/\/puntdereferencia.org\/es\/punt-de-referencia-reivindica-viabilidad-en-el-despliegue-de-la-regularitzacion\/#primaryimage\"},\"thumbnailUrl\":\"https:\/\/puntdereferencia.org\/wp-content\/uploads\/2026\/03\/Plantilla-comunicats.png\",\"datePublished\":\"2026-03-02T16:43:39+00:00\",\"author\":{\"@id\":\"https:\/\/puntdereferencia.org\/es\/#\/schema\/person\/c475209bcc857303ec6ed0259d3cf078\"},\"breadcrumb\":{\"@id\":\"https:\/\/puntdereferencia.org\/es\/punt-de-referencia-reivindica-viabilidad-en-el-despliegue-de-la-regularitzacion\/#breadcrumb\"},\"inLanguage\":\"es\",\"potentialAction\":[{\"@type\":\"ReadAction\",\"target\":[\"https:\/\/puntdereferencia.org\/es\/punt-de-referencia-reivindica-viabilidad-en-el-despliegue-de-la-regularitzacion\/\"]}]},{\"@type\":\"ImageObject\",\"inLanguage\":\"es\",\"@id\":\"https:\/\/puntdereferencia.org\/es\/punt-de-referencia-reivindica-viabilidad-en-el-despliegue-de-la-regularitzacion\/#primaryimage\",\"url\":\"https:\/\/puntdereferencia.org\/wp-content\/uploads\/2026\/03\/Plantilla-comunicats.png\",\"contentUrl\":\"https:\/\/puntdereferencia.org\/wp-content\/uploads\/2026\/03\/Plantilla-comunicats.png\",\"width\":1080,\"height\":1080},{\"@type\":\"BreadcrumbList\",\"@id\":\"https:\/\/puntdereferencia.org\/es\/punt-de-referencia-reivindica-viabilidad-en-el-despliegue-de-la-regularitzacion\/#breadcrumb\",\"itemListElement\":[{\"@type\":\"ListItem\",\"position\":1,\"name\":\"Inici\",\"item\":\"https:\/\/puntdereferencia.org\/es\/inicio\/\"},{\"@type\":\"ListItem\",\"position\":2,\"name\":\"Punt de Refer\u00e8ncia reivindica viabilidad en el despliegue de la regularitzaci\u00f3n\"}]},{\"@type\":\"WebSite\",\"@id\":\"https:\/\/puntdereferencia.org\/es\/#website\",\"url\":\"https:\/\/puntdereferencia.org\/es\/\",\"name\":\"Punt de Referencia\",\"description\":\"\",\"potentialAction\":[{\"@type\":\"SearchAction\",\"target\":{\"@type\":\"EntryPoint\",\"urlTemplate\":\"https:\/\/puntdereferencia.org\/es\/?s={search_term_string}\"},\"query-input\":{\"@type\":\"PropertyValueSpecification\",\"valueRequired\":true,\"valueName\":\"search_term_string\"}}],\"inLanguage\":\"es\"},{\"@type\":\"Person\",\"@id\":\"https:\/\/puntdereferencia.org\/es\/#\/schema\/person\/c475209bcc857303ec6ed0259d3cf078\",\"name\":\"admin\",\"image\":{\"@type\":\"ImageObject\",\"inLanguage\":\"es\",\"@id\":\"https:\/\/puntdereferencia.org\/es\/#\/schema\/person\/image\/\",\"url\":\"https:\/\/secure.gravatar.com\/avatar\/ff306d55f6aedb51a29e838506fafaa76a30bce9f5db9aca2e28921b903aaad2?s=96&d=mm&r=g\",\"contentUrl\":\"https:\/\/secure.gravatar.com\/avatar\/ff306d55f6aedb51a29e838506fafaa76a30bce9f5db9aca2e28921b903aaad2?s=96&d=mm&r=g\",\"caption\":\"admin\"},\"sameAs\":[\"http:\/\/\/home\/puntref\/webapps\/web2024\"],\"url\":\"https:\/\/puntdereferencia.org\/es\/author\/admin\/\"}]}<\/script>\n<!-- \/ Yoast SEO plugin. -->","yoast_head_json":{"title":"Punt de Refer\u00e8ncia reivindica viabilidad en el despliegue de la regularitzaci\u00f3n - Punt de Referencia","robots":{"index":"index","follow":"follow","max-snippet":"max-snippet:-1","max-image-preview":"max-image-preview:large","max-video-preview":"max-video-preview:-1"},"canonical":"https:\/\/puntdereferencia.org\/es\/punt-de-referencia-reivindica-viabilidad-en-el-despliegue-de-la-regularitzacion\/","og_locale":"es_ES","og_type":"article","og_title":"Punt de Refer\u00e8ncia reivindica viabilidad en el despliegue de la regularitzaci\u00f3n - Punt de Referencia","og_description":"La cifra de beneficiarios puede reducirse significativamente por una tramitaci\u00f3n muy compleja, con plazos muy cortos, y la exigencia de documentaci\u00f3n que ahora mismo no puede conseguirse Vemos con cierta inquietud la falta de informaci\u00f3n sobre la regularizaci\u00f3n para poder acompa\u00f1ar debidamente a las personas interesadas Ante la aprobaci\u00f3n del Gobierno para empezar a tramitar [&hellip;]","og_url":"https:\/\/puntdereferencia.org\/es\/punt-de-referencia-reivindica-viabilidad-en-el-despliegue-de-la-regularitzacion\/","og_site_name":"Punt de Referencia","article_published_time":"2026-03-02T16:43:39+00:00","og_image":[{"width":1080,"height":1080,"url":"https:\/\/puntdereferencia.org\/wp-content\/uploads\/2026\/03\/Plantilla-comunicats.png","type":"image\/png"}],"author":"admin","twitter_card":"summary_large_image","twitter_misc":{"Escrito por":"admin","Tiempo de lectura":"2 minutos"},"schema":{"@context":"https:\/\/schema.org","@graph":[{"@type":"Article","@id":"https:\/\/puntdereferencia.org\/es\/punt-de-referencia-reivindica-viabilidad-en-el-despliegue-de-la-regularitzacion\/#article","isPartOf":{"@id":"https:\/\/puntdereferencia.org\/es\/punt-de-referencia-reivindica-viabilidad-en-el-despliegue-de-la-regularitzacion\/"},"author":{"name":"admin","@id":"https:\/\/puntdereferencia.org\/es\/#\/schema\/person\/c475209bcc857303ec6ed0259d3cf078"},"headline":"Punt de Refer\u00e8ncia reivindica viabilidad en el despliegue de la regularitzaci\u00f3n","datePublished":"2026-03-02T16:43:39+00:00","mainEntityOfPage":{"@id":"https:\/\/puntdereferencia.org\/es\/punt-de-referencia-reivindica-viabilidad-en-el-despliegue-de-la-regularitzacion\/"},"wordCount":453,"image":{"@id":"https:\/\/puntdereferencia.org\/es\/punt-de-referencia-reivindica-viabilidad-en-el-despliegue-de-la-regularitzacion\/#primaryimage"},"thumbnailUrl":"https:\/\/puntdereferencia.org\/wp-content\/uploads\/2026\/03\/Plantilla-comunicats.png","keywords":["extranjer\u00eda"],"articleSection":["COMUNICADOS"],"inLanguage":"es"},{"@type":"WebPage","@id":"https:\/\/puntdereferencia.org\/es\/punt-de-referencia-reivindica-viabilidad-en-el-despliegue-de-la-regularitzacion\/","url":"https:\/\/puntdereferencia.org\/es\/punt-de-referencia-reivindica-viabilidad-en-el-despliegue-de-la-regularitzacion\/","name":"Punt de Refer\u00e8ncia reivindica viabilidad en el despliegue de la regularitzaci\u00f3n - Punt de Referencia","isPartOf":{"@id":"https:\/\/puntdereferencia.org\/es\/#website"},"primaryImageOfPage":{"@id":"https:\/\/puntdereferencia.org\/es\/punt-de-referencia-reivindica-viabilidad-en-el-despliegue-de-la-regularitzacion\/#primaryimage"},"image":{"@id":"https:\/\/puntdereferencia.org\/es\/punt-de-referencia-reivindica-viabilidad-en-el-despliegue-de-la-regularitzacion\/#primaryimage"},"thumbnailUrl":"https:\/\/puntdereferencia.org\/wp-content\/uploads\/2026\/03\/Plantilla-comunicats.png","datePublished":"2026-03-02T16:43:39+00:00","author":{"@id":"https:\/\/puntdereferencia.org\/es\/#\/schema\/person\/c475209bcc857303ec6ed0259d3cf078"},"breadcrumb":{"@id":"https:\/\/puntdereferencia.org\/es\/punt-de-referencia-reivindica-viabilidad-en-el-despliegue-de-la-regularitzacion\/#breadcrumb"},"inLanguage":"es","potentialAction":[{"@type":"ReadAction","target":["https:\/\/puntdereferencia.org\/es\/punt-de-referencia-reivindica-viabilidad-en-el-despliegue-de-la-regularitzacion\/"]}]},{"@type":"ImageObject","inLanguage":"es","@id":"https:\/\/puntdereferencia.org\/es\/punt-de-referencia-reivindica-viabilidad-en-el-despliegue-de-la-regularitzacion\/#primaryimage","url":"https:\/\/puntdereferencia.org\/wp-content\/uploads\/2026\/03\/Plantilla-comunicats.png","contentUrl":"https:\/\/puntdereferencia.org\/wp-content\/uploads\/2026\/03\/Plantilla-comunicats.png","width":1080,"height":1080},{"@type":"BreadcrumbList","@id":"https:\/\/puntdereferencia.org\/es\/punt-de-referencia-reivindica-viabilidad-en-el-despliegue-de-la-regularitzacion\/#breadcrumb","itemListElement":[{"@type":"ListItem","position":1,"name":"Inici","item":"https:\/\/puntdereferencia.org\/es\/inicio\/"},{"@type":"ListItem","position":2,"name":"Punt de Refer\u00e8ncia reivindica viabilidad en el despliegue de la regularitzaci\u00f3n"}]},{"@type":"WebSite","@id":"https:\/\/puntdereferencia.org\/es\/#website","url":"https:\/\/puntdereferencia.org\/es\/","name":"Punt de Referencia","description":"","potentialAction":[{"@type":"SearchAction","target":{"@type":"EntryPoint","urlTemplate":"https:\/\/puntdereferencia.org\/es\/?s={search_term_string}"},"query-input":{"@type":"PropertyValueSpecification","valueRequired":true,"valueName":"search_term_string"}}],"inLanguage":"es"},{"@type":"Person","@id":"https:\/\/puntdereferencia.org\/es\/#\/schema\/person\/c475209bcc857303ec6ed0259d3cf078","name":"admin","image":{"@type":"ImageObject","inLanguage":"es","@id":"https:\/\/puntdereferencia.org\/es\/#\/schema\/person\/image\/","url":"https:\/\/secure.gravatar.com\/avatar\/ff306d55f6aedb51a29e838506fafaa76a30bce9f5db9aca2e28921b903aaad2?s=96&d=mm&r=g","contentUrl":"https:\/\/secure.gravatar.com\/avatar\/ff306d55f6aedb51a29e838506fafaa76a30bce9f5db9aca2e28921b903aaad2?s=96&d=mm&r=g","caption":"admin"},"sameAs":["http:\/\/\/home\/puntref\/webapps\/web2024"],"url":"https:\/\/puntdereferencia.org\/es\/author\/admin\/"}]}},"_links":{"self":[{"href":"https:\/\/puntdereferencia.org\/es\/wp-json\/wp\/v2\/posts\/30169","targetHints":{"allow":["GET"]}}],"collection":[{"href":"https:\/\/puntdereferencia.org\/es\/wp-json\/wp\/v2\/posts"}],"about":[{"href":"https:\/\/puntdereferencia.org\/es\/wp-json\/wp\/v2\/types\/post"}],"author":[{"embeddable":true,"href":"https:\/\/puntdereferencia.org\/es\/wp-json\/wp\/v2\/users\/1"}],"replies":[{"embeddable":true,"href":"https:\/\/puntdereferencia.org\/es\/wp-json\/wp\/v2\/comments?post=30169"}],"version-history":[{"count":2,"href":"https:\/\/puntdereferencia.org\/es\/wp-json\/wp\/v2\/posts\/30169\/revisions"}],"predecessor-version":[{"id":30174,"href":"https:\/\/puntdereferencia.org\/es\/wp-json\/wp\/v2\/posts\/30169\/revisions\/30174"}],"wp:featuredmedia":[{"embeddable":true,"href":"https:\/\/puntdereferencia.org\/es\/wp-json\/wp\/v2\/media\/30170"}],"wp:attachment":[{"href":"https:\/\/puntdereferencia.org\/es\/wp-json\/wp\/v2\/media?parent=30169"}],"wp:term":[{"taxonomy":"category","embeddable":true,"href":"https:\/\/puntdereferencia.org\/es\/wp-json\/wp\/v2\/categories?post=30169"},{"taxonomy":"post_tag","embeddable":true,"href":"https:\/\/puntdereferencia.org\/es\/wp-json\/wp\/v2\/tags?post=30169"}],"curies":[{"name":"wp","href":"https:\/\/api.w.org\/{rel}","templated":true}]}}